{"id":171315,"date":"2018-09-12T09:22:38","date_gmt":"2018-09-12T12:22:38","guid":{"rendered":"http:\/\/franciscanos.org.br\/?p=171315"},"modified":"2018-11-27T14:56:04","modified_gmt":"2018-11-27T16:56:04","slug":"lancamentos-da-semana-40","status":"publish","type":"post","link":"https:\/\/franciscanos.org.br\/noticias\/lancamentos-da-semana-40.html","title":{"rendered":"Lan\u00e7amentos da semana"},"content":{"rendered":"<h3><strong>Caderno de exerc\u00edcios do perd\u00e3o segundo o Ho\u2019oponopono<\/strong><\/h3>\n<p><strong><a href=\"http:\/\/franciscanos.org.br\/wp-content\/uploads\/2018\/09\/exercicio-perdao.jpg\"><img loading=\"lazy\" class=\"alignleft size-full wp-image-171319\" src=\"http:\/\/franciscanos.org.br\/wp-content\/uploads\/2018\/09\/exercicio-perdao.jpg\" alt=\"exercicio-perdao\" width=\"200\" height=\"280\" \/><\/a>Jean Graciet<\/strong><\/p>\n<p>O perd\u00e3o, mais do que fraqueza ou sinal de fragilidade, \u00e9 um ato de coragem, um meio de desapegar-se e de abrir a porta ao amor. O perd\u00e3o requer o reconhecimento das falhas e a ren\u00fancia \u00e0 cr\u00edtica, ao julgamento e \u00e0 vingan\u00e7a.<\/p>\n<p>Nem sempre \u00e9 f\u00e1cil perdoar, mas \u00e9 preciso faz\u00ea-lo para liberar-se do peso das lembran\u00e7as ruins que nos oprimem.<\/p>\n<p>Ho\u2019oponopono permite uma nova abordagem do perd\u00e3o, tornando mais simples a reconcilia\u00e7\u00e3o que transforma nossos rancores e nos ajuda a reintegrar o amor \u00e0 nossa verdadeira identidade.<\/p>\n<p>Os exerc\u00edcios aqui propostos levar\u00e3o voc\u00ea \u00e0 reflex\u00e3o e a atos concretos de liberdade e paz interior.<\/p>\n<p style=\"padding-left: 30px;\"><strong>Jean Graciet <\/strong><em>\u00e9 praticante de PNL e hipnose ericksoniana, al\u00e9m de especialista em pesquisa do sentido dos sintomas e das doen\u00e7as. Ele dirige confer\u00eancias e workshops sobre os temas do relacionamento, da evolu\u00e7\u00e3o individual e do despertar das consci\u00eancias. \u00c9 autor da obra \u201cO grande livro do Ho\u2019oponopono\u201d (Vozes, 2016).<\/em><\/p>\n<p><strong>N\u00ba DE P\u00c1GINAS: 64<\/strong><\/p>\n<p>&nbsp;<\/p>\n<h3><strong>Caderno de exerc\u00edcios para atrair felicidade e sucesso<\/strong><\/h3>\n<p><strong><a href=\"http:\/\/franciscanos.org.br\/wp-content\/uploads\/2018\/09\/exercicio-felicidade.jpg\"><img loading=\"lazy\" class=\"alignleft size-full wp-image-171320\" src=\"http:\/\/franciscanos.org.br\/wp-content\/uploads\/2018\/09\/exercicio-felicidade.jpg\" alt=\"exercicio-felicidade\" width=\"200\" height=\"282\" \/><\/a>Christine Michaud<\/strong><\/p>\n<p>Voc\u00ea conhece a receita da felicidade e do sucesso? Talvez j\u00e1 a tenha experimentado, n\u00e3o \u00e9? Se for o caso, voc\u00ea tem algumas pistas dos ingredientes que a comp\u00f5em&#8230; Mais ou menos, voc\u00ea responderia. No entanto, algu\u00e9m que j\u00e1 cozinhou sabe que uma mesma receita n\u00e3o ter\u00e1 o mesmo gosto, dependendo de quem a preparou.<\/p>\n<p>Suponhamos que voc\u00ea adore bolo de chocolate. Sem d\u00favida j\u00e1 experimentou v\u00e1rias vezes essa del\u00edcia; no entanto, pode ser que as receitas tenham sido diferentes. Todas tendo como resultado o delicioso bolo de chocolate, mas talvez com pequenas (ou grandes) varia\u00e7\u00f5es de ingredientes, de quantidades e de maneiras de preparar.<\/p>\n<p>Da mesma forma \u00e9 a vida!<\/p>\n<p>E, provavelmente, isso \u00e9 o que a torna t\u00e3o interessante e fascinante. Muitos caminhos levam a Roma (ou a outros lugares!), da mesma forma que uma por\u00e7\u00e3o de truques e ast\u00facias pode atrair para voc\u00ea felicidade e sucesso.<\/p>\n<p style=\"padding-left: 30px;\"><strong>Christine Michaud<\/strong><em> nasceu em Quebec, Canad\u00e1, \u00e9 Bacharel em Direito pela Universidade de Laval. Foi colunista liter\u00e1ria.\u00a0 Por ser fascinada pelo ser humano e pelo bem-estar se formou em psicologia positiva com o grande professor de felicidade de Harvard, Tal Ben Shahar.\u00a0Atualmente Christine conscientiza as pessoas sobre quest\u00f5es como: beleza, apreciar o bem e fazer o bem.<\/em><\/p>\n<p><strong>N\u00ba DE P\u00c1GINAS: 64<\/strong><\/p>\n<p>&nbsp;<\/p>\n<h3><strong>Quanta transpar\u00eancia podemos digerir?<br \/>\n<\/strong><strong>Um olhar honesto sobre si mesmo, os outros e o mundo<\/strong><\/h3>\n<p><strong><a href=\"http:\/\/franciscanos.org.br\/wp-content\/uploads\/2018\/09\/transparencia.jpg\"><img loading=\"lazy\" class=\"alignleft size-full wp-image-171321\" src=\"http:\/\/franciscanos.org.br\/wp-content\/uploads\/2018\/09\/transparencia.jpg\" alt=\"transparencia\" width=\"200\" height=\"311\" \/><\/a>Francesc Torralba<\/strong><\/p>\n<p>Desejamos a transpar\u00eancia, mas n\u00e3o estamos conscientes dos problemas que podem derivar da cultura global da transpar\u00eancia.<\/p>\n<p>Ser\u00e1 que realmente queremos saber de tudo? Estamos verdadeiramente capacitados para digerir tudo isso? Poderemos suportar as montanhas de lixo que se acumulam nos desv\u00e3os das institui\u00e7\u00f5es? Os segredos de fam\u00edlia guardados desde a inf\u00e2ncia? Os ardis e hipocrisias daqueles que supostamente nos amam? Teremos est\u00f4mago para poder digeri-las? Estaremos dispostos a ver como derretem os grandes mitos da honestidade? Algum dia chegaremos a sentir saudades da opacidade? Quanta transpar\u00eancia o est\u00f4mago social \u00e9 capaz de digerir? Quantas doses de realismo podemos engolir para viver e quantas de idealismo precisamos para construir horizontes?<\/p>\n<p>Queremos saber, ainda que muitas vezes o que acabamos de descobrir n\u00e3o nos agrade, n\u00e3o cumpra as expectativas que t\u00ednhamos e, consequentemente, nos desiludamos.<\/p>\n<p>O anseio de saber \u00e9 constitutivo do ser humano, mas precisamos ter consci\u00eancia de que com frequ\u00eancia tanto no terreno afetivo como no profissional saber tudo, ou quase tudo, \u00e9 uma fonte infinita de sofrimentos que nem sempre podem ser aliviados.<\/p>\n<p>S\u00e3o muitas as quest\u00f5es em jogo e nosso desejo \u00e9 explor\u00e1-las uma a uma como quem solta as p\u00e9talas de uma flor. \u00c9 bom saber ao que nos expomos quando apostamos, definitivamente, em uma cultura global da transpar\u00eancia. Muitas vezes as coisas n\u00e3o s\u00e3o o que parecem, as institui\u00e7\u00f5es n\u00e3o s\u00e3o o que imaginamos, os amigos de longa data n\u00e3o s\u00e3o como os concebemos, as pessoas exemplares est\u00e3o cheias de defeitos e car\u00eancias. A transpar\u00eancia \u00e9, neste sentido, um caminho para a maturidade humana, mas tamb\u00e9m, falemos claro, pode ser um caminho para a desesperan\u00e7a.<\/p>\n<p style=\"padding-left: 30px;\"><strong>Francesc Torralba<\/strong><em> (Barcelona, 1967) \u00e9 doutor em Filosofia pela Universidade de Barcelona, com pr\u00eamio extraordin\u00e1rio de licenciatura e doutorado, e tamb\u00e9m, doutor, em Teologia pela Faculdade de Teologia da Catalunha. Atualmente \u00e9 diretor da C\u00e1tedra Ethos da Universidade Ramon Llull. \u00c9 autor de mais de cinquenta obras e recebeu distintos pr\u00eamios. Pela Vozes tem publicada as obrasAntropologia do cuidar e Intelig\u00eancia espiritual e O Valor de ter valores.<\/em><\/p>\n<p><strong>N\u00ba DE P\u00c1GINAS: 192<\/strong><\/p>\n","protected":false},"excerpt":{"rendered":"<p>Editora Vozes<\/p>\n","protected":false},"author":1,"featured_media":191807,"comment_status":"open","ping_status":"open","sticky":false,"template":"","format":"standard","meta":[],"categories":[1],"tags":[238],"acf":[],"yoast_head":"<!-- This site is optimized with the Yoast SEO plugin v19.2 - https:\/\/yoast.com\/wordpress\/plugins\/seo\/ -->\n<title>Lan\u00e7amentos da semana - Not\u00edcias - Franciscanos<\/title>\n<meta name=\"robots\" content=\"index, follow, max-snippet:-1, max-image-preview:large, max-video-preview:-1\" \/>\n<link rel=\"canonical\" href=\"https:\/\/franciscanos.org.br\/noticias\/lancamentos-da-semana-40.html\" \/>\n<meta property=\"og:locale\" content=\"pt_BR\" \/>\n<meta property=\"og:type\" content=\"article\" \/>\n<meta property=\"og:title\" content=\"Lan\u00e7amentos da semana - Not\u00edcias - Franciscanos\" \/>\n<meta property=\"og:description\" content=\"Editora Vozes\" \/>\n<meta property=\"og:url\" content=\"https:\/\/franciscanos.org.br\/noticias\/lancamentos-da-semana-40.html\" \/>\n<meta property=\"og:site_name\" content=\"Not\u00edcias - Franciscanos\" \/>\n<meta property=\"article:published_time\" content=\"2018-09-12T12:22:38+00:00\" \/>\n<meta property=\"article:modified_time\" content=\"2018-11-27T16:56:04+00:00\" \/>\n<meta property=\"og:image\" content=\"https:\/\/franciscanos.org.br\/noticias\/wp-content\/uploads\/2018\/09\/logo-vozes.jpg\" \/>\n\t<meta property=\"og:image:width\" content=\"273\" \/>\n\t<meta property=\"og:image:height\" content=\"181\" \/>\n\t<meta property=\"og:image:type\" content=\"image\/jpeg\" \/>\n<meta name=\"author\" content=\"admin\" \/>\n<meta name=\"twitter:card\" content=\"summary_large_image\" \/>\n<meta name=\"twitter:label1\" content=\"Escrito por\" \/>\n\t<meta name=\"twitter:data1\" content=\"admin\" \/>\n\t<meta name=\"twitter:label2\" content=\"Est. tempo de leitura\" \/>\n\t<meta name=\"twitter:data2\" content=\"4 minutos\" \/>\n<script type=\"application\/ld+json\" class=\"yoast-schema-graph\">{\"@context\":\"https:\/\/schema.org\",\"@graph\":[{\"@type\":\"WebSite\",\"@id\":\"https:\/\/franciscanos.org.br\/noticias\/#website\",\"url\":\"https:\/\/franciscanos.org.br\/noticias\/\",\"name\":\"Not\u00edcias - Franciscanos\",\"description\":\"Prov\u00edncia Franciscana da Imaculada Concei\u00e7\u00e3o do Brasil - Ordem dos Frades Menores - OFM\",\"potentialAction\":[{\"@type\":\"SearchAction\",\"target\":{\"@type\":\"EntryPoint\",\"urlTemplate\":\"https:\/\/franciscanos.org.br\/noticias\/?s={search_term_string}\"},\"query-input\":\"required name=search_term_string\"}],\"inLanguage\":\"pt-BR\"},{\"@type\":\"ImageObject\",\"inLanguage\":\"pt-BR\",\"@id\":\"https:\/\/franciscanos.org.br\/noticias\/lancamentos-da-semana-40.html#primaryimage\",\"url\":\"https:\/\/franciscanos.org.br\/noticias\/wp-content\/uploads\/2018\/09\/logo-vozes.jpg\",\"contentUrl\":\"https:\/\/franciscanos.org.br\/noticias\/wp-content\/uploads\/2018\/09\/logo-vozes.jpg\",\"width\":273,\"height\":181},{\"@type\":\"WebPage\",\"@id\":\"https:\/\/franciscanos.org.br\/noticias\/lancamentos-da-semana-40.html#webpage\",\"url\":\"https:\/\/franciscanos.org.br\/noticias\/lancamentos-da-semana-40.html\",\"name\":\"Lan\u00e7amentos da semana - Not\u00edcias - Franciscanos\",\"isPartOf\":{\"@id\":\"https:\/\/franciscanos.org.br\/noticias\/#website\"},\"primaryImageOfPage\":{\"@id\":\"https:\/\/franciscanos.org.br\/noticias\/lancamentos-da-semana-40.html#primaryimage\"},\"datePublished\":\"2018-09-12T12:22:38+00:00\",\"dateModified\":\"2018-11-27T16:56:04+00:00\",\"author\":{\"@id\":\"https:\/\/franciscanos.org.br\/noticias\/#\/schema\/person\/b38fbf43118f02820bd932f2e4b14ad3\"},\"breadcrumb\":{\"@id\":\"https:\/\/franciscanos.org.br\/noticias\/lancamentos-da-semana-40.html#breadcrumb\"},\"inLanguage\":\"pt-BR\",\"potentialAction\":[{\"@type\":\"ReadAction\",\"target\":[\"https:\/\/franciscanos.org.br\/noticias\/lancamentos-da-semana-40.html\"]}]},{\"@type\":\"BreadcrumbList\",\"@id\":\"https:\/\/franciscanos.org.br\/noticias\/lancamentos-da-semana-40.html#breadcrumb\",\"itemListElement\":[{\"@type\":\"ListItem\",\"position\":1,\"name\":\"Home\",\"item\":\"https:\/\/franciscanos.org.br\/noticias\"},{\"@type\":\"ListItem\",\"position\":2,\"name\":\"Lan\u00e7amentos da semana\"}]},{\"@type\":\"Person\",\"@id\":\"https:\/\/franciscanos.org.br\/noticias\/#\/schema\/person\/b38fbf43118f02820bd932f2e4b14ad3\",\"name\":\"admin\",\"image\":{\"@type\":\"ImageObject\",\"inLanguage\":\"pt-BR\",\"@id\":\"https:\/\/franciscanos.org.br\/noticias\/#\/schema\/person\/image\/\",\"url\":\"https:\/\/secure.gravatar.com\/avatar\/e8495742d34d0ba6448ea1c628263b3e?s=96&d=mm&r=g\",\"contentUrl\":\"https:\/\/secure.gravatar.com\/avatar\/e8495742d34d0ba6448ea1c628263b3e?s=96&d=mm&r=g\",\"caption\":\"admin\"},\"url\":\"https:\/\/franciscanos.org.br\/noticias\/author\/admin\"}]}<\/script>\n<!-- \/ Yoast SEO plugin. -->","yoast_head_json":{"title":"Lan\u00e7amentos da semana - Not\u00edcias - Franciscanos","robots":{"index":"index","follow":"follow","max-snippet":"max-snippet:-1","max-image-preview":"max-image-preview:large","max-video-preview":"max-video-preview:-1"},"canonical":"https:\/\/franciscanos.org.br\/noticias\/lancamentos-da-semana-40.html","og_locale":"pt_BR","og_type":"article","og_title":"Lan\u00e7amentos da semana - Not\u00edcias - Franciscanos","og_description":"Editora Vozes","og_url":"https:\/\/franciscanos.org.br\/noticias\/lancamentos-da-semana-40.html","og_site_name":"Not\u00edcias - Franciscanos","article_published_time":"2018-09-12T12:22:38+00:00","article_modified_time":"2018-11-27T16:56:04+00:00","og_image":[{"width":273,"height":181,"url":"https:\/\/franciscanos.org.br\/noticias\/wp-content\/uploads\/2018\/09\/logo-vozes.jpg","type":"image\/jpeg"}],"author":"admin","twitter_card":"summary_large_image","twitter_misc":{"Escrito por":"admin","Est. tempo de leitura":"4 minutos"},"schema":{"@context":"https:\/\/schema.org","@graph":[{"@type":"WebSite","@id":"https:\/\/franciscanos.org.br\/noticias\/#website","url":"https:\/\/franciscanos.org.br\/noticias\/","name":"Not\u00edcias - Franciscanos","description":"Prov\u00edncia Franciscana da Imaculada Concei\u00e7\u00e3o do Brasil - Ordem dos Frades Menores - OFM","potentialAction":[{"@type":"SearchAction","target":{"@type":"EntryPoint","urlTemplate":"https:\/\/franciscanos.org.br\/noticias\/?s={search_term_string}"},"query-input":"required name=search_term_string"}],"inLanguage":"pt-BR"},{"@type":"ImageObject","inLanguage":"pt-BR","@id":"https:\/\/franciscanos.org.br\/noticias\/lancamentos-da-semana-40.html#primaryimage","url":"https:\/\/franciscanos.org.br\/noticias\/wp-content\/uploads\/2018\/09\/logo-vozes.jpg","contentUrl":"https:\/\/franciscanos.org.br\/noticias\/wp-content\/uploads\/2018\/09\/logo-vozes.jpg","width":273,"height":181},{"@type":"WebPage","@id":"https:\/\/franciscanos.org.br\/noticias\/lancamentos-da-semana-40.html#webpage","url":"https:\/\/franciscanos.org.br\/noticias\/lancamentos-da-semana-40.html","name":"Lan\u00e7amentos da semana - Not\u00edcias - Franciscanos","isPartOf":{"@id":"https:\/\/franciscanos.org.br\/noticias\/#website"},"primaryImageOfPage":{"@id":"https:\/\/franciscanos.org.br\/noticias\/lancamentos-da-semana-40.html#primaryimage"},"datePublished":"2018-09-12T12:22:38+00:00","dateModified":"2018-11-27T16:56:04+00:00","author":{"@id":"https:\/\/franciscanos.org.br\/noticias\/#\/schema\/person\/b38fbf43118f02820bd932f2e4b14ad3"},"breadcrumb":{"@id":"https:\/\/franciscanos.org.br\/noticias\/lancamentos-da-semana-40.html#breadcrumb"},"inLanguage":"pt-BR","potentialAction":[{"@type":"ReadAction","target":["https:\/\/franciscanos.org.br\/noticias\/lancamentos-da-semana-40.html"]}]},{"@type":"BreadcrumbList","@id":"https:\/\/franciscanos.org.br\/noticias\/lancamentos-da-semana-40.html#breadcrumb","itemListElement":[{"@type":"ListItem","position":1,"name":"Home","item":"https:\/\/franciscanos.org.br\/noticias"},{"@type":"ListItem","position":2,"name":"Lan\u00e7amentos da semana"}]},{"@type":"Person","@id":"https:\/\/franciscanos.org.br\/noticias\/#\/schema\/person\/b38fbf43118f02820bd932f2e4b14ad3","name":"admin","image":{"@type":"ImageObject","inLanguage":"pt-BR","@id":"https:\/\/franciscanos.org.br\/noticias\/#\/schema\/person\/image\/","url":"https:\/\/secure.gravatar.com\/avatar\/e8495742d34d0ba6448ea1c628263b3e?s=96&d=mm&r=g","contentUrl":"https:\/\/secure.gravatar.com\/avatar\/e8495742d34d0ba6448ea1c628263b3e?s=96&d=mm&r=g","caption":"admin"},"url":"https:\/\/franciscanos.org.br\/noticias\/author\/admin"}]}},"_links":{"self":[{"href":"https:\/\/franciscanos.org.br\/noticias\/wp-json\/wp\/v2\/posts\/171315"}],"collection":[{"href":"https:\/\/franciscanos.org.br\/noticias\/wp-json\/wp\/v2\/posts"}],"about":[{"href":"https:\/\/franciscanos.org.br\/noticias\/wp-json\/wp\/v2\/types\/post"}],"author":[{"embeddable":true,"href":"https:\/\/franciscanos.org.br\/noticias\/wp-json\/wp\/v2\/users\/1"}],"replies":[{"embeddable":true,"href":"https:\/\/franciscanos.org.br\/noticias\/wp-json\/wp\/v2\/comments?post=171315"}],"version-history":[{"count":0,"href":"https:\/\/franciscanos.org.br\/noticias\/wp-json\/wp\/v2\/posts\/171315\/revisions"}],"wp:featuredmedia":[{"embeddable":true,"href":"https:\/\/franciscanos.org.br\/noticias\/wp-json\/wp\/v2\/media\/191807"}],"wp:attachment":[{"href":"https:\/\/franciscanos.org.br\/noticias\/wp-json\/wp\/v2\/media?parent=171315"}],"wp:term":[{"taxonomy":"category","embeddable":true,"href":"https:\/\/franciscanos.org.br\/noticias\/wp-json\/wp\/v2\/categories?post=171315"},{"taxonomy":"post_tag","embeddable":true,"href":"https:\/\/franciscanos.org.br\/noticias\/wp-json\/wp\/v2\/tags?post=171315"}],"curies":[{"name":"wp","href":"https:\/\/api.w.org\/{rel}","templated":true}]}}