{"id":17131,"date":"2012-05-07T07:36:40","date_gmt":"2012-05-07T10:36:40","guid":{"rendered":"http:\/\/new.franciscanos.org.br\/?p=17131"},"modified":"2021-07-05T19:52:11","modified_gmt":"2021-07-05T22:52:11","slug":"serenidade-e-simplicidade-marcam-as-primicias-de-frei-wilson","status":"publish","type":"post","link":"https:\/\/franciscanos.org.br\/noticias\/serenidade-e-simplicidade-marcam-as-primicias-de-frei-wilson.html","title":{"rendered":"Serenidade e simplicidade marcam as Prim\u00edcias de Frei Wilson"},"content":{"rendered":"<h3><img loading=\"lazy\" class=\"alignnone size-full wp-image-198892\" src=\"https:\/\/franciscanos.org.br\/noticias\/wp-content\/uploads\/2012\/05\/2174_070512.jpg\" alt=\"\" width=\"830\" height=\"304\" srcset=\"https:\/\/franciscanos.org.br\/noticias\/wp-content\/uploads\/2012\/05\/2174_070512.jpg 830w, https:\/\/franciscanos.org.br\/noticias\/wp-content\/uploads\/2012\/05\/2174_070512-450x165.jpg 450w, https:\/\/franciscanos.org.br\/noticias\/wp-content\/uploads\/2012\/05\/2174_070512-768x281.jpg 768w, https:\/\/franciscanos.org.br\/noticias\/wp-content\/uploads\/2012\/05\/2174_070512-150x55.jpg 150w\" sizes=\"(max-width: 830px) 100vw, 830px\" \/><\/h3>\n<h3><em><strong>\u201cPermanecei em mim e eu permanecerei em V\u00f3s\u201d<br \/>\n(Jo 15,4)<\/strong><\/em><\/h3>\n<p><strong>Londrina (PR) \u2013<\/strong> O primeiro domingo de maio (06\/05), em Londrina, amanheceu com um c\u00e9u l\u00edmpido, azul celestial. Lentamente, os raios do irm\u00e3o sol tocaram a Igreja S\u00e3o Tiago Ap\u00f3stolo, que, regida pelas vozes do Povo de Deus, foi agraciada pelas prim\u00edcias de Frei Wilson Sim\u00e3o em seu minist\u00e9rio sacerdotal. Confiante plenamente no Senhor, assim como atesta seu lema de ordena\u00e7\u00e3o, Frei Wilson celebrou a sua primeira Missa.<\/p>\n<p>O grupo de adolescentes <em>Alpha<\/em> animou a celebra\u00e7\u00e3o, com simplicidade, do jeito bem franciscano. Novamente com a igreja repleta, a celebra\u00e7\u00e3o contou com a presen\u00e7a de pessoas de v\u00e1rias partes por onde Frei Wilson passou. O vig\u00e1rio provincial Frei Est\u00eav\u00e3o Ottenbreit, o Definidor e Ec\u00f4nomo Frei Mario Tagliari, juntamente com os confrades, marcam presen\u00e7a nesta festa pascal do Senhor.<\/p>\n<p><img loading=\"lazy\" class=\"alignright size-full wp-image-198893\" src=\"https:\/\/franciscanos.org.br\/noticias\/wp-content\/uploads\/2012\/05\/09-2.jpg\" alt=\"\" width=\"600\" height=\"399\" srcset=\"https:\/\/franciscanos.org.br\/noticias\/wp-content\/uploads\/2012\/05\/09-2.jpg 600w, https:\/\/franciscanos.org.br\/noticias\/wp-content\/uploads\/2012\/05\/09-2-450x299.jpg 450w, https:\/\/franciscanos.org.br\/noticias\/wp-content\/uploads\/2012\/05\/09-2-150x100.jpg 150w\" sizes=\"(max-width: 600px) 100vw, 600px\" \/>Frei Wilson Sim\u00e3o, sereno e franciscanamente, presidiu a Eucaristia pela primeira vez. Acolheu a todos e de modo especial a sua m\u00e3e, Maria Serrano Sim\u00e3o, que neste domingo completou mais um ano de vida. Aos 74 anos, dona Maria, com l\u00e1grimas de alegria, firme e forte, foi testemunha de uma semente plantada, germinada e que deu e dar\u00e1 muitos frutos: o seu filho, o mais novo presb\u00edtero da Prov\u00edncia da Imaculada.<\/p>\n<p>Como de costume, entre os franciscanos, a homilia da primeira missa \u00e9 confiada pelo neo-ordenado a um confrade escolhido por ele. Frei Wilson escolheu para pregar Frei Raimundo J. de Oliveira Castro, o qual teve um papel importante na vida dele. Frei Raimundo fez sua homilia a partir do tema de ordena\u00e7\u00e3o e, olhando nos olhos de Frei Wilson, afirmou: \u201cFrei Wilson, fa\u00e7a de sua vida franciscana e, agora neste minist\u00e9rio ordenado, uma total entrega a Deus\u201d.<\/p>\n<p>Ap\u00f3s um fraternal e forte abra\u00e7o, Frei Wilson agradeceu ao confrade por toda ajuda recebida e as bel\u00edssimas palavras na homilia.\u00a0 Em seguida, apresentou as preces da comunidade e a sua prece pelo natal\u00edcio de sua m\u00e3e. Como de costume, nesta comunidade de f\u00e9, as pessoas saem de seus bancos e apresentam diante do altar a sua vida. Ap\u00f3s apresenta\u00e7\u00e3o das oferendas, com o cora\u00e7\u00e3o exultante de alegria, consagrou pela primeira vez as esp\u00e9cies do vinho e do p\u00e3o, trazendo assim o Cristo vivo e ressuscitado para alimentar o povo de Deus.<\/p>\n<p>Qual n\u00e3o foi a emo\u00e7\u00e3o do sr. Ant\u00f4nio Realim Sim\u00e3o e dona Maria Serrano Sim\u00e3o, seus pais, ao receber o primeiro corpo e sangue consagrado pelo seu filho.<\/p>\n<p><img loading=\"lazy\" class=\"alignleft size-full wp-image-198894\" src=\"https:\/\/franciscanos.org.br\/noticias\/wp-content\/uploads\/2012\/05\/08-2.jpg\" alt=\"\" width=\"600\" height=\"399\" srcset=\"https:\/\/franciscanos.org.br\/noticias\/wp-content\/uploads\/2012\/05\/08-2.jpg 600w, https:\/\/franciscanos.org.br\/noticias\/wp-content\/uploads\/2012\/05\/08-2-450x299.jpg 450w, https:\/\/franciscanos.org.br\/noticias\/wp-content\/uploads\/2012\/05\/08-2-150x100.jpg 150w\" sizes=\"(max-width: 600px) 100vw, 600px\" \/>Ap\u00f3s comunh\u00e3o, com os olhos saltitantes de emo\u00e7\u00e3o, Frei Wilson convidou todos os casais do JUCA SAN de sua \u00e9poca e os aben\u00e7oou.\u00a0 Hoje, grande parte dos membros est\u00e1 casada: \u201cN\u00f3s n\u00e3o \u00e9ramos somente amigos, \u00e9ramos irm\u00e3os. Foi deste grupo que sai e espero que dos muitos filhos deles possa surgir algu\u00e9m para a vida religiosa ou sacerdotal\u201d. O mesmo grupo, aproveitando o momento de homenagens ao fiel irm\u00e3o, entregou-lhe uma sand\u00e1lia como s\u00edmbolo daquele que caminha com os pobres.<\/p>\n<p>Logo ap\u00f3s esta homenagem foi a vez da fam\u00edlia, na pessoa de sua sobrinha Daniela. \u201cTio, n\u00f3s sabemos que n\u00e3o foi f\u00e1cil voc\u00ea chegar at\u00e9 aqui. Sabemos que muitas vezes ligaste para n\u00f3s confessando o desejo de voltar para casa. Saiba que, de agora em diante, n\u00e3o ser\u00e1 f\u00e1cil tamb\u00e9m. S\u00f3 te pedimos uma coisa: fa\u00e7a o necess\u00e1rio que de repente voc\u00ea far\u00e1 o imposs\u00edvel. Obrigado pelo seu SIM\u201d, disse Daniela em nome da fam\u00edlia Sim\u00e3o e Silva Pereira.<\/p>\n<p>Por \u00faltimo os aspirantes franciscanos, Adriano, Abra\u00e3o e M\u00fcler, fizeram tamb\u00e9m sua homenagem. Estes tr\u00eas jovens fazem neste primeiro semestre a experi\u00eancia de FAV (Fraternidade de Acolhimento Vocacional) na fraternidade Santo Ant\u00f4nio do Pari (SP), cuja tutela foi confiada ao Frei Wilson. O aspirante Adriano, em nome dos outros dois, agradeceu imensamente o \u201csim\u201d de Frei Wilson e, mesmo n\u00e3o o conhecendo muito entre tantas virtudes, elencou a simplicidade e amizade dele. \u201cObrigado, Frei Wilson, por nos ensinar a caminhar\u201d, disse o aspirante Adriano.<\/p>\n<p>Frei Wilson, sem mais delongas, voltou-se para o grupo Alpha, que completou neste dia cinco anos de exist\u00eancia e assegurou \u00a0a ele que \u00e9 necess\u00e1rio caminhar, ter for\u00e7a e, mais do que ser um grupo, que possa reunir amigos e irm\u00e3os. \u201cA vida se d\u00e1 na caminhada do dia a dia\u201d, afirmou o neo-presb\u00edtero. Voltando-se para a assembleia, agradeceu profundamente a Par\u00f3quia S\u00e3o Tiago Ap\u00f3stolo pela abertura e colabora\u00e7\u00e3o nestes dias. A pastoral familiar que acolheu em suas casas e os frades nestes dias de miss\u00e3o. A todo o povo presente, aos amigos de perto e de longe. Na pessoa de Frei Est\u00eav\u00e3o agradeceu a Ordem dos Frades Menores, a Prov\u00edncia Franciscana da Imaculada Concei\u00e7\u00e3o do Brasil e a todos os confrades. Tamb\u00e9m agradeceu a fraternidade a qual pertence pelo apoio e carinho, bem como ao Servi\u00e7o Franciscano de Solidariedade (Sefras). E, de modo particular, \u00e0 sua fam\u00edlia que o acompanhou at\u00e9 aqui.<\/p>\n<p>Emocionado, dirigiu-se \u00e0 sua m\u00e3e dona Maria Serrano Sim\u00e3o, da qual muito aprendeu, e agradecendo a Deus pelos seus 74 anos de vida, deu-lhe a b\u00ean\u00e7\u00e3o.<br \/>\n\u201cMeus irm\u00e3os e irm\u00e3s, pe\u00e7o que rezem para que eu possa ser sempre um frade menor e possa deixar-me conduzir pelo Senhor e, assim, poder ver no rosto dos pobres a face de Cristo\u201d, pediu Frei Wilson antes de dar a b\u00ean\u00e7\u00e3o final.<\/p>\n<hr \/>\n<h3 style=\"text-align: left;\" align=\"center\"><strong><img loading=\"lazy\" class=\"alignnone wp-image-198895 size-full\" src=\"https:\/\/franciscanos.org.br\/noticias\/wp-content\/uploads\/2012\/05\/2184_070512.jpg\" alt=\"\" width=\"830\" height=\"231\" srcset=\"https:\/\/franciscanos.org.br\/noticias\/wp-content\/uploads\/2012\/05\/2184_070512.jpg 830w, https:\/\/franciscanos.org.br\/noticias\/wp-content\/uploads\/2012\/05\/2184_070512-450x125.jpg 450w, https:\/\/franciscanos.org.br\/noticias\/wp-content\/uploads\/2012\/05\/2184_070512-768x214.jpg 768w, https:\/\/franciscanos.org.br\/noticias\/wp-content\/uploads\/2012\/05\/2184_070512-150x42.jpg 150w\" sizes=\"(max-width: 830px) 100vw, 830px\" \/><\/strong><\/h3>\n<h3 align=\"center\"><\/h3>\n<h3 style=\"text-align: left;\" align=\"center\"><strong>\u201cPermanecei em mim e eu permanecerei em v\u00f3s!\u201d<\/strong><\/h3>\n<p>Car\u00edssimos irm\u00e3os e irm\u00e3s, car\u00edssimo Frei Wilson. Este foi o lema que voc\u00ea escolheu para\u00a0 sua ordena\u00e7\u00e3o sacerdotal.<\/p>\n<p>O minist\u00e9rio sacerdotal \u00e9 sempre um servi\u00e7o que voc\u00ea exercer\u00e1 em favor do Povo de Deus, como franciscano e na Igreja que Jesus Cristo tanto ama. Voc\u00ea, hoje, aceitou ser um cooperador atento da Igreja, anunciando a Palavra de Deus e apascentando os fi\u00e9is e, sobretudo, sendo testemunha verdadeira de Jesus Cristo.<\/p>\n<p>Pelo sacramento da Ordem voc\u00ea aceitou a miss\u00e3o de livremente levar a salva\u00e7\u00e3o, o Reino de Cristo, at\u00e9 os confins da terra, n\u00e3o em seu nome, \u00a0mas sempre configurado a Cristo, e oferecendo o seu sacrif\u00edcio\u00a0 como h\u00f3stia santa e agrad\u00e1vel ao Pai.<\/p>\n<p>A Palavra de Deus deste 5\u00ba Domingo da P\u00e1scoa nos fala da comunh\u00e3o de vida que devemos buscar com Jesus Cristo, para viver uma vida autenticamente crist\u00e3. Diria ainda que esta Palavra de Deus tra\u00e7a um caminho para voc\u00ea exercer seu sacerd\u00f3cio, do qual voc\u00ea foi revestido ontem pelas m\u00e3os de D. Orlando.<\/p>\n<p>A 1\u00aa leitura dos Atos dos Ap\u00f3stolos mostra como S\u00e3o Paulo foi acolhido pela comunidade em Jerusal\u00e9m, e mostra seu esfor\u00e7o em querer partilhar a f\u00e9 com os irm\u00e3os e irm\u00e3s, seu entusiasmo por testemunhar Jesus Cristo, sua coragem e ousadia ao enfrentar as adversidades inerentes \u00e0 resposta positiva ao chamado de ser oper\u00e1rio na messe do Senhor.<\/p>\n<p>Na 2\u00aa Leitura, S\u00e3o Jo\u00e3o nos recorda que o amor aos irm\u00e3os e irm\u00e3s, e, portanto, a Jesus Cristo, n\u00e3o \u00e9 uma coisa que se manifesta com declara\u00e7\u00f5es solenes ou com boas inten\u00e7\u00f5es. Diz ele para n\u00f3s que \u00e9 sempre a partir de atitudes concretas e evang\u00e9licas que testemunhamos Jesus Cristo, e aqui voc\u00ea tem S\u00e3o Francisco como Modelo. Ele fez de Jesus Cristo o centro de sua vida, ele que foi o Mestre, sem nada de pr\u00f3prio e humilde, mestre da vida em Fraternidade e na Igreja.<\/p>\n<p>No Evangelho, Jesus vai utilizar uma imagem muito conhecida dos homens e mulheres de seu tempo: A videira, os ramos, a poda, a colheita dos frutos e o Agricultor, todo um processo trabalhoso que, atualizando para nossos dias, exige de n\u00f3s que <strong>\u201cpermane\u00e7amos Nele e Ele em n\u00f3s\u201d.<\/strong><\/p>\n<p>O que deve significar para n\u00f3s e para voc\u00ea, Frei Wilson, <strong>permanecer com Ele \u2013 Jesus Cristo \u2013 e Ele em n\u00f3s e com voc\u00ea? <\/strong><\/p>\n<p>No Evangelho de S\u00e3o Jo\u00e3o tamb\u00e9m aprendemos de Jesus que disse: \u201cQuem come a minha carne e bebe o meu sangue permanece em mim e eu nele\u201d. A carne de Jesus \u00e9 sua vida, e seu sangue \u00e9 sua entrega a n\u00f3s por amor at\u00e9 a morte, passando pelo servi\u00e7o do lavar os p\u00e9s e pela sua entrega na cruz.<\/p>\n<p>Assim, comer a sua carne e beber o seu sangue \u00e9 o convite que ele nos faz para assemelharmos nossa vida, nossa hist\u00f3ria \u00e0 Dele, feita servi\u00e7o e amor-doa\u00e7\u00e3o aos homens e mulheres de todos os tempos. Estar unido, portanto, a Ele, \u00e9 acolher no cora\u00e7\u00e3o, e com desejo grandioso, esta proposta de vida em plenitude, tornar-se criatura nova, que se faz oferta agrad\u00e1vel a Deus, porque se deixa podar para produzir muitos frutos.<\/p>\n<p>N\u00e3o entrar nesta din\u00e2mica \u00e9 n\u00e3o permanecer com Ele, Jesus Cristo, e, portanto, n\u00e3o ser um ramo frutuoso, ligado ao tronco da videira, n\u00e3o participante da familiaridade do Agricultor, que, no momento oportuno, cortar\u00e1 o ramo que n\u00e3o produz fruto algum. Pois, \u00e9 tamb\u00e9m S\u00e3o Jo\u00e3o que nos diz de Jesus: <strong>Eu sou a videira, meu Pai \u00e9 o agricultor. <\/strong><\/p>\n<p>Assim, Frei Wilson, inspirado pela Palavra de Deus, procure continuamente, como sacerdote, inspirar-se em S\u00e3o Paulo que, movido pela f\u00e9, quis continuamente estar ligado \u00e0 comunidade dos disc\u00edpulos e com grande entusiasmo. Testemunhe Jesus Cristo nas atitudes evang\u00e9licas, sendo Bom Pastor como Ele o foi, fazendo-se e perfazendo-se, sempre de novo, como ovelha atenta \u00e0 voz do Pastor.<\/p>\n<p><strong>Permane\u00e7a sempre unido a Jesus e deixe-o estar unido a voc\u00ea<\/strong>, atrav\u00e9s de sua entrega ao Povo de Deus, a quem voc\u00ea tanto quer servir, agora como frade e padre franciscano.<br \/>\n<strong>Permanecei em mim e Eu permanecerei em v\u00f3s<\/strong>! Assumindo estas santas Palavras voc\u00ea manifesta seu maior desejo e tra\u00e7a o caminho do seu sacerd\u00f3cio, procurando ardentemente que a pessoa de Jesus Cristo, \u00a0visibilizado em toda humana criatura, seja o centro de sua vida.<\/p>\n<p>Assim, a todo instante de seu sacerd\u00f3cio, deixe-se assimilar pela pessoa de Jesus Cristo, pobre e crucificado, p\u00e3o da vida e bom pastor, sumo e eterno sacerdote, que deu sua vida por n\u00f3s, amando-nos at\u00e9 o fim. <strong>Procure permanecer Nele, que Ele, seguramente, n\u00e3o o abandonar\u00e1.<\/strong> Afinal, <strong>Ele \u00e9 que nos amou \u00a0por primeiro<\/strong>, n\u00e3o n\u00f3s a Ele.<\/p>\n<p>Se, como frade menor, a exemplo de nosso pai S\u00e3o Francisco, <strong>Jesus Cristo j\u00e1 era o Tudo para voc\u00ea, agora no seu sacerd\u00f3cio, revista-se ainda mais Dele, para que voc\u00ea permane\u00e7a Nele e Ele em voc\u00ea. <\/strong>Nele, Jesus Cristo, voc\u00ea deve confiar e dele tudo esperar. Dele voc\u00ea deve aprender a melhor servir o povo que lhe ser\u00e1 confiado, pelo sacramento da Ordem. Dele voc\u00ea tamb\u00e9m deve aprender, sempre de novo, como amar a M\u00e3e Igreja, nascida de seu lado aberto na Cruz.<\/p>\n<p>De Jesus Cristo, <strong>permanecendo Nele<\/strong>, voc\u00ea aprender\u00e1 que o ser sacerdote franciscano \u00e9 dar-se sem medida ao Pai, desdobrando-se na doa\u00e7\u00e3o aos irm\u00e3os e irm\u00e3s; aprender\u00e1 a chorar com os que choram e alegrar-se com os que se alegram, mas, sobretudo, aprender\u00e1 a cultivar a miseric\u00f3rdia para ent\u00e3o conced\u00ea-la aos outros no Sacramento da Penit\u00eancia, sem deixar de experiment\u00e1-lo, no entanto, na sua condi\u00e7\u00e3o de ovelha e de pastor.<\/p>\n<p>Frei Wilson, seu lema de ordena\u00e7\u00e3o \u00e9 muito provocador para todos n\u00f3s. Ele nos faz refletir em como e o que fazemos para que a pessoa de Jesus Cristo seja o centro de nossa vida. Em como estamos vivendo nossa vida crist\u00e3, religiosa e ministerial. Se como franciscanos nos aproximamos do povo simples que tem o rosto de Jesus Cristo. A voc\u00ea, especialmente, se como franciscano e agora sacerdote est\u00e1 junto aos assistidos dos projetos do Sefras.<\/p>\n<p>Frei Wilson agradecemos a seus pais, Ant\u00f4nio e Maria, seus irm\u00e3os e amigos de juventude que muito o incentivaram para estar aqui nesta casa do Senhor, agora como franciscano e Padre da Igreja, para servir ao Povo de Deus.<\/p>\n<p>Agradecemos tamb\u00e9m a esta comunidade de f\u00e9 que o acolheu para receber o minist\u00e9rio sacerdotal, mas principalmente, porque rezou muito por voc\u00ea, pela sua perseveran\u00e7a na voca\u00e7\u00e3o.<br \/>\nAgradecemos tamb\u00e9m a seus confrades do tempo de forma\u00e7\u00e3o, e, neles, a toda nossa Prov\u00edncia Franciscana da Imaculada Concei\u00e7\u00e3o, que n\u00e3o mediu esfor\u00e7os para lhe oferecer um ambiente prop\u00edcio para uma forma\u00e7\u00e3o s\u00f3lida, humana, crist\u00e3 e franciscana.<\/p>\n<p>Agradecemos a Deus, mediados por S\u00e3o Francisco, pelo seu sacerd\u00f3cio como frade menor, lembrando a heran\u00e7a que dele recebeu: viver o minist\u00e9rio em simplicidade e humildade.<\/p>\n<p>Enfim, Frei Wilson, em seu minist\u00e9rio sacerdotal, tenha sempre presente o exemplo de nosso pai S\u00e3o Francisco, que nutria uma grande rever\u00eancia pelo sacerdote. Seja digno dela. Dizia ele: \u201cO Senhor me deu e me d\u00e1 tanta f\u00e9 nos sacerdotes que vivem segundo a forma da Santa Igreja Romana&#8230; que quero recorrer sempre a eles&#8230; Neles n\u00e3o quero considerar o pecado, porque neles vejo o Filho de Deus. Vede a vossa dignidade, irm\u00e3os sacerdotes, e sede santos porque ele mesmo \u00e9 santo\u201d.\u00a0<strong>\u201cPermanecei em mim e eu permanecerei em v\u00f3s!\u201d<\/strong><\/p>\n<p>Louvado seja Nosso Senhor Jesus Cristo!<br \/>\n<strong>Frei Raimundo J. de Oliveira Castro, OFM<\/strong><br \/>\n<em>Londrina, 06 de maio de 2012<\/em><\/p>\n","protected":false},"excerpt":{"rendered":"<p>Ordena\u00e7\u00e3o presbiteral de Frei Wilson<\/p>\n","protected":false},"author":1,"featured_media":211450,"comment_status":"closed","ping_status":"closed","sticky":false,"template":"","format":"standard","meta":[],"categories":[1],"tags":[157],"acf":[],"yoast_head":"<!-- This site is optimized with the Yoast SEO plugin v19.2 - https:\/\/yoast.com\/wordpress\/plugins\/seo\/ -->\n<title>Serenidade e simplicidade marcam as Prim\u00edcias de Frei Wilson - Not\u00edcias - Franciscanos<\/title>\n<meta name=\"robots\" content=\"index, follow, max-snippet:-1, max-image-preview:large, max-video-preview:-1\" \/>\n<link rel=\"canonical\" href=\"https:\/\/franciscanos.org.br\/noticias\/serenidade-e-simplicidade-marcam-as-primicias-de-frei-wilson.html\" \/>\n<meta property=\"og:locale\" content=\"pt_BR\" \/>\n<meta property=\"og:type\" content=\"article\" \/>\n<meta property=\"og:title\" content=\"Serenidade e simplicidade marcam as Prim\u00edcias de Frei Wilson - Not\u00edcias - Franciscanos\" \/>\n<meta property=\"og:description\" content=\"Ordena\u00e7\u00e3o presbiteral de Frei Wilson\" \/>\n<meta property=\"og:url\" content=\"https:\/\/franciscanos.org.br\/noticias\/serenidade-e-simplicidade-marcam-as-primicias-de-frei-wilson.html\" \/>\n<meta property=\"og:site_name\" content=\"Not\u00edcias - Franciscanos\" \/>\n<meta property=\"article:published_time\" content=\"2012-05-07T10:36:40+00:00\" \/>\n<meta property=\"article:modified_time\" content=\"2021-07-05T22:52:11+00:00\" \/>\n<meta property=\"og:image\" content=\"https:\/\/franciscanos.org.br\/noticias\/wp-content\/uploads\/2012\/05\/09-2-1.jpg\" \/>\n\t<meta property=\"og:image:width\" content=\"273\" \/>\n\t<meta property=\"og:image:height\" content=\"180\" \/>\n\t<meta property=\"og:image:type\" content=\"image\/jpeg\" \/>\n<meta name=\"author\" content=\"admin\" \/>\n<meta name=\"twitter:card\" content=\"summary_large_image\" \/>\n<meta name=\"twitter:label1\" content=\"Escrito por\" \/>\n\t<meta name=\"twitter:data1\" content=\"admin\" \/>\n\t<meta name=\"twitter:label2\" content=\"Est. tempo de leitura\" \/>\n\t<meta name=\"twitter:data2\" content=\"11 minutos\" \/>\n<script type=\"application\/ld+json\" class=\"yoast-schema-graph\">{\"@context\":\"https:\/\/schema.org\",\"@graph\":[{\"@type\":\"WebSite\",\"@id\":\"https:\/\/franciscanos.org.br\/noticias\/#website\",\"url\":\"https:\/\/franciscanos.org.br\/noticias\/\",\"name\":\"Not\u00edcias - Franciscanos\",\"description\":\"Prov\u00edncia Franciscana da Imaculada Concei\u00e7\u00e3o do Brasil - Ordem dos Frades Menores - OFM\",\"potentialAction\":[{\"@type\":\"SearchAction\",\"target\":{\"@type\":\"EntryPoint\",\"urlTemplate\":\"https:\/\/franciscanos.org.br\/noticias\/?s={search_term_string}\"},\"query-input\":\"required name=search_term_string\"}],\"inLanguage\":\"pt-BR\"},{\"@type\":\"ImageObject\",\"inLanguage\":\"pt-BR\",\"@id\":\"https:\/\/franciscanos.org.br\/noticias\/serenidade-e-simplicidade-marcam-as-primicias-de-frei-wilson.html#primaryimage\",\"url\":\"https:\/\/franciscanos.org.br\/noticias\/wp-content\/uploads\/2012\/05\/09-2-1.jpg\",\"contentUrl\":\"https:\/\/franciscanos.org.br\/noticias\/wp-content\/uploads\/2012\/05\/09-2-1.jpg\",\"width\":273,\"height\":180},{\"@type\":\"WebPage\",\"@id\":\"https:\/\/franciscanos.org.br\/noticias\/serenidade-e-simplicidade-marcam-as-primicias-de-frei-wilson.html#webpage\",\"url\":\"https:\/\/franciscanos.org.br\/noticias\/serenidade-e-simplicidade-marcam-as-primicias-de-frei-wilson.html\",\"name\":\"Serenidade e simplicidade marcam as Prim\u00edcias de Frei Wilson - Not\u00edcias - Franciscanos\",\"isPartOf\":{\"@id\":\"https:\/\/franciscanos.org.br\/noticias\/#website\"},\"primaryImageOfPage\":{\"@id\":\"https:\/\/franciscanos.org.br\/noticias\/serenidade-e-simplicidade-marcam-as-primicias-de-frei-wilson.html#primaryimage\"},\"datePublished\":\"2012-05-07T10:36:40+00:00\",\"dateModified\":\"2021-07-05T22:52:11+00:00\",\"author\":{\"@id\":\"https:\/\/franciscanos.org.br\/noticias\/#\/schema\/person\/b38fbf43118f02820bd932f2e4b14ad3\"},\"breadcrumb\":{\"@id\":\"https:\/\/franciscanos.org.br\/noticias\/serenidade-e-simplicidade-marcam-as-primicias-de-frei-wilson.html#breadcrumb\"},\"inLanguage\":\"pt-BR\",\"potentialAction\":[{\"@type\":\"ReadAction\",\"target\":[\"https:\/\/franciscanos.org.br\/noticias\/serenidade-e-simplicidade-marcam-as-primicias-de-frei-wilson.html\"]}]},{\"@type\":\"BreadcrumbList\",\"@id\":\"https:\/\/franciscanos.org.br\/noticias\/serenidade-e-simplicidade-marcam-as-primicias-de-frei-wilson.html#breadcrumb\",\"itemListElement\":[{\"@type\":\"ListItem\",\"position\":1,\"name\":\"Home\",\"item\":\"https:\/\/franciscanos.org.br\/noticias\"},{\"@type\":\"ListItem\",\"position\":2,\"name\":\"Serenidade e simplicidade marcam as Prim\u00edcias de Frei Wilson\"}]},{\"@type\":\"Person\",\"@id\":\"https:\/\/franciscanos.org.br\/noticias\/#\/schema\/person\/b38fbf43118f02820bd932f2e4b14ad3\",\"name\":\"admin\",\"image\":{\"@type\":\"ImageObject\",\"inLanguage\":\"pt-BR\",\"@id\":\"https:\/\/franciscanos.org.br\/noticias\/#\/schema\/person\/image\/\",\"url\":\"https:\/\/secure.gravatar.com\/avatar\/e8495742d34d0ba6448ea1c628263b3e?s=96&d=mm&r=g\",\"contentUrl\":\"https:\/\/secure.gravatar.com\/avatar\/e8495742d34d0ba6448ea1c628263b3e?s=96&d=mm&r=g\",\"caption\":\"admin\"},\"url\":\"https:\/\/franciscanos.org.br\/noticias\/author\/admin\"}]}<\/script>\n<!-- \/ Yoast SEO plugin. -->","yoast_head_json":{"title":"Serenidade e simplicidade marcam as Prim\u00edcias de Frei Wilson - Not\u00edcias - Franciscanos","robots":{"index":"index","follow":"follow","max-snippet":"max-snippet:-1","max-image-preview":"max-image-preview:large","max-video-preview":"max-video-preview:-1"},"canonical":"https:\/\/franciscanos.org.br\/noticias\/serenidade-e-simplicidade-marcam-as-primicias-de-frei-wilson.html","og_locale":"pt_BR","og_type":"article","og_title":"Serenidade e simplicidade marcam as Prim\u00edcias de Frei Wilson - Not\u00edcias - Franciscanos","og_description":"Ordena\u00e7\u00e3o presbiteral de Frei Wilson","og_url":"https:\/\/franciscanos.org.br\/noticias\/serenidade-e-simplicidade-marcam-as-primicias-de-frei-wilson.html","og_site_name":"Not\u00edcias - Franciscanos","article_published_time":"2012-05-07T10:36:40+00:00","article_modified_time":"2021-07-05T22:52:11+00:00","og_image":[{"width":273,"height":180,"url":"https:\/\/franciscanos.org.br\/noticias\/wp-content\/uploads\/2012\/05\/09-2-1.jpg","type":"image\/jpeg"}],"author":"admin","twitter_card":"summary_large_image","twitter_misc":{"Escrito por":"admin","Est. tempo de leitura":"11 minutos"},"schema":{"@context":"https:\/\/schema.org","@graph":[{"@type":"WebSite","@id":"https:\/\/franciscanos.org.br\/noticias\/#website","url":"https:\/\/franciscanos.org.br\/noticias\/","name":"Not\u00edcias - Franciscanos","description":"Prov\u00edncia Franciscana da Imaculada Concei\u00e7\u00e3o do Brasil - Ordem dos Frades Menores - OFM","potentialAction":[{"@type":"SearchAction","target":{"@type":"EntryPoint","urlTemplate":"https:\/\/franciscanos.org.br\/noticias\/?s={search_term_string}"},"query-input":"required name=search_term_string"}],"inLanguage":"pt-BR"},{"@type":"ImageObject","inLanguage":"pt-BR","@id":"https:\/\/franciscanos.org.br\/noticias\/serenidade-e-simplicidade-marcam-as-primicias-de-frei-wilson.html#primaryimage","url":"https:\/\/franciscanos.org.br\/noticias\/wp-content\/uploads\/2012\/05\/09-2-1.jpg","contentUrl":"https:\/\/franciscanos.org.br\/noticias\/wp-content\/uploads\/2012\/05\/09-2-1.jpg","width":273,"height":180},{"@type":"WebPage","@id":"https:\/\/franciscanos.org.br\/noticias\/serenidade-e-simplicidade-marcam-as-primicias-de-frei-wilson.html#webpage","url":"https:\/\/franciscanos.org.br\/noticias\/serenidade-e-simplicidade-marcam-as-primicias-de-frei-wilson.html","name":"Serenidade e simplicidade marcam as Prim\u00edcias de Frei Wilson - Not\u00edcias - Franciscanos","isPartOf":{"@id":"https:\/\/franciscanos.org.br\/noticias\/#website"},"primaryImageOfPage":{"@id":"https:\/\/franciscanos.org.br\/noticias\/serenidade-e-simplicidade-marcam-as-primicias-de-frei-wilson.html#primaryimage"},"datePublished":"2012-05-07T10:36:40+00:00","dateModified":"2021-07-05T22:52:11+00:00","author":{"@id":"https:\/\/franciscanos.org.br\/noticias\/#\/schema\/person\/b38fbf43118f02820bd932f2e4b14ad3"},"breadcrumb":{"@id":"https:\/\/franciscanos.org.br\/noticias\/serenidade-e-simplicidade-marcam-as-primicias-de-frei-wilson.html#breadcrumb"},"inLanguage":"pt-BR","potentialAction":[{"@type":"ReadAction","target":["https:\/\/franciscanos.org.br\/noticias\/serenidade-e-simplicidade-marcam-as-primicias-de-frei-wilson.html"]}]},{"@type":"BreadcrumbList","@id":"https:\/\/franciscanos.org.br\/noticias\/serenidade-e-simplicidade-marcam-as-primicias-de-frei-wilson.html#breadcrumb","itemListElement":[{"@type":"ListItem","position":1,"name":"Home","item":"https:\/\/franciscanos.org.br\/noticias"},{"@type":"ListItem","position":2,"name":"Serenidade e simplicidade marcam as Prim\u00edcias de Frei Wilson"}]},{"@type":"Person","@id":"https:\/\/franciscanos.org.br\/noticias\/#\/schema\/person\/b38fbf43118f02820bd932f2e4b14ad3","name":"admin","image":{"@type":"ImageObject","inLanguage":"pt-BR","@id":"https:\/\/franciscanos.org.br\/noticias\/#\/schema\/person\/image\/","url":"https:\/\/secure.gravatar.com\/avatar\/e8495742d34d0ba6448ea1c628263b3e?s=96&d=mm&r=g","contentUrl":"https:\/\/secure.gravatar.com\/avatar\/e8495742d34d0ba6448ea1c628263b3e?s=96&d=mm&r=g","caption":"admin"},"url":"https:\/\/franciscanos.org.br\/noticias\/author\/admin"}]}},"_links":{"self":[{"href":"https:\/\/franciscanos.org.br\/noticias\/wp-json\/wp\/v2\/posts\/17131"}],"collection":[{"href":"https:\/\/franciscanos.org.br\/noticias\/wp-json\/wp\/v2\/posts"}],"about":[{"href":"https:\/\/franciscanos.org.br\/noticias\/wp-json\/wp\/v2\/types\/post"}],"author":[{"embeddable":true,"href":"https:\/\/franciscanos.org.br\/noticias\/wp-json\/wp\/v2\/users\/1"}],"replies":[{"embeddable":true,"href":"https:\/\/franciscanos.org.br\/noticias\/wp-json\/wp\/v2\/comments?post=17131"}],"version-history":[{"count":1,"href":"https:\/\/franciscanos.org.br\/noticias\/wp-json\/wp\/v2\/posts\/17131\/revisions"}],"predecessor-version":[{"id":232866,"href":"https:\/\/franciscanos.org.br\/noticias\/wp-json\/wp\/v2\/posts\/17131\/revisions\/232866"}],"wp:featuredmedia":[{"embeddable":true,"href":"https:\/\/franciscanos.org.br\/noticias\/wp-json\/wp\/v2\/media\/211450"}],"wp:attachment":[{"href":"https:\/\/franciscanos.org.br\/noticias\/wp-json\/wp\/v2\/media?parent=17131"}],"wp:term":[{"taxonomy":"category","embeddable":true,"href":"https:\/\/franciscanos.org.br\/noticias\/wp-json\/wp\/v2\/categories?post=17131"},{"taxonomy":"post_tag","embeddable":true,"href":"https:\/\/franciscanos.org.br\/noticias\/wp-json\/wp\/v2\/tags?post=17131"}],"curies":[{"name":"wp","href":"https:\/\/api.w.org\/{rel}","templated":true}]}}