{"id":171291,"date":"2018-09-13T07:44:57","date_gmt":"2018-09-13T10:44:57","guid":{"rendered":"http:\/\/franciscanos.org.br\/?p=171291"},"modified":"2020-06-07T07:30:01","modified_gmt":"2020-06-07T10:30:01","slug":"santa-marta-mexericos","status":"publish","type":"post","link":"https:\/\/franciscanos.org.br\/noticias\/santa-marta-mexericos.html","title":{"rendered":"Os crist\u00e3os nunca devem entrar &#8220;nos mexericos&#8221;"},"content":{"rendered":"<p><img loading=\"lazy\" class=\"alignleft\" src=\"http:\/\/franciscanos.org.br\/wp-content\/uploads\/2018\/09\/papa_130918.jpg\" alt=\"papa_130918\" width=\"820\" height=\"461\" \/><\/p>\n<p><strong>Cidade do Vaticano<\/strong> &#8211; &#8220;Ser crist\u00e3o n\u00e3o \u00e9 f\u00e1cil&#8221;, mas faz &#8220;feliz&#8221;: o caminho que o Pai Celeste nos indica \u00e9 o da &#8220;miseric\u00f3rdia&#8221; e da &#8220;paz interior&#8221;. Na Missa celebrada na Casa Santa Marta, o Papa Francisco fala novamente sobre os tra\u00e7os distintivos do &#8220;estilo crist\u00e3o&#8221;, a partir do Evangelho de Lucas proposto pela liturgia do dia (Lc 6,27-38). O Senhor &#8211; precisa o Pont\u00edfice &#8211; sempre nos indica como deve ser &#8220;a vida de um disc\u00edpulo&#8221;, por exemplo, por meio das bem-aventuran\u00e7as ou das obras de miseric\u00f3rdia.<\/p>\n<p>De maneira particular, a liturgia do dia se concentra em &#8220;quatro detalhes para viver a vida crist\u00e3&#8221;: &#8220;amar seus inimigos, fazer o bem \u00e0queles que vos odeiam, aben\u00e7oar aqueles que vos amaldi\u00e7oam, rezar por aqueles que vos tratam mal&#8221; .<\/p>\n<p>Em sua homilia, o Papa observa que os crist\u00e3os nunca devem entrar &#8220;nos mexericos&#8221; ou &#8220;na l\u00f3gica dos insultos&#8221;, o que gera apenas &#8220;guerra&#8221;, mas encontrar sempre o tempo de &#8220;rezar pelas pessoas inc\u00f4modas&#8221;: \u201cEste \u00e9 o estilo crist\u00e3o, este \u00e9 o modo de vida crist\u00e3o. Mas se eu n\u00e3o fizer essas quatro coisas? Amar os inimigos, fazer o bem \u00e0queles que me odeiam, aben\u00e7oar aqueles que me amaldi\u00e7oam e rezar por aqueles que me tratam mal, n\u00e3o sou crist\u00e3o? Sim, voc\u00ea \u00e9 um crist\u00e3o porque recebeu o Batismo, mas n\u00e3o vive como um crist\u00e3o. Vive como um pag\u00e3o, com o esp\u00edrito do mundanismo\u201d.<\/p>\n<p><strong>A loucura da Cruz<\/strong><\/p>\n<p>Certo, \u00e9 mais f\u00e1cil \u201cfalar mal dos inimigos ou daqueles que s\u00e3o de um partido diferente\u201d, mas a l\u00f3gica crist\u00e3 vai contracorrente e segue a \u201cloucura da Cruz\u201d. O fim \u00faltimo \u2013 acrescenta o Papa Francisco \u2013 \u201c\u00e9 chegar a comportar-nos como filhos de nosso Pai\u201d:<\/p>\n<p>\u201cSomente os misericordiosos se assemelham a Deus Pai. &#8220;Seja misericordioso, como vosso pai \u00e9 misericordioso&#8221;. Este \u00e9 o caminho, o caminho que vai contra o esp\u00edrito do mundo, que pensa o contr\u00e1rio, que n\u00e3o acusa os outros. Porque entre n\u00f3s existe o grande acusador, aquele que sempre vai nos acusar diante de Deus, para nos destruir. Satan\u00e1s: ele \u00e9 o grande acusador. E quando eu entro nesta l\u00f3gica de acusar, amaldi\u00e7oar, procurar fazer mal ao outro, entro na l\u00f3gica do grande acusador que \u00e9 destruidor. Que n\u00e3o conhece a palavra &#8220;miseric\u00f3rdia&#8221;, n\u00e3o conhece, nunca a viveu\u201d.<\/p>\n<p><strong>A miseric\u00f3rdia do crist\u00e3o<\/strong><\/p>\n<p>A vida, portanto, oscila entre estes dois convites: o do Pai e aquele do \u201cgrande acusador\u201d, \u201cque nos impele a acusar os outros, para destru\u00ed-los\u201d:<br \/>\n\u201cMas \u00e9 ele quem est\u00e1 me destruindo! E voc\u00ea n\u00e3o pode fazer isso ao outro. Voc\u00ea n\u00e3o pode entrar na l\u00f3gica do acusador. &#8220;Mas padre, eu devo acusar&#8221;. Sim, acuse a voc\u00ea. Vai fazer bem a voc\u00ea. A \u00fanica acusa\u00e7\u00e3o l\u00edcita que n\u00f3s crist\u00e3os temos \u00e9 acusar a n\u00f3s mesmos. Para os outros, somente a miseric\u00f3rdia, porque somos filhos do Pai que \u00e9 misericordioso\u201d.<\/p>\n<hr \/>\n<p><em>Fonte: Vatican News<\/em><\/p>\n","protected":false},"excerpt":{"rendered":"<p>Missa em Santa Marta<\/p>\n","protected":false},"author":1,"featured_media":191800,"comment_status":"open","ping_status":"open","sticky":false,"template":"","format":"standard","meta":[],"categories":[1428],"tags":[1586],"acf":[],"yoast_head":"<!-- This site is optimized with the Yoast SEO plugin v19.2 - https:\/\/yoast.com\/wordpress\/plugins\/seo\/ -->\n<title>Os crist\u00e3os nunca devem entrar &quot;nos mexericos&quot; - Not\u00edcias - Franciscanos<\/title>\n<meta name=\"robots\" content=\"index, follow, max-snippet:-1, max-image-preview:large, max-video-preview:-1\" \/>\n<link rel=\"canonical\" href=\"https:\/\/franciscanos.org.br\/noticias\/santa-marta-mexericos.html\" \/>\n<meta property=\"og:locale\" content=\"pt_BR\" \/>\n<meta property=\"og:type\" content=\"article\" \/>\n<meta property=\"og:title\" content=\"Os crist\u00e3os nunca devem entrar &quot;nos mexericos&quot; - Not\u00edcias - Franciscanos\" \/>\n<meta property=\"og:description\" content=\"Missa em Santa Marta\" \/>\n<meta property=\"og:url\" content=\"https:\/\/franciscanos.org.br\/noticias\/santa-marta-mexericos.html\" \/>\n<meta property=\"og:site_name\" content=\"Not\u00edcias - Franciscanos\" \/>\n<meta property=\"article:published_time\" content=\"2018-09-13T10:44:57+00:00\" \/>\n<meta property=\"article:modified_time\" content=\"2020-06-07T10:30:01+00:00\" \/>\n<meta property=\"og:image\" content=\"https:\/\/franciscanos.org.br\/noticias\/wp-content\/uploads\/2018\/09\/papa_130918.jpg\" \/>\n\t<meta property=\"og:image:width\" content=\"273\" \/>\n\t<meta property=\"og:image:height\" content=\"181\" \/>\n\t<meta property=\"og:image:type\" content=\"image\/jpeg\" \/>\n<meta name=\"author\" content=\"admin\" \/>\n<meta name=\"twitter:card\" content=\"summary_large_image\" \/>\n<meta name=\"twitter:label1\" content=\"Escrito por\" \/>\n\t<meta name=\"twitter:data1\" content=\"admin\" \/>\n\t<meta name=\"twitter:label2\" content=\"Est. tempo de leitura\" \/>\n\t<meta name=\"twitter:data2\" content=\"3 minutos\" \/>\n<script type=\"application\/ld+json\" class=\"yoast-schema-graph\">{\"@context\":\"https:\/\/schema.org\",\"@graph\":[{\"@type\":\"WebSite\",\"@id\":\"https:\/\/franciscanos.org.br\/noticias\/#website\",\"url\":\"https:\/\/franciscanos.org.br\/noticias\/\",\"name\":\"Not\u00edcias - Franciscanos\",\"description\":\"Prov\u00edncia Franciscana da Imaculada Concei\u00e7\u00e3o do Brasil - Ordem dos Frades Menores - OFM\",\"potentialAction\":[{\"@type\":\"SearchAction\",\"target\":{\"@type\":\"EntryPoint\",\"urlTemplate\":\"https:\/\/franciscanos.org.br\/noticias\/?s={search_term_string}\"},\"query-input\":\"required name=search_term_string\"}],\"inLanguage\":\"pt-BR\"},{\"@type\":\"ImageObject\",\"inLanguage\":\"pt-BR\",\"@id\":\"https:\/\/franciscanos.org.br\/noticias\/santa-marta-mexericos.html#primaryimage\",\"url\":\"https:\/\/franciscanos.org.br\/noticias\/wp-content\/uploads\/2018\/09\/papa_130918.jpg\",\"contentUrl\":\"https:\/\/franciscanos.org.br\/noticias\/wp-content\/uploads\/2018\/09\/papa_130918.jpg\",\"width\":273,\"height\":181},{\"@type\":\"WebPage\",\"@id\":\"https:\/\/franciscanos.org.br\/noticias\/santa-marta-mexericos.html#webpage\",\"url\":\"https:\/\/franciscanos.org.br\/noticias\/santa-marta-mexericos.html\",\"name\":\"Os crist\u00e3os nunca devem entrar \\\"nos mexericos\\\" - Not\u00edcias - Franciscanos\",\"isPartOf\":{\"@id\":\"https:\/\/franciscanos.org.br\/noticias\/#website\"},\"primaryImageOfPage\":{\"@id\":\"https:\/\/franciscanos.org.br\/noticias\/santa-marta-mexericos.html#primaryimage\"},\"datePublished\":\"2018-09-13T10:44:57+00:00\",\"dateModified\":\"2020-06-07T10:30:01+00:00\",\"author\":{\"@id\":\"https:\/\/franciscanos.org.br\/noticias\/#\/schema\/person\/b38fbf43118f02820bd932f2e4b14ad3\"},\"breadcrumb\":{\"@id\":\"https:\/\/franciscanos.org.br\/noticias\/santa-marta-mexericos.html#breadcrumb\"},\"inLanguage\":\"pt-BR\",\"potentialAction\":[{\"@type\":\"ReadAction\",\"target\":[\"https:\/\/franciscanos.org.br\/noticias\/santa-marta-mexericos.html\"]}]},{\"@type\":\"BreadcrumbList\",\"@id\":\"https:\/\/franciscanos.org.br\/noticias\/santa-marta-mexericos.html#breadcrumb\",\"itemListElement\":[{\"@type\":\"ListItem\",\"position\":1,\"name\":\"Home\",\"item\":\"https:\/\/franciscanos.org.br\/noticias\"},{\"@type\":\"ListItem\",\"position\":2,\"name\":\"Os crist\u00e3os nunca devem entrar &#8220;nos mexericos&#8221;\"}]},{\"@type\":\"Person\",\"@id\":\"https:\/\/franciscanos.org.br\/noticias\/#\/schema\/person\/b38fbf43118f02820bd932f2e4b14ad3\",\"name\":\"admin\",\"image\":{\"@type\":\"ImageObject\",\"inLanguage\":\"pt-BR\",\"@id\":\"https:\/\/franciscanos.org.br\/noticias\/#\/schema\/person\/image\/\",\"url\":\"https:\/\/secure.gravatar.com\/avatar\/e8495742d34d0ba6448ea1c628263b3e?s=96&d=mm&r=g\",\"contentUrl\":\"https:\/\/secure.gravatar.com\/avatar\/e8495742d34d0ba6448ea1c628263b3e?s=96&d=mm&r=g\",\"caption\":\"admin\"},\"url\":\"https:\/\/franciscanos.org.br\/noticias\/author\/admin\"}]}<\/script>\n<!-- \/ Yoast SEO plugin. -->","yoast_head_json":{"title":"Os crist\u00e3os nunca devem entrar \"nos mexericos\" - Not\u00edcias - Franciscanos","robots":{"index":"index","follow":"follow","max-snippet":"max-snippet:-1","max-image-preview":"max-image-preview:large","max-video-preview":"max-video-preview:-1"},"canonical":"https:\/\/franciscanos.org.br\/noticias\/santa-marta-mexericos.html","og_locale":"pt_BR","og_type":"article","og_title":"Os crist\u00e3os nunca devem entrar \"nos mexericos\" - Not\u00edcias - Franciscanos","og_description":"Missa em Santa Marta","og_url":"https:\/\/franciscanos.org.br\/noticias\/santa-marta-mexericos.html","og_site_name":"Not\u00edcias - Franciscanos","article_published_time":"2018-09-13T10:44:57+00:00","article_modified_time":"2020-06-07T10:30:01+00:00","og_image":[{"width":273,"height":181,"url":"https:\/\/franciscanos.org.br\/noticias\/wp-content\/uploads\/2018\/09\/papa_130918.jpg","type":"image\/jpeg"}],"author":"admin","twitter_card":"summary_large_image","twitter_misc":{"Escrito por":"admin","Est. tempo de leitura":"3 minutos"},"schema":{"@context":"https:\/\/schema.org","@graph":[{"@type":"WebSite","@id":"https:\/\/franciscanos.org.br\/noticias\/#website","url":"https:\/\/franciscanos.org.br\/noticias\/","name":"Not\u00edcias - Franciscanos","description":"Prov\u00edncia Franciscana da Imaculada Concei\u00e7\u00e3o do Brasil - Ordem dos Frades Menores - OFM","potentialAction":[{"@type":"SearchAction","target":{"@type":"EntryPoint","urlTemplate":"https:\/\/franciscanos.org.br\/noticias\/?s={search_term_string}"},"query-input":"required name=search_term_string"}],"inLanguage":"pt-BR"},{"@type":"ImageObject","inLanguage":"pt-BR","@id":"https:\/\/franciscanos.org.br\/noticias\/santa-marta-mexericos.html#primaryimage","url":"https:\/\/franciscanos.org.br\/noticias\/wp-content\/uploads\/2018\/09\/papa_130918.jpg","contentUrl":"https:\/\/franciscanos.org.br\/noticias\/wp-content\/uploads\/2018\/09\/papa_130918.jpg","width":273,"height":181},{"@type":"WebPage","@id":"https:\/\/franciscanos.org.br\/noticias\/santa-marta-mexericos.html#webpage","url":"https:\/\/franciscanos.org.br\/noticias\/santa-marta-mexericos.html","name":"Os crist\u00e3os nunca devem entrar \"nos mexericos\" - Not\u00edcias - Franciscanos","isPartOf":{"@id":"https:\/\/franciscanos.org.br\/noticias\/#website"},"primaryImageOfPage":{"@id":"https:\/\/franciscanos.org.br\/noticias\/santa-marta-mexericos.html#primaryimage"},"datePublished":"2018-09-13T10:44:57+00:00","dateModified":"2020-06-07T10:30:01+00:00","author":{"@id":"https:\/\/franciscanos.org.br\/noticias\/#\/schema\/person\/b38fbf43118f02820bd932f2e4b14ad3"},"breadcrumb":{"@id":"https:\/\/franciscanos.org.br\/noticias\/santa-marta-mexericos.html#breadcrumb"},"inLanguage":"pt-BR","potentialAction":[{"@type":"ReadAction","target":["https:\/\/franciscanos.org.br\/noticias\/santa-marta-mexericos.html"]}]},{"@type":"BreadcrumbList","@id":"https:\/\/franciscanos.org.br\/noticias\/santa-marta-mexericos.html#breadcrumb","itemListElement":[{"@type":"ListItem","position":1,"name":"Home","item":"https:\/\/franciscanos.org.br\/noticias"},{"@type":"ListItem","position":2,"name":"Os crist\u00e3os nunca devem entrar &#8220;nos mexericos&#8221;"}]},{"@type":"Person","@id":"https:\/\/franciscanos.org.br\/noticias\/#\/schema\/person\/b38fbf43118f02820bd932f2e4b14ad3","name":"admin","image":{"@type":"ImageObject","inLanguage":"pt-BR","@id":"https:\/\/franciscanos.org.br\/noticias\/#\/schema\/person\/image\/","url":"https:\/\/secure.gravatar.com\/avatar\/e8495742d34d0ba6448ea1c628263b3e?s=96&d=mm&r=g","contentUrl":"https:\/\/secure.gravatar.com\/avatar\/e8495742d34d0ba6448ea1c628263b3e?s=96&d=mm&r=g","caption":"admin"},"url":"https:\/\/franciscanos.org.br\/noticias\/author\/admin"}]}},"_links":{"self":[{"href":"https:\/\/franciscanos.org.br\/noticias\/wp-json\/wp\/v2\/posts\/171291"}],"collection":[{"href":"https:\/\/franciscanos.org.br\/noticias\/wp-json\/wp\/v2\/posts"}],"about":[{"href":"https:\/\/franciscanos.org.br\/noticias\/wp-json\/wp\/v2\/types\/post"}],"author":[{"embeddable":true,"href":"https:\/\/franciscanos.org.br\/noticias\/wp-json\/wp\/v2\/users\/1"}],"replies":[{"embeddable":true,"href":"https:\/\/franciscanos.org.br\/noticias\/wp-json\/wp\/v2\/comments?post=171291"}],"version-history":[{"count":1,"href":"https:\/\/franciscanos.org.br\/noticias\/wp-json\/wp\/v2\/posts\/171291\/revisions"}],"predecessor-version":[{"id":224838,"href":"https:\/\/franciscanos.org.br\/noticias\/wp-json\/wp\/v2\/posts\/171291\/revisions\/224838"}],"wp:featuredmedia":[{"embeddable":true,"href":"https:\/\/franciscanos.org.br\/noticias\/wp-json\/wp\/v2\/media\/191800"}],"wp:attachment":[{"href":"https:\/\/franciscanos.org.br\/noticias\/wp-json\/wp\/v2\/media?parent=171291"}],"wp:term":[{"taxonomy":"category","embeddable":true,"href":"https:\/\/franciscanos.org.br\/noticias\/wp-json\/wp\/v2\/categories?post=171291"},{"taxonomy":"post_tag","embeddable":true,"href":"https:\/\/franciscanos.org.br\/noticias\/wp-json\/wp\/v2\/tags?post=171291"}],"curies":[{"name":"wp","href":"https:\/\/api.w.org\/{rel}","templated":true}]}}