{"id":171197,"date":"2018-09-11T08:19:28","date_gmt":"2018-09-11T11:19:28","guid":{"rendered":"http:\/\/franciscanos.org.br\/?p=171197"},"modified":"2020-06-07T07:32:24","modified_gmt":"2020-06-07T10:32:24","slug":"nestes-tempos-o-grande-acusador-parece-perseguir-os-bispos","status":"publish","type":"post","link":"https:\/\/franciscanos.org.br\/noticias\/nestes-tempos-o-grande-acusador-parece-perseguir-os-bispos.html","title":{"rendered":"Papa: quem confirma a voca\u00e7\u00e3o do bispo \u00e9 o povo"},"content":{"rendered":"<p><img loading=\"lazy\" class=\"aligncenter\" src=\"http:\/\/franciscanos.org.br\/wp-content\/uploads\/2017\/01\/marta_270117.jpg\" alt=\"marta_270117\" width=\"830\" height=\"419\" \/><br \/>\n<strong>Cidade do Vaticano<\/strong> &#8211; Na homilia da missa celebrada na manh\u00e3 de hoje (11\/9), na capela da Casa Santa Marta, o Papa refletiu sobre o minist\u00e9rio episcopal, inspirando-se no Evangelho de Lucas (Lc 6, 12-19) proposto pela liturgia do dia, que narra a passagem em que Jesus passa a noite em ora\u00e7\u00e3o e depois escolhe os Doze Ap\u00f3stolos &#8211; ou seja, os &#8220;primeiros bispos&#8221; &#8211; e ent\u00e3o desce para as plan\u00edcies para estarem meio \u00e0s pessoas que v\u00eam para ouvi-lo e serem curadas de doen\u00e7as.<\/p>\n<p><strong>Cursos para bispos<\/strong><\/p>\n<p>Francisco fez esta reflex\u00e3o sobre a escolha dos bispos como Jesus fez pela primeira vez, tamb\u00e9m \u00e0 luz do fato de que, neste per\u00edodo em Roma, est\u00e3o sendo realizados tr\u00eas cursos para bispos: um de atualiza\u00e7\u00e3o para os bispos que completaram 10 anos de episcopado \u2013 conclu\u00eddo nestes dias &#8211; um para 74 bispos que est\u00e3o \u00e0 frente das dioceses de territ\u00f3rios de miss\u00e3o \u2013 que portanto fazem refer\u00eancia \u00e0 Congrega\u00e7\u00e3o de Propaganda Fidei &#8211; e um com 130-140 bispos que pertencem \u00e0 Congrega\u00e7\u00e3o dos Bispos. Portanto, novos bispos: mais de 200 nesses dois cursos.<\/p>\n<p><strong>Homem de ora\u00e7\u00e3o<\/strong><\/p>\n<p>O primeiro aspecto fundamental \u00e9 ser homens de ora\u00e7\u00e3o. A ora\u00e7\u00e3o \u00e9, de fato, &#8220;a consola\u00e7\u00e3o que um bispo tem nos momentos dif\u00edceis&#8221; &#8211; observa o Papa &#8211; isto \u00e9, saber que &#8220;neste momento Jesus reza por mim&#8221;, &#8220;reza por todos os bispos&#8221;.<\/p>\n<p>Nessa consci\u00eancia, o bispo encontra aquela &#8220;consola\u00e7\u00e3o&#8221; e aquela for\u00e7a que o leva por sua vez a rezar por si mesmo e pelo povo de Deus. Esta \u00e9 sua primeira tarefa. S\u00e3o Pedro tamb\u00e9m confirma que o bispo \u00e9 um homem de ora\u00e7\u00e3o quando diz: &#8220;Para n\u00f3s, a ora\u00e7\u00e3o e o an\u00fancio da Palavra&#8221;. Ele n\u00e3o diz: &#8220;Para n\u00f3s, a organiza\u00e7\u00e3o dos planos pastorais &#8230;&#8221;, enfatiza Francisco.<\/p>\n<p><strong>Um homem que se sente escolhido e \u00e9 humilde<\/strong><\/p>\n<p>O segundo aspecto que o Papa ressalta \u00e9 que Jesus escolhe os Doze e o bispo fiel sabe que n\u00e3o foi ele que escolheu.<\/p>\n<p>&#8220;O bispo que ama Jesus n\u00e3o \u00e9 um galgador que segue em frente com sua voca\u00e7\u00e3o como se fosse uma fun\u00e7\u00e3o, talvez olhando para outra possibilidade de seguir em frente e de subir: n\u00e3o. O bispo se sente escolhido. E ele tem a certeza de ter sido escolhido. E isso o leva ao di\u00e1logo com o Senhor: &#8216;Voc\u00ea me escolheu, que sou pouca coisa, que sou pecador &#8230;&#8217;, tem humildade. Porque ele, quando se sente escolhido, sente o olhar de Jesus sobre a pr\u00f3pria exist\u00eancia e isso lhe d\u00e1 for\u00e7a&#8221;.<\/p>\n<p><strong>N\u00e3o fica distante das pessoas<\/strong><\/p>\n<p>Por fim, como Jesus no Evangelho de hoje, o bispo desce a um lugar plano para estar perto do povo e n\u00e3o se afasta.<\/p>\n<p>&#8220;O bispo que n\u00e3o permanece distante do povo, que n\u00e3o usa atitudes que o levam a estar distante do povo; o bispo que toca as pessoas e se deixa tocar pelas pessoas. Ele n\u00e3o vai procurar ref\u00fagio nos poderosos, nas elites: n\u00e3o. Ser\u00e3o as elites que ir\u00e3o criticar o bispo; o povo tem essa atitude de amor para com o bispo, e tem essa \u2013 por assim dizer \u2013 esta un\u00e7\u00e3o especial: confirma o bispo na voca\u00e7\u00e3o&#8221;.<\/p>\n<p><strong>O Grande Acusador quer escandalizar as pessoas<\/strong><\/p>\n<p>V\u00e1rias vezes durante a homilia o Papa reafirma que a for\u00e7a do bispo \u00e9 precisamente ser &#8220;homem de ora\u00e7\u00e3o&#8221;, &#8220;homem que se sente escolhido por Deus&#8221; e &#8220;homem em meio ao povo&#8221;.<\/p>\n<p>&#8220;\u00c9 bom recordar, nestes tempos, em que parece que o Grande Acusador tenha se soltado e persegue os bispos. \u00c9 verdade, existem, todos somos pecadores, n\u00f3s bispos. Mas, procura desvendar os pecados, para que sejam vistos, para escandalizar as pessoas. O Grande Acusador que, como ele mesmo diz a Deus no primeiro cap\u00edtulo do Livro de J\u00f3, &#8216;vaga pelo mundo procurando como acusar&#8217;. A for\u00e7a do bispo contra o Grande Acusador \u00e9 a ora\u00e7\u00e3o, aquela de Jesus sobre ele e a pr\u00f3pria; e a humildade de sentir-se escolhido e de permanecer pr\u00f3ximo ao povo de Deus, sem ir em dire\u00e7\u00e3o a uma vida aristocr\u00e1tica que lhe tira essa un\u00e7\u00e3o. Rezemos hoje por nossos bispos: por mim, por estes que est\u00e3o aqui e por todos os bispos do mundo&#8221;.<\/p>\n<hr \/>\n<p><em>Fonte: Vatican News<\/em><\/p>\n","protected":false},"excerpt":{"rendered":"<p>Missa em Santa Marta<\/p>\n","protected":false},"author":1,"featured_media":191819,"comment_status":"open","ping_status":"open","sticky":false,"template":"","format":"standard","meta":[],"categories":[1428],"tags":[1586],"acf":[],"yoast_head":"<!-- This site is optimized with the Yoast SEO plugin v19.2 - https:\/\/yoast.com\/wordpress\/plugins\/seo\/ -->\n<title>Papa: quem confirma a voca\u00e7\u00e3o do bispo \u00e9 o povo - Not\u00edcias - Franciscanos<\/title>\n<meta name=\"robots\" content=\"index, follow, max-snippet:-1, max-image-preview:large, max-video-preview:-1\" \/>\n<link rel=\"canonical\" href=\"https:\/\/franciscanos.org.br\/noticias\/nestes-tempos-o-grande-acusador-parece-perseguir-os-bispos.html\" \/>\n<meta property=\"og:locale\" content=\"pt_BR\" \/>\n<meta property=\"og:type\" content=\"article\" \/>\n<meta property=\"og:title\" content=\"Papa: quem confirma a voca\u00e7\u00e3o do bispo \u00e9 o povo - Not\u00edcias - Franciscanos\" \/>\n<meta property=\"og:description\" content=\"Missa em Santa Marta\" \/>\n<meta property=\"og:url\" content=\"https:\/\/franciscanos.org.br\/noticias\/nestes-tempos-o-grande-acusador-parece-perseguir-os-bispos.html\" \/>\n<meta property=\"og:site_name\" content=\"Not\u00edcias - Franciscanos\" \/>\n<meta property=\"article:published_time\" content=\"2018-09-11T11:19:28+00:00\" \/>\n<meta property=\"article:modified_time\" content=\"2020-06-07T10:32:24+00:00\" \/>\n<meta property=\"og:image\" content=\"https:\/\/franciscanos.org.br\/noticias\/wp-content\/uploads\/2018\/09\/marta_270117.jpg\" \/>\n\t<meta property=\"og:image:width\" content=\"273\" \/>\n\t<meta property=\"og:image:height\" content=\"181\" \/>\n\t<meta property=\"og:image:type\" content=\"image\/jpeg\" \/>\n<meta name=\"author\" content=\"admin\" \/>\n<meta name=\"twitter:card\" content=\"summary_large_image\" \/>\n<meta name=\"twitter:label1\" content=\"Escrito por\" \/>\n\t<meta name=\"twitter:data1\" content=\"admin\" \/>\n\t<meta name=\"twitter:label2\" content=\"Est. tempo de leitura\" \/>\n\t<meta name=\"twitter:data2\" content=\"4 minutos\" \/>\n<script type=\"application\/ld+json\" class=\"yoast-schema-graph\">{\"@context\":\"https:\/\/schema.org\",\"@graph\":[{\"@type\":\"WebSite\",\"@id\":\"https:\/\/franciscanos.org.br\/noticias\/#website\",\"url\":\"https:\/\/franciscanos.org.br\/noticias\/\",\"name\":\"Not\u00edcias - Franciscanos\",\"description\":\"Prov\u00edncia Franciscana da Imaculada Concei\u00e7\u00e3o do Brasil - Ordem dos Frades Menores - OFM\",\"potentialAction\":[{\"@type\":\"SearchAction\",\"target\":{\"@type\":\"EntryPoint\",\"urlTemplate\":\"https:\/\/franciscanos.org.br\/noticias\/?s={search_term_string}\"},\"query-input\":\"required name=search_term_string\"}],\"inLanguage\":\"pt-BR\"},{\"@type\":\"ImageObject\",\"inLanguage\":\"pt-BR\",\"@id\":\"https:\/\/franciscanos.org.br\/noticias\/nestes-tempos-o-grande-acusador-parece-perseguir-os-bispos.html#primaryimage\",\"url\":\"https:\/\/franciscanos.org.br\/noticias\/wp-content\/uploads\/2018\/09\/marta_270117.jpg\",\"contentUrl\":\"https:\/\/franciscanos.org.br\/noticias\/wp-content\/uploads\/2018\/09\/marta_270117.jpg\",\"width\":273,\"height\":181},{\"@type\":\"WebPage\",\"@id\":\"https:\/\/franciscanos.org.br\/noticias\/nestes-tempos-o-grande-acusador-parece-perseguir-os-bispos.html#webpage\",\"url\":\"https:\/\/franciscanos.org.br\/noticias\/nestes-tempos-o-grande-acusador-parece-perseguir-os-bispos.html\",\"name\":\"Papa: quem confirma a voca\u00e7\u00e3o do bispo \u00e9 o povo - Not\u00edcias - Franciscanos\",\"isPartOf\":{\"@id\":\"https:\/\/franciscanos.org.br\/noticias\/#website\"},\"primaryImageOfPage\":{\"@id\":\"https:\/\/franciscanos.org.br\/noticias\/nestes-tempos-o-grande-acusador-parece-perseguir-os-bispos.html#primaryimage\"},\"datePublished\":\"2018-09-11T11:19:28+00:00\",\"dateModified\":\"2020-06-07T10:32:24+00:00\",\"author\":{\"@id\":\"https:\/\/franciscanos.org.br\/noticias\/#\/schema\/person\/b38fbf43118f02820bd932f2e4b14ad3\"},\"breadcrumb\":{\"@id\":\"https:\/\/franciscanos.org.br\/noticias\/nestes-tempos-o-grande-acusador-parece-perseguir-os-bispos.html#breadcrumb\"},\"inLanguage\":\"pt-BR\",\"potentialAction\":[{\"@type\":\"ReadAction\",\"target\":[\"https:\/\/franciscanos.org.br\/noticias\/nestes-tempos-o-grande-acusador-parece-perseguir-os-bispos.html\"]}]},{\"@type\":\"BreadcrumbList\",\"@id\":\"https:\/\/franciscanos.org.br\/noticias\/nestes-tempos-o-grande-acusador-parece-perseguir-os-bispos.html#breadcrumb\",\"itemListElement\":[{\"@type\":\"ListItem\",\"position\":1,\"name\":\"Home\",\"item\":\"https:\/\/franciscanos.org.br\/noticias\"},{\"@type\":\"ListItem\",\"position\":2,\"name\":\"Papa: quem confirma a voca\u00e7\u00e3o do bispo \u00e9 o povo\"}]},{\"@type\":\"Person\",\"@id\":\"https:\/\/franciscanos.org.br\/noticias\/#\/schema\/person\/b38fbf43118f02820bd932f2e4b14ad3\",\"name\":\"admin\",\"image\":{\"@type\":\"ImageObject\",\"inLanguage\":\"pt-BR\",\"@id\":\"https:\/\/franciscanos.org.br\/noticias\/#\/schema\/person\/image\/\",\"url\":\"https:\/\/secure.gravatar.com\/avatar\/e8495742d34d0ba6448ea1c628263b3e?s=96&d=mm&r=g\",\"contentUrl\":\"https:\/\/secure.gravatar.com\/avatar\/e8495742d34d0ba6448ea1c628263b3e?s=96&d=mm&r=g\",\"caption\":\"admin\"},\"url\":\"https:\/\/franciscanos.org.br\/noticias\/author\/admin\"}]}<\/script>\n<!-- \/ Yoast SEO plugin. -->","yoast_head_json":{"title":"Papa: quem confirma a voca\u00e7\u00e3o do bispo \u00e9 o povo - Not\u00edcias - Franciscanos","robots":{"index":"index","follow":"follow","max-snippet":"max-snippet:-1","max-image-preview":"max-image-preview:large","max-video-preview":"max-video-preview:-1"},"canonical":"https:\/\/franciscanos.org.br\/noticias\/nestes-tempos-o-grande-acusador-parece-perseguir-os-bispos.html","og_locale":"pt_BR","og_type":"article","og_title":"Papa: quem confirma a voca\u00e7\u00e3o do bispo \u00e9 o povo - Not\u00edcias - Franciscanos","og_description":"Missa em Santa Marta","og_url":"https:\/\/franciscanos.org.br\/noticias\/nestes-tempos-o-grande-acusador-parece-perseguir-os-bispos.html","og_site_name":"Not\u00edcias - Franciscanos","article_published_time":"2018-09-11T11:19:28+00:00","article_modified_time":"2020-06-07T10:32:24+00:00","og_image":[{"width":273,"height":181,"url":"https:\/\/franciscanos.org.br\/noticias\/wp-content\/uploads\/2018\/09\/marta_270117.jpg","type":"image\/jpeg"}],"author":"admin","twitter_card":"summary_large_image","twitter_misc":{"Escrito por":"admin","Est. tempo de leitura":"4 minutos"},"schema":{"@context":"https:\/\/schema.org","@graph":[{"@type":"WebSite","@id":"https:\/\/franciscanos.org.br\/noticias\/#website","url":"https:\/\/franciscanos.org.br\/noticias\/","name":"Not\u00edcias - Franciscanos","description":"Prov\u00edncia Franciscana da Imaculada Concei\u00e7\u00e3o do Brasil - Ordem dos Frades Menores - OFM","potentialAction":[{"@type":"SearchAction","target":{"@type":"EntryPoint","urlTemplate":"https:\/\/franciscanos.org.br\/noticias\/?s={search_term_string}"},"query-input":"required name=search_term_string"}],"inLanguage":"pt-BR"},{"@type":"ImageObject","inLanguage":"pt-BR","@id":"https:\/\/franciscanos.org.br\/noticias\/nestes-tempos-o-grande-acusador-parece-perseguir-os-bispos.html#primaryimage","url":"https:\/\/franciscanos.org.br\/noticias\/wp-content\/uploads\/2018\/09\/marta_270117.jpg","contentUrl":"https:\/\/franciscanos.org.br\/noticias\/wp-content\/uploads\/2018\/09\/marta_270117.jpg","width":273,"height":181},{"@type":"WebPage","@id":"https:\/\/franciscanos.org.br\/noticias\/nestes-tempos-o-grande-acusador-parece-perseguir-os-bispos.html#webpage","url":"https:\/\/franciscanos.org.br\/noticias\/nestes-tempos-o-grande-acusador-parece-perseguir-os-bispos.html","name":"Papa: quem confirma a voca\u00e7\u00e3o do bispo \u00e9 o povo - Not\u00edcias - Franciscanos","isPartOf":{"@id":"https:\/\/franciscanos.org.br\/noticias\/#website"},"primaryImageOfPage":{"@id":"https:\/\/franciscanos.org.br\/noticias\/nestes-tempos-o-grande-acusador-parece-perseguir-os-bispos.html#primaryimage"},"datePublished":"2018-09-11T11:19:28+00:00","dateModified":"2020-06-07T10:32:24+00:00","author":{"@id":"https:\/\/franciscanos.org.br\/noticias\/#\/schema\/person\/b38fbf43118f02820bd932f2e4b14ad3"},"breadcrumb":{"@id":"https:\/\/franciscanos.org.br\/noticias\/nestes-tempos-o-grande-acusador-parece-perseguir-os-bispos.html#breadcrumb"},"inLanguage":"pt-BR","potentialAction":[{"@type":"ReadAction","target":["https:\/\/franciscanos.org.br\/noticias\/nestes-tempos-o-grande-acusador-parece-perseguir-os-bispos.html"]}]},{"@type":"BreadcrumbList","@id":"https:\/\/franciscanos.org.br\/noticias\/nestes-tempos-o-grande-acusador-parece-perseguir-os-bispos.html#breadcrumb","itemListElement":[{"@type":"ListItem","position":1,"name":"Home","item":"https:\/\/franciscanos.org.br\/noticias"},{"@type":"ListItem","position":2,"name":"Papa: quem confirma a voca\u00e7\u00e3o do bispo \u00e9 o povo"}]},{"@type":"Person","@id":"https:\/\/franciscanos.org.br\/noticias\/#\/schema\/person\/b38fbf43118f02820bd932f2e4b14ad3","name":"admin","image":{"@type":"ImageObject","inLanguage":"pt-BR","@id":"https:\/\/franciscanos.org.br\/noticias\/#\/schema\/person\/image\/","url":"https:\/\/secure.gravatar.com\/avatar\/e8495742d34d0ba6448ea1c628263b3e?s=96&d=mm&r=g","contentUrl":"https:\/\/secure.gravatar.com\/avatar\/e8495742d34d0ba6448ea1c628263b3e?s=96&d=mm&r=g","caption":"admin"},"url":"https:\/\/franciscanos.org.br\/noticias\/author\/admin"}]}},"_links":{"self":[{"href":"https:\/\/franciscanos.org.br\/noticias\/wp-json\/wp\/v2\/posts\/171197"}],"collection":[{"href":"https:\/\/franciscanos.org.br\/noticias\/wp-json\/wp\/v2\/posts"}],"about":[{"href":"https:\/\/franciscanos.org.br\/noticias\/wp-json\/wp\/v2\/types\/post"}],"author":[{"embeddable":true,"href":"https:\/\/franciscanos.org.br\/noticias\/wp-json\/wp\/v2\/users\/1"}],"replies":[{"embeddable":true,"href":"https:\/\/franciscanos.org.br\/noticias\/wp-json\/wp\/v2\/comments?post=171197"}],"version-history":[{"count":1,"href":"https:\/\/franciscanos.org.br\/noticias\/wp-json\/wp\/v2\/posts\/171197\/revisions"}],"predecessor-version":[{"id":224841,"href":"https:\/\/franciscanos.org.br\/noticias\/wp-json\/wp\/v2\/posts\/171197\/revisions\/224841"}],"wp:featuredmedia":[{"embeddable":true,"href":"https:\/\/franciscanos.org.br\/noticias\/wp-json\/wp\/v2\/media\/191819"}],"wp:attachment":[{"href":"https:\/\/franciscanos.org.br\/noticias\/wp-json\/wp\/v2\/media?parent=171197"}],"wp:term":[{"taxonomy":"category","embeddable":true,"href":"https:\/\/franciscanos.org.br\/noticias\/wp-json\/wp\/v2\/categories?post=171197"},{"taxonomy":"post_tag","embeddable":true,"href":"https:\/\/franciscanos.org.br\/noticias\/wp-json\/wp\/v2\/tags?post=171197"}],"curies":[{"name":"wp","href":"https:\/\/api.w.org\/{rel}","templated":true}]}}