{"id":171102,"date":"2018-09-09T11:01:56","date_gmt":"2018-09-09T14:01:56","guid":{"rendered":"http:\/\/franciscanos.org.br\/?p=171102"},"modified":"2020-06-07T07:34:05","modified_gmt":"2020-06-07T10:34:05","slug":"fugir-do-egoismo-e-do-fechamento-do-coracao","status":"publish","type":"post","link":"https:\/\/franciscanos.org.br\/noticias\/fugir-do-egoismo-e-do-fechamento-do-coracao.html","title":{"rendered":"&#8220;Fugir do ego\u00edsmo e do fechamento do cora\u00e7\u00e3o&#8221;"},"content":{"rendered":"<p><strong><img loading=\"lazy\" class=\"alignleft\" src=\"http:\/\/franciscanos.org.br\/wp-content\/uploads\/2018\/09\/papa_angelus_090918_1.jpg\" alt=\"papa_angelus_090918_1\" width=\"830\" height=\"500\" \/><\/strong><\/p>\n<p><strong>Cidade do Vaticano &#8211;<\/strong> \u201cAbrir-nos \u00e0s necessidades dos nossos irm\u00e3os sofredores e necessitados de ajuda, rejeitando o ego\u00edsmo e o fechamento do cora\u00e7\u00e3o.\u201d Foi a exorta\u00e7\u00e3o do Papa Francisco na alocu\u00e7\u00e3o que precedeu a ora\u00e7\u00e3o do Angelus ao meio-dia deste XXIII Domingo do Tempo Comum, rezado com fi\u00e9is e peregrinos na Pra\u00e7a S\u00e3o Pedro.<\/p>\n<p>Atendo-se \u00e0 liturgia deste domingo, Francisco ressaltou que o Evangelho do dia nos traz o epis\u00f3dio da cura milagrosa de um surdo-mudo, feita por Jesus.<\/p>\n<p><strong>Fazer o bem \u00e0s pessoas sem tocar a trombeta<\/strong><\/p>\n<p>\u201cLevaram-lhe um surdo-mudo, pedindo que lhe impusesse a m\u00e3o. Ele, ao inv\u00e9s, realizou v\u00e1rios gestos: em primeiro lugar levou-o para fora da multid\u00e3o. Nesta ocasi\u00e3o, como em outras, Jesus sempre age com discri\u00e7\u00e3o. N\u00e3o quer impressionar o povo, Ele n\u00e3o est\u00e1 \u00e0 procura de popularidade ou do sucesso, mas deseja somente fazer o bem \u00e0s pessoas. Com essa atitude, Ele nos ensina que o bem deve ser feito sem clamores, sem ostenta\u00e7\u00e3o, sem tocar a trombeta. Deve ser feito em sil\u00eancio\u201d, observou.<\/p>\n<p>Descrevendo o epis\u00f3dio narrado pelo evangelista S\u00e3o Marcos, Francisco ressaltou que \u201cestando afastado da multid\u00e3o, Jesus colocou os dedos nas orelhas do surdo-mudo e com a saliva lhe tocou a l\u00edngua. Este gesto remete \u00e0 Encarna\u00e7\u00e3o\u201d, acrescentou o Santo Padre.<\/p>\n<p><strong>Jesus compreende a condi\u00e7\u00e3o penosa de outro homem<\/strong><\/p>\n<p>O Filho de Deus, continuou o Papa, \u201c\u00e9 um homem inserido na realidade humana: se fez homem, portanto, pode compreender a condi\u00e7\u00e3o penosa de outro homem e interv\u00e9m com um gesto no qual \u00e9 envolvida toda sua humanidade\u201d.<\/p>\n<p>\u201cAo mesmo tempo, Jesus quer levar a entender que o milagre se d\u00e1 devido a sua uni\u00e3o com o Pai: por isso, levantou os olhos para o c\u00e9u. Depois gemeu e pronunciou a palavra resolutiva \u2018Effatha\u2019, que significa \u2018Abri-te\u2019. E imediatamente o homem ficou curado: abriram-se-lhe os ouvidos e a l\u00edngua se lhe desprendeu. A cura foi para ele uma \u2018abertura\u2019 aos outros e ao mundo\u201d.<\/p>\n<p><strong>Cura da doen\u00e7a e do sofrimento f\u00edsico e cura do medo<\/strong><\/p>\n<p>Esta narra\u00e7\u00e3o do Evangelho ressalta a exig\u00eancia de uma d\u00faplice cura, continuou o Pont\u00edfice. \u201cEm primeiro lugar, a cura da doen\u00e7a e do sofrimento f\u00edsico, para restituir a sa\u00fade do corpo; embora esta finalidade n\u00e3o seja completamente alcan\u00e7\u00e1vel no horizonte terreno, apesar dos muitos esfor\u00e7os da ci\u00eancia e da medicina\u201d, sublinhou.<\/p>\n<p>Mas h\u00e1 uma segunda cura, talvez mais dif\u00edcil, frisou o Papa, \u00e9 a cura do medo, ou seja, do nosso medo. A cura do medo que nos leva a marginalizar o doente, a marginalizar o sofredor, o portador de defici\u00eancia.<\/p>\n<p>\u201cE existem muitos modos de marginalizar, mesmo com uma pseudo piedade ou com a remo\u00e7\u00e3o do problema; se permanece surdos e mudos diante das dores das pessoas marcadas por doen\u00e7as, ang\u00fastias e dificuldades. Muitas vezes o doente e o sofredor se tornam um problema, enquanto deveriam ser ocasi\u00e3o para manifestar a solicitude e a solidariedade de uma sociedade para com os mais fr\u00e1geis.\u201d<\/p>\n<p><strong>Abrir-nos \u00e0s necessidades dos irm\u00e3os sofredores<\/strong><\/p>\n<p>O Pont\u00edfice acrescentou que Jesus revelou-nos o segredo de um milagre que podemos repetir tamb\u00e9m n\u00f3s, \u201ctornando-nos protagonistas do \u2018Effatha\u2019, daquela palavra \u2018Abre-te\u2019 com a qual Ele restituiu a palavra e a audi\u00e7\u00e3o ao surdo-mudo\u201d.<\/p>\n<p>\u201cTrata-se de abrir-nos \u00e0s necessidades dos nossos irm\u00e3os sofredores e necessitados de ajuda, rejeitando o ego\u00edsmo e o fechamento do cora\u00e7\u00e3o. Foi propriamente o cora\u00e7\u00e3o, ou seja, o n\u00facleo profundo da pessoa, que Jesus veio \u2018abrir\u2019, libertar, para tornar-nos capazes de viver plenamente a rela\u00e7\u00e3o com Deus e com os outros.\u201d<\/p>\n<p>Jesus se fez homem para que o homem, \u201ctendo se tornado pelo pecado surdo e mudo, possa ouvir a voz de Deus, a voz do amor que fala a seu cora\u00e7\u00e3o, e assim aprenda a falar, por sua vez, a linguagem do amor, traduzindo-o em gestos de generosidade e de doa\u00e7\u00e3o de si\u201d.<\/p>\n<p><strong>Natividade de Maria e Beatifica\u00e7\u00e3o de Alfonsa Maria Eppinger<\/strong><\/p>\n<p>Na sauda\u00e7\u00e3o aos v\u00e1rios grupos de fi\u00e9is e peregrinos presentes, o Santo Padre lembrou que no s\u00e1bado foi celebrado, no Pontif\u00edcio Santu\u00e1rio da Santa Casa de Loreto \u2013 regi\u00e3o italiana das Marcas \u2013 a Festa da Natividade de Nossa Senhora, e foi feita a proposta de espiritualidade para as fam\u00edlias: a Casa de Maria Casa de toda fam\u00edlia. \u201cConfiamos \u00e0 Virgem Santa as iniciativas do Santu\u00e1rio e aqueles, que de v\u00e1rios modos, participar\u00e3o delas\u201d, disse o Papa.<\/p>\n<p>Francisco lembrou tamb\u00e9m a Beatifica\u00e7\u00e3o, este domingo, em Estrasburgo, na Fran\u00e7a, da fundadora das Irm\u00e3s do Sant\u00edssimo Salvador, Alfonsa Maria Eppinger. \u201cDemos gra\u00e7as a Deus por esta mulher corajosa e s\u00e1bia que, sofrendo, calando-se e rezando, testemunhou o amor de Deus sobretudo aos doentes no corpo e no esp\u00edrito\u201d, exortou.<\/p>\n<hr \/>\n<p><em>Fonte: Vatican News<\/em><\/p>\n","protected":false},"excerpt":{"rendered":"<p>Angelus<\/p>\n","protected":false},"author":1,"featured_media":191833,"comment_status":"open","ping_status":"open","sticky":false,"template":"","format":"standard","meta":[],"categories":[1428],"tags":[403],"acf":[],"yoast_head":"<!-- This site is optimized with the Yoast SEO plugin v19.2 - https:\/\/yoast.com\/wordpress\/plugins\/seo\/ -->\n<title>&quot;Fugir do ego\u00edsmo e do fechamento do cora\u00e7\u00e3o&quot; - Not\u00edcias - Franciscanos<\/title>\n<meta name=\"robots\" content=\"index, follow, max-snippet:-1, max-image-preview:large, max-video-preview:-1\" \/>\n<link rel=\"canonical\" href=\"https:\/\/franciscanos.org.br\/noticias\/fugir-do-egoismo-e-do-fechamento-do-coracao.html\" \/>\n<meta property=\"og:locale\" content=\"pt_BR\" \/>\n<meta property=\"og:type\" content=\"article\" \/>\n<meta property=\"og:title\" content=\"&quot;Fugir do ego\u00edsmo e do fechamento do cora\u00e7\u00e3o&quot; - Not\u00edcias - Franciscanos\" \/>\n<meta property=\"og:description\" content=\"Angelus\" \/>\n<meta property=\"og:url\" content=\"https:\/\/franciscanos.org.br\/noticias\/fugir-do-egoismo-e-do-fechamento-do-coracao.html\" \/>\n<meta property=\"og:site_name\" content=\"Not\u00edcias - Franciscanos\" \/>\n<meta property=\"article:published_time\" content=\"2018-09-09T14:01:56+00:00\" \/>\n<meta property=\"article:modified_time\" content=\"2020-06-07T10:34:05+00:00\" \/>\n<meta property=\"og:image\" content=\"https:\/\/franciscanos.org.br\/noticias\/wp-content\/uploads\/2018\/09\/papa_angelus_090918_1.jpg\" \/>\n\t<meta property=\"og:image:width\" content=\"273\" \/>\n\t<meta property=\"og:image:height\" content=\"181\" \/>\n\t<meta property=\"og:image:type\" content=\"image\/jpeg\" \/>\n<meta name=\"author\" content=\"admin\" \/>\n<meta name=\"twitter:card\" content=\"summary_large_image\" \/>\n<meta name=\"twitter:label1\" content=\"Escrito por\" \/>\n\t<meta name=\"twitter:data1\" content=\"admin\" \/>\n\t<meta name=\"twitter:label2\" content=\"Est. tempo de leitura\" \/>\n\t<meta name=\"twitter:data2\" content=\"4 minutos\" \/>\n<script type=\"application\/ld+json\" class=\"yoast-schema-graph\">{\"@context\":\"https:\/\/schema.org\",\"@graph\":[{\"@type\":\"WebSite\",\"@id\":\"https:\/\/franciscanos.org.br\/noticias\/#website\",\"url\":\"https:\/\/franciscanos.org.br\/noticias\/\",\"name\":\"Not\u00edcias - Franciscanos\",\"description\":\"Prov\u00edncia Franciscana da Imaculada Concei\u00e7\u00e3o do Brasil - Ordem dos Frades Menores - OFM\",\"potentialAction\":[{\"@type\":\"SearchAction\",\"target\":{\"@type\":\"EntryPoint\",\"urlTemplate\":\"https:\/\/franciscanos.org.br\/noticias\/?s={search_term_string}\"},\"query-input\":\"required name=search_term_string\"}],\"inLanguage\":\"pt-BR\"},{\"@type\":\"ImageObject\",\"inLanguage\":\"pt-BR\",\"@id\":\"https:\/\/franciscanos.org.br\/noticias\/fugir-do-egoismo-e-do-fechamento-do-coracao.html#primaryimage\",\"url\":\"https:\/\/franciscanos.org.br\/noticias\/wp-content\/uploads\/2018\/09\/papa_angelus_090918_1.jpg\",\"contentUrl\":\"https:\/\/franciscanos.org.br\/noticias\/wp-content\/uploads\/2018\/09\/papa_angelus_090918_1.jpg\",\"width\":273,\"height\":181},{\"@type\":\"WebPage\",\"@id\":\"https:\/\/franciscanos.org.br\/noticias\/fugir-do-egoismo-e-do-fechamento-do-coracao.html#webpage\",\"url\":\"https:\/\/franciscanos.org.br\/noticias\/fugir-do-egoismo-e-do-fechamento-do-coracao.html\",\"name\":\"\\\"Fugir do ego\u00edsmo e do fechamento do cora\u00e7\u00e3o\\\" - Not\u00edcias - Franciscanos\",\"isPartOf\":{\"@id\":\"https:\/\/franciscanos.org.br\/noticias\/#website\"},\"primaryImageOfPage\":{\"@id\":\"https:\/\/franciscanos.org.br\/noticias\/fugir-do-egoismo-e-do-fechamento-do-coracao.html#primaryimage\"},\"datePublished\":\"2018-09-09T14:01:56+00:00\",\"dateModified\":\"2020-06-07T10:34:05+00:00\",\"author\":{\"@id\":\"https:\/\/franciscanos.org.br\/noticias\/#\/schema\/person\/b38fbf43118f02820bd932f2e4b14ad3\"},\"breadcrumb\":{\"@id\":\"https:\/\/franciscanos.org.br\/noticias\/fugir-do-egoismo-e-do-fechamento-do-coracao.html#breadcrumb\"},\"inLanguage\":\"pt-BR\",\"potentialAction\":[{\"@type\":\"ReadAction\",\"target\":[\"https:\/\/franciscanos.org.br\/noticias\/fugir-do-egoismo-e-do-fechamento-do-coracao.html\"]}]},{\"@type\":\"BreadcrumbList\",\"@id\":\"https:\/\/franciscanos.org.br\/noticias\/fugir-do-egoismo-e-do-fechamento-do-coracao.html#breadcrumb\",\"itemListElement\":[{\"@type\":\"ListItem\",\"position\":1,\"name\":\"Home\",\"item\":\"https:\/\/franciscanos.org.br\/noticias\"},{\"@type\":\"ListItem\",\"position\":2,\"name\":\"&#8220;Fugir do ego\u00edsmo e do fechamento do cora\u00e7\u00e3o&#8221;\"}]},{\"@type\":\"Person\",\"@id\":\"https:\/\/franciscanos.org.br\/noticias\/#\/schema\/person\/b38fbf43118f02820bd932f2e4b14ad3\",\"name\":\"admin\",\"image\":{\"@type\":\"ImageObject\",\"inLanguage\":\"pt-BR\",\"@id\":\"https:\/\/franciscanos.org.br\/noticias\/#\/schema\/person\/image\/\",\"url\":\"https:\/\/secure.gravatar.com\/avatar\/e8495742d34d0ba6448ea1c628263b3e?s=96&d=mm&r=g\",\"contentUrl\":\"https:\/\/secure.gravatar.com\/avatar\/e8495742d34d0ba6448ea1c628263b3e?s=96&d=mm&r=g\",\"caption\":\"admin\"},\"url\":\"https:\/\/franciscanos.org.br\/noticias\/author\/admin\"}]}<\/script>\n<!-- \/ Yoast SEO plugin. -->","yoast_head_json":{"title":"\"Fugir do ego\u00edsmo e do fechamento do cora\u00e7\u00e3o\" - Not\u00edcias - Franciscanos","robots":{"index":"index","follow":"follow","max-snippet":"max-snippet:-1","max-image-preview":"max-image-preview:large","max-video-preview":"max-video-preview:-1"},"canonical":"https:\/\/franciscanos.org.br\/noticias\/fugir-do-egoismo-e-do-fechamento-do-coracao.html","og_locale":"pt_BR","og_type":"article","og_title":"\"Fugir do ego\u00edsmo e do fechamento do cora\u00e7\u00e3o\" - Not\u00edcias - Franciscanos","og_description":"Angelus","og_url":"https:\/\/franciscanos.org.br\/noticias\/fugir-do-egoismo-e-do-fechamento-do-coracao.html","og_site_name":"Not\u00edcias - Franciscanos","article_published_time":"2018-09-09T14:01:56+00:00","article_modified_time":"2020-06-07T10:34:05+00:00","og_image":[{"width":273,"height":181,"url":"https:\/\/franciscanos.org.br\/noticias\/wp-content\/uploads\/2018\/09\/papa_angelus_090918_1.jpg","type":"image\/jpeg"}],"author":"admin","twitter_card":"summary_large_image","twitter_misc":{"Escrito por":"admin","Est. tempo de leitura":"4 minutos"},"schema":{"@context":"https:\/\/schema.org","@graph":[{"@type":"WebSite","@id":"https:\/\/franciscanos.org.br\/noticias\/#website","url":"https:\/\/franciscanos.org.br\/noticias\/","name":"Not\u00edcias - Franciscanos","description":"Prov\u00edncia Franciscana da Imaculada Concei\u00e7\u00e3o do Brasil - Ordem dos Frades Menores - OFM","potentialAction":[{"@type":"SearchAction","target":{"@type":"EntryPoint","urlTemplate":"https:\/\/franciscanos.org.br\/noticias\/?s={search_term_string}"},"query-input":"required name=search_term_string"}],"inLanguage":"pt-BR"},{"@type":"ImageObject","inLanguage":"pt-BR","@id":"https:\/\/franciscanos.org.br\/noticias\/fugir-do-egoismo-e-do-fechamento-do-coracao.html#primaryimage","url":"https:\/\/franciscanos.org.br\/noticias\/wp-content\/uploads\/2018\/09\/papa_angelus_090918_1.jpg","contentUrl":"https:\/\/franciscanos.org.br\/noticias\/wp-content\/uploads\/2018\/09\/papa_angelus_090918_1.jpg","width":273,"height":181},{"@type":"WebPage","@id":"https:\/\/franciscanos.org.br\/noticias\/fugir-do-egoismo-e-do-fechamento-do-coracao.html#webpage","url":"https:\/\/franciscanos.org.br\/noticias\/fugir-do-egoismo-e-do-fechamento-do-coracao.html","name":"\"Fugir do ego\u00edsmo e do fechamento do cora\u00e7\u00e3o\" - Not\u00edcias - Franciscanos","isPartOf":{"@id":"https:\/\/franciscanos.org.br\/noticias\/#website"},"primaryImageOfPage":{"@id":"https:\/\/franciscanos.org.br\/noticias\/fugir-do-egoismo-e-do-fechamento-do-coracao.html#primaryimage"},"datePublished":"2018-09-09T14:01:56+00:00","dateModified":"2020-06-07T10:34:05+00:00","author":{"@id":"https:\/\/franciscanos.org.br\/noticias\/#\/schema\/person\/b38fbf43118f02820bd932f2e4b14ad3"},"breadcrumb":{"@id":"https:\/\/franciscanos.org.br\/noticias\/fugir-do-egoismo-e-do-fechamento-do-coracao.html#breadcrumb"},"inLanguage":"pt-BR","potentialAction":[{"@type":"ReadAction","target":["https:\/\/franciscanos.org.br\/noticias\/fugir-do-egoismo-e-do-fechamento-do-coracao.html"]}]},{"@type":"BreadcrumbList","@id":"https:\/\/franciscanos.org.br\/noticias\/fugir-do-egoismo-e-do-fechamento-do-coracao.html#breadcrumb","itemListElement":[{"@type":"ListItem","position":1,"name":"Home","item":"https:\/\/franciscanos.org.br\/noticias"},{"@type":"ListItem","position":2,"name":"&#8220;Fugir do ego\u00edsmo e do fechamento do cora\u00e7\u00e3o&#8221;"}]},{"@type":"Person","@id":"https:\/\/franciscanos.org.br\/noticias\/#\/schema\/person\/b38fbf43118f02820bd932f2e4b14ad3","name":"admin","image":{"@type":"ImageObject","inLanguage":"pt-BR","@id":"https:\/\/franciscanos.org.br\/noticias\/#\/schema\/person\/image\/","url":"https:\/\/secure.gravatar.com\/avatar\/e8495742d34d0ba6448ea1c628263b3e?s=96&d=mm&r=g","contentUrl":"https:\/\/secure.gravatar.com\/avatar\/e8495742d34d0ba6448ea1c628263b3e?s=96&d=mm&r=g","caption":"admin"},"url":"https:\/\/franciscanos.org.br\/noticias\/author\/admin"}]}},"_links":{"self":[{"href":"https:\/\/franciscanos.org.br\/noticias\/wp-json\/wp\/v2\/posts\/171102"}],"collection":[{"href":"https:\/\/franciscanos.org.br\/noticias\/wp-json\/wp\/v2\/posts"}],"about":[{"href":"https:\/\/franciscanos.org.br\/noticias\/wp-json\/wp\/v2\/types\/post"}],"author":[{"embeddable":true,"href":"https:\/\/franciscanos.org.br\/noticias\/wp-json\/wp\/v2\/users\/1"}],"replies":[{"embeddable":true,"href":"https:\/\/franciscanos.org.br\/noticias\/wp-json\/wp\/v2\/comments?post=171102"}],"version-history":[{"count":1,"href":"https:\/\/franciscanos.org.br\/noticias\/wp-json\/wp\/v2\/posts\/171102\/revisions"}],"predecessor-version":[{"id":224843,"href":"https:\/\/franciscanos.org.br\/noticias\/wp-json\/wp\/v2\/posts\/171102\/revisions\/224843"}],"wp:featuredmedia":[{"embeddable":true,"href":"https:\/\/franciscanos.org.br\/noticias\/wp-json\/wp\/v2\/media\/191833"}],"wp:attachment":[{"href":"https:\/\/franciscanos.org.br\/noticias\/wp-json\/wp\/v2\/media?parent=171102"}],"wp:term":[{"taxonomy":"category","embeddable":true,"href":"https:\/\/franciscanos.org.br\/noticias\/wp-json\/wp\/v2\/categories?post=171102"},{"taxonomy":"post_tag","embeddable":true,"href":"https:\/\/franciscanos.org.br\/noticias\/wp-json\/wp\/v2\/tags?post=171102"}],"curies":[{"name":"wp","href":"https:\/\/api.w.org\/{rel}","templated":true}]}}