{"id":170968,"date":"2018-09-06T10:54:57","date_gmt":"2018-09-06T13:54:57","guid":{"rendered":"http:\/\/franciscanos.org.br\/?p=170968"},"modified":"2019-01-29T11:02:16","modified_gmt":"2019-01-29T13:02:16","slug":"pro-vocacoes-visita-a-paroquia-porciuncula-de-santana","status":"publish","type":"post","link":"https:\/\/franciscanos.org.br\/noticias\/pro-vocacoes-visita-a-paroquia-porciuncula-de-santana.html","title":{"rendered":"Pr\u00f3-Voca\u00e7\u00f5es visita a Par\u00f3quia Porci\u00fancula de Santana"},"content":{"rendered":"<p><strong><img loading=\"lazy\" class=\"aligncenter\" src=\"http:\/\/franciscanos.org.br\/wp-content\/uploads\/2018\/09\/porciuncula_060918-830.jpg\" alt=\"porciuncula_060918 830\" width=\"830\" height=\"400\" \/><\/strong><strong>Frei Alexandre Rohling<\/strong><\/p>\n<p><strong>S\u00e3o Paulo (SP) &#8211;<\/strong> Nos dias 1 e 2 de setembro, o Pr\u00f3-Voca\u00e7\u00f5es e Miss\u00f5es Franciscanas marcou presen\u00e7a na cidade de Niter\u00f3i (RJ). Fomos acolhidos pelo p\u00e1roco e guardi\u00e3o, Frei Sal\u00e9sio Louren\u00e7o Hillesheim e outros confrades que l\u00e1 residem. Como de costume, o povo de Deus nos acolheu muito bem.<\/p>\n<p>Deixamos a terra da garoa e partimos em dire\u00e7\u00e3o \u00e0 par\u00f3quia que agendamos para visitar. Ao descermos a Serra das Araras, j\u00e1 perceb\u00edamos a brusca mudan\u00e7a no term\u00f4metro, que marcava 38 graus. Ao chegarmos \u00e0 famosa ponte Rio-Niter\u00f3i, presenciamos a manifesta\u00e7\u00e3o de Deus com as belezas do estado fluminense.<\/p>\n<p>No s\u00e1bado, participamos de uma linda missa animada pelas crian\u00e7as da catequese e ao final da celebra\u00e7\u00e3o, expressamos nossa gratid\u00e3o a todos os benfeitores que nos ajudam a formar nossos seminaristas e frades estudantes, que est\u00e3o nas etapas de forma\u00e7\u00e3o da Prov\u00edncia Franciscana da Imaculada Concei\u00e7\u00e3o do Brasil.<\/p>\n<p>No domingo, tivemos a gra\u00e7a de participar de todos os hor\u00e1rios de missas da Porci\u00fancula. Muitos foram os abra\u00e7os e sorrisos dados e recebidos neste dia. Tamb\u00e9m recordamos muitos frades que por este servi\u00e7o j\u00e1 passaram. Foram momentos de agrad\u00e1vel encontro com in\u00fameros benfeitores que nos ajudam: a alegria de Maria N\u00edcia Lima; a sabedoria e boa mem\u00f3ria de seu Sedenir Ferreira da Silva; o carinho de dona Mirinha; a boa musica de seu Billy; a ajuda de C\u00e9lia Stupinham para anotar os nomes dos que desejavam fazer suas inscri\u00e7\u00f5es, entre outros tantos. At\u00e9 parece aquele texto das caracter\u00edsticas do frade perfeito, que est\u00e1 descrito no cap\u00edtulo 85 do Espelho da Perfei\u00e7\u00e3o, nas Fontes Franciscanas.<\/p>\n<p>Muitas pessoas atenderam o nosso convite para nos ajudar na forma\u00e7\u00e3o de nossos seminaristas e freis que est\u00e3o nas etapas de forma\u00e7\u00e3o. A nossa gratid\u00e3o se d\u00e1 atrav\u00e9s da prece a cada um de nossos benfeitores, atrav\u00e9s de ora\u00e7\u00f5es dirigidas ao bondoso Pai do c\u00e9u.<\/p>\n<p>Valeu pela acolhida, Porci\u00fancula de Santana em Niter\u00f3i. Nossas pr\u00f3ximas visitas ser\u00e3o em tr\u00eas cidades no m\u00eas de outubro, duas no planalto catarinense, Lages e Curitibanos e uma no Oeste Catarinense, Conc\u00f3rdia. A nossa miss\u00e3o segue buscando atingir nossos objetivos. At\u00e9 a pr\u00f3xima.<\/p>\n","protected":false},"excerpt":{"rendered":"<p>Benfeitores<\/p>\n","protected":false},"author":1,"featured_media":191849,"comment_status":"open","ping_status":"open","sticky":false,"template":"","format":"standard","meta":[],"categories":[1],"tags":[254],"acf":[],"yoast_head":"<!-- This site is optimized with the Yoast SEO plugin v19.2 - https:\/\/yoast.com\/wordpress\/plugins\/seo\/ -->\n<title>Pr\u00f3-Voca\u00e7\u00f5es visita a Par\u00f3quia Porci\u00fancula de Santana - Not\u00edcias - Franciscanos<\/title>\n<meta name=\"robots\" content=\"index, follow, max-snippet:-1, max-image-preview:large, max-video-preview:-1\" \/>\n<link rel=\"canonical\" href=\"https:\/\/franciscanos.org.br\/noticias\/pro-vocacoes-visita-a-paroquia-porciuncula-de-santana.html\" \/>\n<meta property=\"og:locale\" content=\"pt_BR\" \/>\n<meta property=\"og:type\" content=\"article\" \/>\n<meta property=\"og:title\" content=\"Pr\u00f3-Voca\u00e7\u00f5es visita a Par\u00f3quia Porci\u00fancula de Santana - Not\u00edcias - Franciscanos\" \/>\n<meta property=\"og:description\" content=\"Benfeitores\" \/>\n<meta property=\"og:url\" content=\"https:\/\/franciscanos.org.br\/noticias\/pro-vocacoes-visita-a-paroquia-porciuncula-de-santana.html\" \/>\n<meta property=\"og:site_name\" content=\"Not\u00edcias - Franciscanos\" \/>\n<meta property=\"article:published_time\" content=\"2018-09-06T13:54:57+00:00\" \/>\n<meta property=\"article:modified_time\" content=\"2019-01-29T13:02:16+00:00\" \/>\n<meta property=\"og:image\" content=\"https:\/\/franciscanos.org.br\/noticias\/wp-content\/uploads\/2018\/09\/porciuncula_060918-830.jpg\" \/>\n\t<meta property=\"og:image:width\" content=\"273\" \/>\n\t<meta property=\"og:image:height\" content=\"181\" \/>\n\t<meta property=\"og:image:type\" content=\"image\/jpeg\" \/>\n<meta name=\"author\" content=\"admin\" \/>\n<meta name=\"twitter:card\" content=\"summary_large_image\" \/>\n<meta name=\"twitter:label1\" content=\"Escrito por\" \/>\n\t<meta name=\"twitter:data1\" content=\"admin\" \/>\n\t<meta name=\"twitter:label2\" content=\"Est. tempo de leitura\" \/>\n\t<meta name=\"twitter:data2\" content=\"2 minutos\" \/>\n<script type=\"application\/ld+json\" class=\"yoast-schema-graph\">{\"@context\":\"https:\/\/schema.org\",\"@graph\":[{\"@type\":\"WebSite\",\"@id\":\"https:\/\/franciscanos.org.br\/noticias\/#website\",\"url\":\"https:\/\/franciscanos.org.br\/noticias\/\",\"name\":\"Not\u00edcias - Franciscanos\",\"description\":\"Prov\u00edncia Franciscana da Imaculada Concei\u00e7\u00e3o do Brasil - Ordem dos Frades Menores - OFM\",\"potentialAction\":[{\"@type\":\"SearchAction\",\"target\":{\"@type\":\"EntryPoint\",\"urlTemplate\":\"https:\/\/franciscanos.org.br\/noticias\/?s={search_term_string}\"},\"query-input\":\"required name=search_term_string\"}],\"inLanguage\":\"pt-BR\"},{\"@type\":\"ImageObject\",\"inLanguage\":\"pt-BR\",\"@id\":\"https:\/\/franciscanos.org.br\/noticias\/pro-vocacoes-visita-a-paroquia-porciuncula-de-santana.html#primaryimage\",\"url\":\"https:\/\/franciscanos.org.br\/noticias\/wp-content\/uploads\/2018\/09\/porciuncula_060918-830.jpg\",\"contentUrl\":\"https:\/\/franciscanos.org.br\/noticias\/wp-content\/uploads\/2018\/09\/porciuncula_060918-830.jpg\",\"width\":273,\"height\":181},{\"@type\":\"WebPage\",\"@id\":\"https:\/\/franciscanos.org.br\/noticias\/pro-vocacoes-visita-a-paroquia-porciuncula-de-santana.html#webpage\",\"url\":\"https:\/\/franciscanos.org.br\/noticias\/pro-vocacoes-visita-a-paroquia-porciuncula-de-santana.html\",\"name\":\"Pr\u00f3-Voca\u00e7\u00f5es visita a Par\u00f3quia Porci\u00fancula de Santana - Not\u00edcias - Franciscanos\",\"isPartOf\":{\"@id\":\"https:\/\/franciscanos.org.br\/noticias\/#website\"},\"primaryImageOfPage\":{\"@id\":\"https:\/\/franciscanos.org.br\/noticias\/pro-vocacoes-visita-a-paroquia-porciuncula-de-santana.html#primaryimage\"},\"datePublished\":\"2018-09-06T13:54:57+00:00\",\"dateModified\":\"2019-01-29T13:02:16+00:00\",\"author\":{\"@id\":\"https:\/\/franciscanos.org.br\/noticias\/#\/schema\/person\/b38fbf43118f02820bd932f2e4b14ad3\"},\"breadcrumb\":{\"@id\":\"https:\/\/franciscanos.org.br\/noticias\/pro-vocacoes-visita-a-paroquia-porciuncula-de-santana.html#breadcrumb\"},\"inLanguage\":\"pt-BR\",\"potentialAction\":[{\"@type\":\"ReadAction\",\"target\":[\"https:\/\/franciscanos.org.br\/noticias\/pro-vocacoes-visita-a-paroquia-porciuncula-de-santana.html\"]}]},{\"@type\":\"BreadcrumbList\",\"@id\":\"https:\/\/franciscanos.org.br\/noticias\/pro-vocacoes-visita-a-paroquia-porciuncula-de-santana.html#breadcrumb\",\"itemListElement\":[{\"@type\":\"ListItem\",\"position\":1,\"name\":\"Home\",\"item\":\"https:\/\/franciscanos.org.br\/noticias\"},{\"@type\":\"ListItem\",\"position\":2,\"name\":\"Pr\u00f3-Voca\u00e7\u00f5es visita a Par\u00f3quia Porci\u00fancula de Santana\"}]},{\"@type\":\"Person\",\"@id\":\"https:\/\/franciscanos.org.br\/noticias\/#\/schema\/person\/b38fbf43118f02820bd932f2e4b14ad3\",\"name\":\"admin\",\"image\":{\"@type\":\"ImageObject\",\"inLanguage\":\"pt-BR\",\"@id\":\"https:\/\/franciscanos.org.br\/noticias\/#\/schema\/person\/image\/\",\"url\":\"https:\/\/secure.gravatar.com\/avatar\/e8495742d34d0ba6448ea1c628263b3e?s=96&d=mm&r=g\",\"contentUrl\":\"https:\/\/secure.gravatar.com\/avatar\/e8495742d34d0ba6448ea1c628263b3e?s=96&d=mm&r=g\",\"caption\":\"admin\"},\"url\":\"https:\/\/franciscanos.org.br\/noticias\/author\/admin\"}]}<\/script>\n<!-- \/ Yoast SEO plugin. -->","yoast_head_json":{"title":"Pr\u00f3-Voca\u00e7\u00f5es visita a Par\u00f3quia Porci\u00fancula de Santana - Not\u00edcias - Franciscanos","robots":{"index":"index","follow":"follow","max-snippet":"max-snippet:-1","max-image-preview":"max-image-preview:large","max-video-preview":"max-video-preview:-1"},"canonical":"https:\/\/franciscanos.org.br\/noticias\/pro-vocacoes-visita-a-paroquia-porciuncula-de-santana.html","og_locale":"pt_BR","og_type":"article","og_title":"Pr\u00f3-Voca\u00e7\u00f5es visita a Par\u00f3quia Porci\u00fancula de Santana - Not\u00edcias - Franciscanos","og_description":"Benfeitores","og_url":"https:\/\/franciscanos.org.br\/noticias\/pro-vocacoes-visita-a-paroquia-porciuncula-de-santana.html","og_site_name":"Not\u00edcias - Franciscanos","article_published_time":"2018-09-06T13:54:57+00:00","article_modified_time":"2019-01-29T13:02:16+00:00","og_image":[{"width":273,"height":181,"url":"https:\/\/franciscanos.org.br\/noticias\/wp-content\/uploads\/2018\/09\/porciuncula_060918-830.jpg","type":"image\/jpeg"}],"author":"admin","twitter_card":"summary_large_image","twitter_misc":{"Escrito por":"admin","Est. tempo de leitura":"2 minutos"},"schema":{"@context":"https:\/\/schema.org","@graph":[{"@type":"WebSite","@id":"https:\/\/franciscanos.org.br\/noticias\/#website","url":"https:\/\/franciscanos.org.br\/noticias\/","name":"Not\u00edcias - Franciscanos","description":"Prov\u00edncia Franciscana da Imaculada Concei\u00e7\u00e3o do Brasil - Ordem dos Frades Menores - OFM","potentialAction":[{"@type":"SearchAction","target":{"@type":"EntryPoint","urlTemplate":"https:\/\/franciscanos.org.br\/noticias\/?s={search_term_string}"},"query-input":"required name=search_term_string"}],"inLanguage":"pt-BR"},{"@type":"ImageObject","inLanguage":"pt-BR","@id":"https:\/\/franciscanos.org.br\/noticias\/pro-vocacoes-visita-a-paroquia-porciuncula-de-santana.html#primaryimage","url":"https:\/\/franciscanos.org.br\/noticias\/wp-content\/uploads\/2018\/09\/porciuncula_060918-830.jpg","contentUrl":"https:\/\/franciscanos.org.br\/noticias\/wp-content\/uploads\/2018\/09\/porciuncula_060918-830.jpg","width":273,"height":181},{"@type":"WebPage","@id":"https:\/\/franciscanos.org.br\/noticias\/pro-vocacoes-visita-a-paroquia-porciuncula-de-santana.html#webpage","url":"https:\/\/franciscanos.org.br\/noticias\/pro-vocacoes-visita-a-paroquia-porciuncula-de-santana.html","name":"Pr\u00f3-Voca\u00e7\u00f5es visita a Par\u00f3quia Porci\u00fancula de Santana - Not\u00edcias - Franciscanos","isPartOf":{"@id":"https:\/\/franciscanos.org.br\/noticias\/#website"},"primaryImageOfPage":{"@id":"https:\/\/franciscanos.org.br\/noticias\/pro-vocacoes-visita-a-paroquia-porciuncula-de-santana.html#primaryimage"},"datePublished":"2018-09-06T13:54:57+00:00","dateModified":"2019-01-29T13:02:16+00:00","author":{"@id":"https:\/\/franciscanos.org.br\/noticias\/#\/schema\/person\/b38fbf43118f02820bd932f2e4b14ad3"},"breadcrumb":{"@id":"https:\/\/franciscanos.org.br\/noticias\/pro-vocacoes-visita-a-paroquia-porciuncula-de-santana.html#breadcrumb"},"inLanguage":"pt-BR","potentialAction":[{"@type":"ReadAction","target":["https:\/\/franciscanos.org.br\/noticias\/pro-vocacoes-visita-a-paroquia-porciuncula-de-santana.html"]}]},{"@type":"BreadcrumbList","@id":"https:\/\/franciscanos.org.br\/noticias\/pro-vocacoes-visita-a-paroquia-porciuncula-de-santana.html#breadcrumb","itemListElement":[{"@type":"ListItem","position":1,"name":"Home","item":"https:\/\/franciscanos.org.br\/noticias"},{"@type":"ListItem","position":2,"name":"Pr\u00f3-Voca\u00e7\u00f5es visita a Par\u00f3quia Porci\u00fancula de Santana"}]},{"@type":"Person","@id":"https:\/\/franciscanos.org.br\/noticias\/#\/schema\/person\/b38fbf43118f02820bd932f2e4b14ad3","name":"admin","image":{"@type":"ImageObject","inLanguage":"pt-BR","@id":"https:\/\/franciscanos.org.br\/noticias\/#\/schema\/person\/image\/","url":"https:\/\/secure.gravatar.com\/avatar\/e8495742d34d0ba6448ea1c628263b3e?s=96&d=mm&r=g","contentUrl":"https:\/\/secure.gravatar.com\/avatar\/e8495742d34d0ba6448ea1c628263b3e?s=96&d=mm&r=g","caption":"admin"},"url":"https:\/\/franciscanos.org.br\/noticias\/author\/admin"}]}},"_links":{"self":[{"href":"https:\/\/franciscanos.org.br\/noticias\/wp-json\/wp\/v2\/posts\/170968"}],"collection":[{"href":"https:\/\/franciscanos.org.br\/noticias\/wp-json\/wp\/v2\/posts"}],"about":[{"href":"https:\/\/franciscanos.org.br\/noticias\/wp-json\/wp\/v2\/types\/post"}],"author":[{"embeddable":true,"href":"https:\/\/franciscanos.org.br\/noticias\/wp-json\/wp\/v2\/users\/1"}],"replies":[{"embeddable":true,"href":"https:\/\/franciscanos.org.br\/noticias\/wp-json\/wp\/v2\/comments?post=170968"}],"version-history":[{"count":0,"href":"https:\/\/franciscanos.org.br\/noticias\/wp-json\/wp\/v2\/posts\/170968\/revisions"}],"wp:featuredmedia":[{"embeddable":true,"href":"https:\/\/franciscanos.org.br\/noticias\/wp-json\/wp\/v2\/media\/191849"}],"wp:attachment":[{"href":"https:\/\/franciscanos.org.br\/noticias\/wp-json\/wp\/v2\/media?parent=170968"}],"wp:term":[{"taxonomy":"category","embeddable":true,"href":"https:\/\/franciscanos.org.br\/noticias\/wp-json\/wp\/v2\/categories?post=170968"},{"taxonomy":"post_tag","embeddable":true,"href":"https:\/\/franciscanos.org.br\/noticias\/wp-json\/wp\/v2\/tags?post=170968"}],"curies":[{"name":"wp","href":"https:\/\/api.w.org\/{rel}","templated":true}]}}