{"id":170944,"date":"2018-09-06T08:27:19","date_gmt":"2018-09-06T11:27:19","guid":{"rendered":"http:\/\/franciscanos.org.br\/?p=170944"},"modified":"2020-06-07T07:35:14","modified_gmt":"2020-06-07T10:35:14","slug":"pedir-a-graca-de-acusar-a-si-mesmo-nao-os-outros","status":"publish","type":"post","link":"https:\/\/franciscanos.org.br\/noticias\/pedir-a-graca-de-acusar-a-si-mesmo-nao-os-outros.html","title":{"rendered":"Pedir a gra\u00e7a de acusar a si mesmo, n\u00e3o os outros"},"content":{"rendered":"<p><img loading=\"lazy\" class=\"aligncenter\" src=\"http:\/\/franciscanos.org.br\/wp-content\/uploads\/2018\/09\/papa_060918-830.jpg\" alt=\"papa_060918 830\" width=\"830\" height=\"400\" \/><br \/>\n<strong>Cidade do Vaticano &#8211;<\/strong> Sem acusar a si mesmo, reconhecer-se pecador, n\u00e3o se pode caminhar na vida crist\u00e3: Este \u00e9 o centro da mensagem do Papa Francisco expressa na homilia na Casa Santa Marta (06\/09).<\/p>\n<p>A reflex\u00e3o de Francisco foi inspirada no Evangelho do dia, de Lucas, no qual Jesus pede a Pedro que entre em seu barco e, depois de pregar, o convida a lan\u00e7ar as redes, com o resultado de uma pesca milagrosa. Um epis\u00f3dio que evoca outra pesca milagrosa, depois da Ressurrei\u00e7\u00e3o, quando Jesus pergunta aos disc\u00edpulos se tinham algo a comer.<\/p>\n<p>Em ambos os casos, observou o Papa, \u201ch\u00e1 uma un\u00e7\u00e3o de Pedro\u201d: primeiro como pescador de homens, depois como pastor. Jesus tamb\u00e9m muda seu nome de Sim\u00e3o para Pedro e, como \u201cbom israelita\u201d, sabia que uma mudan\u00e7a de nome significava uma mudan\u00e7a de miss\u00e3o.<\/p>\n<p><strong>Afasta-te de mim<\/strong><\/p>\n<p>Pedro \u201cse sentia orgulhoso porque realmente amava Jesus\u201d e esta pesca milagrosa representa um passo avante na sua vida. Depois de ver que as redes quase se rompiam com a grande quantidade de peixes, se jogou aos p\u00e9s de Jesus, dizendo-lhe: \u201cSenhor, afasta-te de mim, porque sou um pecador\u201d.<\/p>\n<p>Este \u00e9 o primeiro passo decisivo de Pedro no caminho do discipulado, de disc\u00edpulo de Jesus, acusar a si mesmo: \u201cSou um pecador\u201d. O primeiro passo de Pedro \u00e9 este e \u00e9 tamb\u00e9m o primeiro passo de cada um de n\u00f3s se quisermos caminhar na vida espiritual, na vida de Jesus, servir Jesus, segui-Lo. Deve fazer isto: acusar a si mesmo. Sem acusar a si mesmo, n\u00e3o se pode caminhar na vida crist\u00e3.<\/p>\n<p>Por\u00e9m, h\u00e1 um risco. Todos \u201csabemos que somos pecadores\u201d, mas \u201cn\u00e3o \u00e9 f\u00e1cil\u201d acusar a si mesmo de ser um \u201cpecador concreto\u201d. \u201cN\u00f3s estamos acostumados a dizer: \u2018Sou um pecador\u2019\u201d, assim como dizemos: \u201ceu sou humano\u201d ou \u201ceu sou um cidad\u00e3o italiano\u201d, disse o Papa.<\/p>\n<p><strong>Sentir-se m\u00edsero<\/strong><\/p>\n<p>Acusar a si mesmo, ao inv\u00e9s, \u00e9 sentir a pr\u00f3pria mis\u00e9ria: \u201csentir-se miser\u00e1veis\u201d, m\u00edseros, diante do Senhor. Trata-se de sentir vergonha. E \u00e9 algo que n\u00e3o se faz com palavras, mas com o cora\u00e7\u00e3o, isto \u00e9, uma experi\u00eancia concreta, como quando Pedro diz a Jesus de se afastar dele porque \u201crealmente se sentia um pecador\u201d. Depois, se sentiu salvo.<\/p>\n<p>A salva\u00e7\u00e3o que \u201cJesus nos traz\u201d necessita desta confiss\u00e3o sincera, porque \u201cn\u00e3o \u00e9 algo cosm\u00e9tico\u201d, que muda um pouco o rosto com \u201cduas pinceladas\u201d: transforma, mas para que entre, \u00e9 preciso deixar espa\u00e7o com a confiss\u00e3o sincera dos pr\u00f3prios pecados. Assim se experimenta o estupor de Pedro.<\/p>\n<p>Portanto, o primeiro passo da convers\u00e3o \u00e9 acusar a si mesmo com vergonha e sentir o estupor de se sentir salvo. \u201cDevemos nos converter\u201d, \u201cdevemos fazer penit\u00eancia\u201d, exortou Francisco, convidando a refletir sobre a tenta\u00e7\u00e3o de acusar os outros:<\/p>\n<p>Tem gente que vive falando mal dos outros, acusando os outros e nunca pensa em si mesmo e quando vou me confessar, como me confesso, como os papagaios? \u201cBla, bla, bla\u2026 Fiz isso, isso\u2026\u201d. Mas o que voc\u00ea fez toca o seu cora\u00e7\u00e3o? Muitas vezes n\u00e3o. Voc\u00ea vai l\u00e1 fazer cosm\u00e9tica, se maquiar um pouco para sair bonito. Mas n\u00e3o entrou no seu cora\u00e7\u00e3o completamente, porque voc\u00ea n\u00e3o deixou lugar, porque n\u00e3o foi capaz de acusar a si mesmo.<\/p>\n<p><strong>A gra\u00e7a de se acusar<\/strong><\/p>\n<p>O primeiro passo ent\u00e3o \u00e9 uma gra\u00e7a: aprender a acusar a si mesmo e n\u00e3o os outros.<\/p>\n<p>Um sinal que uma pessoa n\u00e3o sabe, que um crist\u00e3o n\u00e3o sabe acusar a si mesmo \u00e9 quando est\u00e1 acostumado a acusar os outros, a falar mal dos outros, a colocar o nariz na vida dos outros. E este n\u00e3o \u00e9 um bom sinal. Eu fa\u00e7o isto? \u00c9 uma bela pergunta para chegar ao cora\u00e7\u00e3o. Pe\u00e7amos ao Senhor hoje a gra\u00e7a de nos encontrar diante Dele com este estupor que a sua presen\u00e7a nos d\u00e1 e a gra\u00e7a de nos sentir pecadores, mas concretos, e dizer como Pedro: \u201cAfasta-te de mim, porque sou um pecador\u201d.<\/p>\n<hr \/>\n<p><em>Fonte: Vatican News<\/em><\/p>\n","protected":false},"excerpt":{"rendered":"<p>Missa em Santa Marta<\/p>\n","protected":false},"author":1,"featured_media":191854,"comment_status":"open","ping_status":"open","sticky":false,"template":"","format":"standard","meta":[],"categories":[1428],"tags":[1586],"acf":[],"yoast_head":"<!-- This site is optimized with the Yoast SEO plugin v19.2 - https:\/\/yoast.com\/wordpress\/plugins\/seo\/ -->\n<title>Pedir a gra\u00e7a de acusar a si mesmo, n\u00e3o os outros - Not\u00edcias - Franciscanos<\/title>\n<meta name=\"robots\" content=\"index, follow, max-snippet:-1, max-image-preview:large, max-video-preview:-1\" \/>\n<link rel=\"canonical\" href=\"https:\/\/franciscanos.org.br\/noticias\/pedir-a-graca-de-acusar-a-si-mesmo-nao-os-outros.html\" \/>\n<meta property=\"og:locale\" content=\"pt_BR\" \/>\n<meta property=\"og:type\" content=\"article\" \/>\n<meta property=\"og:title\" content=\"Pedir a gra\u00e7a de acusar a si mesmo, n\u00e3o os outros - Not\u00edcias - Franciscanos\" \/>\n<meta property=\"og:description\" content=\"Missa em Santa Marta\" \/>\n<meta property=\"og:url\" content=\"https:\/\/franciscanos.org.br\/noticias\/pedir-a-graca-de-acusar-a-si-mesmo-nao-os-outros.html\" \/>\n<meta property=\"og:site_name\" content=\"Not\u00edcias - Franciscanos\" \/>\n<meta property=\"article:published_time\" content=\"2018-09-06T11:27:19+00:00\" \/>\n<meta property=\"article:modified_time\" content=\"2020-06-07T10:35:14+00:00\" \/>\n<meta property=\"og:image\" content=\"https:\/\/franciscanos.org.br\/noticias\/wp-content\/uploads\/2018\/09\/papa_060918-830.jpg\" \/>\n\t<meta property=\"og:image:width\" content=\"273\" \/>\n\t<meta property=\"og:image:height\" content=\"181\" \/>\n\t<meta property=\"og:image:type\" content=\"image\/jpeg\" \/>\n<meta name=\"author\" content=\"admin\" \/>\n<meta name=\"twitter:card\" content=\"summary_large_image\" \/>\n<meta name=\"twitter:label1\" content=\"Escrito por\" \/>\n\t<meta name=\"twitter:data1\" content=\"admin\" \/>\n\t<meta name=\"twitter:label2\" content=\"Est. tempo de leitura\" \/>\n\t<meta name=\"twitter:data2\" content=\"4 minutos\" \/>\n<script type=\"application\/ld+json\" class=\"yoast-schema-graph\">{\"@context\":\"https:\/\/schema.org\",\"@graph\":[{\"@type\":\"WebSite\",\"@id\":\"https:\/\/franciscanos.org.br\/noticias\/#website\",\"url\":\"https:\/\/franciscanos.org.br\/noticias\/\",\"name\":\"Not\u00edcias - Franciscanos\",\"description\":\"Prov\u00edncia Franciscana da Imaculada Concei\u00e7\u00e3o do Brasil - Ordem dos Frades Menores - OFM\",\"potentialAction\":[{\"@type\":\"SearchAction\",\"target\":{\"@type\":\"EntryPoint\",\"urlTemplate\":\"https:\/\/franciscanos.org.br\/noticias\/?s={search_term_string}\"},\"query-input\":\"required name=search_term_string\"}],\"inLanguage\":\"pt-BR\"},{\"@type\":\"ImageObject\",\"inLanguage\":\"pt-BR\",\"@id\":\"https:\/\/franciscanos.org.br\/noticias\/pedir-a-graca-de-acusar-a-si-mesmo-nao-os-outros.html#primaryimage\",\"url\":\"https:\/\/franciscanos.org.br\/noticias\/wp-content\/uploads\/2018\/09\/papa_060918-830.jpg\",\"contentUrl\":\"https:\/\/franciscanos.org.br\/noticias\/wp-content\/uploads\/2018\/09\/papa_060918-830.jpg\",\"width\":273,\"height\":181},{\"@type\":\"WebPage\",\"@id\":\"https:\/\/franciscanos.org.br\/noticias\/pedir-a-graca-de-acusar-a-si-mesmo-nao-os-outros.html#webpage\",\"url\":\"https:\/\/franciscanos.org.br\/noticias\/pedir-a-graca-de-acusar-a-si-mesmo-nao-os-outros.html\",\"name\":\"Pedir a gra\u00e7a de acusar a si mesmo, n\u00e3o os outros - Not\u00edcias - Franciscanos\",\"isPartOf\":{\"@id\":\"https:\/\/franciscanos.org.br\/noticias\/#website\"},\"primaryImageOfPage\":{\"@id\":\"https:\/\/franciscanos.org.br\/noticias\/pedir-a-graca-de-acusar-a-si-mesmo-nao-os-outros.html#primaryimage\"},\"datePublished\":\"2018-09-06T11:27:19+00:00\",\"dateModified\":\"2020-06-07T10:35:14+00:00\",\"author\":{\"@id\":\"https:\/\/franciscanos.org.br\/noticias\/#\/schema\/person\/b38fbf43118f02820bd932f2e4b14ad3\"},\"breadcrumb\":{\"@id\":\"https:\/\/franciscanos.org.br\/noticias\/pedir-a-graca-de-acusar-a-si-mesmo-nao-os-outros.html#breadcrumb\"},\"inLanguage\":\"pt-BR\",\"potentialAction\":[{\"@type\":\"ReadAction\",\"target\":[\"https:\/\/franciscanos.org.br\/noticias\/pedir-a-graca-de-acusar-a-si-mesmo-nao-os-outros.html\"]}]},{\"@type\":\"BreadcrumbList\",\"@id\":\"https:\/\/franciscanos.org.br\/noticias\/pedir-a-graca-de-acusar-a-si-mesmo-nao-os-outros.html#breadcrumb\",\"itemListElement\":[{\"@type\":\"ListItem\",\"position\":1,\"name\":\"Home\",\"item\":\"https:\/\/franciscanos.org.br\/noticias\"},{\"@type\":\"ListItem\",\"position\":2,\"name\":\"Pedir a gra\u00e7a de acusar a si mesmo, n\u00e3o os outros\"}]},{\"@type\":\"Person\",\"@id\":\"https:\/\/franciscanos.org.br\/noticias\/#\/schema\/person\/b38fbf43118f02820bd932f2e4b14ad3\",\"name\":\"admin\",\"image\":{\"@type\":\"ImageObject\",\"inLanguage\":\"pt-BR\",\"@id\":\"https:\/\/franciscanos.org.br\/noticias\/#\/schema\/person\/image\/\",\"url\":\"https:\/\/secure.gravatar.com\/avatar\/e8495742d34d0ba6448ea1c628263b3e?s=96&d=mm&r=g\",\"contentUrl\":\"https:\/\/secure.gravatar.com\/avatar\/e8495742d34d0ba6448ea1c628263b3e?s=96&d=mm&r=g\",\"caption\":\"admin\"},\"url\":\"https:\/\/franciscanos.org.br\/noticias\/author\/admin\"}]}<\/script>\n<!-- \/ Yoast SEO plugin. -->","yoast_head_json":{"title":"Pedir a gra\u00e7a de acusar a si mesmo, n\u00e3o os outros - Not\u00edcias - Franciscanos","robots":{"index":"index","follow":"follow","max-snippet":"max-snippet:-1","max-image-preview":"max-image-preview:large","max-video-preview":"max-video-preview:-1"},"canonical":"https:\/\/franciscanos.org.br\/noticias\/pedir-a-graca-de-acusar-a-si-mesmo-nao-os-outros.html","og_locale":"pt_BR","og_type":"article","og_title":"Pedir a gra\u00e7a de acusar a si mesmo, n\u00e3o os outros - Not\u00edcias - Franciscanos","og_description":"Missa em Santa Marta","og_url":"https:\/\/franciscanos.org.br\/noticias\/pedir-a-graca-de-acusar-a-si-mesmo-nao-os-outros.html","og_site_name":"Not\u00edcias - Franciscanos","article_published_time":"2018-09-06T11:27:19+00:00","article_modified_time":"2020-06-07T10:35:14+00:00","og_image":[{"width":273,"height":181,"url":"https:\/\/franciscanos.org.br\/noticias\/wp-content\/uploads\/2018\/09\/papa_060918-830.jpg","type":"image\/jpeg"}],"author":"admin","twitter_card":"summary_large_image","twitter_misc":{"Escrito por":"admin","Est. tempo de leitura":"4 minutos"},"schema":{"@context":"https:\/\/schema.org","@graph":[{"@type":"WebSite","@id":"https:\/\/franciscanos.org.br\/noticias\/#website","url":"https:\/\/franciscanos.org.br\/noticias\/","name":"Not\u00edcias - Franciscanos","description":"Prov\u00edncia Franciscana da Imaculada Concei\u00e7\u00e3o do Brasil - Ordem dos Frades Menores - OFM","potentialAction":[{"@type":"SearchAction","target":{"@type":"EntryPoint","urlTemplate":"https:\/\/franciscanos.org.br\/noticias\/?s={search_term_string}"},"query-input":"required name=search_term_string"}],"inLanguage":"pt-BR"},{"@type":"ImageObject","inLanguage":"pt-BR","@id":"https:\/\/franciscanos.org.br\/noticias\/pedir-a-graca-de-acusar-a-si-mesmo-nao-os-outros.html#primaryimage","url":"https:\/\/franciscanos.org.br\/noticias\/wp-content\/uploads\/2018\/09\/papa_060918-830.jpg","contentUrl":"https:\/\/franciscanos.org.br\/noticias\/wp-content\/uploads\/2018\/09\/papa_060918-830.jpg","width":273,"height":181},{"@type":"WebPage","@id":"https:\/\/franciscanos.org.br\/noticias\/pedir-a-graca-de-acusar-a-si-mesmo-nao-os-outros.html#webpage","url":"https:\/\/franciscanos.org.br\/noticias\/pedir-a-graca-de-acusar-a-si-mesmo-nao-os-outros.html","name":"Pedir a gra\u00e7a de acusar a si mesmo, n\u00e3o os outros - Not\u00edcias - Franciscanos","isPartOf":{"@id":"https:\/\/franciscanos.org.br\/noticias\/#website"},"primaryImageOfPage":{"@id":"https:\/\/franciscanos.org.br\/noticias\/pedir-a-graca-de-acusar-a-si-mesmo-nao-os-outros.html#primaryimage"},"datePublished":"2018-09-06T11:27:19+00:00","dateModified":"2020-06-07T10:35:14+00:00","author":{"@id":"https:\/\/franciscanos.org.br\/noticias\/#\/schema\/person\/b38fbf43118f02820bd932f2e4b14ad3"},"breadcrumb":{"@id":"https:\/\/franciscanos.org.br\/noticias\/pedir-a-graca-de-acusar-a-si-mesmo-nao-os-outros.html#breadcrumb"},"inLanguage":"pt-BR","potentialAction":[{"@type":"ReadAction","target":["https:\/\/franciscanos.org.br\/noticias\/pedir-a-graca-de-acusar-a-si-mesmo-nao-os-outros.html"]}]},{"@type":"BreadcrumbList","@id":"https:\/\/franciscanos.org.br\/noticias\/pedir-a-graca-de-acusar-a-si-mesmo-nao-os-outros.html#breadcrumb","itemListElement":[{"@type":"ListItem","position":1,"name":"Home","item":"https:\/\/franciscanos.org.br\/noticias"},{"@type":"ListItem","position":2,"name":"Pedir a gra\u00e7a de acusar a si mesmo, n\u00e3o os outros"}]},{"@type":"Person","@id":"https:\/\/franciscanos.org.br\/noticias\/#\/schema\/person\/b38fbf43118f02820bd932f2e4b14ad3","name":"admin","image":{"@type":"ImageObject","inLanguage":"pt-BR","@id":"https:\/\/franciscanos.org.br\/noticias\/#\/schema\/person\/image\/","url":"https:\/\/secure.gravatar.com\/avatar\/e8495742d34d0ba6448ea1c628263b3e?s=96&d=mm&r=g","contentUrl":"https:\/\/secure.gravatar.com\/avatar\/e8495742d34d0ba6448ea1c628263b3e?s=96&d=mm&r=g","caption":"admin"},"url":"https:\/\/franciscanos.org.br\/noticias\/author\/admin"}]}},"_links":{"self":[{"href":"https:\/\/franciscanos.org.br\/noticias\/wp-json\/wp\/v2\/posts\/170944"}],"collection":[{"href":"https:\/\/franciscanos.org.br\/noticias\/wp-json\/wp\/v2\/posts"}],"about":[{"href":"https:\/\/franciscanos.org.br\/noticias\/wp-json\/wp\/v2\/types\/post"}],"author":[{"embeddable":true,"href":"https:\/\/franciscanos.org.br\/noticias\/wp-json\/wp\/v2\/users\/1"}],"replies":[{"embeddable":true,"href":"https:\/\/franciscanos.org.br\/noticias\/wp-json\/wp\/v2\/comments?post=170944"}],"version-history":[{"count":1,"href":"https:\/\/franciscanos.org.br\/noticias\/wp-json\/wp\/v2\/posts\/170944\/revisions"}],"predecessor-version":[{"id":224844,"href":"https:\/\/franciscanos.org.br\/noticias\/wp-json\/wp\/v2\/posts\/170944\/revisions\/224844"}],"wp:featuredmedia":[{"embeddable":true,"href":"https:\/\/franciscanos.org.br\/noticias\/wp-json\/wp\/v2\/media\/191854"}],"wp:attachment":[{"href":"https:\/\/franciscanos.org.br\/noticias\/wp-json\/wp\/v2\/media?parent=170944"}],"wp:term":[{"taxonomy":"category","embeddable":true,"href":"https:\/\/franciscanos.org.br\/noticias\/wp-json\/wp\/v2\/categories?post=170944"},{"taxonomy":"post_tag","embeddable":true,"href":"https:\/\/franciscanos.org.br\/noticias\/wp-json\/wp\/v2\/tags?post=170944"}],"curies":[{"name":"wp","href":"https:\/\/api.w.org\/{rel}","templated":true}]}}