{"id":170815,"date":"2018-09-04T08:31:50","date_gmt":"2018-09-04T11:31:50","guid":{"rendered":"http:\/\/franciscanos.org.br\/?p=170815"},"modified":"2020-06-07T07:37:32","modified_gmt":"2020-06-07T10:37:32","slug":"fazer-exame-de-consciencia-para-deixar-espaco-ao-espirito","status":"publish","type":"post","link":"https:\/\/franciscanos.org.br\/noticias\/fazer-exame-de-consciencia-para-deixar-espaco-ao-espirito.html","title":{"rendered":"Fazer exame de consci\u00eancia para dar espa\u00e7o ao Esp\u00edrito"},"content":{"rendered":"<p><img loading=\"lazy\" class=\"alignleft\" src=\"http:\/\/franciscanos.org.br\/wp-content\/uploads\/2018\/09\/marta_040918-830.jpg\" alt=\"marta_040918 830\" width=\"830\" height=\"430\" \/><strong>Cidade do Vaticano &#8211;<\/strong> O cora\u00e7\u00e3o do homem \u00e9 como um \u201ccampo de batalha\u201d, onde se enfrentam dois \u201cesp\u00edritos\u201d diferentes: um, o de Deus, nos leva \u201c\u00e0s boas obras, \u00e0 caridade e \u00e0 fraternidade\u201d, o outro, o do mundo, nos impulsiona \u201cem dire\u00e7\u00e3o \u00e0 vaidade, ao orgulho, \u00e0 sufici\u00eancia e \u00e0s fofocas\u201d. Foi o que destacou o Papa Francisco, celebrando a Missa na Casa Santa Marta. O ponto de partida das reflex\u00f5es do Pont\u00edfice foi a Primeira Leitura, em que o \u201cap\u00f3stolo Paulo ensina aos Cor\u00edntios o caminho para ter o pensamento de Cristo\u201d, um caminho marcado pelo abandono ao Esp\u00edrito Santo. De fato, \u00e9 o Esp\u00edrito Santo que nos leva a \u201cconhecer Jesus\u201d, a ter os seus mesmos \u201csentimentos\u201d, a compreender o \u201ccora\u00e7\u00e3o\u201d.<\/p>\n<p><strong>A eterna luta entre bem e mal<\/strong><\/p>\n<p>Francisco recordou que \u201co homem deixado \u00e0s suas for\u00e7as n\u00e3o compreende as coisas do Esp\u00edrito\u201d: \u201cExistem dois esp\u00edritos, duas modalidades de pensar, de sentir, de agir: o que me leva ao Esp\u00edrito de Deus e o que me leva ao esp\u00edrito do mundo. E isso acontece na nossa vida: n\u00f3s todos temos esses dois \u2018esp\u00edritos\u2019, digamos assim. O Esp\u00edrito de Deus nos leva \u00e0s boas obras, \u00e0 caridade, \u00e0 fraternidade, a adorar Deus, a conhecer Jesus, a fazer tantas obras boas de caridade, a rezar: isso. E o outro esp\u00edrito do mundo, que nos leva em dire\u00e7\u00e3o \u00e0 vaidade, ao orgulho, \u00e0 sufici\u00eancia e \u00e0 fofoca: um caminho completamente diferente. O nosso cora\u00e7\u00e3o \u2013 dizia um santo &#8211; \u00e9 como um \u2018campo de batalha, um campo de guerra onde esses dois esp\u00edritos combatem\u201d.<\/p>\n<p><strong>Vencer as tenta\u00e7\u00f5es como Jesus<\/strong><\/p>\n<p>\u201cNa vida crist\u00e3\u201d, portanto, \u201cse deve combater para deixar espa\u00e7o ao Esp\u00edrito de Deus\u201d e \u201cexpulsar o esp\u00edrito do mundo\u201d. E um \u201cexame de consci\u00eancia\u201d di\u00e1rio, sugeriu o Pont\u00edfice, ajuda a \u201cidentificar as tenta\u00e7\u00f5es\u201d, a esclarecer como atuam essas for\u00e7as contrapostas.<\/p>\n<p>\u201c\u00c9 muito simples: temos este grande dom, que \u00e9 o Esp\u00edrito de Deus, mas somos fr\u00e1geis, somos pecadores e temos tamb\u00e9m a tenta\u00e7\u00e3o do esp\u00edrito do mundo. Neste combate espiritual, nesta guerra do esp\u00edrito, \u00e9 preciso ser vencedores como Jesus\u201d.<\/p>\n<p><strong>N\u00e3o animais, mas Filhos de Deus<\/strong><\/p>\n<p>Todas as noites, concluiu o Papa, o crist\u00e3o deveria repensar o dia transcorrido para verificar se prevaleceu a \u201cvaidade\u201d e a \u201csoberba\u201d ou se conseguiu imitar o Filho de Deus.<br \/>\n\u201cConhecer o que acontece no cora\u00e7\u00e3o. Se n\u00f3s n\u00e3o fizermos isso, se n\u00f3s n\u00e3o soubermos o que acontece no nosso cora\u00e7\u00e3o \u2013 e isso n\u00e3o o digo eu, o diz a B\u00edblia \u2013 somos como os \u2018animais que n\u00e3o entendem nada\u2019, v\u00e3o avante com o instinto. Mas n\u00f3s n\u00e3o somos animais, somos Filhos de Deus, batizados com o dom do Esp\u00edrito Santo. Por isso, \u00e9 importante entender o que aconteceu hoje no meu cora\u00e7\u00e3o. Que o Senhor nos ensine a fazer sempre, todos os dias, o exame de consci\u00eancia\u201d.<\/p>\n<hr \/>\n<p><em>Fonte: Vatican News<\/em><\/p>\n","protected":false},"excerpt":{"rendered":"<p>Missa em Santa Marta<\/p>\n","protected":false},"author":1,"featured_media":191876,"comment_status":"open","ping_status":"open","sticky":false,"template":"","format":"standard","meta":[],"categories":[1428],"tags":[1586],"acf":[],"yoast_head":"<!-- This site is optimized with the Yoast SEO plugin v19.2 - https:\/\/yoast.com\/wordpress\/plugins\/seo\/ -->\n<title>Fazer exame de consci\u00eancia para dar espa\u00e7o ao Esp\u00edrito - Not\u00edcias - Franciscanos<\/title>\n<meta name=\"robots\" content=\"index, follow, max-snippet:-1, max-image-preview:large, max-video-preview:-1\" \/>\n<link rel=\"canonical\" href=\"https:\/\/franciscanos.org.br\/noticias\/fazer-exame-de-consciencia-para-deixar-espaco-ao-espirito.html\" \/>\n<meta property=\"og:locale\" content=\"pt_BR\" \/>\n<meta property=\"og:type\" content=\"article\" \/>\n<meta property=\"og:title\" content=\"Fazer exame de consci\u00eancia para dar espa\u00e7o ao Esp\u00edrito - Not\u00edcias - Franciscanos\" \/>\n<meta property=\"og:description\" content=\"Missa em Santa Marta\" \/>\n<meta property=\"og:url\" content=\"https:\/\/franciscanos.org.br\/noticias\/fazer-exame-de-consciencia-para-deixar-espaco-ao-espirito.html\" \/>\n<meta property=\"og:site_name\" content=\"Not\u00edcias - Franciscanos\" \/>\n<meta property=\"article:published_time\" content=\"2018-09-04T11:31:50+00:00\" \/>\n<meta property=\"article:modified_time\" content=\"2020-06-07T10:37:32+00:00\" \/>\n<meta property=\"og:image\" content=\"https:\/\/franciscanos.org.br\/noticias\/wp-content\/uploads\/2018\/09\/marta_040918-830.jpg\" \/>\n\t<meta property=\"og:image:width\" content=\"273\" \/>\n\t<meta property=\"og:image:height\" content=\"181\" \/>\n\t<meta property=\"og:image:type\" content=\"image\/jpeg\" \/>\n<meta name=\"author\" content=\"admin\" \/>\n<meta name=\"twitter:card\" content=\"summary_large_image\" \/>\n<meta name=\"twitter:label1\" content=\"Escrito por\" \/>\n\t<meta name=\"twitter:data1\" content=\"admin\" \/>\n\t<meta name=\"twitter:label2\" content=\"Est. tempo de leitura\" \/>\n\t<meta name=\"twitter:data2\" content=\"3 minutos\" \/>\n<script type=\"application\/ld+json\" class=\"yoast-schema-graph\">{\"@context\":\"https:\/\/schema.org\",\"@graph\":[{\"@type\":\"WebSite\",\"@id\":\"https:\/\/franciscanos.org.br\/noticias\/#website\",\"url\":\"https:\/\/franciscanos.org.br\/noticias\/\",\"name\":\"Not\u00edcias - Franciscanos\",\"description\":\"Prov\u00edncia Franciscana da Imaculada Concei\u00e7\u00e3o do Brasil - Ordem dos Frades Menores - OFM\",\"potentialAction\":[{\"@type\":\"SearchAction\",\"target\":{\"@type\":\"EntryPoint\",\"urlTemplate\":\"https:\/\/franciscanos.org.br\/noticias\/?s={search_term_string}\"},\"query-input\":\"required name=search_term_string\"}],\"inLanguage\":\"pt-BR\"},{\"@type\":\"ImageObject\",\"inLanguage\":\"pt-BR\",\"@id\":\"https:\/\/franciscanos.org.br\/noticias\/fazer-exame-de-consciencia-para-deixar-espaco-ao-espirito.html#primaryimage\",\"url\":\"https:\/\/franciscanos.org.br\/noticias\/wp-content\/uploads\/2018\/09\/marta_040918-830.jpg\",\"contentUrl\":\"https:\/\/franciscanos.org.br\/noticias\/wp-content\/uploads\/2018\/09\/marta_040918-830.jpg\",\"width\":273,\"height\":181},{\"@type\":\"WebPage\",\"@id\":\"https:\/\/franciscanos.org.br\/noticias\/fazer-exame-de-consciencia-para-deixar-espaco-ao-espirito.html#webpage\",\"url\":\"https:\/\/franciscanos.org.br\/noticias\/fazer-exame-de-consciencia-para-deixar-espaco-ao-espirito.html\",\"name\":\"Fazer exame de consci\u00eancia para dar espa\u00e7o ao Esp\u00edrito - Not\u00edcias - Franciscanos\",\"isPartOf\":{\"@id\":\"https:\/\/franciscanos.org.br\/noticias\/#website\"},\"primaryImageOfPage\":{\"@id\":\"https:\/\/franciscanos.org.br\/noticias\/fazer-exame-de-consciencia-para-deixar-espaco-ao-espirito.html#primaryimage\"},\"datePublished\":\"2018-09-04T11:31:50+00:00\",\"dateModified\":\"2020-06-07T10:37:32+00:00\",\"author\":{\"@id\":\"https:\/\/franciscanos.org.br\/noticias\/#\/schema\/person\/b38fbf43118f02820bd932f2e4b14ad3\"},\"breadcrumb\":{\"@id\":\"https:\/\/franciscanos.org.br\/noticias\/fazer-exame-de-consciencia-para-deixar-espaco-ao-espirito.html#breadcrumb\"},\"inLanguage\":\"pt-BR\",\"potentialAction\":[{\"@type\":\"ReadAction\",\"target\":[\"https:\/\/franciscanos.org.br\/noticias\/fazer-exame-de-consciencia-para-deixar-espaco-ao-espirito.html\"]}]},{\"@type\":\"BreadcrumbList\",\"@id\":\"https:\/\/franciscanos.org.br\/noticias\/fazer-exame-de-consciencia-para-deixar-espaco-ao-espirito.html#breadcrumb\",\"itemListElement\":[{\"@type\":\"ListItem\",\"position\":1,\"name\":\"Home\",\"item\":\"https:\/\/franciscanos.org.br\/noticias\"},{\"@type\":\"ListItem\",\"position\":2,\"name\":\"Fazer exame de consci\u00eancia para dar espa\u00e7o ao Esp\u00edrito\"}]},{\"@type\":\"Person\",\"@id\":\"https:\/\/franciscanos.org.br\/noticias\/#\/schema\/person\/b38fbf43118f02820bd932f2e4b14ad3\",\"name\":\"admin\",\"image\":{\"@type\":\"ImageObject\",\"inLanguage\":\"pt-BR\",\"@id\":\"https:\/\/franciscanos.org.br\/noticias\/#\/schema\/person\/image\/\",\"url\":\"https:\/\/secure.gravatar.com\/avatar\/e8495742d34d0ba6448ea1c628263b3e?s=96&d=mm&r=g\",\"contentUrl\":\"https:\/\/secure.gravatar.com\/avatar\/e8495742d34d0ba6448ea1c628263b3e?s=96&d=mm&r=g\",\"caption\":\"admin\"},\"url\":\"https:\/\/franciscanos.org.br\/noticias\/author\/admin\"}]}<\/script>\n<!-- \/ Yoast SEO plugin. -->","yoast_head_json":{"title":"Fazer exame de consci\u00eancia para dar espa\u00e7o ao Esp\u00edrito - Not\u00edcias - Franciscanos","robots":{"index":"index","follow":"follow","max-snippet":"max-snippet:-1","max-image-preview":"max-image-preview:large","max-video-preview":"max-video-preview:-1"},"canonical":"https:\/\/franciscanos.org.br\/noticias\/fazer-exame-de-consciencia-para-deixar-espaco-ao-espirito.html","og_locale":"pt_BR","og_type":"article","og_title":"Fazer exame de consci\u00eancia para dar espa\u00e7o ao Esp\u00edrito - Not\u00edcias - Franciscanos","og_description":"Missa em Santa Marta","og_url":"https:\/\/franciscanos.org.br\/noticias\/fazer-exame-de-consciencia-para-deixar-espaco-ao-espirito.html","og_site_name":"Not\u00edcias - Franciscanos","article_published_time":"2018-09-04T11:31:50+00:00","article_modified_time":"2020-06-07T10:37:32+00:00","og_image":[{"width":273,"height":181,"url":"https:\/\/franciscanos.org.br\/noticias\/wp-content\/uploads\/2018\/09\/marta_040918-830.jpg","type":"image\/jpeg"}],"author":"admin","twitter_card":"summary_large_image","twitter_misc":{"Escrito por":"admin","Est. tempo de leitura":"3 minutos"},"schema":{"@context":"https:\/\/schema.org","@graph":[{"@type":"WebSite","@id":"https:\/\/franciscanos.org.br\/noticias\/#website","url":"https:\/\/franciscanos.org.br\/noticias\/","name":"Not\u00edcias - Franciscanos","description":"Prov\u00edncia Franciscana da Imaculada Concei\u00e7\u00e3o do Brasil - Ordem dos Frades Menores - OFM","potentialAction":[{"@type":"SearchAction","target":{"@type":"EntryPoint","urlTemplate":"https:\/\/franciscanos.org.br\/noticias\/?s={search_term_string}"},"query-input":"required name=search_term_string"}],"inLanguage":"pt-BR"},{"@type":"ImageObject","inLanguage":"pt-BR","@id":"https:\/\/franciscanos.org.br\/noticias\/fazer-exame-de-consciencia-para-deixar-espaco-ao-espirito.html#primaryimage","url":"https:\/\/franciscanos.org.br\/noticias\/wp-content\/uploads\/2018\/09\/marta_040918-830.jpg","contentUrl":"https:\/\/franciscanos.org.br\/noticias\/wp-content\/uploads\/2018\/09\/marta_040918-830.jpg","width":273,"height":181},{"@type":"WebPage","@id":"https:\/\/franciscanos.org.br\/noticias\/fazer-exame-de-consciencia-para-deixar-espaco-ao-espirito.html#webpage","url":"https:\/\/franciscanos.org.br\/noticias\/fazer-exame-de-consciencia-para-deixar-espaco-ao-espirito.html","name":"Fazer exame de consci\u00eancia para dar espa\u00e7o ao Esp\u00edrito - Not\u00edcias - Franciscanos","isPartOf":{"@id":"https:\/\/franciscanos.org.br\/noticias\/#website"},"primaryImageOfPage":{"@id":"https:\/\/franciscanos.org.br\/noticias\/fazer-exame-de-consciencia-para-deixar-espaco-ao-espirito.html#primaryimage"},"datePublished":"2018-09-04T11:31:50+00:00","dateModified":"2020-06-07T10:37:32+00:00","author":{"@id":"https:\/\/franciscanos.org.br\/noticias\/#\/schema\/person\/b38fbf43118f02820bd932f2e4b14ad3"},"breadcrumb":{"@id":"https:\/\/franciscanos.org.br\/noticias\/fazer-exame-de-consciencia-para-deixar-espaco-ao-espirito.html#breadcrumb"},"inLanguage":"pt-BR","potentialAction":[{"@type":"ReadAction","target":["https:\/\/franciscanos.org.br\/noticias\/fazer-exame-de-consciencia-para-deixar-espaco-ao-espirito.html"]}]},{"@type":"BreadcrumbList","@id":"https:\/\/franciscanos.org.br\/noticias\/fazer-exame-de-consciencia-para-deixar-espaco-ao-espirito.html#breadcrumb","itemListElement":[{"@type":"ListItem","position":1,"name":"Home","item":"https:\/\/franciscanos.org.br\/noticias"},{"@type":"ListItem","position":2,"name":"Fazer exame de consci\u00eancia para dar espa\u00e7o ao Esp\u00edrito"}]},{"@type":"Person","@id":"https:\/\/franciscanos.org.br\/noticias\/#\/schema\/person\/b38fbf43118f02820bd932f2e4b14ad3","name":"admin","image":{"@type":"ImageObject","inLanguage":"pt-BR","@id":"https:\/\/franciscanos.org.br\/noticias\/#\/schema\/person\/image\/","url":"https:\/\/secure.gravatar.com\/avatar\/e8495742d34d0ba6448ea1c628263b3e?s=96&d=mm&r=g","contentUrl":"https:\/\/secure.gravatar.com\/avatar\/e8495742d34d0ba6448ea1c628263b3e?s=96&d=mm&r=g","caption":"admin"},"url":"https:\/\/franciscanos.org.br\/noticias\/author\/admin"}]}},"_links":{"self":[{"href":"https:\/\/franciscanos.org.br\/noticias\/wp-json\/wp\/v2\/posts\/170815"}],"collection":[{"href":"https:\/\/franciscanos.org.br\/noticias\/wp-json\/wp\/v2\/posts"}],"about":[{"href":"https:\/\/franciscanos.org.br\/noticias\/wp-json\/wp\/v2\/types\/post"}],"author":[{"embeddable":true,"href":"https:\/\/franciscanos.org.br\/noticias\/wp-json\/wp\/v2\/users\/1"}],"replies":[{"embeddable":true,"href":"https:\/\/franciscanos.org.br\/noticias\/wp-json\/wp\/v2\/comments?post=170815"}],"version-history":[{"count":1,"href":"https:\/\/franciscanos.org.br\/noticias\/wp-json\/wp\/v2\/posts\/170815\/revisions"}],"predecessor-version":[{"id":224847,"href":"https:\/\/franciscanos.org.br\/noticias\/wp-json\/wp\/v2\/posts\/170815\/revisions\/224847"}],"wp:featuredmedia":[{"embeddable":true,"href":"https:\/\/franciscanos.org.br\/noticias\/wp-json\/wp\/v2\/media\/191876"}],"wp:attachment":[{"href":"https:\/\/franciscanos.org.br\/noticias\/wp-json\/wp\/v2\/media?parent=170815"}],"wp:term":[{"taxonomy":"category","embeddable":true,"href":"https:\/\/franciscanos.org.br\/noticias\/wp-json\/wp\/v2\/categories?post=170815"},{"taxonomy":"post_tag","embeddable":true,"href":"https:\/\/franciscanos.org.br\/noticias\/wp-json\/wp\/v2\/tags?post=170815"}],"curies":[{"name":"wp","href":"https:\/\/api.w.org\/{rel}","templated":true}]}}