{"id":170738,"date":"2018-09-01T10:35:34","date_gmt":"2018-09-01T13:35:34","guid":{"rendered":"http:\/\/franciscanos.org.br\/?p=170738"},"modified":"2020-08-04T14:37:17","modified_gmt":"2020-08-04T17:37:17","slug":"mensagem-pelo-dia-mundial-de-oracao-pelo-cuidado-da-criacao","status":"publish","type":"post","link":"https:\/\/franciscanos.org.br\/noticias\/mensagem-pelo-dia-mundial-de-oracao-pelo-cuidado-da-criacao.html","title":{"rendered":"Dia Mundial de Ora\u00e7\u00e3o pelo Cuidado da Cria\u00e7\u00e3o"},"content":{"rendered":"<div id=\"attachment_227452\" style=\"width: 940px\" class=\"wp-caption alignnone\"><img aria-describedby=\"caption-attachment-227452\" loading=\"lazy\" class=\"wp-image-227452 size-full\" src=\"https:\/\/franciscanos.org.br\/noticias\/wp-content\/uploads\/2018\/09\/terra_0508.png\" alt=\"\" width=\"930\" height=\"596\" srcset=\"https:\/\/franciscanos.org.br\/noticias\/wp-content\/uploads\/2018\/09\/terra_0508.png 930w, https:\/\/franciscanos.org.br\/noticias\/wp-content\/uploads\/2018\/09\/terra_0508-450x288.png 450w, https:\/\/franciscanos.org.br\/noticias\/wp-content\/uploads\/2018\/09\/terra_0508-768x492.png 768w, https:\/\/franciscanos.org.br\/noticias\/wp-content\/uploads\/2018\/09\/terra_0508-150x96.png 150w\" sizes=\"(max-width: 930px) 100vw, 930px\" \/><p id=\"caption-attachment-227452\" class=\"wp-caption-text\">\u00a0 \u00a0 \u00a0 \u00a0 \u00a0 \u00a0 \u00a0 \u00a0 \u00a0 \u00a0 \u00a0 \u00a0 \u00a0 \u00a0 \u00a0 \u00a0 \u00a0 \u00a0 \u00a0 \u00a0 \u00a0 \u00a0 \u00a0 \u00a0 \u00a0 \u00a0 \u00a0 \u00a0 \u00a0 \u00a0 \u00a0 \u00a0 \u00a0 \u00a0 \u00a0 \u00a0 \u00a0 \u00a0 \u00a0 \u00a0 \u00a0 \u00a0 \u00a0 \u00a0 \u00a0 \u00a0 \u00a0 \u00a0 \u00a0 \u00a0 \u00a0 \u00a0 \u00a0 \u00a0 \u00a0 \u00a0 \u00a0 \u00a0 \u00a0 \u00a0 \u00a0 \u00a0 \u00a0 \u00a0 \u00a0 \u00a0 \u00a0 \u00a0 \u00a0 \u00a0 \u00a0 \u00a0 \u00a0 \u00a0 \u00a0 \u00a0 \u00a0 \u00a0 <em>\u00a0 \u00a0Imagem ilustrativa (fonte: Canva)<\/em><\/p><\/div>\n<p>Chamando a aten\u00e7\u00e3o para a \u00e1gua, um elemento t\u00e3o simples e precioso, o Papa Francisco na mensagem pelo IV Dia Mundial de Ora\u00e7\u00e3o pelo Cuidado da Cria\u00e7\u00e3o diz que \u00e9 seu desejo &#8220;que as comunidades crist\u00e3s contribuam cada vez mais concretamente para que todos possam usufruir desse recurso indispens\u00e1vel, no cuidado respeitoso dos dons recebidos do Criador, em particular dos cursos de \u00e1gua, mares e oceanos&#8221;.<\/p>\n<p>Leia na \u00edntegra:<\/p>\n<p>Mensagem do Papa Francisco para a celebra\u00e7\u00e3o do <strong>Dia Mundial de Ora\u00e7\u00e3o pelo Cuidado da Cria\u00e7\u00e3o<\/strong><br \/>\n1 de setembro de 2018<\/p>\n<p><em>Caros irm\u00e3os e irm\u00e3s!<\/em><\/p>\n<p>Neste Dia de Ora\u00e7\u00e3o desejo, em primeiro lugar, agradecer ao Senhor pelo dom da casa comum e por todos os homens de boa vontade que est\u00e3o comprometidos em proteg\u00ea-la. Agrade\u00e7o tamb\u00e9m pelos numerosos projetos que visam promover o estudo e a prote\u00e7\u00e3o dos ecossistemas, pelos esfor\u00e7os destinados a desenvolver uma agricultura mais sustent\u00e1vel e uma alimenta\u00e7\u00e3o mais respons\u00e1vel, pelas diversas iniciativas educacionais, espirituais e lit\u00fargicas que envolvem muitos crist\u00e3os em todo o mundo no cuidado da cria\u00e7\u00e3o.<\/p>\n<p>Devemos reconhec\u00ea-lo: n\u00e3o soubemos proteger a cria\u00e7\u00e3o com responsabilidade. A situa\u00e7\u00e3o ambiental, quer a n\u00edvel global, quer em muitos lugares espec\u00edficos, n\u00e3o pode ser considerada satisfat\u00f3ria. Com raz\u00e3o, surgiu a necessidade de uma rela\u00e7\u00e3o renovada e saud\u00e1vel entre a humanidade e a cria\u00e7\u00e3o, a convic\u00e7\u00e3o de que apenas uma vis\u00e3o do homem aut\u00eantica e integral nos permitir\u00e1 cuidar melhor do nosso planeta para o benef\u00edcio das gera\u00e7\u00f5es presentes e futuras, pois \u00abn\u00e3o h\u00e1 ecologia sem uma adequada antropologia\u00bb (Carta Enc.\u00a0<em>Laudato si\u2019<\/em>\u2019, 118).<\/p>\n<p>Neste\u00a0<em>Dia Mundial de Ora\u00e7\u00e3o pelo cuidado da cria\u00e7\u00e3o<\/em>, que a Igreja Cat\u00f3lica h\u00e1 alguns anos celebra em uni\u00e3o com os irm\u00e3os e irm\u00e3s ortodoxos, e com o apoio de outras Igrejas e Comunidades crist\u00e3s, gostaria de chamar a aten\u00e7\u00e3o para a quest\u00e3o da\u00a0<em>\u00e1gua<\/em>, elemento t\u00e3o simples e precioso, cujo acesso infelizmente \u00e9 dif\u00edcil para muitos, se n\u00e3o imposs\u00edvel. No entanto, \u00abo acesso \u00e0 \u00e1gua pot\u00e1vel e segura \u00e9 um direito humano essencial, fundamental e universal, porque determina a sobreviv\u00eancia das pessoas e, portanto, \u00e9 condi\u00e7\u00e3o para o exerc\u00edcio dos outros direitos humanos. Este mundo tem uma grave d\u00edvida social para com os pobres que n\u00e3o t\u00eam acesso \u00e0 \u00e1gua pot\u00e1vel, porque isto \u00e9 negar-lhes o direito \u00e0 vida radicado na sua dignidade inalien\u00e1vel\u00bb (<em>ibid<\/em>., 30).<\/p>\n<p>A \u00e1gua nos convida a refletir sobre as nossas origens. A maior parte do corpo \u00e9 composta de \u00e1gua; e muitas civiliza\u00e7\u00f5es, na hist\u00f3ria, surgiram nas proximidades de grandes cursos de \u00e1gua que marcaram sua identidade. \u00c9 sugestiva a imagem utilizada no in\u00edcio do G\u00eanesis, em que se diz que nas origens o esp\u00edrito do Criador \u00abpairava sobre as \u00e1guas\u00bb (1,2).<\/p>\n<p>Pensando em seu papel fundamental na cria\u00e7\u00e3o e no desenvolvimento humano, sinto a necessidade de dar gra\u00e7as a Deus pela \u00abirm\u00e3 \u00e1gua\u00bb, simples e \u00fatil sem nada de parecido para a vida no planeta. Precisamente por esse motivo, cuidar de fontes e bacias h\u00eddricas \u00e9 um imperativo urgente. Hoje, mais do que nunca, \u00e9 necess\u00e1rio um olhar que\u00a0 ultrapasse o imediato (cf. Carta Enc.\u00a0<em>Laudato si\u2019<\/em>\u2019, 36), al\u00e9m de \u00abcrit\u00e9rio utilitarista de efici\u00eancia e produtividade para lucro individual\u00bb (<em>ibid<\/em>., 159). Precisa-se urgentemente de projetos conjuntos e de a\u00e7\u00f5es concretas, tendo em conta que \u00e9 inaceit\u00e1vel qualquer privatiza\u00e7\u00e3o do bem natural da \u00e1gua que seja contr\u00e1ria ao direito humano de poder ter acesso a ela.<\/p>\n<p>Para n\u00f3s crist\u00e3os, a \u00e1gua \u00e9 um elemento essencial de purifica\u00e7\u00e3o e de vida. O pensamento vai imediatamente para o Batismo, sacramento do nosso renascimento. A \u00e1gua santificada pelo Esp\u00edrito \u00e9 a mat\u00e9ria pela qual Deus nos vivificou e nos renovou; \u00e9 a fonte aben\u00e7oada de uma vida que n\u00e3o morre mais. O Batismo representa tamb\u00e9m, para os crist\u00e3os de diferentes confiss\u00f5es, o ponto de partida real e indispens\u00e1vel para viver uma fraternidade cada vez mais aut\u00eantica no caminho da plena unidade. Jesus, durante a sua miss\u00e3o, prometeu uma \u00e1gua capaz de saciar para sempre a sede do homem (cf.\u00a0<em>Jo<\/em>\u00a04,14), e profetizou: \u00abSe algu\u00e9m tem sede, venha a mim e beba\u00bb (<em>Jo<\/em>\u00a07,37). Ir a Jesus, beber d\u2019Ele significa encontr\u00e1-Lo pessoalmente como Senhor, haurindo da sua Palavra o sentido da vida. Que possam ressoar em n\u00f3s com for\u00e7a as palavras que Ele pronunciou na cruz: \u00abTenho sede\u00bb (<em>Jo<\/em>\u00a019, 28). O Senhor continua a pedir para ser saciado na sua sede, pois tem sede de amor. Ele nos pede para dar-Lhe de beber nos muitos sedentos de hoje, para ent\u00e3o nos dizer: \u00abEu estava com sede e me destes de beber\u00bb (<em>Mt<\/em>\u00a025,35). Dar de beber, na aldeia global, n\u00e3o envolve apenas gestos pessoais de caridade, mas escolhas concretas e compromisso constante de garantir a todos o bem prim\u00e1rio da \u00e1gua.<\/p>\n<p>Gostaria tamb\u00e9m de tocar na quest\u00e3o dos mares e dos oceanos. Devemos agradecer ao Criador pelo dom imponente e maravilhoso das grandes \u00e1guas e de quanto elas cont\u00eam (cf.\u00a0<em>Gen<\/em>\u00a01,20-21;\u00a0<em>Sl<\/em>\u00a0146,6), e louv\u00e1-Lo por ter coberto a terra com os oceanos (cf.\u00a0<em>Sl<\/em>104,6). Orientar os nossos pensamentos para as imensas extens\u00f5es marinhas, em constante movimento, representa tamb\u00e9m, em certo sentido, uma oportunidade para pensar em Deus, que acompanha constantemente a sua cria\u00e7\u00e3o, fazendo com que siga adiante, mantendo-a na exist\u00eancia (cf. S. Jo\u00e3o Paulo II,\u00a0<em>Catequese<\/em>, 7 de Maio de 1986).<\/p>\n<p>Proteger esse bem inestim\u00e1vel todos os dias representa hoje uma responsabilidade imperiosa, um desafio real: \u00e9 necess\u00e1ria uma coopera\u00e7\u00e3o eficaz entre os homens de boa vontade para colaborar na obra cont\u00ednua do Criador. Infelizmente, muitos esfor\u00e7os desaparecem devido \u00e0 falta de regulamenta\u00e7\u00e3o e de controles efetivos, especialmente no que diz respeito \u00e0 prote\u00e7\u00e3o das \u00e1reas marinhas para al\u00e9m das fronteiras nacionais (cf. Carta Enc.\u00a0<em>Laudato si\u2019<\/em>\u2019, 174). N\u00e3o podemos permitir que os mares e oceanos se preencham com extens\u00f5es inertes de pl\u00e1stico flutuante. Tamb\u00e9m para essa emerg\u00eancia somos chamados a nos comprometer, com uma mentalidade ativa, rezando como se tudo dependesse da Provid\u00eancia divina e agindo como se tudo dependesse de n\u00f3s.<\/p>\n<p>Rezemos para que as \u00e1guas n\u00e3o sejam um sinal de separa\u00e7\u00e3o entre os povos, mas de encontro para a comunidade humana. Rezemos para que sejam protegidas aquelas pessoas que arriscam suas vidas em meio \u00e0s ondas em busca de um futuro melhor. Pe\u00e7amos ao Senhor e \u00e0queles que realizam o alto servi\u00e7o da pol\u00edtica que as quest\u00f5es mais delicadas da nossa \u00e9poca, tais como as relacionadas com a migra\u00e7\u00e3o, com a mudan\u00e7a clim\u00e1tica, com o direito para todos de usufru\u00edrem dos bens prim\u00e1rios, sejam encaradas com responsabilidade, com previs\u00e3o olhando para o amanh\u00e3, com generosidade e com esp\u00edrito de coopera\u00e7\u00e3o, especialmente entre os pa\u00edses que t\u00eam maior disponibilidade. Rezemos por aqueles que se dedicam ao apostolado do mar, por aqueles que ajudam a refletir sobre os problemas com que se debatem os ecossistemas mar\u00edtimos, por aqueles que contribuem para o desenvolvimento e a aplica\u00e7\u00e3o de regulamentos internacionais sobre os mares que possam tutelar as pessoas, os Pa\u00edses, os bens, os recursos naturais \u2013 penso, por exemplo, na fauna e na flora marinha, bem como nos recifes de coral (cf.\u00a0<em>ibid<\/em>., 41) ou nos fundos marinhos \u2013 e garantindo um desenvolvimento integral na perspectiva do bem comum de toda a fam\u00edlia humana e n\u00e3o de interesses particulares. Lembremos tamb\u00e9m de quantas pessoas trabalham para a prote\u00e7\u00e3o das \u00e1reas mar\u00edtimas, para a tutela dos oceanos e sua biodiversidade, para que possam realizar essa tarefa com responsabilidade e honestidade.<br \/>\nPor fim, preocupemo-nos com as jovens gera\u00e7\u00f5es e rezemos por elas, para que cres\u00e7am no conhecimento e no respeito pela casa comum e no desejo de cuidar do bem essencial da \u00e1gua para o benef\u00edcio de todos. O meu desejo \u00e9 que as comunidades crist\u00e3s contribuam cada vez mais concretamente para que todos possam usufruir desse recurso indispens\u00e1vel, no cuidado respeitoso dos dons recebidos do Criador, em particular dos cursos de \u00e1gua, mares e oceanos.<\/p>\n<p><em>Vaticano, 1 de Setembro de 2018<\/em><\/p>\n<p><strong>Francisco<\/strong><\/p>\n","protected":false},"excerpt":{"rendered":"<p>Mensagem do Papa Francisco<\/p>\n","protected":false},"author":1,"featured_media":227453,"comment_status":"open","ping_status":"open","sticky":false,"template":"","format":"standard","meta":[],"categories":[1428],"tags":[1229,55],"acf":[],"yoast_head":"<!-- This site is optimized with the Yoast SEO plugin v19.2 - https:\/\/yoast.com\/wordpress\/plugins\/seo\/ -->\n<title>Dia Mundial de Ora\u00e7\u00e3o pelo Cuidado da Cria\u00e7\u00e3o - Not\u00edcias - Franciscanos<\/title>\n<meta name=\"robots\" content=\"index, follow, max-snippet:-1, max-image-preview:large, max-video-preview:-1\" \/>\n<link rel=\"canonical\" href=\"https:\/\/franciscanos.org.br\/noticias\/mensagem-pelo-dia-mundial-de-oracao-pelo-cuidado-da-criacao.html\" \/>\n<meta property=\"og:locale\" content=\"pt_BR\" \/>\n<meta property=\"og:type\" content=\"article\" \/>\n<meta property=\"og:title\" content=\"Dia Mundial de Ora\u00e7\u00e3o pelo Cuidado da Cria\u00e7\u00e3o - Not\u00edcias - Franciscanos\" \/>\n<meta property=\"og:description\" content=\"Mensagem do Papa Francisco\" \/>\n<meta property=\"og:url\" content=\"https:\/\/franciscanos.org.br\/noticias\/mensagem-pelo-dia-mundial-de-oracao-pelo-cuidado-da-criacao.html\" \/>\n<meta property=\"og:site_name\" content=\"Not\u00edcias - Franciscanos\" \/>\n<meta property=\"article:published_time\" content=\"2018-09-01T13:35:34+00:00\" \/>\n<meta property=\"article:modified_time\" content=\"2020-08-04T17:37:17+00:00\" \/>\n<meta property=\"og:image\" content=\"https:\/\/franciscanos.org.br\/noticias\/wp-content\/uploads\/2018\/09\/terra_0508d.png\" \/>\n\t<meta property=\"og:image:width\" content=\"800\" \/>\n\t<meta property=\"og:image:height\" content=\"601\" \/>\n\t<meta property=\"og:image:type\" content=\"image\/png\" \/>\n<meta name=\"author\" content=\"admin\" \/>\n<meta name=\"twitter:card\" content=\"summary_large_image\" \/>\n<meta name=\"twitter:label1\" content=\"Escrito por\" \/>\n\t<meta name=\"twitter:data1\" content=\"admin\" \/>\n\t<meta name=\"twitter:label2\" content=\"Est. tempo de leitura\" \/>\n\t<meta name=\"twitter:data2\" content=\"7 minutos\" \/>\n<script type=\"application\/ld+json\" class=\"yoast-schema-graph\">{\"@context\":\"https:\/\/schema.org\",\"@graph\":[{\"@type\":\"WebSite\",\"@id\":\"https:\/\/franciscanos.org.br\/noticias\/#website\",\"url\":\"https:\/\/franciscanos.org.br\/noticias\/\",\"name\":\"Not\u00edcias - Franciscanos\",\"description\":\"Prov\u00edncia Franciscana da Imaculada Concei\u00e7\u00e3o do Brasil - Ordem dos Frades Menores - OFM\",\"potentialAction\":[{\"@type\":\"SearchAction\",\"target\":{\"@type\":\"EntryPoint\",\"urlTemplate\":\"https:\/\/franciscanos.org.br\/noticias\/?s={search_term_string}\"},\"query-input\":\"required name=search_term_string\"}],\"inLanguage\":\"pt-BR\"},{\"@type\":\"ImageObject\",\"inLanguage\":\"pt-BR\",\"@id\":\"https:\/\/franciscanos.org.br\/noticias\/mensagem-pelo-dia-mundial-de-oracao-pelo-cuidado-da-criacao.html#primaryimage\",\"url\":\"https:\/\/franciscanos.org.br\/noticias\/wp-content\/uploads\/2018\/09\/terra_0508d.png\",\"contentUrl\":\"https:\/\/franciscanos.org.br\/noticias\/wp-content\/uploads\/2018\/09\/terra_0508d.png\",\"width\":800,\"height\":601},{\"@type\":\"WebPage\",\"@id\":\"https:\/\/franciscanos.org.br\/noticias\/mensagem-pelo-dia-mundial-de-oracao-pelo-cuidado-da-criacao.html#webpage\",\"url\":\"https:\/\/franciscanos.org.br\/noticias\/mensagem-pelo-dia-mundial-de-oracao-pelo-cuidado-da-criacao.html\",\"name\":\"Dia Mundial de Ora\u00e7\u00e3o pelo Cuidado da Cria\u00e7\u00e3o - Not\u00edcias - Franciscanos\",\"isPartOf\":{\"@id\":\"https:\/\/franciscanos.org.br\/noticias\/#website\"},\"primaryImageOfPage\":{\"@id\":\"https:\/\/franciscanos.org.br\/noticias\/mensagem-pelo-dia-mundial-de-oracao-pelo-cuidado-da-criacao.html#primaryimage\"},\"datePublished\":\"2018-09-01T13:35:34+00:00\",\"dateModified\":\"2020-08-04T17:37:17+00:00\",\"author\":{\"@id\":\"https:\/\/franciscanos.org.br\/noticias\/#\/schema\/person\/b38fbf43118f02820bd932f2e4b14ad3\"},\"breadcrumb\":{\"@id\":\"https:\/\/franciscanos.org.br\/noticias\/mensagem-pelo-dia-mundial-de-oracao-pelo-cuidado-da-criacao.html#breadcrumb\"},\"inLanguage\":\"pt-BR\",\"potentialAction\":[{\"@type\":\"ReadAction\",\"target\":[\"https:\/\/franciscanos.org.br\/noticias\/mensagem-pelo-dia-mundial-de-oracao-pelo-cuidado-da-criacao.html\"]}]},{\"@type\":\"BreadcrumbList\",\"@id\":\"https:\/\/franciscanos.org.br\/noticias\/mensagem-pelo-dia-mundial-de-oracao-pelo-cuidado-da-criacao.html#breadcrumb\",\"itemListElement\":[{\"@type\":\"ListItem\",\"position\":1,\"name\":\"Home\",\"item\":\"https:\/\/franciscanos.org.br\/noticias\"},{\"@type\":\"ListItem\",\"position\":2,\"name\":\"Dia Mundial de Ora\u00e7\u00e3o pelo Cuidado da Cria\u00e7\u00e3o\"}]},{\"@type\":\"Person\",\"@id\":\"https:\/\/franciscanos.org.br\/noticias\/#\/schema\/person\/b38fbf43118f02820bd932f2e4b14ad3\",\"name\":\"admin\",\"image\":{\"@type\":\"ImageObject\",\"inLanguage\":\"pt-BR\",\"@id\":\"https:\/\/franciscanos.org.br\/noticias\/#\/schema\/person\/image\/\",\"url\":\"https:\/\/secure.gravatar.com\/avatar\/e8495742d34d0ba6448ea1c628263b3e?s=96&d=mm&r=g\",\"contentUrl\":\"https:\/\/secure.gravatar.com\/avatar\/e8495742d34d0ba6448ea1c628263b3e?s=96&d=mm&r=g\",\"caption\":\"admin\"},\"url\":\"https:\/\/franciscanos.org.br\/noticias\/author\/admin\"}]}<\/script>\n<!-- \/ Yoast SEO plugin. -->","yoast_head_json":{"title":"Dia Mundial de Ora\u00e7\u00e3o pelo Cuidado da Cria\u00e7\u00e3o - Not\u00edcias - Franciscanos","robots":{"index":"index","follow":"follow","max-snippet":"max-snippet:-1","max-image-preview":"max-image-preview:large","max-video-preview":"max-video-preview:-1"},"canonical":"https:\/\/franciscanos.org.br\/noticias\/mensagem-pelo-dia-mundial-de-oracao-pelo-cuidado-da-criacao.html","og_locale":"pt_BR","og_type":"article","og_title":"Dia Mundial de Ora\u00e7\u00e3o pelo Cuidado da Cria\u00e7\u00e3o - Not\u00edcias - Franciscanos","og_description":"Mensagem do Papa Francisco","og_url":"https:\/\/franciscanos.org.br\/noticias\/mensagem-pelo-dia-mundial-de-oracao-pelo-cuidado-da-criacao.html","og_site_name":"Not\u00edcias - Franciscanos","article_published_time":"2018-09-01T13:35:34+00:00","article_modified_time":"2020-08-04T17:37:17+00:00","og_image":[{"width":800,"height":601,"url":"https:\/\/franciscanos.org.br\/noticias\/wp-content\/uploads\/2018\/09\/terra_0508d.png","type":"image\/png"}],"author":"admin","twitter_card":"summary_large_image","twitter_misc":{"Escrito por":"admin","Est. tempo de leitura":"7 minutos"},"schema":{"@context":"https:\/\/schema.org","@graph":[{"@type":"WebSite","@id":"https:\/\/franciscanos.org.br\/noticias\/#website","url":"https:\/\/franciscanos.org.br\/noticias\/","name":"Not\u00edcias - Franciscanos","description":"Prov\u00edncia Franciscana da Imaculada Concei\u00e7\u00e3o do Brasil - Ordem dos Frades Menores - OFM","potentialAction":[{"@type":"SearchAction","target":{"@type":"EntryPoint","urlTemplate":"https:\/\/franciscanos.org.br\/noticias\/?s={search_term_string}"},"query-input":"required name=search_term_string"}],"inLanguage":"pt-BR"},{"@type":"ImageObject","inLanguage":"pt-BR","@id":"https:\/\/franciscanos.org.br\/noticias\/mensagem-pelo-dia-mundial-de-oracao-pelo-cuidado-da-criacao.html#primaryimage","url":"https:\/\/franciscanos.org.br\/noticias\/wp-content\/uploads\/2018\/09\/terra_0508d.png","contentUrl":"https:\/\/franciscanos.org.br\/noticias\/wp-content\/uploads\/2018\/09\/terra_0508d.png","width":800,"height":601},{"@type":"WebPage","@id":"https:\/\/franciscanos.org.br\/noticias\/mensagem-pelo-dia-mundial-de-oracao-pelo-cuidado-da-criacao.html#webpage","url":"https:\/\/franciscanos.org.br\/noticias\/mensagem-pelo-dia-mundial-de-oracao-pelo-cuidado-da-criacao.html","name":"Dia Mundial de Ora\u00e7\u00e3o pelo Cuidado da Cria\u00e7\u00e3o - Not\u00edcias - Franciscanos","isPartOf":{"@id":"https:\/\/franciscanos.org.br\/noticias\/#website"},"primaryImageOfPage":{"@id":"https:\/\/franciscanos.org.br\/noticias\/mensagem-pelo-dia-mundial-de-oracao-pelo-cuidado-da-criacao.html#primaryimage"},"datePublished":"2018-09-01T13:35:34+00:00","dateModified":"2020-08-04T17:37:17+00:00","author":{"@id":"https:\/\/franciscanos.org.br\/noticias\/#\/schema\/person\/b38fbf43118f02820bd932f2e4b14ad3"},"breadcrumb":{"@id":"https:\/\/franciscanos.org.br\/noticias\/mensagem-pelo-dia-mundial-de-oracao-pelo-cuidado-da-criacao.html#breadcrumb"},"inLanguage":"pt-BR","potentialAction":[{"@type":"ReadAction","target":["https:\/\/franciscanos.org.br\/noticias\/mensagem-pelo-dia-mundial-de-oracao-pelo-cuidado-da-criacao.html"]}]},{"@type":"BreadcrumbList","@id":"https:\/\/franciscanos.org.br\/noticias\/mensagem-pelo-dia-mundial-de-oracao-pelo-cuidado-da-criacao.html#breadcrumb","itemListElement":[{"@type":"ListItem","position":1,"name":"Home","item":"https:\/\/franciscanos.org.br\/noticias"},{"@type":"ListItem","position":2,"name":"Dia Mundial de Ora\u00e7\u00e3o pelo Cuidado da Cria\u00e7\u00e3o"}]},{"@type":"Person","@id":"https:\/\/franciscanos.org.br\/noticias\/#\/schema\/person\/b38fbf43118f02820bd932f2e4b14ad3","name":"admin","image":{"@type":"ImageObject","inLanguage":"pt-BR","@id":"https:\/\/franciscanos.org.br\/noticias\/#\/schema\/person\/image\/","url":"https:\/\/secure.gravatar.com\/avatar\/e8495742d34d0ba6448ea1c628263b3e?s=96&d=mm&r=g","contentUrl":"https:\/\/secure.gravatar.com\/avatar\/e8495742d34d0ba6448ea1c628263b3e?s=96&d=mm&r=g","caption":"admin"},"url":"https:\/\/franciscanos.org.br\/noticias\/author\/admin"}]}},"_links":{"self":[{"href":"https:\/\/franciscanos.org.br\/noticias\/wp-json\/wp\/v2\/posts\/170738"}],"collection":[{"href":"https:\/\/franciscanos.org.br\/noticias\/wp-json\/wp\/v2\/posts"}],"about":[{"href":"https:\/\/franciscanos.org.br\/noticias\/wp-json\/wp\/v2\/types\/post"}],"author":[{"embeddable":true,"href":"https:\/\/franciscanos.org.br\/noticias\/wp-json\/wp\/v2\/users\/1"}],"replies":[{"embeddable":true,"href":"https:\/\/franciscanos.org.br\/noticias\/wp-json\/wp\/v2\/comments?post=170738"}],"version-history":[{"count":3,"href":"https:\/\/franciscanos.org.br\/noticias\/wp-json\/wp\/v2\/posts\/170738\/revisions"}],"predecessor-version":[{"id":227454,"href":"https:\/\/franciscanos.org.br\/noticias\/wp-json\/wp\/v2\/posts\/170738\/revisions\/227454"}],"wp:featuredmedia":[{"embeddable":true,"href":"https:\/\/franciscanos.org.br\/noticias\/wp-json\/wp\/v2\/media\/227453"}],"wp:attachment":[{"href":"https:\/\/franciscanos.org.br\/noticias\/wp-json\/wp\/v2\/media?parent=170738"}],"wp:term":[{"taxonomy":"category","embeddable":true,"href":"https:\/\/franciscanos.org.br\/noticias\/wp-json\/wp\/v2\/categories?post=170738"},{"taxonomy":"post_tag","embeddable":true,"href":"https:\/\/franciscanos.org.br\/noticias\/wp-json\/wp\/v2\/tags?post=170738"}],"curies":[{"name":"wp","href":"https:\/\/api.w.org\/{rel}","templated":true}]}}