{"id":170692,"date":"2018-09-03T08:30:46","date_gmt":"2018-09-03T11:30:46","guid":{"rendered":"http:\/\/franciscanos.org.br\/?p=170692"},"modified":"2020-06-07T07:38:26","modified_gmt":"2020-06-07T10:38:26","slug":"silencio-e-oracao-diante-de-quem-busca-o-escandalo","status":"publish","type":"post","link":"https:\/\/franciscanos.org.br\/noticias\/silencio-e-oracao-diante-de-quem-busca-o-escandalo.html","title":{"rendered":"Sil\u00eancio e ora\u00e7\u00e3o diante de quem busca esc\u00e2ndalo"},"content":{"rendered":"<p><img loading=\"lazy\" class=\"aligncenter\" src=\"http:\/\/franciscanos.org.br\/wp-content\/uploads\/2018\/09\/papa_030918-830.jpg\" alt=\"papa_030918 830\" width=\"830\" height=\"401\" \/><br \/>\n<strong>Cidade do Vaticano &#8211;\u00a0<\/strong>Nesta segunda-feira, 3 de setembro, quando o pontificado do Papa Francisco completa 2 mil dias, o Pont\u00edfice retomou sua habitual agenda, inclusive celebrando as missas na capela da Casa Santa Marta.<\/p>\n<p>O Papa comentou o Evangelho do dia, extra\u00eddo de Lucas, afirmando que a vontade de \u201cesc\u00e2ndalo\u201d e de \u201cdivis\u00e3o\u201d s\u00f3 pode ser combatida com o sil\u00eancio e a ora\u00e7\u00e3o.<br \/>\nDe volta a Nazar\u00e9, Jesus \u00e9 acolhido com reserva. A Palavra do Senhor cristalizada nesta narra\u00e7\u00e3o permite, portanto, \u201crefletir sobre o modo de agir cotidiano, quando h\u00e1 incompreens\u00f5es\u201d e entender \u201ccomo pai da mentira, o acusador, o diabo, atua para destruir a unidade de uma fam\u00edlia, de um povo\u201d.<\/p>\n<p><strong>Nenhum profeta \u00e9 bem recebido em sua P\u00e1tria<\/strong><\/p>\n<p>Ao chegar \u00e0 sinagoga, Jesus \u00e9 acolhido com grande curiosidade: todos querem ver com os pr\u00f3prios olhos as grandes obras de que foi capaz em outras terras. Mas o Filho do Pai Celeste usa somente \u201ca Palavra de Deus\u201d, um h\u00e1bito que adota quando \u201cquer vencer o Diabo\u201d. E \u00e9 justamente esta atitude de humildade que deixa espa\u00e7o \u00e0 primeira \u201cpalavra-ponte\u201d, esclareceu o Papa, uma palavra que semeia a \u201cd\u00favida\u201d, que leva a uma mudan\u00e7a de atmosfera, \u201cda paz \u00e0 guerra\u201d, \u201cdo estupor ao desprezo\u201d. Com o \u201cseu sil\u00eancio\u201d, Jesus vence os \u201cc\u00e3es raivosos\u201d, vence \u201co diabo\u201d que \u201ctinha semeado a mentira no cora\u00e7\u00e3o\u201d.<\/p>\n<p>\u201cN\u00e3o eram pessoas, era um bando de c\u00e3es raivosos que o expulsaram da cidade. N\u00e3o raciocinavam, gritavam. Jesus ficou em sil\u00eancio. Levaram-no at\u00e9 ao alto do monte com a inten\u00e7\u00e3o de lan\u00e7\u00e1-lo no precip\u00edcio. Esta passagem do Evangelho termina assim: com o seu sil\u00eancio vence aquele bando selvagem e vai embora, pois n\u00e3o tinha chegado ainda a hora. O mesmo acontece na Sexta-feira da Paix\u00e3o: as pessoas que no Domingo de Ramos fizeram festa para Jesus e disseram \u201cBendito \u00e9s Tu, Filho de Davi\u201d, diziam crucifica-o: tinham mudado. O diabo semeou a mentira em seu cora\u00e7\u00e3o, e Jesus fazia sil\u00eancio.\u201d<\/p>\n<p><strong>A verdade \u00e9 mansid\u00e3o<\/strong><\/p>\n<p>\u201cIsto nos ensina que quando existe este modo de agir, de n\u00e3o ver a verdade, permanece o sil\u00eancio\u201d, afirmou o Papa.<\/p>\n<p>\u201cO sil\u00eancio que vence, por\u00e9m atrav\u00e9s da Cruz. O sil\u00eancio de Jesus. Quantas vezes nas fam\u00edlias come\u00e7am as discuss\u00f5es sobre pol\u00edtica, esporte, dinheiro, uma vez, depois outra e aquelas fam\u00edlias acabam sendo destru\u00eddas naquelas discuss\u00f5es em que se v\u00ea que o diabo est\u00e1 ali, que quer destruir&#8230; Sil\u00eancio. Dizer o que pensa e depois se calar, pois a verdade \u00e9 mansid\u00e3o, a verdade \u00e9 silenciosa, a verdade n\u00e3o \u00e9 barulhenta. N\u00e3o \u00e9 f\u00e1cil o que Jesus fez, mas h\u00e1 a dignidade do crist\u00e3o que est\u00e1 fundamentada na for\u00e7a de Deus. Com as pessoas que n\u00e3o t\u00eam boa vontade, com as pessoas que buscam somente o esc\u00e2ndalo, que buscam somente a divis\u00e3o, que buscam somente a destrui\u00e7\u00e3o tamb\u00e9m nas fam\u00edlias: sil\u00eancio e ora\u00e7\u00e3o.\u201d<\/p>\n<p><strong>A dignidade da vit\u00f3ria da ressurrei\u00e7\u00e3o<\/strong><\/p>\n<p>O Papa Francisco concluiu com esta ora\u00e7\u00e3o:\u00a0\u201cSenhor, nos d\u00ea a gra\u00e7a do discernimento quando devemos falar e quando devemos calar, durante a vida toda: no trabalho, em casa, na sociedade&#8230; durante a vida inteira. Assim, seremos mais imitadores de Jesus\u201d.<\/p>\n<hr \/>\n<p><em>Fonte: Vatican News<\/em><\/p>\n","protected":false},"excerpt":{"rendered":"<p>Missa em Santa Marta<\/p>\n","protected":false},"author":1,"featured_media":191887,"comment_status":"open","ping_status":"open","sticky":false,"template":"","format":"standard","meta":[],"categories":[1428],"tags":[1586],"acf":[],"yoast_head":"<!-- This site is optimized with the Yoast SEO plugin v19.2 - https:\/\/yoast.com\/wordpress\/plugins\/seo\/ -->\n<title>Sil\u00eancio e ora\u00e7\u00e3o diante de quem busca esc\u00e2ndalo - Not\u00edcias - Franciscanos<\/title>\n<meta name=\"robots\" content=\"index, follow, max-snippet:-1, max-image-preview:large, max-video-preview:-1\" \/>\n<link rel=\"canonical\" href=\"https:\/\/franciscanos.org.br\/noticias\/silencio-e-oracao-diante-de-quem-busca-o-escandalo.html\" \/>\n<meta property=\"og:locale\" content=\"pt_BR\" \/>\n<meta property=\"og:type\" content=\"article\" \/>\n<meta property=\"og:title\" content=\"Sil\u00eancio e ora\u00e7\u00e3o diante de quem busca esc\u00e2ndalo - Not\u00edcias - Franciscanos\" \/>\n<meta property=\"og:description\" content=\"Missa em Santa Marta\" \/>\n<meta property=\"og:url\" content=\"https:\/\/franciscanos.org.br\/noticias\/silencio-e-oracao-diante-de-quem-busca-o-escandalo.html\" \/>\n<meta property=\"og:site_name\" content=\"Not\u00edcias - Franciscanos\" \/>\n<meta property=\"article:published_time\" content=\"2018-09-03T11:30:46+00:00\" \/>\n<meta property=\"article:modified_time\" content=\"2020-06-07T10:38:26+00:00\" \/>\n<meta property=\"og:image\" content=\"https:\/\/franciscanos.org.br\/noticias\/wp-content\/uploads\/2018\/09\/papa_030918-1.jpg\" \/>\n\t<meta property=\"og:image:width\" content=\"273\" \/>\n\t<meta property=\"og:image:height\" content=\"181\" \/>\n\t<meta property=\"og:image:type\" content=\"image\/jpeg\" \/>\n<meta name=\"author\" content=\"admin\" \/>\n<meta name=\"twitter:card\" content=\"summary_large_image\" \/>\n<meta name=\"twitter:label1\" content=\"Escrito por\" \/>\n\t<meta name=\"twitter:data1\" content=\"admin\" \/>\n\t<meta name=\"twitter:label2\" content=\"Est. tempo de leitura\" \/>\n\t<meta name=\"twitter:data2\" content=\"3 minutos\" \/>\n<script type=\"application\/ld+json\" class=\"yoast-schema-graph\">{\"@context\":\"https:\/\/schema.org\",\"@graph\":[{\"@type\":\"WebSite\",\"@id\":\"https:\/\/franciscanos.org.br\/noticias\/#website\",\"url\":\"https:\/\/franciscanos.org.br\/noticias\/\",\"name\":\"Not\u00edcias - Franciscanos\",\"description\":\"Prov\u00edncia Franciscana da Imaculada Concei\u00e7\u00e3o do Brasil - Ordem dos Frades Menores - OFM\",\"potentialAction\":[{\"@type\":\"SearchAction\",\"target\":{\"@type\":\"EntryPoint\",\"urlTemplate\":\"https:\/\/franciscanos.org.br\/noticias\/?s={search_term_string}\"},\"query-input\":\"required name=search_term_string\"}],\"inLanguage\":\"pt-BR\"},{\"@type\":\"ImageObject\",\"inLanguage\":\"pt-BR\",\"@id\":\"https:\/\/franciscanos.org.br\/noticias\/silencio-e-oracao-diante-de-quem-busca-o-escandalo.html#primaryimage\",\"url\":\"https:\/\/franciscanos.org.br\/noticias\/wp-content\/uploads\/2018\/09\/papa_030918-1.jpg\",\"contentUrl\":\"https:\/\/franciscanos.org.br\/noticias\/wp-content\/uploads\/2018\/09\/papa_030918-1.jpg\",\"width\":273,\"height\":181},{\"@type\":\"WebPage\",\"@id\":\"https:\/\/franciscanos.org.br\/noticias\/silencio-e-oracao-diante-de-quem-busca-o-escandalo.html#webpage\",\"url\":\"https:\/\/franciscanos.org.br\/noticias\/silencio-e-oracao-diante-de-quem-busca-o-escandalo.html\",\"name\":\"Sil\u00eancio e ora\u00e7\u00e3o diante de quem busca esc\u00e2ndalo - Not\u00edcias - Franciscanos\",\"isPartOf\":{\"@id\":\"https:\/\/franciscanos.org.br\/noticias\/#website\"},\"primaryImageOfPage\":{\"@id\":\"https:\/\/franciscanos.org.br\/noticias\/silencio-e-oracao-diante-de-quem-busca-o-escandalo.html#primaryimage\"},\"datePublished\":\"2018-09-03T11:30:46+00:00\",\"dateModified\":\"2020-06-07T10:38:26+00:00\",\"author\":{\"@id\":\"https:\/\/franciscanos.org.br\/noticias\/#\/schema\/person\/b38fbf43118f02820bd932f2e4b14ad3\"},\"breadcrumb\":{\"@id\":\"https:\/\/franciscanos.org.br\/noticias\/silencio-e-oracao-diante-de-quem-busca-o-escandalo.html#breadcrumb\"},\"inLanguage\":\"pt-BR\",\"potentialAction\":[{\"@type\":\"ReadAction\",\"target\":[\"https:\/\/franciscanos.org.br\/noticias\/silencio-e-oracao-diante-de-quem-busca-o-escandalo.html\"]}]},{\"@type\":\"BreadcrumbList\",\"@id\":\"https:\/\/franciscanos.org.br\/noticias\/silencio-e-oracao-diante-de-quem-busca-o-escandalo.html#breadcrumb\",\"itemListElement\":[{\"@type\":\"ListItem\",\"position\":1,\"name\":\"Home\",\"item\":\"https:\/\/franciscanos.org.br\/noticias\"},{\"@type\":\"ListItem\",\"position\":2,\"name\":\"Sil\u00eancio e ora\u00e7\u00e3o diante de quem busca esc\u00e2ndalo\"}]},{\"@type\":\"Person\",\"@id\":\"https:\/\/franciscanos.org.br\/noticias\/#\/schema\/person\/b38fbf43118f02820bd932f2e4b14ad3\",\"name\":\"admin\",\"image\":{\"@type\":\"ImageObject\",\"inLanguage\":\"pt-BR\",\"@id\":\"https:\/\/franciscanos.org.br\/noticias\/#\/schema\/person\/image\/\",\"url\":\"https:\/\/secure.gravatar.com\/avatar\/e8495742d34d0ba6448ea1c628263b3e?s=96&d=mm&r=g\",\"contentUrl\":\"https:\/\/secure.gravatar.com\/avatar\/e8495742d34d0ba6448ea1c628263b3e?s=96&d=mm&r=g\",\"caption\":\"admin\"},\"url\":\"https:\/\/franciscanos.org.br\/noticias\/author\/admin\"}]}<\/script>\n<!-- \/ Yoast SEO plugin. -->","yoast_head_json":{"title":"Sil\u00eancio e ora\u00e7\u00e3o diante de quem busca esc\u00e2ndalo - Not\u00edcias - Franciscanos","robots":{"index":"index","follow":"follow","max-snippet":"max-snippet:-1","max-image-preview":"max-image-preview:large","max-video-preview":"max-video-preview:-1"},"canonical":"https:\/\/franciscanos.org.br\/noticias\/silencio-e-oracao-diante-de-quem-busca-o-escandalo.html","og_locale":"pt_BR","og_type":"article","og_title":"Sil\u00eancio e ora\u00e7\u00e3o diante de quem busca esc\u00e2ndalo - Not\u00edcias - Franciscanos","og_description":"Missa em Santa Marta","og_url":"https:\/\/franciscanos.org.br\/noticias\/silencio-e-oracao-diante-de-quem-busca-o-escandalo.html","og_site_name":"Not\u00edcias - Franciscanos","article_published_time":"2018-09-03T11:30:46+00:00","article_modified_time":"2020-06-07T10:38:26+00:00","og_image":[{"width":273,"height":181,"url":"https:\/\/franciscanos.org.br\/noticias\/wp-content\/uploads\/2018\/09\/papa_030918-1.jpg","type":"image\/jpeg"}],"author":"admin","twitter_card":"summary_large_image","twitter_misc":{"Escrito por":"admin","Est. tempo de leitura":"3 minutos"},"schema":{"@context":"https:\/\/schema.org","@graph":[{"@type":"WebSite","@id":"https:\/\/franciscanos.org.br\/noticias\/#website","url":"https:\/\/franciscanos.org.br\/noticias\/","name":"Not\u00edcias - Franciscanos","description":"Prov\u00edncia Franciscana da Imaculada Concei\u00e7\u00e3o do Brasil - Ordem dos Frades Menores - OFM","potentialAction":[{"@type":"SearchAction","target":{"@type":"EntryPoint","urlTemplate":"https:\/\/franciscanos.org.br\/noticias\/?s={search_term_string}"},"query-input":"required name=search_term_string"}],"inLanguage":"pt-BR"},{"@type":"ImageObject","inLanguage":"pt-BR","@id":"https:\/\/franciscanos.org.br\/noticias\/silencio-e-oracao-diante-de-quem-busca-o-escandalo.html#primaryimage","url":"https:\/\/franciscanos.org.br\/noticias\/wp-content\/uploads\/2018\/09\/papa_030918-1.jpg","contentUrl":"https:\/\/franciscanos.org.br\/noticias\/wp-content\/uploads\/2018\/09\/papa_030918-1.jpg","width":273,"height":181},{"@type":"WebPage","@id":"https:\/\/franciscanos.org.br\/noticias\/silencio-e-oracao-diante-de-quem-busca-o-escandalo.html#webpage","url":"https:\/\/franciscanos.org.br\/noticias\/silencio-e-oracao-diante-de-quem-busca-o-escandalo.html","name":"Sil\u00eancio e ora\u00e7\u00e3o diante de quem busca esc\u00e2ndalo - Not\u00edcias - Franciscanos","isPartOf":{"@id":"https:\/\/franciscanos.org.br\/noticias\/#website"},"primaryImageOfPage":{"@id":"https:\/\/franciscanos.org.br\/noticias\/silencio-e-oracao-diante-de-quem-busca-o-escandalo.html#primaryimage"},"datePublished":"2018-09-03T11:30:46+00:00","dateModified":"2020-06-07T10:38:26+00:00","author":{"@id":"https:\/\/franciscanos.org.br\/noticias\/#\/schema\/person\/b38fbf43118f02820bd932f2e4b14ad3"},"breadcrumb":{"@id":"https:\/\/franciscanos.org.br\/noticias\/silencio-e-oracao-diante-de-quem-busca-o-escandalo.html#breadcrumb"},"inLanguage":"pt-BR","potentialAction":[{"@type":"ReadAction","target":["https:\/\/franciscanos.org.br\/noticias\/silencio-e-oracao-diante-de-quem-busca-o-escandalo.html"]}]},{"@type":"BreadcrumbList","@id":"https:\/\/franciscanos.org.br\/noticias\/silencio-e-oracao-diante-de-quem-busca-o-escandalo.html#breadcrumb","itemListElement":[{"@type":"ListItem","position":1,"name":"Home","item":"https:\/\/franciscanos.org.br\/noticias"},{"@type":"ListItem","position":2,"name":"Sil\u00eancio e ora\u00e7\u00e3o diante de quem busca esc\u00e2ndalo"}]},{"@type":"Person","@id":"https:\/\/franciscanos.org.br\/noticias\/#\/schema\/person\/b38fbf43118f02820bd932f2e4b14ad3","name":"admin","image":{"@type":"ImageObject","inLanguage":"pt-BR","@id":"https:\/\/franciscanos.org.br\/noticias\/#\/schema\/person\/image\/","url":"https:\/\/secure.gravatar.com\/avatar\/e8495742d34d0ba6448ea1c628263b3e?s=96&d=mm&r=g","contentUrl":"https:\/\/secure.gravatar.com\/avatar\/e8495742d34d0ba6448ea1c628263b3e?s=96&d=mm&r=g","caption":"admin"},"url":"https:\/\/franciscanos.org.br\/noticias\/author\/admin"}]}},"_links":{"self":[{"href":"https:\/\/franciscanos.org.br\/noticias\/wp-json\/wp\/v2\/posts\/170692"}],"collection":[{"href":"https:\/\/franciscanos.org.br\/noticias\/wp-json\/wp\/v2\/posts"}],"about":[{"href":"https:\/\/franciscanos.org.br\/noticias\/wp-json\/wp\/v2\/types\/post"}],"author":[{"embeddable":true,"href":"https:\/\/franciscanos.org.br\/noticias\/wp-json\/wp\/v2\/users\/1"}],"replies":[{"embeddable":true,"href":"https:\/\/franciscanos.org.br\/noticias\/wp-json\/wp\/v2\/comments?post=170692"}],"version-history":[{"count":1,"href":"https:\/\/franciscanos.org.br\/noticias\/wp-json\/wp\/v2\/posts\/170692\/revisions"}],"predecessor-version":[{"id":224848,"href":"https:\/\/franciscanos.org.br\/noticias\/wp-json\/wp\/v2\/posts\/170692\/revisions\/224848"}],"wp:featuredmedia":[{"embeddable":true,"href":"https:\/\/franciscanos.org.br\/noticias\/wp-json\/wp\/v2\/media\/191887"}],"wp:attachment":[{"href":"https:\/\/franciscanos.org.br\/noticias\/wp-json\/wp\/v2\/media?parent=170692"}],"wp:term":[{"taxonomy":"category","embeddable":true,"href":"https:\/\/franciscanos.org.br\/noticias\/wp-json\/wp\/v2\/categories?post=170692"},{"taxonomy":"post_tag","embeddable":true,"href":"https:\/\/franciscanos.org.br\/noticias\/wp-json\/wp\/v2\/tags?post=170692"}],"curies":[{"name":"wp","href":"https:\/\/api.w.org\/{rel}","templated":true}]}}