{"id":170670,"date":"2018-09-02T13:07:23","date_gmt":"2018-09-02T16:07:23","guid":{"rendered":"http:\/\/franciscanos.org.br\/?p=170670"},"modified":"2020-06-07T07:39:09","modified_gmt":"2020-06-07T10:39:09","slug":"papa-purificar-a-fe-da-hipocrisia-e-do-legalismo","status":"publish","type":"post","link":"https:\/\/franciscanos.org.br\/noticias\/papa-purificar-a-fe-da-hipocrisia-e-do-legalismo.html","title":{"rendered":"Papa: &#8220;Purificar a f\u00e9 da hipocrisia e do legalismo&#8221;"},"content":{"rendered":"<p><strong><img loading=\"lazy\" class=\"aligncenter\" src=\"http:\/\/franciscanos.org.br\/wp-content\/uploads\/2018\/09\/papa_angelus_020918_2.jpg\" alt=\"papa_angelus_020918_2\" width=\"830\" height=\"500\" \/><\/strong><\/p>\n<p><strong>Cidade do Vaticano &#8211;\u00a0<\/strong>O Senhor nos convida continuamente a fugir do perigo de \u201cdar mais import\u00e2ncia \u00e0 forma do que \u00e0 subst\u00e2ncia\u201d, e a reconhecer que o amor a Deus e ao pr\u00f3ximo \u00e9 o verdadeiro centro da experi\u00eancia da f\u00e9, que deve ser purificada \u201cda hipocrisia do legalismo e do ritualismo\u201d.<\/p>\n<p>Um alerta para o comportamento hip\u00f3crita: em s\u00edntese, este foi o teor da alocu\u00e7\u00e3o do Santo Padre, antes de rezar o Angelus neste XXII Domingo do Tempo Comum.<\/p>\n<p>Dirigindo-se aos milhares de peregrinos e turistas presentes na Pra\u00e7a S\u00e3o Pedro, o Pont\u00edfice disse que este tema tratado no Evangelho de Marcos na liturgia deste domingo, \u00e9 \u201cimportante para todos n\u00f3s crentes: a autenticidade de nossa obedi\u00eancia \u00e0 Palavra de Deus, contra toda contamina\u00e7\u00e3o mundana ou formalismo legalista\u201d.<\/p>\n<p>\u201cNa realidade \u2013 afirmou Francisco &#8211; um homem, uma mulher, que vive na vaidade, na avareza, na soberba e ao mesmo tempo acredita e se mostra como religioso e at\u00e9 mesmo chega a condenar os outros, \u00e9 um hip\u00f3crita\u201d. E as palavras de Jesus para este \u201cadjetivo\u201d, s\u00e3o \u201cclaras e fortes!\u201d<\/p>\n<p>\u201cHip\u00f3crita \u00e9, por assim dizer \u2013 explicou &#8211; um dos adjetivos mais fortes que Jesus usa no Evangelho e o pronuncia dirigindo-se aos mestres da religi\u00e3o: doutores da lei, escribas&#8230; \u201cHip\u00f3crita!\u201d, diz Jesus\u201d: \u201cDe fato, Jesus quer sacudir os escribas e os fariseus do erro em que eles ca\u00edram, e qual \u00e9 este erro? O de desvirtuar a vontade de Deus negligenciando seus mandamentos para observar as tradi\u00e7\u00f5es humanas\u201d.<\/p>\n<p>\u201c A rea\u00e7\u00e3o de Jesus \u00e9 severa porque \u00e9 grande o que est\u00e1 em jogo: trata-se da verdade da rela\u00e7\u00e3o entre o homem e Deus, da autenticidade da vida religiosa. O hip\u00f3crita \u00e9 um mentiroso, n\u00e3o \u00e9 aut\u00eantico. \u201d<\/p>\n<p>O Papa recorda que o convite do Senhor para fugirmos \u201cdo perigo de dar mais import\u00e2ncia \u00e0 forma que \u00e0 subst\u00e2ncia\u201d, \u00e9 dirigido tamb\u00e9m \u00e0 n\u00f3s, hoje: \u201cEle nos chama a reconhecer, sempre de novo, aquele que \u00e9 o verdadeiro centro da experi\u00eancia da f\u00e9, isto \u00e9, o amor de Deus e o amor ao pr\u00f3ximo, purificando-a da hipocrisia do legalismo e do ritualismo\u201d.<\/p>\n<p><img loading=\"lazy\" class=\"aligncenter\" src=\"http:\/\/franciscanos.org.br\/wp-content\/uploads\/2018\/09\/papa_angelus_020918_1.jpg\" alt=\"papa_angelus_020918_1\" width=\"830\" height=\"400\" \/><\/p>\n<p>Tamb\u00e9m Tiago, na segunda leitura, \u201cnos diz em s\u00edntese\u201d, que a verdadeira religi\u00e3o \u00e9 \u201cvisitar os \u00f3rf\u00e3os e as vi\u00favas no sofrimento e n\u00e3o se deixar contaminar por este mundo&#8221;: \u201c&#8217;Visitar \u00f3rf\u00e3os e vi\u00favas&#8217; significa praticar a caridade com o pr\u00f3ximo, come\u00e7ando pelos mais necessitados, os mais fr\u00e1geis, os mais marginalizados. S\u00e3o as pessoas de quem Deus cuida de forma especial e pede a n\u00f3s para fazer o mesmo\u201d. \u201c &#8220;N\u00e3o deixar-se contaminar por este mundo&#8221; n\u00e3o significa isolar-se e fechar-se \u00e0 realidade. N\u00e3o! \u201d<\/p>\n<p>\u201cTamb\u00e9m aqui n\u00e3o deve ser uma atitude exterior, mas interior, de subst\u00e2ncia\u201d, que \u201csignifica vigiar para que o nosso modo de pensar e agir n\u00e3o seja polu\u00eddo pela mentalidade mundana, isto \u00e9, pela vaidade, avareza, soberba\u201d: \u201cNa realidade, um homem, uma mulher, que vive na vaidade, na avareza, na soberba e ao mesmo tempo acredita e se mostra como religioso e at\u00e9 mesmo chega a condenar os outros, \u00e9 um hip\u00f3crita\u201d.<\/p>\n<p>O Papa ent\u00e3o convida ent\u00e3o para fazermos um exame de consci\u00eancia para ver como acolhemos a Palavra de Deus, pois \u201cse a escutarmos de maneira distra\u00edda ou superficial, ela n\u00e3o nos servir\u00e1 muito\u201d: \u201cEm vez disso, devemos acolher a Palavra com mente e cora\u00e7\u00e3o abertos, como um terreno bom, para que seja assimilada e produza frutos na vida concreta. Jesus diz que a Palavra de Deus \u00e9 como o trigo, \u00e9 uma semente que deve crescer nas obras concretas. Assim a pr\u00f3pria Palavra nos purifica o cora\u00e7\u00e3o e as a\u00e7\u00f5es e a nossa rela\u00e7\u00e3o com Deus e com os outros \u00e9 libertada da hipocrisia\u201d.<\/p>\n<p>Que o exemplo e a intercess\u00e3o da Virgem Maria &#8211; disse o Papa ao concluir &#8211; nos ajudem a honrar sempre o Senhor com o cora\u00e7\u00e3o, testemunhando o nosso amor por ele nas escolhas concretas para o bem dos irm\u00e3os.<\/p>\n<hr \/>\n<p><em>Fonte: Vatican News<\/em><\/p>\n","protected":false},"excerpt":{"rendered":"<p>Angelus<\/p>\n","protected":false},"author":1,"featured_media":191889,"comment_status":"open","ping_status":"open","sticky":false,"template":"","format":"standard","meta":[],"categories":[1428],"tags":[403],"acf":[],"yoast_head":"<!-- This site is optimized with the Yoast SEO plugin v19.2 - https:\/\/yoast.com\/wordpress\/plugins\/seo\/ -->\n<title>Papa: &quot;Purificar a f\u00e9 da hipocrisia e do legalismo&quot; - Not\u00edcias - Franciscanos<\/title>\n<meta name=\"robots\" content=\"index, follow, max-snippet:-1, max-image-preview:large, max-video-preview:-1\" \/>\n<link rel=\"canonical\" href=\"https:\/\/franciscanos.org.br\/noticias\/papa-purificar-a-fe-da-hipocrisia-e-do-legalismo.html\" \/>\n<meta property=\"og:locale\" content=\"pt_BR\" \/>\n<meta property=\"og:type\" content=\"article\" \/>\n<meta property=\"og:title\" content=\"Papa: &quot;Purificar a f\u00e9 da hipocrisia e do legalismo&quot; - Not\u00edcias - Franciscanos\" \/>\n<meta property=\"og:description\" content=\"Angelus\" \/>\n<meta property=\"og:url\" content=\"https:\/\/franciscanos.org.br\/noticias\/papa-purificar-a-fe-da-hipocrisia-e-do-legalismo.html\" \/>\n<meta property=\"og:site_name\" content=\"Not\u00edcias - Franciscanos\" \/>\n<meta property=\"article:published_time\" content=\"2018-09-02T16:07:23+00:00\" \/>\n<meta property=\"article:modified_time\" content=\"2020-06-07T10:39:09+00:00\" \/>\n<meta property=\"og:image\" content=\"https:\/\/franciscanos.org.br\/noticias\/wp-content\/uploads\/2018\/09\/papa_angelus_020918.jpg\" \/>\n\t<meta property=\"og:image:width\" content=\"273\" \/>\n\t<meta property=\"og:image:height\" content=\"181\" \/>\n\t<meta property=\"og:image:type\" content=\"image\/jpeg\" \/>\n<meta name=\"author\" content=\"admin\" \/>\n<meta name=\"twitter:card\" content=\"summary_large_image\" \/>\n<meta name=\"twitter:label1\" content=\"Escrito por\" \/>\n\t<meta name=\"twitter:data1\" content=\"admin\" \/>\n\t<meta name=\"twitter:label2\" content=\"Est. tempo de leitura\" \/>\n\t<meta name=\"twitter:data2\" content=\"3 minutos\" \/>\n<script type=\"application\/ld+json\" class=\"yoast-schema-graph\">{\"@context\":\"https:\/\/schema.org\",\"@graph\":[{\"@type\":\"WebSite\",\"@id\":\"https:\/\/franciscanos.org.br\/noticias\/#website\",\"url\":\"https:\/\/franciscanos.org.br\/noticias\/\",\"name\":\"Not\u00edcias - Franciscanos\",\"description\":\"Prov\u00edncia Franciscana da Imaculada Concei\u00e7\u00e3o do Brasil - Ordem dos Frades Menores - OFM\",\"potentialAction\":[{\"@type\":\"SearchAction\",\"target\":{\"@type\":\"EntryPoint\",\"urlTemplate\":\"https:\/\/franciscanos.org.br\/noticias\/?s={search_term_string}\"},\"query-input\":\"required name=search_term_string\"}],\"inLanguage\":\"pt-BR\"},{\"@type\":\"ImageObject\",\"inLanguage\":\"pt-BR\",\"@id\":\"https:\/\/franciscanos.org.br\/noticias\/papa-purificar-a-fe-da-hipocrisia-e-do-legalismo.html#primaryimage\",\"url\":\"https:\/\/franciscanos.org.br\/noticias\/wp-content\/uploads\/2018\/09\/papa_angelus_020918.jpg\",\"contentUrl\":\"https:\/\/franciscanos.org.br\/noticias\/wp-content\/uploads\/2018\/09\/papa_angelus_020918.jpg\",\"width\":273,\"height\":181},{\"@type\":\"WebPage\",\"@id\":\"https:\/\/franciscanos.org.br\/noticias\/papa-purificar-a-fe-da-hipocrisia-e-do-legalismo.html#webpage\",\"url\":\"https:\/\/franciscanos.org.br\/noticias\/papa-purificar-a-fe-da-hipocrisia-e-do-legalismo.html\",\"name\":\"Papa: \\\"Purificar a f\u00e9 da hipocrisia e do legalismo\\\" - Not\u00edcias - Franciscanos\",\"isPartOf\":{\"@id\":\"https:\/\/franciscanos.org.br\/noticias\/#website\"},\"primaryImageOfPage\":{\"@id\":\"https:\/\/franciscanos.org.br\/noticias\/papa-purificar-a-fe-da-hipocrisia-e-do-legalismo.html#primaryimage\"},\"datePublished\":\"2018-09-02T16:07:23+00:00\",\"dateModified\":\"2020-06-07T10:39:09+00:00\",\"author\":{\"@id\":\"https:\/\/franciscanos.org.br\/noticias\/#\/schema\/person\/b38fbf43118f02820bd932f2e4b14ad3\"},\"breadcrumb\":{\"@id\":\"https:\/\/franciscanos.org.br\/noticias\/papa-purificar-a-fe-da-hipocrisia-e-do-legalismo.html#breadcrumb\"},\"inLanguage\":\"pt-BR\",\"potentialAction\":[{\"@type\":\"ReadAction\",\"target\":[\"https:\/\/franciscanos.org.br\/noticias\/papa-purificar-a-fe-da-hipocrisia-e-do-legalismo.html\"]}]},{\"@type\":\"BreadcrumbList\",\"@id\":\"https:\/\/franciscanos.org.br\/noticias\/papa-purificar-a-fe-da-hipocrisia-e-do-legalismo.html#breadcrumb\",\"itemListElement\":[{\"@type\":\"ListItem\",\"position\":1,\"name\":\"Home\",\"item\":\"https:\/\/franciscanos.org.br\/noticias\"},{\"@type\":\"ListItem\",\"position\":2,\"name\":\"Papa: &#8220;Purificar a f\u00e9 da hipocrisia e do legalismo&#8221;\"}]},{\"@type\":\"Person\",\"@id\":\"https:\/\/franciscanos.org.br\/noticias\/#\/schema\/person\/b38fbf43118f02820bd932f2e4b14ad3\",\"name\":\"admin\",\"image\":{\"@type\":\"ImageObject\",\"inLanguage\":\"pt-BR\",\"@id\":\"https:\/\/franciscanos.org.br\/noticias\/#\/schema\/person\/image\/\",\"url\":\"https:\/\/secure.gravatar.com\/avatar\/e8495742d34d0ba6448ea1c628263b3e?s=96&d=mm&r=g\",\"contentUrl\":\"https:\/\/secure.gravatar.com\/avatar\/e8495742d34d0ba6448ea1c628263b3e?s=96&d=mm&r=g\",\"caption\":\"admin\"},\"url\":\"https:\/\/franciscanos.org.br\/noticias\/author\/admin\"}]}<\/script>\n<!-- \/ Yoast SEO plugin. -->","yoast_head_json":{"title":"Papa: \"Purificar a f\u00e9 da hipocrisia e do legalismo\" - Not\u00edcias - Franciscanos","robots":{"index":"index","follow":"follow","max-snippet":"max-snippet:-1","max-image-preview":"max-image-preview:large","max-video-preview":"max-video-preview:-1"},"canonical":"https:\/\/franciscanos.org.br\/noticias\/papa-purificar-a-fe-da-hipocrisia-e-do-legalismo.html","og_locale":"pt_BR","og_type":"article","og_title":"Papa: \"Purificar a f\u00e9 da hipocrisia e do legalismo\" - Not\u00edcias - Franciscanos","og_description":"Angelus","og_url":"https:\/\/franciscanos.org.br\/noticias\/papa-purificar-a-fe-da-hipocrisia-e-do-legalismo.html","og_site_name":"Not\u00edcias - Franciscanos","article_published_time":"2018-09-02T16:07:23+00:00","article_modified_time":"2020-06-07T10:39:09+00:00","og_image":[{"width":273,"height":181,"url":"https:\/\/franciscanos.org.br\/noticias\/wp-content\/uploads\/2018\/09\/papa_angelus_020918.jpg","type":"image\/jpeg"}],"author":"admin","twitter_card":"summary_large_image","twitter_misc":{"Escrito por":"admin","Est. tempo de leitura":"3 minutos"},"schema":{"@context":"https:\/\/schema.org","@graph":[{"@type":"WebSite","@id":"https:\/\/franciscanos.org.br\/noticias\/#website","url":"https:\/\/franciscanos.org.br\/noticias\/","name":"Not\u00edcias - Franciscanos","description":"Prov\u00edncia Franciscana da Imaculada Concei\u00e7\u00e3o do Brasil - Ordem dos Frades Menores - OFM","potentialAction":[{"@type":"SearchAction","target":{"@type":"EntryPoint","urlTemplate":"https:\/\/franciscanos.org.br\/noticias\/?s={search_term_string}"},"query-input":"required name=search_term_string"}],"inLanguage":"pt-BR"},{"@type":"ImageObject","inLanguage":"pt-BR","@id":"https:\/\/franciscanos.org.br\/noticias\/papa-purificar-a-fe-da-hipocrisia-e-do-legalismo.html#primaryimage","url":"https:\/\/franciscanos.org.br\/noticias\/wp-content\/uploads\/2018\/09\/papa_angelus_020918.jpg","contentUrl":"https:\/\/franciscanos.org.br\/noticias\/wp-content\/uploads\/2018\/09\/papa_angelus_020918.jpg","width":273,"height":181},{"@type":"WebPage","@id":"https:\/\/franciscanos.org.br\/noticias\/papa-purificar-a-fe-da-hipocrisia-e-do-legalismo.html#webpage","url":"https:\/\/franciscanos.org.br\/noticias\/papa-purificar-a-fe-da-hipocrisia-e-do-legalismo.html","name":"Papa: \"Purificar a f\u00e9 da hipocrisia e do legalismo\" - Not\u00edcias - Franciscanos","isPartOf":{"@id":"https:\/\/franciscanos.org.br\/noticias\/#website"},"primaryImageOfPage":{"@id":"https:\/\/franciscanos.org.br\/noticias\/papa-purificar-a-fe-da-hipocrisia-e-do-legalismo.html#primaryimage"},"datePublished":"2018-09-02T16:07:23+00:00","dateModified":"2020-06-07T10:39:09+00:00","author":{"@id":"https:\/\/franciscanos.org.br\/noticias\/#\/schema\/person\/b38fbf43118f02820bd932f2e4b14ad3"},"breadcrumb":{"@id":"https:\/\/franciscanos.org.br\/noticias\/papa-purificar-a-fe-da-hipocrisia-e-do-legalismo.html#breadcrumb"},"inLanguage":"pt-BR","potentialAction":[{"@type":"ReadAction","target":["https:\/\/franciscanos.org.br\/noticias\/papa-purificar-a-fe-da-hipocrisia-e-do-legalismo.html"]}]},{"@type":"BreadcrumbList","@id":"https:\/\/franciscanos.org.br\/noticias\/papa-purificar-a-fe-da-hipocrisia-e-do-legalismo.html#breadcrumb","itemListElement":[{"@type":"ListItem","position":1,"name":"Home","item":"https:\/\/franciscanos.org.br\/noticias"},{"@type":"ListItem","position":2,"name":"Papa: &#8220;Purificar a f\u00e9 da hipocrisia e do legalismo&#8221;"}]},{"@type":"Person","@id":"https:\/\/franciscanos.org.br\/noticias\/#\/schema\/person\/b38fbf43118f02820bd932f2e4b14ad3","name":"admin","image":{"@type":"ImageObject","inLanguage":"pt-BR","@id":"https:\/\/franciscanos.org.br\/noticias\/#\/schema\/person\/image\/","url":"https:\/\/secure.gravatar.com\/avatar\/e8495742d34d0ba6448ea1c628263b3e?s=96&d=mm&r=g","contentUrl":"https:\/\/secure.gravatar.com\/avatar\/e8495742d34d0ba6448ea1c628263b3e?s=96&d=mm&r=g","caption":"admin"},"url":"https:\/\/franciscanos.org.br\/noticias\/author\/admin"}]}},"_links":{"self":[{"href":"https:\/\/franciscanos.org.br\/noticias\/wp-json\/wp\/v2\/posts\/170670"}],"collection":[{"href":"https:\/\/franciscanos.org.br\/noticias\/wp-json\/wp\/v2\/posts"}],"about":[{"href":"https:\/\/franciscanos.org.br\/noticias\/wp-json\/wp\/v2\/types\/post"}],"author":[{"embeddable":true,"href":"https:\/\/franciscanos.org.br\/noticias\/wp-json\/wp\/v2\/users\/1"}],"replies":[{"embeddable":true,"href":"https:\/\/franciscanos.org.br\/noticias\/wp-json\/wp\/v2\/comments?post=170670"}],"version-history":[{"count":1,"href":"https:\/\/franciscanos.org.br\/noticias\/wp-json\/wp\/v2\/posts\/170670\/revisions"}],"predecessor-version":[{"id":224849,"href":"https:\/\/franciscanos.org.br\/noticias\/wp-json\/wp\/v2\/posts\/170670\/revisions\/224849"}],"wp:featuredmedia":[{"embeddable":true,"href":"https:\/\/franciscanos.org.br\/noticias\/wp-json\/wp\/v2\/media\/191889"}],"wp:attachment":[{"href":"https:\/\/franciscanos.org.br\/noticias\/wp-json\/wp\/v2\/media?parent=170670"}],"wp:term":[{"taxonomy":"category","embeddable":true,"href":"https:\/\/franciscanos.org.br\/noticias\/wp-json\/wp\/v2\/categories?post=170670"},{"taxonomy":"post_tag","embeddable":true,"href":"https:\/\/franciscanos.org.br\/noticias\/wp-json\/wp\/v2\/tags?post=170670"}],"curies":[{"name":"wp","href":"https:\/\/api.w.org\/{rel}","templated":true}]}}