{"id":170588,"date":"2018-08-31T08:04:35","date_gmt":"2018-08-31T11:04:35","guid":{"rendered":"http:\/\/franciscanos.org.br\/?p=170588"},"modified":"2020-06-07T07:45:23","modified_gmt":"2020-06-07T10:45:23","slug":"conferencias-episcopais-do-mundo-manifestam-apoio-ao-papa","status":"publish","type":"post","link":"https:\/\/franciscanos.org.br\/noticias\/conferencias-episcopais-do-mundo-manifestam-apoio-ao-papa.html","title":{"rendered":"Papa recebe apoio de todo o mundo"},"content":{"rendered":"<p>&nbsp;<\/p>\n<p><img loading=\"lazy\" class=\"alignnone size-full wp-image-224851\" src=\"https:\/\/franciscanos.org.br\/noticias\/wp-content\/uploads\/2018\/08\/papa_07.jpg\" alt=\"\" width=\"890\" height=\"501\" srcset=\"https:\/\/franciscanos.org.br\/noticias\/wp-content\/uploads\/2018\/08\/papa_07.jpg 890w, https:\/\/franciscanos.org.br\/noticias\/wp-content\/uploads\/2018\/08\/papa_07-450x253.jpg 450w, https:\/\/franciscanos.org.br\/noticias\/wp-content\/uploads\/2018\/08\/papa_07-768x432.jpg 768w, https:\/\/franciscanos.org.br\/noticias\/wp-content\/uploads\/2018\/08\/papa_07-150x84.jpg 150w\" sizes=\"(max-width: 890px) 100vw, 890px\" \/><\/p>\n<p><strong>Cidade do Vaticano<\/strong> &#8211; Comunh\u00e3o, colegialidade, apoio, fidelidade, proximidade, colabora\u00e7\u00e3o: s\u00e3o os termos mais presentes nas cartas abertas que as Confer\u00eancias episcopais do mundo enviaram e est\u00e3o enviando nestas horas ao Papa Francisco.<\/p>\n<p>As missivas t\u00eam lugar ap\u00f3s a publica\u00e7\u00e3o do documento do arcebispo Carlo Maria Vigan\u00f2, ex-n\u00fancio apost\u00f3lico nos EUA, que acusa o Santo Padre e alguns purpurados de ter acobertado o caso do cardeal Theodore McCarrick. Acusado de abusos contra menores, em 27 de julho, o Papa aceitou a ren\u00fancia do purpurado ao t\u00edtulo de cardeal e disp\u00f4s a suspens\u00e3o do mesmo de qualquer minist\u00e9rio p\u00fablico.<\/p>\n<p><strong>Apre\u00e7o pela atua\u00e7\u00e3o do Papa<\/strong><\/p>\n<p>Os episcopados expressam sua proximidade ao Papa: os bispos do Peru, por exemplo, ressaltam seu \u201cfraterno e episcopal apoio \u00e0 l\u00facida, corajosa e firme modalidade\u201d que o Papa tem \u201cde conduzir a barca de Pedro\u201d. Trata-se de um apoio necess\u00e1rio \u201cdiante da tentativa de desestabilizar a Igreja e seu minist\u00e9rio\u201d.<\/p>\n<p>Na mesma linha, tamb\u00e9m o Conselho episcopal latino-americano \u2013 Celam \u2013 que, numa carta de 26 de agosto, agradece ao Papa Francisco por seu \u201cservi\u00e7o repleto de abnega\u00e7\u00e3o pela Igreja\u201d e oferece ao Pont\u00edfice \u201cfidelidade, proximidade e colabora\u00e7\u00e3o a fim de que a verdade resplande\u00e7a acima de todo e qualquer pecado\u201d.<\/p>\n<p><strong>Incans\u00e1vel trabalho pastoral<\/strong><\/p>\n<p>Tamb\u00e9m os bispos do Paraguai agradecem ao Santo Padre por sua guia e por dar continuidade \u201cao trabalho dos predecessores com muita humildade e firmeza\u201d no combate aos abusos.<\/p>\n<p>A confer\u00eancia Episcopal Espanhola, presidida pelo cardeal Ricardo Bl\u00e1zquez P\u00e9rez, faz a mesma coisa ao manifestar proximidade a Francisco: \u201cSanto Padre, o senhor n\u00e3o est\u00e1 sozinho\u201d, escreve o purpurado, que d\u00e1 gra\u00e7as a Deus pelo \u201cincans\u00e1vel trabalho pastoral\u201d levado adiante pelo Pont\u00edfice e por sua \u201cdedica\u00e7\u00e3o ao minist\u00e9rio\u201d petrino.<\/p>\n<p><strong>Rea\u00e7\u00e3o dos bispos estadunidenses<\/strong><\/p>\n<p>\u201cS\u00e3o dias dif\u00edceis e expressamos ao Papa nosso afeto fraterno \u2013 afirma o presidente do episcopado dos EUA, cardeal Daniel DiNardo \u2013, ao tempo em que esta ferida aberta dos abusos nos desafia a ser firmes e decididos na busca da verdade e da justi\u00e7a.\u201d<\/p>\n<p>O purpurado pede uma audi\u00eancia ao Papa para obter seu apoio ao plano de a\u00e7\u00e3o dos bispos estadunidenses inspirado na recente carta de Francisco do Povo de Deus, em que se incluem \u201cpropostas mais detalhadas\u201d para simplificar a dela\u00e7\u00e3o de abusos e comportamentos incorretos por parte de bispos e para melhorar os procedimentos para resolver as recrimina\u00e7\u00f5es contra os bispos.<\/p>\n<p>Outros prelados estadunidenses, como o arcebispo de Philadelphia, Charles Chaput, e o bispo de Phoenix, Thomas Olmsted, disseram n\u00e3o ter conhecimento direto dos fatos, mas falam do ex-n\u00fancio em Washington de modo positivo.<\/p>\n<p>Por sua vez, o bispo de San Diego, Robert McElroy, disse que o testemunho de Dom Vigan\u00f2 \u00e9 uma distor\u00e7\u00e3o e que os ataques deste s\u00e3o inspirados por seu \u00f3dio ao Papa Francisco e a tudo aquilo que ensina. \u201cJuntos com o Papa Francisco estamos confiantes de que a verifica\u00e7\u00e3o das afirma\u00e7\u00f5es\u201d de Dom Vigan\u00f2 \u201cajudar\u00e1 a estabelecer a verdade\u201d, destaca por fim.<\/p>\n<p><strong>Bispos do Regional Nordeste 3 manifestam apoio em nota<\/strong><\/p>\n<p>\u201cPerguntando-nos o que fazer para manifestar-lhe nosso apoio concreto, conclu\u00edmos que est\u00e1 a nosso alcance dar uma renovada resposta a seus cont\u00ednuos pedidos: \u2018Rezem por mim!\u2019. N\u00e3o s\u00f3 o faremos, como motivaremos ainda mais nossas comunidades a coloc\u00e1-lo em suas ora\u00e7\u00f5es\u201d, afirmam os bispos do Regional Nordeste 3, que compreende as Dioceses da Bahia e de Sergipe. A carta foi divulgada no site do Regional na quinta-feira, 30 de agosto, ap\u00f3s o encerramento da Assembleia de Pastoral.<\/p>\n<p><strong>Dom Becciu, prefeito da Congrega\u00e7\u00e3o para as Causas dos Santos<\/strong><\/p>\n<p>Dom Angelo Becciu, que assume o cargo de prefeito da Congrega\u00e7\u00e3o para as Causas dos Santos neste s\u00e1bado, 1, afirmou que neste momento \u00e9 preciso estar unido ao Papa.<\/p>\n<p>&#8220;Desejo aquilo que recebemos como ensinamento desde a inf\u00e2ncia: o Papa a gente ama e o ama at\u00e9 o fim. Do Papa se recebe e se acolhem todas as suas instru\u00e7\u00f5es, indica\u00e7\u00f5es e palavras. Portanto, se nos encontrarmos unidos ao Papa, a Igreja ser\u00e1 salva. Se, em vez disso, criarmos divis\u00f5es &#8211; infelizmente &#8211; a Igreja arrisca s\u00e9rias consequ\u00eancias&#8221;, afirmou Dom Becciu em entrevista.<\/p>\n<p><strong>Manifesta\u00e7\u00e3o do Movimento dos Focolares<\/strong><\/p>\n<p>\u201cSanto Padre, conte verdadeiramente com a nossa plena unidade e f\u00e9rvida ora\u00e7\u00e3o inclusive diante das ins\u00eddias voltadas a lan\u00e7ar descr\u00e9dito sobre a Sua pessoa e Sua a\u00e7\u00e3o de renova\u00e7\u00e3o.\u201d Com essas palavras, a presidente do Movimento dos Focolares, Maria Voce, se dirige ao Papa Francisco numa carta enviada ao Pont\u00edfice na quinta-feira (30\/08), na qual expressa apoio e ora\u00e7\u00e3o ap\u00f3s os fortes ataques que o atingiram estas \u00faltimas semanas.<\/p>\n<p><big><strong>CONFER\u00caNCIA DA FAM\u00cdLIA FRANCISCANA DO BRASIL DIVULGA MENSAGEM<\/strong><\/big><\/p>\n<p>Em carta divulgada nesta sexta-feira (31\/08), a Confer\u00eancia da Fam\u00edlia Franciscana do Brasil (CFFB) manifesta apoio ao Papa Francisco, recordando os 50 anos da Confer\u00eancia de Medell\u00edn e afirma que &#8220;&#8216;a op\u00e7\u00e3o preferencial pelos pobres&#8217; \u00e9 a raz\u00e3o primeira do ser da Igreja&#8221;.<\/p>\n<p>&#8220;Em meio a este tempo sombrio e de transforma\u00e7\u00f5es que exige de n\u00f3s, crist\u00e3os e crist\u00e3s, profetismo e esperan\u00e7a acompanhamos em teu minist\u00e9rio e pastoreio o chamado vigoroso para a &#8216;alegria do Evangelho&#8217;, para a sa\u00edda ao encontro dos pobres e para a comunh\u00e3o universal de todas as pessoas de &#8216;boa vontade'&#8221;, afirma a carta.<\/p>\n<p>Frei \u00c9derson Queiroz, presidente da CFFB, termina a carta dizendo: &#8220;o Papa n\u00e3o est\u00e1 sozinho! Somos contigo!&#8221;<\/p>\n<p><strong><a href=\"http:\/\/ffb.org.br\/carta-oficial-da-cffb-ao-papa-francisco.html\" target=\"_blank\" rel=\"noopener noreferrer\">Leia na \u00edntegra<\/a><\/strong><\/p>\n<hr \/>\n<p><strong>FAKE NEWS NA AUDI\u00caNCIA<\/strong><\/p>\n<p>A cena \u00e9 a habitual da quarta-feira na Pra\u00e7a S\u00e3o Pedro. O Papa conclui a sua catequese, concede a sua b\u00ean\u00e7\u00e3o e cumprimenta algumas pessoas que foram admitidas no chamado &#8220;beija m\u00e3o&#8221;. Da pra\u00e7a ergue-se um coro, s\u00e3o fi\u00e9is que festejam algu\u00e9m querido a eles, que pessoalmente est\u00e1 saudando o Santo Padre. Na manh\u00e3 desta quarta-feira, ocorreu que os crismandos da diocese de Lucca entoaram um coro cantando o nome &#8220;Italo&#8221;, nome de seu bispo, Dom Italo Castellano, que estava cumprimentando o Papa Francisco.<\/p>\n<p>Tudo normal se n\u00e3o fosse que algu\u00e9m se disse convicto de ter ouvido um coro que exaltava Vigan\u00f2, o ex-n\u00fancio nos EUA, autor do conhecido documento de acusa\u00e7\u00e3o contra o Papa. A not\u00edcia \u00e9 daquelas que fazem clamor, de primeira p\u00e1gina. Pena que seja falsa. Para notar isso seria basicamente suficiente ouvir atentamente o v\u00eddeo do Vatican News no Youtube, portanto acess\u00edvel a todos, para perceber que, apesar de n\u00e3o saber que era para &#8220;Italo&#8221;, certamente aquele coro n\u00e3o era para &#8220;Vigan\u00f2&#8221;. O fato \u00e9 que em poucos minutos a &#8220;not\u00edcia&#8221; se tornou viral nas m\u00eddias sociais e a partir da\u00ed \u2013 como cada vez mais acontece &#8211; passa \u00e0 informa\u00e7\u00e3o main stream. Aparentemente sem filtros.<\/p>\n<p>Em alguns sites de jornais, portanto, lemos que o Papa foi contestado pelos fi\u00e9is na Pra\u00e7a S\u00e3o Pedro, que exaltavam o &#8220;grande acusador&#8221; Carlo Maria Vigan\u00f2. A verdadeira not\u00edcia surge em breve, gra\u00e7as ao profissionalismo daqueles que se d\u00e3o ao trabalho de ouvir novamente o \u00e1udio e &#8220;descobrir&#8221; a presen\u00e7a na Pra\u00e7a S\u00e3o Pedro do grupo de fi\u00e9is da cidade de Lucca que, durante algumas horas, gra\u00e7as a esta fake news se tornaram &#8220;famosas&#8221; mesmo sem querer. A hist\u00f3ria, que tem alguns aspectos surrealistas e para alguns aspectos at\u00e9 mesmo c\u00f4micos, \u00e9 na verdade o sintoma perturbador de um sistema midi\u00e1tico que, na busca exasperada do scoop da not\u00edcia, n\u00e3o analisa os fatos, mas os dobra para o que parece ser a expectativa do seu p\u00fablico.<\/p>\n<p>Precisamente o Papa Francisco, na sua \u00faltima Mensagem para o Dia Mundial das Comunica\u00e7\u00f5es Sociais, explicou eloquentemente quais s\u00e3o as din\u00e2micas que levam \u00e0 propaga\u00e7\u00e3o de falsas not\u00edcias como esta. A efic\u00e1cia das fake news, observa o Papa, &#8220;\u00e9 devido principalmente \u00e0 sua natureza mim\u00e9tica, isto \u00e9, \u00e0 capacidade de parecer plaus\u00edvel. Em segundo lugar, essas not\u00edcias falsas, falsas mas prov\u00e1veis, s\u00e3o cativantes, no sentido de que s\u00e3o capazes de capturar a aten\u00e7\u00e3o dos destinat\u00e1rios &#8220;. O Papa observa em seguida um &#8220;uso manipulador das redes sociais,&#8221; as not\u00edcias falsas &#8220;ganham uma tal visibilidade que at\u00e9 mesmo as desmentidas das com autoridade dificilmente conseguem conter os danos.&#8221; O que est\u00e1 em jogo? O que preocupa o Papa? Para Francisco, as &#8220;raz\u00f5es econ\u00f4micas e oportunistas da desinforma\u00e7\u00e3o est\u00e3o enraizadas na sede de poder\u201d que &#8220;nos faz v\u00edtimas de um imbr\u00f3glio muito mais tr\u00e1gico de cada singular manifesta\u00e7\u00e3o: o do mal, que se move de falsidade em falsidade para nos roubar a liberdade do cora\u00e7\u00e3o &#8220;.<\/p>\n<p>Desde o in\u00edcio de seu Pontificado, Francisco manifestou uma grande confian\u00e7a nos operadores da informa\u00e7\u00e3o. Uma confian\u00e7a reafirmada ano ap\u00f3s ano, concedendo numerosas entrevistas tamb\u00e9m a meios de comunica\u00e7\u00e3o que n\u00e3o t\u00eam nenhum poder &#8211; como a revisita dos sem-casa de Mil\u00e3o ou \u00e0 r\u00e1dio de uma favela argentina &#8211; e nunca evitando as perguntas dos jornalistas, mesmo as mais desconfort\u00e1veis. Um ato de confian\u00e7a (e de responsabilidade) que renovou aos jornalistas precisamente no documento de Vigan\u00f2. &#8220;Voc\u00eas t\u00eam a capacidade jornal\u00edstica suficiente para tirar as conclus\u00f5es&#8221;, disse o Papa no voo de volta da Irlanda, &#8220;\u00e9 um ato de confian\u00e7a&#8221;. Uma confian\u00e7a que recorda a ess\u00eancia da profiss\u00e3o jornal\u00edstica que busca a verdade e n\u00e3o a fabrica.<\/p>\n<hr \/>\n<p><em>Fonte: Vatican News<\/em><\/p>\n","protected":false},"excerpt":{"rendered":"<p>Pontificado de Francisco<\/p>\n","protected":false},"author":1,"featured_media":224852,"comment_status":"open","ping_status":"open","sticky":false,"template":"","format":"standard","meta":[],"categories":[1428],"tags":[55],"acf":[],"yoast_head":"<!-- This site is optimized with the Yoast SEO plugin v19.2 - https:\/\/yoast.com\/wordpress\/plugins\/seo\/ -->\n<title>Papa recebe apoio de todo o mundo - Not\u00edcias - Franciscanos<\/title>\n<meta name=\"robots\" content=\"index, follow, max-snippet:-1, max-image-preview:large, max-video-preview:-1\" \/>\n<link rel=\"canonical\" href=\"https:\/\/franciscanos.org.br\/noticias\/conferencias-episcopais-do-mundo-manifestam-apoio-ao-papa.html\" \/>\n<meta property=\"og:locale\" content=\"pt_BR\" \/>\n<meta property=\"og:type\" content=\"article\" \/>\n<meta property=\"og:title\" content=\"Papa recebe apoio de todo o mundo - Not\u00edcias - Franciscanos\" \/>\n<meta property=\"og:description\" content=\"Pontificado de Francisco\" \/>\n<meta property=\"og:url\" content=\"https:\/\/franciscanos.org.br\/noticias\/conferencias-episcopais-do-mundo-manifestam-apoio-ao-papa.html\" \/>\n<meta property=\"og:site_name\" content=\"Not\u00edcias - Franciscanos\" \/>\n<meta property=\"article:published_time\" content=\"2018-08-31T11:04:35+00:00\" \/>\n<meta property=\"article:modified_time\" content=\"2020-06-07T10:45:23+00:00\" \/>\n<meta property=\"og:image\" content=\"https:\/\/franciscanos.org.br\/noticias\/wp-content\/uploads\/2018\/08\/papa_07d.jpg\" \/>\n\t<meta property=\"og:image:width\" content=\"800\" \/>\n\t<meta property=\"og:image:height\" content=\"600\" \/>\n\t<meta property=\"og:image:type\" content=\"image\/jpeg\" \/>\n<meta name=\"author\" content=\"admin\" \/>\n<meta name=\"twitter:card\" content=\"summary_large_image\" \/>\n<meta name=\"twitter:label1\" content=\"Escrito por\" \/>\n\t<meta name=\"twitter:data1\" content=\"admin\" \/>\n\t<meta name=\"twitter:label2\" content=\"Est. tempo de leitura\" \/>\n\t<meta name=\"twitter:data2\" content=\"8 minutos\" \/>\n<script type=\"application\/ld+json\" class=\"yoast-schema-graph\">{\"@context\":\"https:\/\/schema.org\",\"@graph\":[{\"@type\":\"WebSite\",\"@id\":\"https:\/\/franciscanos.org.br\/noticias\/#website\",\"url\":\"https:\/\/franciscanos.org.br\/noticias\/\",\"name\":\"Not\u00edcias - Franciscanos\",\"description\":\"Prov\u00edncia Franciscana da Imaculada Concei\u00e7\u00e3o do Brasil - Ordem dos Frades Menores - OFM\",\"potentialAction\":[{\"@type\":\"SearchAction\",\"target\":{\"@type\":\"EntryPoint\",\"urlTemplate\":\"https:\/\/franciscanos.org.br\/noticias\/?s={search_term_string}\"},\"query-input\":\"required name=search_term_string\"}],\"inLanguage\":\"pt-BR\"},{\"@type\":\"ImageObject\",\"inLanguage\":\"pt-BR\",\"@id\":\"https:\/\/franciscanos.org.br\/noticias\/conferencias-episcopais-do-mundo-manifestam-apoio-ao-papa.html#primaryimage\",\"url\":\"https:\/\/franciscanos.org.br\/noticias\/wp-content\/uploads\/2018\/08\/papa_07d.jpg\",\"contentUrl\":\"https:\/\/franciscanos.org.br\/noticias\/wp-content\/uploads\/2018\/08\/papa_07d.jpg\",\"width\":800,\"height\":600},{\"@type\":\"WebPage\",\"@id\":\"https:\/\/franciscanos.org.br\/noticias\/conferencias-episcopais-do-mundo-manifestam-apoio-ao-papa.html#webpage\",\"url\":\"https:\/\/franciscanos.org.br\/noticias\/conferencias-episcopais-do-mundo-manifestam-apoio-ao-papa.html\",\"name\":\"Papa recebe apoio de todo o mundo - Not\u00edcias - Franciscanos\",\"isPartOf\":{\"@id\":\"https:\/\/franciscanos.org.br\/noticias\/#website\"},\"primaryImageOfPage\":{\"@id\":\"https:\/\/franciscanos.org.br\/noticias\/conferencias-episcopais-do-mundo-manifestam-apoio-ao-papa.html#primaryimage\"},\"datePublished\":\"2018-08-31T11:04:35+00:00\",\"dateModified\":\"2020-06-07T10:45:23+00:00\",\"author\":{\"@id\":\"https:\/\/franciscanos.org.br\/noticias\/#\/schema\/person\/b38fbf43118f02820bd932f2e4b14ad3\"},\"breadcrumb\":{\"@id\":\"https:\/\/franciscanos.org.br\/noticias\/conferencias-episcopais-do-mundo-manifestam-apoio-ao-papa.html#breadcrumb\"},\"inLanguage\":\"pt-BR\",\"potentialAction\":[{\"@type\":\"ReadAction\",\"target\":[\"https:\/\/franciscanos.org.br\/noticias\/conferencias-episcopais-do-mundo-manifestam-apoio-ao-papa.html\"]}]},{\"@type\":\"BreadcrumbList\",\"@id\":\"https:\/\/franciscanos.org.br\/noticias\/conferencias-episcopais-do-mundo-manifestam-apoio-ao-papa.html#breadcrumb\",\"itemListElement\":[{\"@type\":\"ListItem\",\"position\":1,\"name\":\"Home\",\"item\":\"https:\/\/franciscanos.org.br\/noticias\"},{\"@type\":\"ListItem\",\"position\":2,\"name\":\"Papa recebe apoio de todo o mundo\"}]},{\"@type\":\"Person\",\"@id\":\"https:\/\/franciscanos.org.br\/noticias\/#\/schema\/person\/b38fbf43118f02820bd932f2e4b14ad3\",\"name\":\"admin\",\"image\":{\"@type\":\"ImageObject\",\"inLanguage\":\"pt-BR\",\"@id\":\"https:\/\/franciscanos.org.br\/noticias\/#\/schema\/person\/image\/\",\"url\":\"https:\/\/secure.gravatar.com\/avatar\/e8495742d34d0ba6448ea1c628263b3e?s=96&d=mm&r=g\",\"contentUrl\":\"https:\/\/secure.gravatar.com\/avatar\/e8495742d34d0ba6448ea1c628263b3e?s=96&d=mm&r=g\",\"caption\":\"admin\"},\"url\":\"https:\/\/franciscanos.org.br\/noticias\/author\/admin\"}]}<\/script>\n<!-- \/ Yoast SEO plugin. -->","yoast_head_json":{"title":"Papa recebe apoio de todo o mundo - Not\u00edcias - Franciscanos","robots":{"index":"index","follow":"follow","max-snippet":"max-snippet:-1","max-image-preview":"max-image-preview:large","max-video-preview":"max-video-preview:-1"},"canonical":"https:\/\/franciscanos.org.br\/noticias\/conferencias-episcopais-do-mundo-manifestam-apoio-ao-papa.html","og_locale":"pt_BR","og_type":"article","og_title":"Papa recebe apoio de todo o mundo - Not\u00edcias - Franciscanos","og_description":"Pontificado de Francisco","og_url":"https:\/\/franciscanos.org.br\/noticias\/conferencias-episcopais-do-mundo-manifestam-apoio-ao-papa.html","og_site_name":"Not\u00edcias - Franciscanos","article_published_time":"2018-08-31T11:04:35+00:00","article_modified_time":"2020-06-07T10:45:23+00:00","og_image":[{"width":800,"height":600,"url":"https:\/\/franciscanos.org.br\/noticias\/wp-content\/uploads\/2018\/08\/papa_07d.jpg","type":"image\/jpeg"}],"author":"admin","twitter_card":"summary_large_image","twitter_misc":{"Escrito por":"admin","Est. tempo de leitura":"8 minutos"},"schema":{"@context":"https:\/\/schema.org","@graph":[{"@type":"WebSite","@id":"https:\/\/franciscanos.org.br\/noticias\/#website","url":"https:\/\/franciscanos.org.br\/noticias\/","name":"Not\u00edcias - Franciscanos","description":"Prov\u00edncia Franciscana da Imaculada Concei\u00e7\u00e3o do Brasil - Ordem dos Frades Menores - OFM","potentialAction":[{"@type":"SearchAction","target":{"@type":"EntryPoint","urlTemplate":"https:\/\/franciscanos.org.br\/noticias\/?s={search_term_string}"},"query-input":"required name=search_term_string"}],"inLanguage":"pt-BR"},{"@type":"ImageObject","inLanguage":"pt-BR","@id":"https:\/\/franciscanos.org.br\/noticias\/conferencias-episcopais-do-mundo-manifestam-apoio-ao-papa.html#primaryimage","url":"https:\/\/franciscanos.org.br\/noticias\/wp-content\/uploads\/2018\/08\/papa_07d.jpg","contentUrl":"https:\/\/franciscanos.org.br\/noticias\/wp-content\/uploads\/2018\/08\/papa_07d.jpg","width":800,"height":600},{"@type":"WebPage","@id":"https:\/\/franciscanos.org.br\/noticias\/conferencias-episcopais-do-mundo-manifestam-apoio-ao-papa.html#webpage","url":"https:\/\/franciscanos.org.br\/noticias\/conferencias-episcopais-do-mundo-manifestam-apoio-ao-papa.html","name":"Papa recebe apoio de todo o mundo - Not\u00edcias - Franciscanos","isPartOf":{"@id":"https:\/\/franciscanos.org.br\/noticias\/#website"},"primaryImageOfPage":{"@id":"https:\/\/franciscanos.org.br\/noticias\/conferencias-episcopais-do-mundo-manifestam-apoio-ao-papa.html#primaryimage"},"datePublished":"2018-08-31T11:04:35+00:00","dateModified":"2020-06-07T10:45:23+00:00","author":{"@id":"https:\/\/franciscanos.org.br\/noticias\/#\/schema\/person\/b38fbf43118f02820bd932f2e4b14ad3"},"breadcrumb":{"@id":"https:\/\/franciscanos.org.br\/noticias\/conferencias-episcopais-do-mundo-manifestam-apoio-ao-papa.html#breadcrumb"},"inLanguage":"pt-BR","potentialAction":[{"@type":"ReadAction","target":["https:\/\/franciscanos.org.br\/noticias\/conferencias-episcopais-do-mundo-manifestam-apoio-ao-papa.html"]}]},{"@type":"BreadcrumbList","@id":"https:\/\/franciscanos.org.br\/noticias\/conferencias-episcopais-do-mundo-manifestam-apoio-ao-papa.html#breadcrumb","itemListElement":[{"@type":"ListItem","position":1,"name":"Home","item":"https:\/\/franciscanos.org.br\/noticias"},{"@type":"ListItem","position":2,"name":"Papa recebe apoio de todo o mundo"}]},{"@type":"Person","@id":"https:\/\/franciscanos.org.br\/noticias\/#\/schema\/person\/b38fbf43118f02820bd932f2e4b14ad3","name":"admin","image":{"@type":"ImageObject","inLanguage":"pt-BR","@id":"https:\/\/franciscanos.org.br\/noticias\/#\/schema\/person\/image\/","url":"https:\/\/secure.gravatar.com\/avatar\/e8495742d34d0ba6448ea1c628263b3e?s=96&d=mm&r=g","contentUrl":"https:\/\/secure.gravatar.com\/avatar\/e8495742d34d0ba6448ea1c628263b3e?s=96&d=mm&r=g","caption":"admin"},"url":"https:\/\/franciscanos.org.br\/noticias\/author\/admin"}]}},"_links":{"self":[{"href":"https:\/\/franciscanos.org.br\/noticias\/wp-json\/wp\/v2\/posts\/170588"}],"collection":[{"href":"https:\/\/franciscanos.org.br\/noticias\/wp-json\/wp\/v2\/posts"}],"about":[{"href":"https:\/\/franciscanos.org.br\/noticias\/wp-json\/wp\/v2\/types\/post"}],"author":[{"embeddable":true,"href":"https:\/\/franciscanos.org.br\/noticias\/wp-json\/wp\/v2\/users\/1"}],"replies":[{"embeddable":true,"href":"https:\/\/franciscanos.org.br\/noticias\/wp-json\/wp\/v2\/comments?post=170588"}],"version-history":[{"count":2,"href":"https:\/\/franciscanos.org.br\/noticias\/wp-json\/wp\/v2\/posts\/170588\/revisions"}],"predecessor-version":[{"id":224854,"href":"https:\/\/franciscanos.org.br\/noticias\/wp-json\/wp\/v2\/posts\/170588\/revisions\/224854"}],"wp:featuredmedia":[{"embeddable":true,"href":"https:\/\/franciscanos.org.br\/noticias\/wp-json\/wp\/v2\/media\/224852"}],"wp:attachment":[{"href":"https:\/\/franciscanos.org.br\/noticias\/wp-json\/wp\/v2\/media?parent=170588"}],"wp:term":[{"taxonomy":"category","embeddable":true,"href":"https:\/\/franciscanos.org.br\/noticias\/wp-json\/wp\/v2\/categories?post=170588"},{"taxonomy":"post_tag","embeddable":true,"href":"https:\/\/franciscanos.org.br\/noticias\/wp-json\/wp\/v2\/tags?post=170588"}],"curies":[{"name":"wp","href":"https:\/\/api.w.org\/{rel}","templated":true}]}}