{"id":170510,"date":"2018-09-11T13:34:01","date_gmt":"2018-09-11T16:34:01","guid":{"rendered":"http:\/\/franciscanos.org.br\/?p=170510"},"modified":"2021-04-19T22:28:23","modified_gmt":"2021-04-20T01:28:23","slug":"sete-jovens-frades-farao-a-profissao-solene-neste-sabado","status":"publish","type":"post","link":"https:\/\/franciscanos.org.br\/noticias\/sete-jovens-frades-farao-a-profissao-solene-neste-sabado.html","title":{"rendered":"Sete jovens frades far\u00e3o a Profiss\u00e3o Solene em Petr\u00f3polis"},"content":{"rendered":"<p><img loading=\"lazy\" class=\"alignleft size-full wp-image-191812\" src=\"https:\/\/franciscanos.org.br\/noticias\/wp-content\/uploads\/2018\/09\/profissao_2018_b.jpg\" alt=\"\" width=\"980\" height=\"550\" srcset=\"https:\/\/franciscanos.org.br\/noticias\/wp-content\/uploads\/2018\/09\/profissao_2018_b.jpg 980w, https:\/\/franciscanos.org.br\/noticias\/wp-content\/uploads\/2018\/09\/profissao_2018_b-450x253.jpg 450w, https:\/\/franciscanos.org.br\/noticias\/wp-content\/uploads\/2018\/09\/profissao_2018_b-768x431.jpg 768w, https:\/\/franciscanos.org.br\/noticias\/wp-content\/uploads\/2018\/09\/profissao_2018_b-150x84.jpg 150w\" sizes=\"(max-width: 980px) 100vw, 980px\" \/><\/p>\n<p>A Funda\u00e7\u00e3o Imaculada M\u00e3e de Deus e a Prov\u00edncia da Imaculada Concei\u00e7\u00e3o celebrar\u00e3o o ingresso definitivo na Ordem dos Frades Menores de sete jovens frades no dia 15 de setembro: os jovens angolanos, Frei Alfredo Epalanga Prego e Frei M\u00e1rio Sampaio Pelu, e os brasileiros Frei Alan Leal de Mattos, Frei Jefferson Max Nunes Maciel, Frei Jhones Lucas Martins, Frei Josemberg Cardozo Aranha e Frei Junior Mendes.<\/p>\n<p>Esse momento importante na vida do religioso franciscano ser\u00e1 feito na bela igreja do Sagrado Cora\u00e7\u00e3o de Jesus de Petr\u00f3polis (RJ), durante a solene Celebra\u00e7\u00e3o Eucar\u00edstica \u00e0s 16h15.<\/p>\n<p>O \u2018sim\u2019 definitivo ser\u00e1 dado nas m\u00e3os do Ministro Provincial, Frei Fid\u00eancio Vanboemmel. Como tema \u201c&#8230; come\u00e7ando pela cruz, seguindo a regra da cruz e finalmente terminando na cruz\u201d. Cada um dos frades far\u00e1 a profiss\u00e3o pela qual se compromete a seguir Jesus Cristo observando os conselhos evang\u00e9licos: \u201cPara louvor e gl\u00f3ria da Sant\u00edssima Trindade, eu, frei\u2026 tendo o Senhor me dado a gra\u00e7a de seguir mais de perto o Evangelho e os passos de Nosso Senhor Jesus Cristo, em tuas m\u00e3os, Frei Fid\u00eancio Vanboemmel, com firme f\u00e9 e vontade, fa\u00e7o voto a Deus, Pai santo e todo-poderoso, de viver por todo o tempo de minha vida, em obedi\u00eancia, sem nada de pr\u00f3prio e em castidade. Ao mesmo tempo, professo a vida e a Regra dos Frades Menores, confirmada pelo Papa Hon\u00f3rio, e prometo observ\u00e1-la fielmente segundo as Constitui\u00e7\u00f5es da Ordem dos Frades Menores. Entrego-me, pois, de todo o cora\u00e7\u00e3o a esta Fraternidade, para que, pela a\u00e7\u00e3o eficaz do Esp\u00edrito Santo, guiado pelo exemplo de Maria Imaculada, por intercess\u00e3o de nosso Pai S\u00e3o Francisco e de todos os santos, e com a ajuda fraterna de todos, eu possa tender constantemente para a perfeita caridade, no servi\u00e7o a Deus, \u00e0 Igreja e aos homens\u201d.<\/p>\n<p>O rito da profiss\u00e3o perp\u00e9tua celebra-se dentro da Missa, com a devida solenidade e a participa\u00e7\u00e3o da comunidade. Depois da leitura do evangelho, come\u00e7a-se o rito na seguinte ordem: chamado do professando; apresenta\u00e7\u00e3o de sua trajet\u00f3ria vocacional; di\u00e1logo com o celebrante; homilia; prostra\u00e7\u00e3o e Ladainha de Todos os Santos; profiss\u00e3o dos votos e b\u00ean\u00e7\u00e3o aos professandos.<\/p>\n<h3><span style=\"color: #993300;\"><strong>Frei Jefferson Max Nunes Maciel<\/strong><\/span><\/h3>\n<p style=\"padding-left: 30px;\">\u00c9 natural de Curitiba, Paran\u00e1, onde nasceu no dia 27 de janeiro de 1992. Ingressou no Semin\u00e1rio Santo Ant\u00f4nio de Agudos e vestiu o h\u00e1bito franciscano no dia 12 de janeiro de 2012, em Rodeio (SC), onde fez a primeira profiss\u00e3o em 3 de janeiro de 2013. Concluiu o curso de Filosofia em 2015. Fez Ano Mission\u00e1rio em Angola, e est\u00e1 no 2\u00ba ano de Teologia.<\/p>\n<h3><span style=\"color: #993300;\"><strong>Frei M\u00e1rio Sampaio Pelu<\/strong><\/span><\/h3>\n<p style=\"padding-left: 30px;\">\u00c9 natural de Benguela, prov\u00edncia de Benguela, Angola, onde nasceu no 20 de agosto de 1988. Ingressou no aspirantado Monte Alverne em 2011 em Malanje, vestiu o h\u00e1bito franciscano em 12 de janeiro 2013, em Rodeio (SC), onde fez a primeira profiss\u00e3o no dia 03\/01\/2014. Concluiu o curso Filosofia em 2016 e est\u00e1 2\u00ba ano de Teologia.<\/p>\n<h3><span style=\"color: #993300;\"><strong>Frei Jhones Lucas Martins<\/strong><\/span><\/h3>\n<p style=\"padding-left: 30px;\">Lucas Martins natural de Macatuba, S\u00e3o Paulo, nascido no dia 6 de abril de 1990. Ingressou no Aspirantado no ano de 2010 em Ituporanga (SC). Vestiu o h\u00e1bito no dia 12 de janeiro de 2012 e fez sua primeira profiss\u00e3o no dia 3 de janeiro 2013 em Rodeio (SC). Concluiu a Filosofia em 2015 e fez o Ano Mission\u00e1rio em Angola em 2016. Atualmente esta no 2\u00ba ano de Teologia.<\/p>\n<h3><span style=\"color: #993300;\"><strong>Frei Josemberg Cardozo Aranha<\/strong><\/span><\/h3>\n<p style=\"padding-left: 30px;\">\u00c9 natural de Duque de Caxias, Rio de Janeiro, onde nasceu no dia 24 de julho 1988. Ingressou no Aspirantado S\u00e3o Francisco de Assis de Ituporanga (SC), em 2010, e vestiu o h\u00e1bito franciscano no dia 12 de janeiro de 2012, em Rodeio (SC), onde fez a primeira profiss\u00e3o no dia 03 de janeiro de 2013. Concluiu o curso de Filosofia em 2015, fez Ano Mission\u00e1rio no Sefras em S\u00e3o Paulo e est\u00e1 cursando o 2\u00b0 ano da Teologia.<\/p>\n<h3><span style=\"color: #993300;\"><strong>Frei Alan Leal de Mattos<\/strong><\/span><\/h3>\n<p style=\"padding-left: 30px;\">\u00c9 natural de Petr\u00f3polis, Rio de Janeiro, onde nasceu no dia 19 de novembro de 1986. Ingressou no Aspirantado S\u00e3o Francisco de Assis de Ituporanga (SC), em 2010 e vestiu o h\u00e1bito franciscano no dia 12 de janeiro de 2012, em Rodeio (SC), onde fez a primeira profiss\u00e3o no dia 3 de janeiro de 2013. Concluiu o curso de Filosofia em 2015. Fez o Ano Mission\u00e1rio no Convento da Penha e na Par\u00f3quia Santa Clara em Colatina (ES). Est\u00e1 no 2\u00ba ano de Teologia.<\/p>\n<h3><span style=\"color: #993300;\"><strong>Frei Alfredo Epalanga Prego<\/strong><\/span><\/h3>\n<p style=\"padding-left: 30px;\">\u00c9 natural de Benguela, Benguela (Angola), onde nasceu no dia 10 de junho de 1990. Ingressou no Aspirantado Monte Alverne em 2009 e vestiu o h\u00e1bito franciscano em 2 de abril de 2012, em Rodeio (SC), onde fez a primeira profiss\u00e3o no dia 16 de mar\u00e7o de 2013. Concluiu o curso de Filosofia e est\u00e1 no 2\u00b0 ano de Teologia.<\/p>\n<h3><span style=\"color: #993300;\"><strong>Frei Junior Mendes<\/strong><\/span><\/h3>\n<p style=\"padding-left: 30px;\">\u00c9 natural de Santo Amaro da Imperatriz, Santa Catarina, onde nasceu no dia 24 de janeiro de 1989. Ingressou no Aspirantado no ano de 2010 em Ituporanga (SC). Vestiu o h\u00e1bito no dia 12 de janeiro de 2012 em Rodeio (SC), onde fez a primeira profiss\u00e3o no dia 3 de janeiro de 2013. Concluiu Filosofia em 2015 e fez o Ano Mission\u00e1rio em Angola. Atualmente esta no 2\u00ba ano de Teologia.<\/p>\n<p><big><\/big><br \/>\n<a href=\"http:\/\/franciscanos.org.br\/wp-content\/uploads\/2018\/08\/profissao-convite.jpg\"><img loading=\"lazy\" class=\"aligncenter\" src=\"http:\/\/franciscanos.org.br\/wp-content\/uploads\/2018\/08\/profissao-convite.jpg\" alt=\"profissao-convite\" width=\"830\" height=\"453\" \/><\/a><\/p>\n","protected":false},"excerpt":{"rendered":"<p>Forma\u00e7\u00e3o e Estudos<\/p>\n","protected":false},"author":1,"featured_media":207126,"comment_status":"open","ping_status":"open","sticky":false,"template":"","format":"standard","meta":[],"categories":[1],"tags":[190,418,1130],"acf":[],"yoast_head":"<!-- This site is optimized with the Yoast SEO plugin v19.2 - https:\/\/yoast.com\/wordpress\/plugins\/seo\/ -->\n<title>Sete jovens frades far\u00e3o a Profiss\u00e3o Solene em Petr\u00f3polis - Not\u00edcias - Franciscanos<\/title>\n<meta name=\"robots\" content=\"index, follow, max-snippet:-1, max-image-preview:large, max-video-preview:-1\" \/>\n<link rel=\"canonical\" href=\"https:\/\/franciscanos.org.br\/noticias\/sete-jovens-frades-farao-a-profissao-solene-neste-sabado.html\" \/>\n<meta property=\"og:locale\" content=\"pt_BR\" \/>\n<meta property=\"og:type\" content=\"article\" \/>\n<meta property=\"og:title\" content=\"Sete jovens frades far\u00e3o a Profiss\u00e3o Solene em Petr\u00f3polis - Not\u00edcias - Franciscanos\" \/>\n<meta property=\"og:description\" content=\"Forma\u00e7\u00e3o e Estudos\" \/>\n<meta property=\"og:url\" content=\"https:\/\/franciscanos.org.br\/noticias\/sete-jovens-frades-farao-a-profissao-solene-neste-sabado.html\" \/>\n<meta property=\"og:site_name\" content=\"Not\u00edcias - Franciscanos\" \/>\n<meta property=\"article:published_time\" content=\"2018-09-11T16:34:01+00:00\" \/>\n<meta property=\"article:modified_time\" content=\"2021-04-20T01:28:23+00:00\" \/>\n<meta property=\"og:image\" content=\"https:\/\/franciscanos.org.br\/noticias\/wp-content\/uploads\/2018\/09\/profissao_2018_b-1.jpg\" \/>\n\t<meta property=\"og:image:width\" content=\"273\" \/>\n\t<meta property=\"og:image:height\" content=\"181\" \/>\n\t<meta property=\"og:image:type\" content=\"image\/jpeg\" \/>\n<meta name=\"author\" content=\"admin\" \/>\n<meta name=\"twitter:card\" content=\"summary_large_image\" \/>\n<meta name=\"twitter:label1\" content=\"Escrito por\" \/>\n\t<meta name=\"twitter:data1\" content=\"admin\" \/>\n\t<meta name=\"twitter:label2\" content=\"Est. tempo de leitura\" \/>\n\t<meta name=\"twitter:data2\" content=\"4 minutos\" \/>\n<script type=\"application\/ld+json\" class=\"yoast-schema-graph\">{\"@context\":\"https:\/\/schema.org\",\"@graph\":[{\"@type\":\"WebSite\",\"@id\":\"https:\/\/franciscanos.org.br\/noticias\/#website\",\"url\":\"https:\/\/franciscanos.org.br\/noticias\/\",\"name\":\"Not\u00edcias - Franciscanos\",\"description\":\"Prov\u00edncia Franciscana da Imaculada Concei\u00e7\u00e3o do Brasil - Ordem dos Frades Menores - OFM\",\"potentialAction\":[{\"@type\":\"SearchAction\",\"target\":{\"@type\":\"EntryPoint\",\"urlTemplate\":\"https:\/\/franciscanos.org.br\/noticias\/?s={search_term_string}\"},\"query-input\":\"required name=search_term_string\"}],\"inLanguage\":\"pt-BR\"},{\"@type\":\"ImageObject\",\"inLanguage\":\"pt-BR\",\"@id\":\"https:\/\/franciscanos.org.br\/noticias\/sete-jovens-frades-farao-a-profissao-solene-neste-sabado.html#primaryimage\",\"url\":\"https:\/\/franciscanos.org.br\/noticias\/wp-content\/uploads\/2018\/09\/profissao_2018_b-1.jpg\",\"contentUrl\":\"https:\/\/franciscanos.org.br\/noticias\/wp-content\/uploads\/2018\/09\/profissao_2018_b-1.jpg\",\"width\":273,\"height\":181},{\"@type\":\"WebPage\",\"@id\":\"https:\/\/franciscanos.org.br\/noticias\/sete-jovens-frades-farao-a-profissao-solene-neste-sabado.html#webpage\",\"url\":\"https:\/\/franciscanos.org.br\/noticias\/sete-jovens-frades-farao-a-profissao-solene-neste-sabado.html\",\"name\":\"Sete jovens frades far\u00e3o a Profiss\u00e3o Solene em Petr\u00f3polis - Not\u00edcias - Franciscanos\",\"isPartOf\":{\"@id\":\"https:\/\/franciscanos.org.br\/noticias\/#website\"},\"primaryImageOfPage\":{\"@id\":\"https:\/\/franciscanos.org.br\/noticias\/sete-jovens-frades-farao-a-profissao-solene-neste-sabado.html#primaryimage\"},\"datePublished\":\"2018-09-11T16:34:01+00:00\",\"dateModified\":\"2021-04-20T01:28:23+00:00\",\"author\":{\"@id\":\"https:\/\/franciscanos.org.br\/noticias\/#\/schema\/person\/b38fbf43118f02820bd932f2e4b14ad3\"},\"breadcrumb\":{\"@id\":\"https:\/\/franciscanos.org.br\/noticias\/sete-jovens-frades-farao-a-profissao-solene-neste-sabado.html#breadcrumb\"},\"inLanguage\":\"pt-BR\",\"potentialAction\":[{\"@type\":\"ReadAction\",\"target\":[\"https:\/\/franciscanos.org.br\/noticias\/sete-jovens-frades-farao-a-profissao-solene-neste-sabado.html\"]}]},{\"@type\":\"BreadcrumbList\",\"@id\":\"https:\/\/franciscanos.org.br\/noticias\/sete-jovens-frades-farao-a-profissao-solene-neste-sabado.html#breadcrumb\",\"itemListElement\":[{\"@type\":\"ListItem\",\"position\":1,\"name\":\"Home\",\"item\":\"https:\/\/franciscanos.org.br\/noticias\"},{\"@type\":\"ListItem\",\"position\":2,\"name\":\"Sete jovens frades far\u00e3o a Profiss\u00e3o Solene em Petr\u00f3polis\"}]},{\"@type\":\"Person\",\"@id\":\"https:\/\/franciscanos.org.br\/noticias\/#\/schema\/person\/b38fbf43118f02820bd932f2e4b14ad3\",\"name\":\"admin\",\"image\":{\"@type\":\"ImageObject\",\"inLanguage\":\"pt-BR\",\"@id\":\"https:\/\/franciscanos.org.br\/noticias\/#\/schema\/person\/image\/\",\"url\":\"https:\/\/secure.gravatar.com\/avatar\/e8495742d34d0ba6448ea1c628263b3e?s=96&d=mm&r=g\",\"contentUrl\":\"https:\/\/secure.gravatar.com\/avatar\/e8495742d34d0ba6448ea1c628263b3e?s=96&d=mm&r=g\",\"caption\":\"admin\"},\"url\":\"https:\/\/franciscanos.org.br\/noticias\/author\/admin\"}]}<\/script>\n<!-- \/ Yoast SEO plugin. -->","yoast_head_json":{"title":"Sete jovens frades far\u00e3o a Profiss\u00e3o Solene em Petr\u00f3polis - Not\u00edcias - Franciscanos","robots":{"index":"index","follow":"follow","max-snippet":"max-snippet:-1","max-image-preview":"max-image-preview:large","max-video-preview":"max-video-preview:-1"},"canonical":"https:\/\/franciscanos.org.br\/noticias\/sete-jovens-frades-farao-a-profissao-solene-neste-sabado.html","og_locale":"pt_BR","og_type":"article","og_title":"Sete jovens frades far\u00e3o a Profiss\u00e3o Solene em Petr\u00f3polis - Not\u00edcias - Franciscanos","og_description":"Forma\u00e7\u00e3o e Estudos","og_url":"https:\/\/franciscanos.org.br\/noticias\/sete-jovens-frades-farao-a-profissao-solene-neste-sabado.html","og_site_name":"Not\u00edcias - Franciscanos","article_published_time":"2018-09-11T16:34:01+00:00","article_modified_time":"2021-04-20T01:28:23+00:00","og_image":[{"width":273,"height":181,"url":"https:\/\/franciscanos.org.br\/noticias\/wp-content\/uploads\/2018\/09\/profissao_2018_b-1.jpg","type":"image\/jpeg"}],"author":"admin","twitter_card":"summary_large_image","twitter_misc":{"Escrito por":"admin","Est. tempo de leitura":"4 minutos"},"schema":{"@context":"https:\/\/schema.org","@graph":[{"@type":"WebSite","@id":"https:\/\/franciscanos.org.br\/noticias\/#website","url":"https:\/\/franciscanos.org.br\/noticias\/","name":"Not\u00edcias - Franciscanos","description":"Prov\u00edncia Franciscana da Imaculada Concei\u00e7\u00e3o do Brasil - Ordem dos Frades Menores - OFM","potentialAction":[{"@type":"SearchAction","target":{"@type":"EntryPoint","urlTemplate":"https:\/\/franciscanos.org.br\/noticias\/?s={search_term_string}"},"query-input":"required name=search_term_string"}],"inLanguage":"pt-BR"},{"@type":"ImageObject","inLanguage":"pt-BR","@id":"https:\/\/franciscanos.org.br\/noticias\/sete-jovens-frades-farao-a-profissao-solene-neste-sabado.html#primaryimage","url":"https:\/\/franciscanos.org.br\/noticias\/wp-content\/uploads\/2018\/09\/profissao_2018_b-1.jpg","contentUrl":"https:\/\/franciscanos.org.br\/noticias\/wp-content\/uploads\/2018\/09\/profissao_2018_b-1.jpg","width":273,"height":181},{"@type":"WebPage","@id":"https:\/\/franciscanos.org.br\/noticias\/sete-jovens-frades-farao-a-profissao-solene-neste-sabado.html#webpage","url":"https:\/\/franciscanos.org.br\/noticias\/sete-jovens-frades-farao-a-profissao-solene-neste-sabado.html","name":"Sete jovens frades far\u00e3o a Profiss\u00e3o Solene em Petr\u00f3polis - Not\u00edcias - Franciscanos","isPartOf":{"@id":"https:\/\/franciscanos.org.br\/noticias\/#website"},"primaryImageOfPage":{"@id":"https:\/\/franciscanos.org.br\/noticias\/sete-jovens-frades-farao-a-profissao-solene-neste-sabado.html#primaryimage"},"datePublished":"2018-09-11T16:34:01+00:00","dateModified":"2021-04-20T01:28:23+00:00","author":{"@id":"https:\/\/franciscanos.org.br\/noticias\/#\/schema\/person\/b38fbf43118f02820bd932f2e4b14ad3"},"breadcrumb":{"@id":"https:\/\/franciscanos.org.br\/noticias\/sete-jovens-frades-farao-a-profissao-solene-neste-sabado.html#breadcrumb"},"inLanguage":"pt-BR","potentialAction":[{"@type":"ReadAction","target":["https:\/\/franciscanos.org.br\/noticias\/sete-jovens-frades-farao-a-profissao-solene-neste-sabado.html"]}]},{"@type":"BreadcrumbList","@id":"https:\/\/franciscanos.org.br\/noticias\/sete-jovens-frades-farao-a-profissao-solene-neste-sabado.html#breadcrumb","itemListElement":[{"@type":"ListItem","position":1,"name":"Home","item":"https:\/\/franciscanos.org.br\/noticias"},{"@type":"ListItem","position":2,"name":"Sete jovens frades far\u00e3o a Profiss\u00e3o Solene em Petr\u00f3polis"}]},{"@type":"Person","@id":"https:\/\/franciscanos.org.br\/noticias\/#\/schema\/person\/b38fbf43118f02820bd932f2e4b14ad3","name":"admin","image":{"@type":"ImageObject","inLanguage":"pt-BR","@id":"https:\/\/franciscanos.org.br\/noticias\/#\/schema\/person\/image\/","url":"https:\/\/secure.gravatar.com\/avatar\/e8495742d34d0ba6448ea1c628263b3e?s=96&d=mm&r=g","contentUrl":"https:\/\/secure.gravatar.com\/avatar\/e8495742d34d0ba6448ea1c628263b3e?s=96&d=mm&r=g","caption":"admin"},"url":"https:\/\/franciscanos.org.br\/noticias\/author\/admin"}]}},"_links":{"self":[{"href":"https:\/\/franciscanos.org.br\/noticias\/wp-json\/wp\/v2\/posts\/170510"}],"collection":[{"href":"https:\/\/franciscanos.org.br\/noticias\/wp-json\/wp\/v2\/posts"}],"about":[{"href":"https:\/\/franciscanos.org.br\/noticias\/wp-json\/wp\/v2\/types\/post"}],"author":[{"embeddable":true,"href":"https:\/\/franciscanos.org.br\/noticias\/wp-json\/wp\/v2\/users\/1"}],"replies":[{"embeddable":true,"href":"https:\/\/franciscanos.org.br\/noticias\/wp-json\/wp\/v2\/comments?post=170510"}],"version-history":[{"count":1,"href":"https:\/\/franciscanos.org.br\/noticias\/wp-json\/wp\/v2\/posts\/170510\/revisions"}],"predecessor-version":[{"id":231731,"href":"https:\/\/franciscanos.org.br\/noticias\/wp-json\/wp\/v2\/posts\/170510\/revisions\/231731"}],"wp:featuredmedia":[{"embeddable":true,"href":"https:\/\/franciscanos.org.br\/noticias\/wp-json\/wp\/v2\/media\/207126"}],"wp:attachment":[{"href":"https:\/\/franciscanos.org.br\/noticias\/wp-json\/wp\/v2\/media?parent=170510"}],"wp:term":[{"taxonomy":"category","embeddable":true,"href":"https:\/\/franciscanos.org.br\/noticias\/wp-json\/wp\/v2\/categories?post=170510"},{"taxonomy":"post_tag","embeddable":true,"href":"https:\/\/franciscanos.org.br\/noticias\/wp-json\/wp\/v2\/tags?post=170510"}],"curies":[{"name":"wp","href":"https:\/\/api.w.org\/{rel}","templated":true}]}}