{"id":170500,"date":"2018-09-17T00:39:46","date_gmt":"2018-09-17T03:39:46","guid":{"rendered":"http:\/\/franciscanos.org.br\/?p=170500"},"modified":"2019-01-02T11:10:45","modified_gmt":"2019-01-02T13:10:45","slug":"francisco-no-cume-da-perfeicao-do-evangelho","status":"publish","type":"post","link":"https:\/\/franciscanos.org.br\/noticias\/francisco-no-cume-da-perfeicao-do-evangelho.html","title":{"rendered":"Festa dos Estigmas de S\u00e3o Francisco de Assis"},"content":{"rendered":"<p><img loading=\"lazy\" class=\"aligncenter\" src=\"http:\/\/franciscanos.org.br\/wp-content\/uploads\/2018\/09\/estigmas_170918_g.jpg\" alt=\"estigmas_170918_g\" width=\"830\" height=\"478\" \/><\/p>\n<p><strong>Car\u00edssimos irm\u00e3os e irm\u00e3s, <\/strong><\/p>\n<p><strong>Que o Senhor vos d\u00ea a\u00a0paz e todo o bem!<\/strong><\/p>\n<p>A Fam\u00edlia Franciscana, neste m\u00eas de setembro, volta o seu olhar ao Monte Alverne, tamb\u00e9m conhecido por \u201cCalv\u00e1rio Franciscano\u201d, lugar geogr\u00e1fico e espiritual onde o Ser\u00e1fico Pai S\u00e3o Francisco, \u201cdois anos antes de sua morte\u201d (1Cel 94), ap\u00f3s intenso itiner\u00e1rio na busca da conformidade com Cristo, chegou \u201cao cume da perfei\u00e7\u00e3o do Evangelho\u201d (LM 13,10), quando foram impressas \u201cem suas m\u00e3os e p\u00e9s os sinais dos cravos, iguais em tudo ao que antes havia visto na imagem do serafim crucificado\u201d (LM 13,3).<\/p>\n<p>Sabemos o quanto o mist\u00e9rio da Cruz foi decisivo e marcou a totalidade da vida de S\u00e3o Francisco de Assis. A emblem\u00e1tica cruz do sonho de Espoleto (LM 1,3), que no Crucificado de S\u00e3o Dami\u00e3o (2Cel 10; LTC 13; LM 1,5) adquire um rosto definido, transforma-se em mandato da Palavra do Senhor ap\u00f3s compreender o Evangelho na igreja da Porci\u00fancula (1Cel 22). Por isso, a Estigmatiza\u00e7\u00e3o de S\u00e3o Francisco de Assis no Monte Alverne n\u00e3o pode ser considerada como fato isolado e\/ou extraordin\u00e1rio, ou reduzido t\u00e3o somente \u00e0 festa da Exalta\u00e7\u00e3o da Santa Cruz em setembro de 1224. A contempla\u00e7\u00e3o da presen\u00e7a de S\u00e3o Francisco no Monte Alverne para a quaresma de S\u00e3o Miguel, dentro da qual ocorre a estigmatiza\u00e7\u00e3o, deve ser compreendida a partir da l\u00f3gica do Evangelho do seguimento de Nosso Senhor Jesus Cristo, princ\u00edpio da vida e da voca\u00e7\u00e3o franciscana: \u201cSe algu\u00e9m quiser vir ap\u00f3s mim, renuncie-se a si mesmo, tome sua cruz e siga-me\u201d (cf. AP 11; LM 3,3).<\/p>\n<p>Entre todos os bi\u00f3grafos de S\u00e3o Francisco, certamente S\u00e3o Boaventura, que, no Monte Alverne \u201cdescobriu o caminho da ascese contemplativa partindo deste cume atingido por Francisco\u201d (DF 222), \u00e9 o que melhor sintetiza a presen\u00e7a da Cruz no itiner\u00e1rio espiritual de S\u00e3o Francisco. Na Legenda Maior, ap\u00f3s apresentar as diferentes manifesta\u00e7\u00f5es da Cruz na vida do amante de Cristo e servindo-se da simbologia dos n\u00fameros, escreve: \u201cSete vezes, portanto, a cruz de Cristo aparece aos teus olhos ou \u00e9 revelada em tua pessoa aos olhos dos teus companheiros. As seis primeiras eram como degraus para chegares \u00e0 s\u00e9tima na qual repousastes. Essa cruz de Cristo, efetivamente, te foi proposta no in\u00edcio da tua convers\u00e3o e a aceitaste. Levaste-a continuamente em seguida durante tua vida de perfei\u00e7\u00e3o e deste dela um exemplo para os outros. E agora ela nos mostra com tal evid\u00eancia tua chegada ao cume da perfei\u00e7\u00e3o do Evangelho\u201d (LM 13,10).<\/p>\n<p>Francisco de Assis, ao deixar-se interrogar pelo Senhor que fala no Evangelho e que \u201creina a partir do lenho da cruz\u201d (OfP VII,9), tra\u00e7ou para si e os seus companheiros um itiner\u00e1rio que, \u00e0 semelhan\u00e7a de Clara de Assis, tem seu princ\u00edpio na pobreza, seu meio na humildade e seu ponto culminante na caridade do Espelho Jesus Cristo. No abra\u00e7ar a totalidade da cruz do Senhor, Francisco compreendeu que ela representa tanto a dor Daquele que assumiu as nossas dores e mis\u00e9rias, como tamb\u00e9m a humanidade amada at\u00e9 as \u00faltimas consequ\u00eancias.<\/p>\n<p>S\u00e3o Boaventura descreve que essa m\u00fatua contempla\u00e7\u00e3o do amante (Francisco) e do Amado (Serafim Crucificado) que, num \u00fanico olhar de amor e de dor que se entrecruza no Monte Alverne, os une \u201ctanto pelo mart\u00edrio corporal quanto pelas chamas de amor\u201d (LM 13, 3). A bel\u00edssima ora\u00e7\u00e3o que encontramos na 3\u00aa Considera\u00e7\u00e3o dos Sacrossantos Estigmas expressa essa verdade da fus\u00e3o do amor e da dor, qual parto existencial, que gera vida. Por isso \u00e9 colocada na boca de S\u00e3o Francisco esta ora\u00e7\u00e3o: \u201c\u00d3 Senhor Jesus Cristo, duas gra\u00e7as te pe\u00e7o que me fa\u00e7as antes que eu morra: a primeira \u00e9 que em vida eu sinta na alma e no corpo, quanto for poss\u00edvel, aquelas dores que tu, doce Jesus, suportaste na hora da tua dolorida paix\u00e3o; a segunda \u00e9 que eu sinta no meu cora\u00e7\u00e3o, quanto for poss\u00edvel, aquele excessivo amor do qual tu, Filho de Deus, estavas inflamado para voluntariamente suportar tal paix\u00e3o por n\u00f3s pecadores\u201d.<\/p>\n<p>A cruz do Senhor, repleta de amor e dor, com a qual Francisco de Assis fez o seu itiner\u00e1rio e que permitiu que estes sinais vis\u00edveis do amor e da dor lhe perpassassem o cora\u00e7\u00e3o (chagas), o transformou no \u201cvalente soldado de Cristo\u201d a empunhar o \u201cestandarte do Rei alt\u00edssimo\u201d (LM 13,9). Por isso, assim transfigurado e estigmatizado, o \u201cang\u00e9lico Francisco\u201d tamb\u00e9m desce do Monte Alverne com o encargo de oferecer ao mundo a \u201ctr\u00edplice via\u201d (LM 13,7) aos cora\u00e7\u00f5es feridos e sedentos de amor, bem como um clamor de tr\u00e9gua \u00e0 M\u00e3e-Terra que geme de dor, na expectativa de ser cuidada e amada:<\/p>\n<ul class=\"a\">\n<li>o caminho da purifica\u00e7\u00e3o, com o poder de curar todas as feridas causadas pelo orgulho, gan\u00e2ncia, prepot\u00eancia e autossufici\u00eancia;<\/li>\n<li>o caminho da ilumina\u00e7\u00e3o para clarear todas as obscuridades e inverdades existenciais que cegam a alma e petrificam o cora\u00e7\u00e3o e que nos tornam indiferentes aos grandes valores de tudo aquilo que \u201cDeus viu que era bom\u201d<\/li>\n<li>o caminho da uni\u00e3o, cujo amor aquece e unifica os cora\u00e7\u00f5es, hoje t\u00e3o divididos e machucados pelas injusti\u00e7as sociais e pela globaliza\u00e7\u00e3o da indiferen\u00e7a, bem como o fr\u00edvolo mercantilismo doentio que apenas favorece alguns pares.<\/li>\n<\/ul>\n<ul>\n<li style=\"list-style-type: none;\">\n<ul>Tamb\u00e9m nos nossos dias a s\u00faplica de S\u00e3o Jo\u00e3o Paulo II, proclamada no dia 17 de setembro de 1983 no Monte Alverne, justamente na capela dos Estigmas de S\u00e3o Francisco, continua a ser clamor da humanidade. Uma humanidade mais chagada pela dor do que contemplada no amor:<\/ul>\n<\/li>\n<\/ul>\n<blockquote><p>\u00d3 S\u00e3o Francisco, estigmatizado do Monte Alverne,<br \/>\no mundo tem saudades de ti como imagem de Jesus Crucificado.<br \/>\nTem necessidade do teu cora\u00e7\u00e3o aberto para Deus e para o homem,<br \/>\ndos teus p\u00e9s descal\u00e7os e feridos,<br \/>\ndas tuas m\u00e3os traspassadas e implorantes.<br \/>\nTem saudades da tua voz fraca, mas forte pelo Evangelho.<br \/>\nAjuda, Francisco, os homens de hoje a reconhecerem o mal do pecado<br \/>\ne a procurarem a purifica\u00e7\u00e3o da penit\u00eancia.<br \/>\nAjuda-os a libertarem-se das pr\u00f3prias estruturas de pecado,<br \/>\nque oprimem a sociedade hodierna.<br \/>\nReaviva na consci\u00eancia dos governantes<br \/>\na urg\u00eancia da paz nas Na\u00e7\u00f5es e entre os povos.<br \/>\nInfunde nos jovens o teu vigor de vida,<br \/>\ncapaz de fazer frente \u00e0s ins\u00eddias das m\u00faltiplas culturas de morte.<br \/>\nAos ofendidos por toda esp\u00e9cie de maldade,<br \/>\ncomunica, Francisco, a tua alegria de saber perdoar.<br \/>\nA todos os crucificados pelo sofrimento, pela fome e pela guerra,<br \/>\nreabre as portas da esperan\u00e7a. Am\u00e9m.<\/p><\/blockquote>\n<p>Que o Senhor nos aben\u00e7oe e nos guarde no seu amor!<\/p>\n<p><strong>Frei Fid\u00eancio Vanboemmel, OFM<\/strong><\/p>\n<p><strong>MINISTRO PROVINCIAL<\/strong><\/p>\n<p><em>PROV\u00cdNCIA FRANCISCANA DA IMACULADA CONCEI\u00c7\u00c3O DO BRASIL<\/em><\/p>\n<p><iframe loading=\"lazy\" src=\"https:\/\/www.youtube.com\/embed\/SUTMSizgtR8\" width=\"100%\" height=\"480\" frameborder=\"0\" allowfullscreen=\"allowfullscreen\"><\/iframe><\/p>\n","protected":false},"excerpt":{"rendered":"<p>Mensagem do Ministro Provincial Frei Fid\u00eancio Vanboemmel<\/p>\n","protected":false},"author":1,"featured_media":191758,"comment_status":"open","ping_status":"open","sticky":false,"template":"","format":"standard","meta":[],"categories":[1],"tags":[444,1133],"acf":[],"yoast_head":"<!-- This site is optimized with the Yoast SEO plugin v19.2 - https:\/\/yoast.com\/wordpress\/plugins\/seo\/ -->\n<title>Festa dos Estigmas de S\u00e3o Francisco de Assis - Not\u00edcias - Franciscanos<\/title>\n<meta name=\"robots\" content=\"index, follow, max-snippet:-1, max-image-preview:large, max-video-preview:-1\" \/>\n<link rel=\"canonical\" href=\"https:\/\/franciscanos.org.br\/noticias\/francisco-no-cume-da-perfeicao-do-evangelho.html\" \/>\n<meta property=\"og:locale\" content=\"pt_BR\" \/>\n<meta property=\"og:type\" content=\"article\" \/>\n<meta property=\"og:title\" content=\"Festa dos Estigmas de S\u00e3o Francisco de Assis - Not\u00edcias - Franciscanos\" \/>\n<meta property=\"og:description\" content=\"Mensagem do Ministro Provincial Frei Fid\u00eancio Vanboemmel\" \/>\n<meta property=\"og:url\" content=\"https:\/\/franciscanos.org.br\/noticias\/francisco-no-cume-da-perfeicao-do-evangelho.html\" \/>\n<meta property=\"og:site_name\" content=\"Not\u00edcias - Franciscanos\" \/>\n<meta property=\"article:published_time\" content=\"2018-09-17T03:39:46+00:00\" \/>\n<meta property=\"article:modified_time\" content=\"2019-01-02T13:10:45+00:00\" \/>\n<meta property=\"og:image\" content=\"https:\/\/franciscanos.org.br\/noticias\/wp-content\/uploads\/2018\/09\/estigmas_170918_g.jpg\" \/>\n\t<meta property=\"og:image:width\" content=\"273\" \/>\n\t<meta property=\"og:image:height\" content=\"181\" \/>\n\t<meta property=\"og:image:type\" content=\"image\/jpeg\" \/>\n<meta name=\"author\" content=\"admin\" \/>\n<meta name=\"twitter:card\" content=\"summary_large_image\" \/>\n<meta name=\"twitter:label1\" content=\"Escrito por\" \/>\n\t<meta name=\"twitter:data1\" content=\"admin\" \/>\n\t<meta name=\"twitter:label2\" content=\"Est. tempo de leitura\" \/>\n\t<meta name=\"twitter:data2\" content=\"6 minutos\" \/>\n<script type=\"application\/ld+json\" class=\"yoast-schema-graph\">{\"@context\":\"https:\/\/schema.org\",\"@graph\":[{\"@type\":\"WebSite\",\"@id\":\"https:\/\/franciscanos.org.br\/noticias\/#website\",\"url\":\"https:\/\/franciscanos.org.br\/noticias\/\",\"name\":\"Not\u00edcias - Franciscanos\",\"description\":\"Prov\u00edncia Franciscana da Imaculada Concei\u00e7\u00e3o do Brasil - Ordem dos Frades Menores - OFM\",\"potentialAction\":[{\"@type\":\"SearchAction\",\"target\":{\"@type\":\"EntryPoint\",\"urlTemplate\":\"https:\/\/franciscanos.org.br\/noticias\/?s={search_term_string}\"},\"query-input\":\"required name=search_term_string\"}],\"inLanguage\":\"pt-BR\"},{\"@type\":\"ImageObject\",\"inLanguage\":\"pt-BR\",\"@id\":\"https:\/\/franciscanos.org.br\/noticias\/francisco-no-cume-da-perfeicao-do-evangelho.html#primaryimage\",\"url\":\"https:\/\/franciscanos.org.br\/noticias\/wp-content\/uploads\/2018\/09\/estigmas_170918_g.jpg\",\"contentUrl\":\"https:\/\/franciscanos.org.br\/noticias\/wp-content\/uploads\/2018\/09\/estigmas_170918_g.jpg\",\"width\":273,\"height\":181},{\"@type\":\"WebPage\",\"@id\":\"https:\/\/franciscanos.org.br\/noticias\/francisco-no-cume-da-perfeicao-do-evangelho.html#webpage\",\"url\":\"https:\/\/franciscanos.org.br\/noticias\/francisco-no-cume-da-perfeicao-do-evangelho.html\",\"name\":\"Festa dos Estigmas de S\u00e3o Francisco de Assis - Not\u00edcias - Franciscanos\",\"isPartOf\":{\"@id\":\"https:\/\/franciscanos.org.br\/noticias\/#website\"},\"primaryImageOfPage\":{\"@id\":\"https:\/\/franciscanos.org.br\/noticias\/francisco-no-cume-da-perfeicao-do-evangelho.html#primaryimage\"},\"datePublished\":\"2018-09-17T03:39:46+00:00\",\"dateModified\":\"2019-01-02T13:10:45+00:00\",\"author\":{\"@id\":\"https:\/\/franciscanos.org.br\/noticias\/#\/schema\/person\/b38fbf43118f02820bd932f2e4b14ad3\"},\"breadcrumb\":{\"@id\":\"https:\/\/franciscanos.org.br\/noticias\/francisco-no-cume-da-perfeicao-do-evangelho.html#breadcrumb\"},\"inLanguage\":\"pt-BR\",\"potentialAction\":[{\"@type\":\"ReadAction\",\"target\":[\"https:\/\/franciscanos.org.br\/noticias\/francisco-no-cume-da-perfeicao-do-evangelho.html\"]}]},{\"@type\":\"BreadcrumbList\",\"@id\":\"https:\/\/franciscanos.org.br\/noticias\/francisco-no-cume-da-perfeicao-do-evangelho.html#breadcrumb\",\"itemListElement\":[{\"@type\":\"ListItem\",\"position\":1,\"name\":\"Home\",\"item\":\"https:\/\/franciscanos.org.br\/noticias\"},{\"@type\":\"ListItem\",\"position\":2,\"name\":\"Festa dos Estigmas de S\u00e3o Francisco de Assis\"}]},{\"@type\":\"Person\",\"@id\":\"https:\/\/franciscanos.org.br\/noticias\/#\/schema\/person\/b38fbf43118f02820bd932f2e4b14ad3\",\"name\":\"admin\",\"image\":{\"@type\":\"ImageObject\",\"inLanguage\":\"pt-BR\",\"@id\":\"https:\/\/franciscanos.org.br\/noticias\/#\/schema\/person\/image\/\",\"url\":\"https:\/\/secure.gravatar.com\/avatar\/e8495742d34d0ba6448ea1c628263b3e?s=96&d=mm&r=g\",\"contentUrl\":\"https:\/\/secure.gravatar.com\/avatar\/e8495742d34d0ba6448ea1c628263b3e?s=96&d=mm&r=g\",\"caption\":\"admin\"},\"url\":\"https:\/\/franciscanos.org.br\/noticias\/author\/admin\"}]}<\/script>\n<!-- \/ Yoast SEO plugin. -->","yoast_head_json":{"title":"Festa dos Estigmas de S\u00e3o Francisco de Assis - Not\u00edcias - Franciscanos","robots":{"index":"index","follow":"follow","max-snippet":"max-snippet:-1","max-image-preview":"max-image-preview:large","max-video-preview":"max-video-preview:-1"},"canonical":"https:\/\/franciscanos.org.br\/noticias\/francisco-no-cume-da-perfeicao-do-evangelho.html","og_locale":"pt_BR","og_type":"article","og_title":"Festa dos Estigmas de S\u00e3o Francisco de Assis - Not\u00edcias - Franciscanos","og_description":"Mensagem do Ministro Provincial Frei Fid\u00eancio Vanboemmel","og_url":"https:\/\/franciscanos.org.br\/noticias\/francisco-no-cume-da-perfeicao-do-evangelho.html","og_site_name":"Not\u00edcias - Franciscanos","article_published_time":"2018-09-17T03:39:46+00:00","article_modified_time":"2019-01-02T13:10:45+00:00","og_image":[{"width":273,"height":181,"url":"https:\/\/franciscanos.org.br\/noticias\/wp-content\/uploads\/2018\/09\/estigmas_170918_g.jpg","type":"image\/jpeg"}],"author":"admin","twitter_card":"summary_large_image","twitter_misc":{"Escrito por":"admin","Est. tempo de leitura":"6 minutos"},"schema":{"@context":"https:\/\/schema.org","@graph":[{"@type":"WebSite","@id":"https:\/\/franciscanos.org.br\/noticias\/#website","url":"https:\/\/franciscanos.org.br\/noticias\/","name":"Not\u00edcias - Franciscanos","description":"Prov\u00edncia Franciscana da Imaculada Concei\u00e7\u00e3o do Brasil - Ordem dos Frades Menores - OFM","potentialAction":[{"@type":"SearchAction","target":{"@type":"EntryPoint","urlTemplate":"https:\/\/franciscanos.org.br\/noticias\/?s={search_term_string}"},"query-input":"required name=search_term_string"}],"inLanguage":"pt-BR"},{"@type":"ImageObject","inLanguage":"pt-BR","@id":"https:\/\/franciscanos.org.br\/noticias\/francisco-no-cume-da-perfeicao-do-evangelho.html#primaryimage","url":"https:\/\/franciscanos.org.br\/noticias\/wp-content\/uploads\/2018\/09\/estigmas_170918_g.jpg","contentUrl":"https:\/\/franciscanos.org.br\/noticias\/wp-content\/uploads\/2018\/09\/estigmas_170918_g.jpg","width":273,"height":181},{"@type":"WebPage","@id":"https:\/\/franciscanos.org.br\/noticias\/francisco-no-cume-da-perfeicao-do-evangelho.html#webpage","url":"https:\/\/franciscanos.org.br\/noticias\/francisco-no-cume-da-perfeicao-do-evangelho.html","name":"Festa dos Estigmas de S\u00e3o Francisco de Assis - Not\u00edcias - Franciscanos","isPartOf":{"@id":"https:\/\/franciscanos.org.br\/noticias\/#website"},"primaryImageOfPage":{"@id":"https:\/\/franciscanos.org.br\/noticias\/francisco-no-cume-da-perfeicao-do-evangelho.html#primaryimage"},"datePublished":"2018-09-17T03:39:46+00:00","dateModified":"2019-01-02T13:10:45+00:00","author":{"@id":"https:\/\/franciscanos.org.br\/noticias\/#\/schema\/person\/b38fbf43118f02820bd932f2e4b14ad3"},"breadcrumb":{"@id":"https:\/\/franciscanos.org.br\/noticias\/francisco-no-cume-da-perfeicao-do-evangelho.html#breadcrumb"},"inLanguage":"pt-BR","potentialAction":[{"@type":"ReadAction","target":["https:\/\/franciscanos.org.br\/noticias\/francisco-no-cume-da-perfeicao-do-evangelho.html"]}]},{"@type":"BreadcrumbList","@id":"https:\/\/franciscanos.org.br\/noticias\/francisco-no-cume-da-perfeicao-do-evangelho.html#breadcrumb","itemListElement":[{"@type":"ListItem","position":1,"name":"Home","item":"https:\/\/franciscanos.org.br\/noticias"},{"@type":"ListItem","position":2,"name":"Festa dos Estigmas de S\u00e3o Francisco de Assis"}]},{"@type":"Person","@id":"https:\/\/franciscanos.org.br\/noticias\/#\/schema\/person\/b38fbf43118f02820bd932f2e4b14ad3","name":"admin","image":{"@type":"ImageObject","inLanguage":"pt-BR","@id":"https:\/\/franciscanos.org.br\/noticias\/#\/schema\/person\/image\/","url":"https:\/\/secure.gravatar.com\/avatar\/e8495742d34d0ba6448ea1c628263b3e?s=96&d=mm&r=g","contentUrl":"https:\/\/secure.gravatar.com\/avatar\/e8495742d34d0ba6448ea1c628263b3e?s=96&d=mm&r=g","caption":"admin"},"url":"https:\/\/franciscanos.org.br\/noticias\/author\/admin"}]}},"_links":{"self":[{"href":"https:\/\/franciscanos.org.br\/noticias\/wp-json\/wp\/v2\/posts\/170500"}],"collection":[{"href":"https:\/\/franciscanos.org.br\/noticias\/wp-json\/wp\/v2\/posts"}],"about":[{"href":"https:\/\/franciscanos.org.br\/noticias\/wp-json\/wp\/v2\/types\/post"}],"author":[{"embeddable":true,"href":"https:\/\/franciscanos.org.br\/noticias\/wp-json\/wp\/v2\/users\/1"}],"replies":[{"embeddable":true,"href":"https:\/\/franciscanos.org.br\/noticias\/wp-json\/wp\/v2\/comments?post=170500"}],"version-history":[{"count":0,"href":"https:\/\/franciscanos.org.br\/noticias\/wp-json\/wp\/v2\/posts\/170500\/revisions"}],"wp:featuredmedia":[{"embeddable":true,"href":"https:\/\/franciscanos.org.br\/noticias\/wp-json\/wp\/v2\/media\/191758"}],"wp:attachment":[{"href":"https:\/\/franciscanos.org.br\/noticias\/wp-json\/wp\/v2\/media?parent=170500"}],"wp:term":[{"taxonomy":"category","embeddable":true,"href":"https:\/\/franciscanos.org.br\/noticias\/wp-json\/wp\/v2\/categories?post=170500"},{"taxonomy":"post_tag","embeddable":true,"href":"https:\/\/franciscanos.org.br\/noticias\/wp-json\/wp\/v2\/tags?post=170500"}],"curies":[{"name":"wp","href":"https:\/\/api.w.org\/{rel}","templated":true}]}}