{"id":170323,"date":"2018-08-29T08:18:38","date_gmt":"2018-08-29T11:18:38","guid":{"rendered":"http:\/\/franciscanos.org.br\/?p=170323"},"modified":"2019-10-30T09:39:24","modified_gmt":"2019-10-30T12:39:24","slug":"o-jeito-de-ser-franciscano-na-base-do-educador-franciscano","status":"publish","type":"post","link":"https:\/\/franciscanos.org.br\/noticias\/o-jeito-de-ser-franciscano-na-base-do-educador-franciscano.html","title":{"rendered":"O que \u00e9 ser franciscano na educa\u00e7\u00e3o?"},"content":{"rendered":"<p>No segundo dia do II Congresso Nacional de Educadores Franciscanos, os alunos do Col\u00e9gio S\u00e3o Francisco de Assis (GO) receberam os congressistas e, logo em seguida, houve a celebra\u00e7\u00e3o do Of\u00edcio Divino das Comunidades (ODC), coordenada pela Prov\u00edncia Nossa Senhora da Assun\u00e7\u00e3o \u2013 Bacabal (MA). Frei Everton Leandro Piotto, OFM, da Cust\u00f3dia do Sagrado Cora\u00e7\u00e3o de Jesus, mediou as atividades do dia e saudou os participantes. Em seguida, a diretora do Col\u00e9gio S\u00e3o Francisco de Assis (GO), Carla Camargo da Fonseca, convidou os alunos do Ensino M\u00e9dio que encenaram a m\u00fasica \u201cCanta Francisco\u201d.<\/p>\n<p>Com o tema \u201cEduca\u00e7\u00e3o Franciscana e Cultura Inter-religiosa\u201d, a palestra foi ministrada pelo psic\u00f3logo e doutor em Educa\u00e7\u00e3o Artur Vandr\u00e9 Pitanga, que introduziu uma reflex\u00e3o a partir do questionamento: o que \u00e9 ser franciscano? E, com isso, conduziu seu racioc\u00ednio apresentando os seguintes elementos: sensibilidade; solidariedade; esperan\u00e7a ativa; fraternidade; compaix\u00e3o; abertura ao di\u00e1logo; amor, coragem e sabedoria; justi\u00e7a; conhecimento e reflex\u00f5es profundas sobre a vida.<\/p>\n<p><img loading=\"lazy\" src=\"http:\/\/franciscanos.org.br\/wp-content\/uploads\/2018\/08\/anapolis_290818_2.jpg\" alt=\"anapolis_290818_2\" width=\"830\" height=\"437\" \/><\/p>\n<p>De acordo com o palestrante, o jeito de \u201cser franciscano\u201d \u00e9 a base do educador franciscano: a din\u00e2mica ensino\/aprendizado passa pela viv\u00eancia da realidade, compreende-se a complexidade do ser humano, a diversidade cultural no mundo e uma observa\u00e7\u00e3o acurada da atualidade. Em rela\u00e7\u00e3o ao aspecto da inter-religiosidade, afirmou que a cultura religiosa \u00e9 formada por pessoas curiosas que procuram conhecer e entender a diversidade humana, e que a educa\u00e7\u00e3o franciscana deve promover o respeito, a paz e a compreens\u00e3o desse processo. Concluiu que o desafio dos educadores franciscanos \u00e9 fazer com que os jovens gostem de estar no ambiente de aprendizagem e que sejam capazes de enxergar e repensar as estruturas da sociedade, denunciando as injusti\u00e7as sociais.<\/p>\n<p>As oficinas tiveram in\u00edcio na segunda parte da manh\u00e3 e se estenderam at\u00e9 o primeiro momento da tarde, com os seguintes temas: \u201cAdministra\u00e7\u00e3o Humana e Solid\u00e1ria\u201d, conduzida por Frei Fabiano Satler, OFM, sob a secretaria de Muriel Amorim; \u201cPsicologia Humana e Solid\u00e1ria\u201d, conduzida pela Irm\u00e3 Marin\u00eaz Arantes da Silva, OSF, sob a secretaria de Frei H\u00e9lio Moraes, OFM; \u201cPedagogia Humana e Solid\u00e1ria\u201d, conduzida pela Gestora Stela Regina Wontroba, sob a secretaria de Amanda Caroline; e \u201cFranciscanismo Humano e Solid\u00e1rio\u201d, conduzida por Frei Bruno Scapolan, OFM, sob a secretaria de Frei Ronildo Arruda de Souza, OFM.<\/p>\n<p><img loading=\"lazy\" src=\"http:\/\/franciscanos.org.br\/wp-content\/uploads\/2018\/08\/anapolis_290818_1.jpg\" alt=\"anapolis_290818_1\" width=\"830\" height=\"437\" \/><\/p>\n<p>Os participantes tiveram a oportunidade de vivenciar as quatro oficinas propostas. Terminadas as oficinas, foram apresentados os Projetos Inovadores Educacional, Humano e Solid\u00e1rio das cinco Prov\u00edncias da Confer\u00eancia dos Frades Menores do Brasil (CFMB): Prov\u00edncia Nossa Senhora da Assun\u00e7\u00e3o (MA\/PI); Prov\u00edncia Franciscana da Santa Cruz (MG); Cust\u00f3dia Sagrado Cora\u00e7\u00e3o de Jesus (SP); Prov\u00edncia do Sant\u00edssimo Nome de Jesus do Brasil (GO) e Prov\u00edncia Imaculada Concei\u00e7\u00e3o do Brasil (SP), para socializar e divulgar os trabalhos desenvolvidos no campo educacional franciscano. Ap\u00f3s as apresenta\u00e7\u00f5es dos Projetos, iniciaram-se as Plen\u00e1rias sobre as Oficinas Administrativa, Psicol\u00f3gica, Pedag\u00f3gica e Franciscana, em que os congressistas tiveram a oportunidade de rever de maneira sistem\u00e1tica o Humanismo Solid\u00e1rio a partir dessas perspectivas. As atividades do dia foram encerradas com apresenta\u00e7\u00f5es art\u00edsticas, numa animada Noite Cultural.<\/p>\n<p><em>Fonte: www.fradesfranciscanos.com.br<\/em><\/p>\n","protected":false},"excerpt":{"rendered":"<p>II Congresso Nacional de Educadores Franciscanos<\/p>\n","protected":false},"author":1,"featured_media":212890,"comment_status":"open","ping_status":"open","sticky":false,"template":"","format":"standard","meta":[],"categories":[1],"tags":[240],"acf":[],"yoast_head":"<!-- This site is optimized with the Yoast SEO plugin v19.2 - https:\/\/yoast.com\/wordpress\/plugins\/seo\/ -->\n<title>O que \u00e9 ser franciscano na educa\u00e7\u00e3o? - Not\u00edcias - Franciscanos<\/title>\n<meta name=\"robots\" content=\"index, follow, max-snippet:-1, max-image-preview:large, max-video-preview:-1\" \/>\n<link rel=\"canonical\" href=\"https:\/\/franciscanos.org.br\/noticias\/o-jeito-de-ser-franciscano-na-base-do-educador-franciscano.html\" \/>\n<meta property=\"og:locale\" content=\"pt_BR\" \/>\n<meta property=\"og:type\" content=\"article\" \/>\n<meta property=\"og:title\" content=\"O que \u00e9 ser franciscano na educa\u00e7\u00e3o? - Not\u00edcias - Franciscanos\" \/>\n<meta property=\"og:description\" content=\"II Congresso Nacional de Educadores Franciscanos\" \/>\n<meta property=\"og:url\" content=\"https:\/\/franciscanos.org.br\/noticias\/o-jeito-de-ser-franciscano-na-base-do-educador-franciscano.html\" \/>\n<meta property=\"og:site_name\" content=\"Not\u00edcias - Franciscanos\" \/>\n<meta property=\"article:published_time\" content=\"2018-08-29T11:18:38+00:00\" \/>\n<meta property=\"article:modified_time\" content=\"2019-10-30T12:39:24+00:00\" \/>\n<meta property=\"og:image\" content=\"https:\/\/franciscanos.org.br\/noticias\/wp-content\/uploads\/2018\/08\/anapolis_290818_2.jpg\" \/>\n\t<meta property=\"og:image:width\" content=\"273\" \/>\n\t<meta property=\"og:image:height\" content=\"181\" \/>\n\t<meta property=\"og:image:type\" content=\"image\/jpeg\" \/>\n<meta name=\"author\" content=\"admin\" \/>\n<meta name=\"twitter:card\" content=\"summary_large_image\" \/>\n<meta name=\"twitter:label1\" content=\"Escrito por\" \/>\n\t<meta name=\"twitter:data1\" content=\"admin\" \/>\n\t<meta name=\"twitter:label2\" content=\"Est. tempo de leitura\" \/>\n\t<meta name=\"twitter:data2\" content=\"3 minutos\" \/>\n<script type=\"application\/ld+json\" class=\"yoast-schema-graph\">{\"@context\":\"https:\/\/schema.org\",\"@graph\":[{\"@type\":\"WebSite\",\"@id\":\"https:\/\/franciscanos.org.br\/noticias\/#website\",\"url\":\"https:\/\/franciscanos.org.br\/noticias\/\",\"name\":\"Not\u00edcias - Franciscanos\",\"description\":\"Prov\u00edncia Franciscana da Imaculada Concei\u00e7\u00e3o do Brasil - Ordem dos Frades Menores - OFM\",\"potentialAction\":[{\"@type\":\"SearchAction\",\"target\":{\"@type\":\"EntryPoint\",\"urlTemplate\":\"https:\/\/franciscanos.org.br\/noticias\/?s={search_term_string}\"},\"query-input\":\"required name=search_term_string\"}],\"inLanguage\":\"pt-BR\"},{\"@type\":\"ImageObject\",\"inLanguage\":\"pt-BR\",\"@id\":\"https:\/\/franciscanos.org.br\/noticias\/o-jeito-de-ser-franciscano-na-base-do-educador-franciscano.html#primaryimage\",\"url\":\"https:\/\/franciscanos.org.br\/noticias\/wp-content\/uploads\/2018\/08\/anapolis_290818_2.jpg\",\"contentUrl\":\"https:\/\/franciscanos.org.br\/noticias\/wp-content\/uploads\/2018\/08\/anapolis_290818_2.jpg\",\"width\":273,\"height\":181},{\"@type\":\"WebPage\",\"@id\":\"https:\/\/franciscanos.org.br\/noticias\/o-jeito-de-ser-franciscano-na-base-do-educador-franciscano.html#webpage\",\"url\":\"https:\/\/franciscanos.org.br\/noticias\/o-jeito-de-ser-franciscano-na-base-do-educador-franciscano.html\",\"name\":\"O que \u00e9 ser franciscano na educa\u00e7\u00e3o? - Not\u00edcias - Franciscanos\",\"isPartOf\":{\"@id\":\"https:\/\/franciscanos.org.br\/noticias\/#website\"},\"primaryImageOfPage\":{\"@id\":\"https:\/\/franciscanos.org.br\/noticias\/o-jeito-de-ser-franciscano-na-base-do-educador-franciscano.html#primaryimage\"},\"datePublished\":\"2018-08-29T11:18:38+00:00\",\"dateModified\":\"2019-10-30T12:39:24+00:00\",\"author\":{\"@id\":\"https:\/\/franciscanos.org.br\/noticias\/#\/schema\/person\/b38fbf43118f02820bd932f2e4b14ad3\"},\"breadcrumb\":{\"@id\":\"https:\/\/franciscanos.org.br\/noticias\/o-jeito-de-ser-franciscano-na-base-do-educador-franciscano.html#breadcrumb\"},\"inLanguage\":\"pt-BR\",\"potentialAction\":[{\"@type\":\"ReadAction\",\"target\":[\"https:\/\/franciscanos.org.br\/noticias\/o-jeito-de-ser-franciscano-na-base-do-educador-franciscano.html\"]}]},{\"@type\":\"BreadcrumbList\",\"@id\":\"https:\/\/franciscanos.org.br\/noticias\/o-jeito-de-ser-franciscano-na-base-do-educador-franciscano.html#breadcrumb\",\"itemListElement\":[{\"@type\":\"ListItem\",\"position\":1,\"name\":\"Home\",\"item\":\"https:\/\/franciscanos.org.br\/noticias\"},{\"@type\":\"ListItem\",\"position\":2,\"name\":\"O que \u00e9 ser franciscano na educa\u00e7\u00e3o?\"}]},{\"@type\":\"Person\",\"@id\":\"https:\/\/franciscanos.org.br\/noticias\/#\/schema\/person\/b38fbf43118f02820bd932f2e4b14ad3\",\"name\":\"admin\",\"image\":{\"@type\":\"ImageObject\",\"inLanguage\":\"pt-BR\",\"@id\":\"https:\/\/franciscanos.org.br\/noticias\/#\/schema\/person\/image\/\",\"url\":\"https:\/\/secure.gravatar.com\/avatar\/e8495742d34d0ba6448ea1c628263b3e?s=96&d=mm&r=g\",\"contentUrl\":\"https:\/\/secure.gravatar.com\/avatar\/e8495742d34d0ba6448ea1c628263b3e?s=96&d=mm&r=g\",\"caption\":\"admin\"},\"url\":\"https:\/\/franciscanos.org.br\/noticias\/author\/admin\"}]}<\/script>\n<!-- \/ Yoast SEO plugin. -->","yoast_head_json":{"title":"O que \u00e9 ser franciscano na educa\u00e7\u00e3o? - Not\u00edcias - Franciscanos","robots":{"index":"index","follow":"follow","max-snippet":"max-snippet:-1","max-image-preview":"max-image-preview:large","max-video-preview":"max-video-preview:-1"},"canonical":"https:\/\/franciscanos.org.br\/noticias\/o-jeito-de-ser-franciscano-na-base-do-educador-franciscano.html","og_locale":"pt_BR","og_type":"article","og_title":"O que \u00e9 ser franciscano na educa\u00e7\u00e3o? - Not\u00edcias - Franciscanos","og_description":"II Congresso Nacional de Educadores Franciscanos","og_url":"https:\/\/franciscanos.org.br\/noticias\/o-jeito-de-ser-franciscano-na-base-do-educador-franciscano.html","og_site_name":"Not\u00edcias - Franciscanos","article_published_time":"2018-08-29T11:18:38+00:00","article_modified_time":"2019-10-30T12:39:24+00:00","og_image":[{"width":273,"height":181,"url":"https:\/\/franciscanos.org.br\/noticias\/wp-content\/uploads\/2018\/08\/anapolis_290818_2.jpg","type":"image\/jpeg"}],"author":"admin","twitter_card":"summary_large_image","twitter_misc":{"Escrito por":"admin","Est. tempo de leitura":"3 minutos"},"schema":{"@context":"https:\/\/schema.org","@graph":[{"@type":"WebSite","@id":"https:\/\/franciscanos.org.br\/noticias\/#website","url":"https:\/\/franciscanos.org.br\/noticias\/","name":"Not\u00edcias - Franciscanos","description":"Prov\u00edncia Franciscana da Imaculada Concei\u00e7\u00e3o do Brasil - Ordem dos Frades Menores - OFM","potentialAction":[{"@type":"SearchAction","target":{"@type":"EntryPoint","urlTemplate":"https:\/\/franciscanos.org.br\/noticias\/?s={search_term_string}"},"query-input":"required name=search_term_string"}],"inLanguage":"pt-BR"},{"@type":"ImageObject","inLanguage":"pt-BR","@id":"https:\/\/franciscanos.org.br\/noticias\/o-jeito-de-ser-franciscano-na-base-do-educador-franciscano.html#primaryimage","url":"https:\/\/franciscanos.org.br\/noticias\/wp-content\/uploads\/2018\/08\/anapolis_290818_2.jpg","contentUrl":"https:\/\/franciscanos.org.br\/noticias\/wp-content\/uploads\/2018\/08\/anapolis_290818_2.jpg","width":273,"height":181},{"@type":"WebPage","@id":"https:\/\/franciscanos.org.br\/noticias\/o-jeito-de-ser-franciscano-na-base-do-educador-franciscano.html#webpage","url":"https:\/\/franciscanos.org.br\/noticias\/o-jeito-de-ser-franciscano-na-base-do-educador-franciscano.html","name":"O que \u00e9 ser franciscano na educa\u00e7\u00e3o? - Not\u00edcias - Franciscanos","isPartOf":{"@id":"https:\/\/franciscanos.org.br\/noticias\/#website"},"primaryImageOfPage":{"@id":"https:\/\/franciscanos.org.br\/noticias\/o-jeito-de-ser-franciscano-na-base-do-educador-franciscano.html#primaryimage"},"datePublished":"2018-08-29T11:18:38+00:00","dateModified":"2019-10-30T12:39:24+00:00","author":{"@id":"https:\/\/franciscanos.org.br\/noticias\/#\/schema\/person\/b38fbf43118f02820bd932f2e4b14ad3"},"breadcrumb":{"@id":"https:\/\/franciscanos.org.br\/noticias\/o-jeito-de-ser-franciscano-na-base-do-educador-franciscano.html#breadcrumb"},"inLanguage":"pt-BR","potentialAction":[{"@type":"ReadAction","target":["https:\/\/franciscanos.org.br\/noticias\/o-jeito-de-ser-franciscano-na-base-do-educador-franciscano.html"]}]},{"@type":"BreadcrumbList","@id":"https:\/\/franciscanos.org.br\/noticias\/o-jeito-de-ser-franciscano-na-base-do-educador-franciscano.html#breadcrumb","itemListElement":[{"@type":"ListItem","position":1,"name":"Home","item":"https:\/\/franciscanos.org.br\/noticias"},{"@type":"ListItem","position":2,"name":"O que \u00e9 ser franciscano na educa\u00e7\u00e3o?"}]},{"@type":"Person","@id":"https:\/\/franciscanos.org.br\/noticias\/#\/schema\/person\/b38fbf43118f02820bd932f2e4b14ad3","name":"admin","image":{"@type":"ImageObject","inLanguage":"pt-BR","@id":"https:\/\/franciscanos.org.br\/noticias\/#\/schema\/person\/image\/","url":"https:\/\/secure.gravatar.com\/avatar\/e8495742d34d0ba6448ea1c628263b3e?s=96&d=mm&r=g","contentUrl":"https:\/\/secure.gravatar.com\/avatar\/e8495742d34d0ba6448ea1c628263b3e?s=96&d=mm&r=g","caption":"admin"},"url":"https:\/\/franciscanos.org.br\/noticias\/author\/admin"}]}},"_links":{"self":[{"href":"https:\/\/franciscanos.org.br\/noticias\/wp-json\/wp\/v2\/posts\/170323"}],"collection":[{"href":"https:\/\/franciscanos.org.br\/noticias\/wp-json\/wp\/v2\/posts"}],"about":[{"href":"https:\/\/franciscanos.org.br\/noticias\/wp-json\/wp\/v2\/types\/post"}],"author":[{"embeddable":true,"href":"https:\/\/franciscanos.org.br\/noticias\/wp-json\/wp\/v2\/users\/1"}],"replies":[{"embeddable":true,"href":"https:\/\/franciscanos.org.br\/noticias\/wp-json\/wp\/v2\/comments?post=170323"}],"version-history":[{"count":0,"href":"https:\/\/franciscanos.org.br\/noticias\/wp-json\/wp\/v2\/posts\/170323\/revisions"}],"wp:featuredmedia":[{"embeddable":true,"href":"https:\/\/franciscanos.org.br\/noticias\/wp-json\/wp\/v2\/media\/212890"}],"wp:attachment":[{"href":"https:\/\/franciscanos.org.br\/noticias\/wp-json\/wp\/v2\/media?parent=170323"}],"wp:term":[{"taxonomy":"category","embeddable":true,"href":"https:\/\/franciscanos.org.br\/noticias\/wp-json\/wp\/v2\/categories?post=170323"},{"taxonomy":"post_tag","embeddable":true,"href":"https:\/\/franciscanos.org.br\/noticias\/wp-json\/wp\/v2\/tags?post=170323"}],"curies":[{"name":"wp","href":"https:\/\/api.w.org\/{rel}","templated":true}]}}