{"id":170224,"date":"2018-08-28T19:13:04","date_gmt":"2018-08-28T22:13:04","guid":{"rendered":"http:\/\/franciscanos.org.br\/?p=170224"},"modified":"2019-10-30T09:52:41","modified_gmt":"2019-10-30T12:52:41","slug":"frades-e-leigos-da-frente-das-paroquias-reunem-se-em-encontro-ampliado","status":"publish","type":"post","link":"https:\/\/franciscanos.org.br\/noticias\/frades-e-leigos-da-frente-das-paroquias-reunem-se-em-encontro-ampliado.html","title":{"rendered":"O grande encontro das Par\u00f3quias da Prov\u00edncia"},"content":{"rendered":"<p><img loading=\"lazy\" class=\"size-full wp-image-212893 aligncenter\" src=\"https:\/\/franciscanos.org.br\/noticias\/wp-content\/uploads\/2018\/08\/frente_280818_1.jpg\" alt=\"\" width=\"830\" height=\"295\" srcset=\"https:\/\/franciscanos.org.br\/noticias\/wp-content\/uploads\/2018\/08\/frente_280818_1.jpg 830w, https:\/\/franciscanos.org.br\/noticias\/wp-content\/uploads\/2018\/08\/frente_280818_1-450x160.jpg 450w, https:\/\/franciscanos.org.br\/noticias\/wp-content\/uploads\/2018\/08\/frente_280818_1-768x273.jpg 768w, https:\/\/franciscanos.org.br\/noticias\/wp-content\/uploads\/2018\/08\/frente_280818_1-150x53.jpg 150w\" sizes=\"(max-width: 830px) 100vw, 830px\" \/><\/p>\n<p style=\"padding-left: 40px;\"><em>Neste ano, o\u00a0Encontro\u00a0Ampliado da Frente de Par\u00f3quias, Santu\u00e1rios e Centros de Acolhimento da Prov\u00edncia Franciscana da Imaculada Concei\u00e7\u00e3o aconteceu simultaneamente em dois locais: no Convento S\u00e3o Francisco, em S\u00e3o Paulo, para os participantes de S\u00e3o Paulo, Rio de Janeiro e Esp\u00edrito Santo e em Rondinha, na Fraternidade S\u00e3o Boaventura, para os participantes de Santa Catarina e Paran\u00e1.<\/em><br \/>\n<em>A divis\u00e3o foi um pedido dos pr\u00f3prios participantes, que no ano passado reuniram-se no Semin\u00e1rio Santo Ant\u00f4nio, em Agudos (SP). Na ocasi\u00e3o, foi sugerido que o encontro acontecesse em locais separados para facilitar a participa\u00e7\u00e3o de todos, levando em considera\u00e7\u00e3o a dist\u00e2ncia e o territ\u00f3rio provincial.<\/em><br \/>\n<em>Neste ano, os participantes foram convidados a aprofundar o Documento da Ordem dos Frades Menores, \u201cEnviados a Evangelizar em Fraternidade e Minoridade na Par\u00f3quia\u201d. Trata-se de um subs\u00eddio para a pastoral paroquial, publicado pelo Governo Geral da Ordem dos Frades Menores em 2009. Segundo o ent\u00e3o Ministro Geral, Frei Jos\u00e9 Rodr\u00edguez Carballo, o texto pretende oferecer uma ajuda \u00e0 Fraternidade universal, sobretudo \u00e0s Fraternidades presentes e operantes nas par\u00f3quias para realizarem uma forma particular de evangeliza\u00e7\u00e3o segundo os valores do carisma franciscano, em particular, os da fraternidade e da minoridade.<\/em><br \/>\n<em>Tendo em vista o Cap\u00edtulo Provincial que se aproxima, os participantes se reuniram em grupos para dar indica\u00e7\u00f5es aos frades com rela\u00e7\u00e3o ao trabalho da Frente de Par\u00f3quias, Santu\u00e1rios e Centros de Acolhimento.<\/em><\/p>\n<p><img loading=\"lazy\" src=\"http:\/\/franciscanos.org.br\/wp-content\/uploads\/2018\/08\/paroquias_280818-8301.jpg\" alt=\"paroquias_280818-830\" width=\"830\" height=\"300\" \/><\/p>\n<hr \/>\n<h1>Par\u00f3quias d\u00e3o contribui\u00e7\u00e3o ao Cap\u00edtulo Provincial<\/h1>\n<p><strong>Frei Augusto Luiz Gabriel<\/strong><\/p>\n<p><strong>Rondinha (PR)<\/strong>\u00a0\u2013 Frades e leigos dos estados do Paran\u00e1 e Santa Catarina se reuniram no Convento S\u00e3o Boaventura, em Campo Largo, para o encontro ampliado da Frente das Par\u00f3quias, Santu\u00e1rios e Centros de Acolhimento. Das quest\u00f5es \u2018que indica\u00e7\u00f5es propor para a presen\u00e7a e atua\u00e7\u00e3o dos frades neste tempo de miss\u00e3o e como fortalecer a atua\u00e7\u00e3o dos leigos na evangeliza\u00e7\u00e3o da Prov\u00edncia?\u201d sair\u00e1 um documento que ser\u00e1 encaminhado para a Comiss\u00e3o Preparat\u00f3ria do Cap\u00edtulo Provincial.<\/p>\n<p>O coordenador da Frente, Frei Germano Guesser, acolheu a todos e apresentou as cinco Frentes do Plano de Evangeliza\u00e7\u00e3o da Prov\u00edncia da Imaculada Concei\u00e7\u00e3o: Par\u00f3quias, Santu\u00e1rios e Centros de Acolhimento; Educa\u00e7\u00e3o; Comunica\u00e7\u00e3o; Solidariedade para com os Empobrecidos e Miss\u00f5es, com enfoque especial para a maior de todas, que \u00e9 a das Par\u00f3quias. No Ano do Laicato, o frade destacou a import\u00e2ncia da partilha do servi\u00e7o evangelizador com leigos e leigas. \u201cUrge sermos sinais de uma reconcilia\u00e7\u00e3o universal com todas as criaturas, ao modo de S\u00e3o Francisco, numa profunda convers\u00e3o que \u00e9 tamb\u00e9m interior\u201d, disse. Tamb\u00e9m apresentou quais s\u00e3o as prioridades de evangeliza\u00e7\u00e3o da Prov\u00edncia para o sex\u00eanio de 2016-2021.<\/p>\n<p>Os p\u00e1rocos Frei Alex Sandro Ciarnoski, da Par\u00f3quia S\u00e3o Luiz Gonzaga de Xaxim (SC), e Frei Jos\u00e9 Idair Ferreira Augusto, da Par\u00f3quia Nossa Senhora do Ros\u00e1rio de Conc\u00f3rdia (SC), conduziram as reflex\u00f5es em torno do tema de estudo.<\/p>\n<p><img loading=\"lazy\" src=\"http:\/\/franciscanos.org.br\/wp-content\/uploads\/2018\/08\/frente_280818_4.jpg\" alt=\"frente_280818_4\" width=\"830\" height=\"553\" \/><\/p>\n<p>Segundo Frei Alex, durante a composi\u00e7\u00e3o do documento, a Ordem realizou um levantamento de dados na tentativa de avaliar de que maneira os frades estavam atuando e conduzindo a pastoral nas par\u00f3quias onde estavam presentes. Dois pressupostos se destacam neste documento. Primeiro, a Fraternidade: \u201cUma fraternidade contemplativa em miss\u00e3o \u00e9 aquela que anuncia a Boa Nova com a vida e com a palavra\u201d. Para Frei Jos\u00e9 Idair, vida e palavra s\u00e3o uma constante em todo o texto do documento, pois \u00e9 pr\u00f3prio de S\u00e3o Francisco. No segundo pressuposto, o das par\u00f3quias, v\u00ea-se evangeliza\u00e7\u00e3o segundo os valores do carisma, em particular, os da fraternidade e da minoridade.<\/p>\n<p>Os assessores frisaram que \u00e9 pr\u00f3prio das fraternidades ler e interpretar os sinais dos tempos nos seus mais diversificados contextos e aceitar as orienta\u00e7\u00f5es da Igreja local, a respeito da evangeliza\u00e7\u00e3o no contexto da pastoral paroquial. \u201cSem deixar de prestar aten\u00e7\u00e3o \u00e0 a\u00e7\u00e3o lit\u00fargica, \u00e0 administra\u00e7\u00e3o dos sacramentos e \u00e0s pr\u00e1ticas de devo\u00e7\u00e3o, devemos trabalhar para recuperar a centralidade da f\u00e9, motivando os batizados a serem agentes ativos da evangeliza\u00e7\u00e3o. Sem esquecer os crist\u00e3os empenhados na constru\u00e7\u00e3o do Reino, devemos voltar nosso olhar, sobretudo para a multid\u00e3o dos batizados n\u00e3o evangelizados, para as novas realidades de nosso tempo, para a imensa mobilidade das pessoas e para o extraordin\u00e1rio fen\u00f4meno da migra\u00e7\u00e3o. Sem esquecer as noventa e nove ovelhas do redil, devemos sair \u00e0 procura da \u2018ovelha perdida, porque tamb\u00e9m ela \u00e9 destinada ao Reino\u201d, disseram os assessores citando o texto do Relat\u00f3rio do Cap\u00edtulo da Ordem de 2006, n. 82.<\/p>\n<p><img loading=\"lazy\" src=\"http:\/\/franciscanos.org.br\/wp-content\/uploads\/2018\/08\/frente_280818_2.jpg\" alt=\"frente_280818_2\" width=\"830\" height=\"441\" \/><\/p>\n<p><strong>DESAFIOS DA PAR\u00d3QUIA NA IGREJA<\/strong><br \/>\nFrei Alex falou sobre o desafio de ser par\u00f3quia na Igreja hoje, elencando uma s\u00e9rie de itens: globaliza\u00e7\u00e3o das novas tecnologias; a urbaniza\u00e7\u00e3o; o pluralismo cultural e religioso; a imigra\u00e7\u00e3o, a tens\u00e3o entre eclesiologias, cristologias e antropologias diferentes; o crescimento dos novos movimentos eclesiais e de novas comunidades; a busca de experi\u00eancias de espiritualidade; o afastamento da pr\u00e1tica comunit\u00e1ria e sacramental; o fen\u00f4meno de quem volta; a pastoral ordin\u00e1ria de uma par\u00f3quia; a exig\u00eancia de se ter uma igreja mais ministerial e a pastoral social (fr\u00e1gil ou ausente na pratica pastoral).<\/p>\n<p>Segundo ele, os frades de forma\u00e7\u00e3o mais antiga, os medianos e at\u00e9 mesmo os formandos que est\u00e3o chegando agora s\u00e3o impactados por estes desafios. \u201cTemos v\u00e1rias tens\u00f5es de eclesiologia por conta das v\u00e1rias interpreta\u00e7\u00f5es que fazemos sobre Jesus Cristo como tamb\u00e9m sobre o ser humano. Isso implica justamente na maneira que vamos conduzir e organizar a pr\u00e1tica evangelizadora em nossas par\u00f3quias\u201d, ressaltou.<\/p>\n<p>Segundo Frei Delcio Francisco Lorenzetti, que reside na fraternidade de Conc\u00f3rdia (SC), estes desafios se manifestam de forma mais aguda quando a comunidade est\u00e1 reunida e celebra com um determinado modelo lit\u00fargico. \u201cEla \u00e9 um espelho muito claro disto que estamos falando aqui\u201d, acrescentou.<\/p>\n<p><img loading=\"lazy\" src=\"http:\/\/franciscanos.org.br\/wp-content\/uploads\/2018\/08\/frente_280818_5.jpg\" alt=\"frente_280818_5\" width=\"830\" height=\"324\" \/><\/p>\n<p>Irm\u00e3 Marta, que trabalha no setor de catequese da Par\u00f3quia de Santo Amaro da Imperatriz (SC), destacou que \u00e9 desafiador para o p\u00e1roco cuidar de uma par\u00f3quia muito grande e repleta de atividades. Por\u00e9m, para ela, apesar de todas as dificuldades e desafios que os trabalhos do dia a dia apresentam, ter participado do encontro foi muito bom e importante. \u201cEsta integra\u00e7\u00e3o que existiu aqui nos beneficiou, pois nos ajudou a ver a realidade a partir de dentro e n\u00e3o apenas de fora\u201d, acentuou.<\/p>\n<p>O primeiro dia de atividades e partilhas avan\u00e7ou nas primeiras horas da noite com muitas partilhas, apontamentos, sugest\u00f5es e tamb\u00e9m elogios para o trabalho evangelizador dos frades e leigos nesta Frente.<\/p>\n<p>Frei Alexandre Magno Cordeiro da Silva, coordenador da Frente das Miss\u00f5es e p\u00e1roco da Par\u00f3quia Bom Jesus dos Perd\u00f5es de Curitiba (PR), falou sobre a realidade da Frente das Miss\u00f5es. Segundo ele, todos os anos no m\u00eas de outubro, a Prov\u00edncia promove a campanha mission\u00e1ria visando manter a miss\u00e3o da Funda\u00e7\u00e3o Imaculada M\u00e3e de Deus de Angola (FIMDA), inaugurada pelos frades h\u00e1 quase 30 anos. Frei Alexandre apresentou tamb\u00e9m um v\u00eddeo e falou da Mostra Fotogr\u00e1fica sobre as Miss\u00f5es na sala e corredor do Convento. O material est\u00e1 dispon\u00edvel para que as Par\u00f3quias e Santu\u00e1rios tamb\u00e9m possam exibir durante o ano.<\/p>\n<p><img loading=\"lazy\" src=\"http:\/\/franciscanos.org.br\/wp-content\/uploads\/2018\/08\/frente_280818_3.jpg\" alt=\"frente_280818_3\" width=\"830\" height=\"295\" \/><\/p>\n<p><strong>SUGEST\u00d5ES PARA O CAP\u00cdTULO PROVINCIAL<\/strong><br \/>\nO segundo dia come\u00e7ou com a Celebra\u00e7\u00e3o Eucar\u00edstica, \u00e0s 7h15, na capela interna onde residem os frades de Profiss\u00e3o Tempor\u00e1ria e os formadores do tempo de Filosofia. Frei Germano presidiu e Frei Daniel Dellandrea, p\u00e1roco da Par\u00f3quia de Santo Amaro da Imperatriz (SC) e vice coordenador da evangeliza\u00e7\u00e3o da Prov\u00edncia, foi o concelebrante. Neste dia, a Igreja celebrou Santo Agostinho, doutor da Igreja.<\/p>\n<p>Em sua homilia, Frei Germano enfatizou que atitudes falsas n\u00e3o s\u00e3o suportadas por Jesus, pois demonstram um comportamento enganador, uma imagem distante da realidade, \u00e0s vezes totalmente oposta.<\/p>\n<p>Segundo ele, as mentiras se tornam ainda mais graves quando envolvem religi\u00e3o, pois a\u00ed est\u00e1 em jogo a boa f\u00e9 das pessoas. Por temor ou respeito a Deus, o povo simples se entrega, de modo ing\u00eanuo, aos \u2018comandos\u2019 de seus l\u00edderes. \u201cOs doutores da Lei e fariseus se fixavam no cumprimento minucioso de suas prescri\u00e7\u00f5es v\u00e1lidas, mas secund\u00e1rias, enquanto negligenciavam as mais importantes: a pr\u00e1tica da justi\u00e7a, da miseric\u00f3rdia e da fidelidade ao projeto de Deus. \u00c9 prudente n\u00e3o se deixar iludir pelos falsos mestres\u201d, ensinou o celebrante. Ainda em sua homilia, o frade fez o seguinte questionamento: Qual o perigo de colocar toda a aten\u00e7\u00e3o no menos importante? Ser\u00e1 que n\u00e3o mascaramos as coisas tentando esconder aquilo que em que mais falhamos?\u201d.<\/p>\n<p>O encontro teve continuidade com trabalhos em grupos. Frei Daniel, organizou e dividiu os participantes em quatro grupos de leigos e em dois grupos de frades. Todos refletiram e discutiram duas quest\u00f5es, a saber: 1 \u2013 Que indica\u00e7\u00f5es propor para a presen\u00e7a e atua\u00e7\u00e3o dos frades neste tempo de miss\u00e3o? 2 \u2013 Como fortalecer a atua\u00e7\u00e3o dos leigos na evangeliza\u00e7\u00e3o da Prov\u00edncia? Posteriormente, os questionamentos ser\u00e3o encaminhados para Comiss\u00e3o Preparat\u00f3ria do Cap\u00edtulo Provincial, que acontecer\u00e1 de 12 a 21 de novembro, em Agudos (SP).<\/p>\n<p>Cada grupo elegeu um secret\u00e1rio e os mesmos partilharam com todos os participantes as sugest\u00f5es e partilhas que surgiram nos debates realizados nos grupos. E, em um clima de alegria a fraternidade o encontro teve seu fim, com o almo\u00e7o oferecido pela Fraternidade anfitri\u00e3 do evento.<\/p>\n<hr \/>\n<p><img src=\"http:\/\/franciscanos.org.br\/wp-content\/uploads\/2018\/08\/paroquias_280818-830.jpg\" \/><\/p>\n<h1>Frades e leigos da Frente das Par\u00f3quias re\u00fanem-se em Encontro Ampliado<\/h1>\n<div id=\"texto\">\n<div id=\"box_especial\"><\/div>\n<p><strong>\u00c9rika Augusto<\/strong><\/p>\n<p><strong>S\u00e3o Paulo (SP)<\/strong>\u00a0\u2013 Na tarde de segunda-feira (27\/08), os participantes deram in\u00edcio ao Encontro Ampliado da Frente de Par\u00f3quias, Santu\u00e1rios e Centros de Acolhimento no Convento S\u00e3o Francisco, em S\u00e3o Paulo (SP). \u00a0Frei C\u00e9sar K\u00fclkamp, Vig\u00e1rio Provincial e Secret\u00e1rio da Evangeliza\u00e7\u00e3o, deu as boas-vindas aos participantes e conduziu a apresenta\u00e7\u00e3o.<\/p>\n<p>Neste encontro, 41 pessoas responderam positivamente ao convite feito pelo coordenador da Frente, Frei Germano Guesser. Entre os participantes, 14 frades e 27 leigos. Estiveram presentes os representantes dos seguintes locais: Santu\u00e1rio S\u00e3o Francisco, S\u00e3o Paulo (SP); Par\u00f3quia S\u00e3o Francisco \u2013 Vila Clementino, S\u00e3o Paulo (SP); Santu\u00e1rio Santo Ant\u00f4nio do Valongo e Par\u00f3quia Nossa Senhora da Assun\u00e7\u00e3o, Santos (SP); Par\u00f3quia Nossa Senhora do Amparo, S\u00e3o Sebasti\u00e3o (SP); Par\u00f3quia Bom Jesus dos Aflitos, Sorocaba (SP); Par\u00f3quia Santo Ant\u00f4nio, Sorocaba (SP); Semin\u00e1rio Franciscano Frei Galv\u00e3o, Guaratinguet\u00e1 (SP); Par\u00f3quia S\u00e3o Francisco, Duque de Caxias (RJ); Par\u00f3quia Santa Clara, Duque de Caxias (RJ); Par\u00f3quia Nossa Senhora Aparecida, Nil\u00f3polis (RJ); Par\u00f3quia Santa Clara, Petr\u00f3polis (RJ) e Par\u00f3quia Nossa Senhora da Boa Viagem, Rio de Janeiro (RJ). Frei Miguel Kleinhans, o Visitador Geral, participou dos dois dias de encontro.<\/p>\n<p>Segundo Frei C\u00e9sar, este encontro n\u00e3o acontece para que os participantes discutam temas pastorais ou do Magist\u00e9rio da Igreja, mas para perceber como as Par\u00f3quias, Santu\u00e1rios e Centros de Acolhimento podem assumir uma caracter\u00edstica mais franciscana, para partilhar experi\u00eancias e descobrir formas de trabalhar em conjunto.<\/p>\n<p>Na parte da tarde, o Vig\u00e1rio Provincial apresentou brevemente o Plano de Evangeliza\u00e7\u00e3o da Prov\u00edncia e as cinco Frentes de Evangeliza\u00e7\u00e3o: Par\u00f3quias, Santu\u00e1rios e Centros de Acolhimento; Educa\u00e7\u00e3o; Comunica\u00e7\u00e3o; Solidariedade com os empobrecidos e Miss\u00f5es. Ele destacou que duas Frentes s\u00e3o transversais, pois est\u00e3o presentes em certo modo em todas as outras: Solidariedade com os empobrecidos e Miss\u00f5es.<\/p>\n<p>Usando como base as reflex\u00f5es do Papa Francisco na Exorta\u00e7\u00e3o Apost\u00f3lica\u00a0<em>Evangelii Gaudium<\/em>, Frei C\u00e9sar falou aos presentes sobre as formas de evangelizar,\u00a0explicitando\u00a0a import\u00e2ncia de ser uma Igreja em sa\u00edda, como pede o Pont\u00edfice. \u201cSer Igreja, evangelizar, \u00e9 um chamado a sair de si mesmo\u201d, afirmou. O Vig\u00e1rio Provincial assinalou quer ser Igreja n\u00e3o \u00e9 apenas administrar os sacramentos, mas ir ao encontro do pr\u00f3ximo, sobretudo os mais necessitados. \u201cNo irm\u00e3o est\u00e1 o prolongamento da encarna\u00e7\u00e3o\u201d, salientou, citando a Exorta\u00e7\u00e3o Apost\u00f3lica.<\/p>\n<p><strong>Estudo do Documento da Ordem<\/strong><\/p>\n<p>Na parte da noite, Frei Jo\u00e3o Reinert, p\u00e1roco da Par\u00f3quia Santa Clara, em Duque de Caxias (RJ), falou sobre o documento da Ordem dos Frades Menores, \u201cEnviados a Evangelizar em Fraternidade e Minoridade na Par\u00f3quia\u201d, de 2009.<\/p>\n<p>O frade discorreu sobre os tr\u00eas cap\u00edtulos do documento, que apontam a necessidade de ser uma par\u00f3quia ativa e inserida no contexto eclesial local, sem perder as caracter\u00edsticas do carisma franciscano.<\/p>\n<p>Frei Jo\u00e3o destacou alguns desafios apresentados no Documento, como a urbaniza\u00e7\u00e3o, globaliza\u00e7\u00e3o, pluralismo cultural e religioso e afastamento da pr\u00e1tica religiosa, mercantiliza\u00e7\u00e3o e individualismo. Desafios que atingem a sociedade de modo geral, mas segundo o frade interferem tamb\u00e9m da rela\u00e7\u00e3o entre o homem e Deus. Diante deste cen\u00e1rio,\u00a0o palestrante\u00a0perguntou aos presentes: \u201cQual contribui\u00e7\u00e3o do carisma franciscano para esta realidade?\u201d.<\/p>\n<p>Para Frei Jo\u00e3o Reinert, \u00e9 percept\u00edvel um modo franciscano de estar nas par\u00f3quias. \u201cO jeito franciscano de ser est\u00e1 muito alinhado ao Vaticano II, um novo jeito de ser e entender a Igreja. Mais do que fazer muitas coisas, na par\u00f3quia franciscana as coisas s\u00e3o feitas de forma colegiada, participativa, democr\u00e1tica. A par\u00f3quia \u00e9 sentida como uma extens\u00e3o da fraternidade, onde os paroquianos s\u00e3o nossos irm\u00e3os. A miseric\u00f3rdia \u00e9 uma marca forte, atrav\u00e9s da acolhida, integra\u00e7\u00e3o, escuta, di\u00e1logo\u201d, afirmou. Para ele, \u00e9 percept\u00edvel um processo de acolhida,\u00a0 que \u00e9 sinal da miseric\u00f3rdia. Ele destaca tamb\u00e9m a valoriza\u00e7\u00e3o nos canais de participa\u00e7\u00e3o, como Conselhos Paroquiais, Assembleias e outras inst\u00e2ncias que promovem uma participa\u00e7\u00e3o e decis\u00e3o colegiada, ajudando a formar consci\u00eancia e valorizando o discernimento.<\/p>\n<p><strong>Momento de partilha e o conselho do Visitador<\/strong><\/p>\n<p>Ap\u00f3s a fala de Frei Jo\u00e3o, os participantes partilharam sobre os trabalhos realizados e as caracter\u00edsticas franciscanas em cada a\u00e7\u00e3o. Frei Benedito Gon\u00e7alves, o Frei Dito, p\u00e1roco da Par\u00f3quia Bom Jesus dos Aflitos, em Sorocaba, destacou a constru\u00e7\u00e3o da Porci\u00fancula no claustro do convento local como um espa\u00e7o de acolhida, ora\u00e7\u00e3o e difus\u00e3o do carisma franciscano. Para ele, \u00e9 necess\u00e1rio que as par\u00f3quias franciscanas falem mais sobre S\u00e3o Francisco de Assis. \u00a0\u201c\u00c9 justamente de S\u00e3o Francisco que brota nossa espiritualidade. Temos pouca devo\u00e7\u00e3o franciscana, perto de outras devo\u00e7\u00f5es que historicamente institu\u00edmos\u201d, assinalou.<\/p>\n<p>&nbsp;<\/p>\n<p><img loading=\"lazy\" src=\"http:\/\/franciscanos.org.br\/wp-content\/uploads\/2018\/08\/paroquias_280818-830-2.jpg\" alt=\"paroquias_280818 830 2\" width=\"830\" height=\"320\" \/><\/p>\n<p>O Visitador Geral, Frei Miguel Kleinhans, deu um conselho aos frades participantes do encontro. Ele afirmou que a gratuidade deve ser uma caracter\u00edstica da par\u00f3quia franciscana. O frade contou que muitos frades jovens perguntam o que devem fazer para serem bem acolhidos nas par\u00f3quias. E ele aconselha: \u201cVisite o povo, especialmente os pobres, doentes\u201d. E acrescenta: \u201cA gratuidade, a caridade, faz muito bem ao frade. No corpo a corpo se revela o Cristo ressuscitado\u201d, partilhou.<\/p>\n<p>O leigo Marcelo Meloni, da Par\u00f3quia Nossa Senhora Aparecida, afirma que o encontro com\u00a0frades e leigos \u00e9\u00a0muito positivo, pois sinaliza para que as par\u00f3quias tenham cada vez mais um rosto franciscano. \u201c\u00c0s vezes ficamos presos \u00e0 nossa par\u00f3quia ou diocese e esquecemos dessa primeira voca\u00e7\u00e3o, que \u00e9 ser franciscana\u201d, acrescenta. O jovem, que esteve no encontro passado, em Agudos, diz que os momentos de partilha ajudam na viv\u00eancia paroquial. \u201cOs encontros proporcionam uma maior intera\u00e7\u00e3o do que a Prov\u00edncia pede pra n\u00f3s, enquanto leigos de uma par\u00f3quia franciscana. N\u00f3s voltamos e tentamos colocar em pr\u00e1tica as ideias que foram discutidas, de como tornar a nossa par\u00f3quia de fato um local s\u00edmbolo da miseric\u00f3rdia, da solidariedade, para \u00a0tentar fazer com que as nossas par\u00f3quias tenham cada vez mais o rosto de S\u00e3o Francisco\u201d, explica.<\/p>\n<p>Frei Miguel Kleinhans, que desde fevereiro est\u00e1 em visita can\u00f4nica na Prov\u00edncia da Imaculada, destaca que sentiu nas Par\u00f3quias em que visitou um grande senso de perten\u00e7a. \u201cO n\u00facleo fraterno dos frades contagia os leigos. Fraternidade forma fraternidade\u201d, afirmou. Ele relata ainda que sente a necessidade dos jovens se inserirem na vida das comunidades. \u201c\u00c9 dif\u00edcil quando as lideran\u00e7as leigas se apossam dos grupos. Um membro novo n\u00e3o consegue entrar. As lideran\u00e7as antigas t\u00eam opini\u00e3o fixa e absolutizam, mas o leigo novo tamb\u00e9m tem direito a ser escutado\u201d, ponderou.<\/p>\n<p>Para ele, \u00e9 importante que as par\u00f3quias valorizem a Ordem Franciscana Secular (OFS) e recuperem o sentido da minoridade. \u201cAtrav\u00e9s do impulso dos frades, \u00e9 preciso levar os leigos de encontro aos empobrecidos, aos doentes. Seria bom integrar os trabalhos das Par\u00f3quias com o Sefras, incentivando os leigos a cuidarem do aspecto solid\u00e1rio nas Par\u00f3quias\u201d, sinalizou.<\/p>\n<p><strong>Tempo de partilha e indica\u00e7\u00f5es para o Cap\u00edtulo Provincial<\/strong><\/p>\n<p>Na manh\u00e3 de ter\u00e7a-feira, os participantes do encontro se dividiram em grupos, frades e leigos, para discutirem as indica\u00e7\u00f5es, tendo em vista o Cap\u00edtulo Provincial. No momento de plen\u00e1ria, os secret\u00e1rios de cada grupo partilharam o que foi apontado, com destaque para a necessidade de dar autonomia aos leigos, promo\u00e7\u00e3o de uma escuta acolhedora e respeitosa, respeitando os limites individuais de cada pessoa, al\u00e9m da necessidade de incentivar os jovens nas comunidades. Foi apontada tamb\u00e9m a necessidade de assumir o projeto comum de cada par\u00f3quia, sem \u201ccriar moda\u201d e a valoriza\u00e7\u00e3o\u00a0dos paroquianos mais idosos, que j\u00e1 est\u00e3o h\u00e1 muito tempo nas comunidades.<\/p>\n<p>Da parte dos frades, \u00e9 necess\u00e1rio desfazer uma consci\u00eancia clerical e hier\u00e1rquica, que ainda est\u00e1 muito presente nas par\u00f3quias e ganha destaque com as novas m\u00eddias. Tamb\u00e9m falou-se da necessidade de valorizar a viv\u00eancia batismal de cada leigo e de fazer uma pastoral com menos \u201cacess\u00f3rios\u201d, valorizando o que \u00e9 pr\u00f3prio de cada local.<\/p>\n<\/div>\n<p>&nbsp;<\/p>\n","protected":false},"excerpt":{"rendered":"<p>Frente de Evangeliza\u00e7\u00e3o das Par\u00f3quias, Santu\u00e1rios e Centros de Acolhimento<\/p>\n","protected":false},"author":1,"featured_media":212895,"comment_status":"open","ping_status":"open","sticky":false,"template":"","format":"standard","meta":[],"categories":[1],"tags":[1145],"acf":[],"yoast_head":"<!-- This site is optimized with the Yoast SEO plugin v19.2 - https:\/\/yoast.com\/wordpress\/plugins\/seo\/ -->\n<title>O grande encontro das Par\u00f3quias da Prov\u00edncia - Not\u00edcias - Franciscanos<\/title>\n<meta name=\"robots\" content=\"index, follow, max-snippet:-1, max-image-preview:large, max-video-preview:-1\" \/>\n<link rel=\"canonical\" href=\"https:\/\/franciscanos.org.br\/noticias\/frades-e-leigos-da-frente-das-paroquias-reunem-se-em-encontro-ampliado.html\" \/>\n<meta property=\"og:locale\" content=\"pt_BR\" \/>\n<meta property=\"og:type\" content=\"article\" \/>\n<meta property=\"og:title\" content=\"O grande encontro das Par\u00f3quias da Prov\u00edncia - Not\u00edcias - Franciscanos\" \/>\n<meta property=\"og:description\" content=\"Frente de Evangeliza\u00e7\u00e3o das Par\u00f3quias, Santu\u00e1rios e Centros de Acolhimento\" \/>\n<meta property=\"og:url\" content=\"https:\/\/franciscanos.org.br\/noticias\/frades-e-leigos-da-frente-das-paroquias-reunem-se-em-encontro-ampliado.html\" \/>\n<meta property=\"og:site_name\" content=\"Not\u00edcias - Franciscanos\" \/>\n<meta property=\"article:published_time\" content=\"2018-08-28T22:13:04+00:00\" \/>\n<meta property=\"article:modified_time\" content=\"2019-10-30T12:52:41+00:00\" \/>\n<meta property=\"og:image\" content=\"https:\/\/franciscanos.org.br\/noticias\/wp-content\/uploads\/2018\/08\/frente_3010.jpg\" \/>\n\t<meta property=\"og:image:width\" content=\"273\" \/>\n\t<meta property=\"og:image:height\" content=\"182\" \/>\n\t<meta property=\"og:image:type\" content=\"image\/jpeg\" \/>\n<meta name=\"author\" content=\"admin\" \/>\n<meta name=\"twitter:card\" content=\"summary_large_image\" \/>\n<meta name=\"twitter:label1\" content=\"Escrito por\" \/>\n\t<meta name=\"twitter:data1\" content=\"admin\" \/>\n\t<meta name=\"twitter:label2\" content=\"Est. tempo de leitura\" \/>\n\t<meta name=\"twitter:data2\" content=\"15 minutos\" \/>\n<script type=\"application\/ld+json\" class=\"yoast-schema-graph\">{\"@context\":\"https:\/\/schema.org\",\"@graph\":[{\"@type\":\"WebSite\",\"@id\":\"https:\/\/franciscanos.org.br\/noticias\/#website\",\"url\":\"https:\/\/franciscanos.org.br\/noticias\/\",\"name\":\"Not\u00edcias - Franciscanos\",\"description\":\"Prov\u00edncia Franciscana da Imaculada Concei\u00e7\u00e3o do Brasil - Ordem dos Frades Menores - OFM\",\"potentialAction\":[{\"@type\":\"SearchAction\",\"target\":{\"@type\":\"EntryPoint\",\"urlTemplate\":\"https:\/\/franciscanos.org.br\/noticias\/?s={search_term_string}\"},\"query-input\":\"required name=search_term_string\"}],\"inLanguage\":\"pt-BR\"},{\"@type\":\"ImageObject\",\"inLanguage\":\"pt-BR\",\"@id\":\"https:\/\/franciscanos.org.br\/noticias\/frades-e-leigos-da-frente-das-paroquias-reunem-se-em-encontro-ampliado.html#primaryimage\",\"url\":\"https:\/\/franciscanos.org.br\/noticias\/wp-content\/uploads\/2018\/08\/frente_3010.jpg\",\"contentUrl\":\"https:\/\/franciscanos.org.br\/noticias\/wp-content\/uploads\/2018\/08\/frente_3010.jpg\",\"width\":273,\"height\":182},{\"@type\":\"WebPage\",\"@id\":\"https:\/\/franciscanos.org.br\/noticias\/frades-e-leigos-da-frente-das-paroquias-reunem-se-em-encontro-ampliado.html#webpage\",\"url\":\"https:\/\/franciscanos.org.br\/noticias\/frades-e-leigos-da-frente-das-paroquias-reunem-se-em-encontro-ampliado.html\",\"name\":\"O grande encontro das Par\u00f3quias da Prov\u00edncia - Not\u00edcias - Franciscanos\",\"isPartOf\":{\"@id\":\"https:\/\/franciscanos.org.br\/noticias\/#website\"},\"primaryImageOfPage\":{\"@id\":\"https:\/\/franciscanos.org.br\/noticias\/frades-e-leigos-da-frente-das-paroquias-reunem-se-em-encontro-ampliado.html#primaryimage\"},\"datePublished\":\"2018-08-28T22:13:04+00:00\",\"dateModified\":\"2019-10-30T12:52:41+00:00\",\"author\":{\"@id\":\"https:\/\/franciscanos.org.br\/noticias\/#\/schema\/person\/b38fbf43118f02820bd932f2e4b14ad3\"},\"breadcrumb\":{\"@id\":\"https:\/\/franciscanos.org.br\/noticias\/frades-e-leigos-da-frente-das-paroquias-reunem-se-em-encontro-ampliado.html#breadcrumb\"},\"inLanguage\":\"pt-BR\",\"potentialAction\":[{\"@type\":\"ReadAction\",\"target\":[\"https:\/\/franciscanos.org.br\/noticias\/frades-e-leigos-da-frente-das-paroquias-reunem-se-em-encontro-ampliado.html\"]}]},{\"@type\":\"BreadcrumbList\",\"@id\":\"https:\/\/franciscanos.org.br\/noticias\/frades-e-leigos-da-frente-das-paroquias-reunem-se-em-encontro-ampliado.html#breadcrumb\",\"itemListElement\":[{\"@type\":\"ListItem\",\"position\":1,\"name\":\"Home\",\"item\":\"https:\/\/franciscanos.org.br\/noticias\"},{\"@type\":\"ListItem\",\"position\":2,\"name\":\"O grande encontro das Par\u00f3quias da Prov\u00edncia\"}]},{\"@type\":\"Person\",\"@id\":\"https:\/\/franciscanos.org.br\/noticias\/#\/schema\/person\/b38fbf43118f02820bd932f2e4b14ad3\",\"name\":\"admin\",\"image\":{\"@type\":\"ImageObject\",\"inLanguage\":\"pt-BR\",\"@id\":\"https:\/\/franciscanos.org.br\/noticias\/#\/schema\/person\/image\/\",\"url\":\"https:\/\/secure.gravatar.com\/avatar\/e8495742d34d0ba6448ea1c628263b3e?s=96&d=mm&r=g\",\"contentUrl\":\"https:\/\/secure.gravatar.com\/avatar\/e8495742d34d0ba6448ea1c628263b3e?s=96&d=mm&r=g\",\"caption\":\"admin\"},\"url\":\"https:\/\/franciscanos.org.br\/noticias\/author\/admin\"}]}<\/script>\n<!-- \/ Yoast SEO plugin. -->","yoast_head_json":{"title":"O grande encontro das Par\u00f3quias da Prov\u00edncia - Not\u00edcias - Franciscanos","robots":{"index":"index","follow":"follow","max-snippet":"max-snippet:-1","max-image-preview":"max-image-preview:large","max-video-preview":"max-video-preview:-1"},"canonical":"https:\/\/franciscanos.org.br\/noticias\/frades-e-leigos-da-frente-das-paroquias-reunem-se-em-encontro-ampliado.html","og_locale":"pt_BR","og_type":"article","og_title":"O grande encontro das Par\u00f3quias da Prov\u00edncia - Not\u00edcias - Franciscanos","og_description":"Frente de Evangeliza\u00e7\u00e3o das Par\u00f3quias, Santu\u00e1rios e Centros de Acolhimento","og_url":"https:\/\/franciscanos.org.br\/noticias\/frades-e-leigos-da-frente-das-paroquias-reunem-se-em-encontro-ampliado.html","og_site_name":"Not\u00edcias - Franciscanos","article_published_time":"2018-08-28T22:13:04+00:00","article_modified_time":"2019-10-30T12:52:41+00:00","og_image":[{"width":273,"height":182,"url":"https:\/\/franciscanos.org.br\/noticias\/wp-content\/uploads\/2018\/08\/frente_3010.jpg","type":"image\/jpeg"}],"author":"admin","twitter_card":"summary_large_image","twitter_misc":{"Escrito por":"admin","Est. tempo de leitura":"15 minutos"},"schema":{"@context":"https:\/\/schema.org","@graph":[{"@type":"WebSite","@id":"https:\/\/franciscanos.org.br\/noticias\/#website","url":"https:\/\/franciscanos.org.br\/noticias\/","name":"Not\u00edcias - Franciscanos","description":"Prov\u00edncia Franciscana da Imaculada Concei\u00e7\u00e3o do Brasil - Ordem dos Frades Menores - OFM","potentialAction":[{"@type":"SearchAction","target":{"@type":"EntryPoint","urlTemplate":"https:\/\/franciscanos.org.br\/noticias\/?s={search_term_string}"},"query-input":"required name=search_term_string"}],"inLanguage":"pt-BR"},{"@type":"ImageObject","inLanguage":"pt-BR","@id":"https:\/\/franciscanos.org.br\/noticias\/frades-e-leigos-da-frente-das-paroquias-reunem-se-em-encontro-ampliado.html#primaryimage","url":"https:\/\/franciscanos.org.br\/noticias\/wp-content\/uploads\/2018\/08\/frente_3010.jpg","contentUrl":"https:\/\/franciscanos.org.br\/noticias\/wp-content\/uploads\/2018\/08\/frente_3010.jpg","width":273,"height":182},{"@type":"WebPage","@id":"https:\/\/franciscanos.org.br\/noticias\/frades-e-leigos-da-frente-das-paroquias-reunem-se-em-encontro-ampliado.html#webpage","url":"https:\/\/franciscanos.org.br\/noticias\/frades-e-leigos-da-frente-das-paroquias-reunem-se-em-encontro-ampliado.html","name":"O grande encontro das Par\u00f3quias da Prov\u00edncia - Not\u00edcias - Franciscanos","isPartOf":{"@id":"https:\/\/franciscanos.org.br\/noticias\/#website"},"primaryImageOfPage":{"@id":"https:\/\/franciscanos.org.br\/noticias\/frades-e-leigos-da-frente-das-paroquias-reunem-se-em-encontro-ampliado.html#primaryimage"},"datePublished":"2018-08-28T22:13:04+00:00","dateModified":"2019-10-30T12:52:41+00:00","author":{"@id":"https:\/\/franciscanos.org.br\/noticias\/#\/schema\/person\/b38fbf43118f02820bd932f2e4b14ad3"},"breadcrumb":{"@id":"https:\/\/franciscanos.org.br\/noticias\/frades-e-leigos-da-frente-das-paroquias-reunem-se-em-encontro-ampliado.html#breadcrumb"},"inLanguage":"pt-BR","potentialAction":[{"@type":"ReadAction","target":["https:\/\/franciscanos.org.br\/noticias\/frades-e-leigos-da-frente-das-paroquias-reunem-se-em-encontro-ampliado.html"]}]},{"@type":"BreadcrumbList","@id":"https:\/\/franciscanos.org.br\/noticias\/frades-e-leigos-da-frente-das-paroquias-reunem-se-em-encontro-ampliado.html#breadcrumb","itemListElement":[{"@type":"ListItem","position":1,"name":"Home","item":"https:\/\/franciscanos.org.br\/noticias"},{"@type":"ListItem","position":2,"name":"O grande encontro das Par\u00f3quias da Prov\u00edncia"}]},{"@type":"Person","@id":"https:\/\/franciscanos.org.br\/noticias\/#\/schema\/person\/b38fbf43118f02820bd932f2e4b14ad3","name":"admin","image":{"@type":"ImageObject","inLanguage":"pt-BR","@id":"https:\/\/franciscanos.org.br\/noticias\/#\/schema\/person\/image\/","url":"https:\/\/secure.gravatar.com\/avatar\/e8495742d34d0ba6448ea1c628263b3e?s=96&d=mm&r=g","contentUrl":"https:\/\/secure.gravatar.com\/avatar\/e8495742d34d0ba6448ea1c628263b3e?s=96&d=mm&r=g","caption":"admin"},"url":"https:\/\/franciscanos.org.br\/noticias\/author\/admin"}]}},"_links":{"self":[{"href":"https:\/\/franciscanos.org.br\/noticias\/wp-json\/wp\/v2\/posts\/170224"}],"collection":[{"href":"https:\/\/franciscanos.org.br\/noticias\/wp-json\/wp\/v2\/posts"}],"about":[{"href":"https:\/\/franciscanos.org.br\/noticias\/wp-json\/wp\/v2\/types\/post"}],"author":[{"embeddable":true,"href":"https:\/\/franciscanos.org.br\/noticias\/wp-json\/wp\/v2\/users\/1"}],"replies":[{"embeddable":true,"href":"https:\/\/franciscanos.org.br\/noticias\/wp-json\/wp\/v2\/comments?post=170224"}],"version-history":[{"count":0,"href":"https:\/\/franciscanos.org.br\/noticias\/wp-json\/wp\/v2\/posts\/170224\/revisions"}],"wp:featuredmedia":[{"embeddable":true,"href":"https:\/\/franciscanos.org.br\/noticias\/wp-json\/wp\/v2\/media\/212895"}],"wp:attachment":[{"href":"https:\/\/franciscanos.org.br\/noticias\/wp-json\/wp\/v2\/media?parent=170224"}],"wp:term":[{"taxonomy":"category","embeddable":true,"href":"https:\/\/franciscanos.org.br\/noticias\/wp-json\/wp\/v2\/categories?post=170224"},{"taxonomy":"post_tag","embeddable":true,"href":"https:\/\/franciscanos.org.br\/noticias\/wp-json\/wp\/v2\/tags?post=170224"}],"curies":[{"name":"wp","href":"https:\/\/api.w.org\/{rel}","templated":true}]}}