{"id":170167,"date":"2018-08-28T10:27:38","date_gmt":"2018-08-28T13:27:38","guid":{"rendered":"http:\/\/franciscanos.org.br\/?p=170167"},"modified":"2019-10-30T09:37:07","modified_gmt":"2019-10-30T12:37:07","slug":"educadores-franciscanos-estao-reunidos-em-anapolis","status":"publish","type":"post","link":"https:\/\/franciscanos.org.br\/noticias\/educadores-franciscanos-estao-reunidos-em-anapolis.html","title":{"rendered":"Educadores franciscanos est\u00e3o reunidos em An\u00e1polis"},"content":{"rendered":"<p><img loading=\"lazy\" class=\"alignnone wp-image-212885 size-full\" src=\"https:\/\/franciscanos.org.br\/noticias\/wp-content\/uploads\/2018\/08\/congresso_280818_2.jpg\" alt=\"\" width=\"820\" height=\"461\" srcset=\"https:\/\/franciscanos.org.br\/noticias\/wp-content\/uploads\/2018\/08\/congresso_280818_2.jpg 820w, https:\/\/franciscanos.org.br\/noticias\/wp-content\/uploads\/2018\/08\/congresso_280818_2-450x253.jpg 450w, https:\/\/franciscanos.org.br\/noticias\/wp-content\/uploads\/2018\/08\/congresso_280818_2-768x432.jpg 768w, https:\/\/franciscanos.org.br\/noticias\/wp-content\/uploads\/2018\/08\/congresso_280818_2-150x84.jpg 150w\" sizes=\"(max-width: 820px) 100vw, 820px\" \/><\/p>\n<p>A cerim\u00f4nia de abertura do II Congresso Nacional de Educadores Franciscanos aconteceu na tarde desta segunda-feira (27), no Teatro S\u00e3o Francisco, na cidade de An\u00e1polis \u2013 GO. O Coordenador da Rede Educacional Franciscana (REF), Frei Fl\u00e1vio Noleto, OFM, saudou e acolheu todos os participantes. A ora\u00e7\u00e3o inicial foi realizada pela equipe e educandos do Col\u00e9gio S\u00e3o Francisco de Assis (GO), com a entrada da Cruz de S\u00e3o Dami\u00e3o e das imagens de Sant\u2019Ana, S\u00e3o Francisco de Assis e Santa Clara. O Ministro Provincial, Frei Marco Aur\u00e9lio da Cruz, OFM deu as boas-vindas e invocou as b\u00ean\u00e7\u00e3os de Deus sobre os participantes do Congresso.<\/p>\n<p>Fizeram parte da mesa diretiva: Frei Marco Aur\u00e9lio da Cruz, Ministro Provincial da Prov\u00edncia do Sant\u00edssimo Nome de Jesus do Brasil e Presidente da Rede Educacional Franciscana (REF); Frei Valmir Ramos, OFM \u2013 Definidor-Geral para a Am\u00e9rica Latina; Dom Frei Severino Clasen, OFM \u2013 Bispo da Diocese de Ca\u00e7ador (SC); Frei Claudino Gilz, OFM \u2013 da Prov\u00edncia da Imaculada Concei\u00e7\u00e3o do Brasil (SP) e Grupo Rede Bom Jesus; Frei H\u00e9lio Moraes, OFM \u2013 da Prov\u00edncia de Nossa Senhora da Assun\u00e7\u00e3o (MA); Frei Everton Leandro Piotto, OFM \u2013 da Cust\u00f3dia Sagrado Cora\u00e7\u00e3o de Jesus (SP); Frei Oton J\u00fanior, OFM \u2013 da Prov\u00edncia Franciscana de Santa Cruz (MG); Frei Fl\u00e1vio Noleto, OFM \u2013 Coordenador Geral da Rede Educacional Franciscana (REF), Definidor e Ec\u00f4nomo da Prov\u00edncia do Sant\u00edssimo Nome de Jesus do Brasil; e Alex de Ara\u00fajo \u2013 Secret\u00e1rio Municipal de Educa\u00e7\u00e3o de An\u00e1polis (GO), representando o Excelent\u00edssimo Senhor Prefeito Municipal.<\/p>\n<p>Dom Frei Severino Clasen, OFM, mencionou a preocupa\u00e7\u00e3o da Confer\u00eancia Nacional dos Bispos do Brasil (CNBB) com uma educa\u00e7\u00e3o solid\u00e1ria e humanista, e ressaltou que a Ordem dos Frades Franciscanos j\u00e1 trabalha nesse eixo, educando para a solidariedade, trabalho t\u00e3o importante e necess\u00e1rio para o atual contexto da sociedade brasileira.<\/p>\n<p>O Prefeito Municipal de An\u00e1polis (GO), ex-aluno de uma escola franciscana, enviou sua mensagem, por meio do Secret\u00e1rio de Cultura, Alex de Ara\u00fajo, destacando sua preocupa\u00e7\u00e3o com a educa\u00e7\u00e3o de novos cidad\u00e3os e que a Igreja Cat\u00f3lica desempenha um importante papel social, despertando nas pessoas o esp\u00edrito de solidariedade e humanidade.<\/p>\n<p><img loading=\"lazy\" src=\"http:\/\/franciscanos.org.br\/wp-content\/uploads\/2018\/08\/congresso_280818.jpg\" alt=\"congresso_280818\" width=\"820\" height=\"546\" \/><\/p>\n<p>Na palestra de abertura \u201cA Educa\u00e7\u00e3o Franciscana em prol do Humanismo Solid\u00e1rio\u201d, Frei Valmir Ramos, OFM, contextualizou o atual cen\u00e1rio social em que grandes mudan\u00e7as s\u00e3o necess\u00e1rias perante as crises sociais que oprimem a humanidade. Destacou que a educa\u00e7\u00e3o franciscana n\u00e3o pode distanciar-se dos princ\u00edpios evang\u00e9licos e das orienta\u00e7\u00f5es da Igreja e precisa levar em conta a vida concreta dos estudantes e de suas fam\u00edlias com tudo que os atinge hoje. Nesse sentido, explicou ser fundamental cultivar a viv\u00eancia das virtudes e valores humanos construindo um mundo de paz e igualdade. Por isso, a minoridade e fraternidade s\u00e3o uma luz no caminho da educa\u00e7\u00e3o franciscana para se alcan\u00e7ar esse objetivo. Salientou, ainda, que o verdadeiro humanismo defende a dignidade e a igualdade de direitos, valoriza a diversidade e que, a partir da\u00ed, entra a solidariedade que deve ser praticada em a\u00e7\u00f5es concretas: acolher e n\u00e3o julgar ou condenar. Ao final, evidenciou que a educa\u00e7\u00e3o franciscana precisa ir al\u00e9m e fazer a diferen\u00e7a. Concluiu que \u00e9 necess\u00e1rio pensar nos mais pobres e ter a coragem de abra\u00e7ar a promo\u00e7\u00e3o humana como forma solid\u00e1ria de cumprir a sua miss\u00e3o.<\/p>\n<p>Em seguida, a palestra de Frei Valmir Ramos, OFM culminou com mesa redonda moderada pelos Freis Oton J\u00fanior, OFM e Claudino Gilz, OFM.<\/p>\n<p><img loading=\"lazy\" src=\"http:\/\/franciscanos.org.br\/wp-content\/uploads\/2018\/08\/congresso_280818_4.jpg\" alt=\"congresso_280818_4\" width=\"820\" height=\"365\" \/><\/p>\n<p>Os congressistas abordaram diversos temas sobre a Educa\u00e7\u00e3o Franciscana, dentre eles destacaram-se:<\/p>\n<p>Educa\u00e7\u00e3o Franciscana nas ideologias que contaminam a Educa\u00e7\u00e3o Franciscana;<br \/>\nOs desafios das Institui\u00e7\u00f5es Franciscanas em rela\u00e7\u00e3o \u00e0 mercantiliza\u00e7\u00e3o da Educa\u00e7\u00e3o;<br \/>\nO posicionamento pol\u00edtico das Institui\u00e7\u00f5es Franciscanas;<br \/>\nO papel efetivo dos religiosos(as) dentro e fora dos limites das Escolas;<br \/>\nO papel das Institui\u00e7\u00f5es Franciscanas em momentos de crise e a representatividade das escolas do passado em rela\u00e7\u00e3o aos dias de hoje;<br \/>\nDocumentos que regem os fundamentos da Educa\u00e7\u00e3o Franciscana.<\/p>\n<p><em>Fonte: www.fradesfranciscanos.com.br<\/em><\/p>\n","protected":false},"excerpt":{"rendered":"<p>II Congresso Nacional de Educadores Franciscanos da CFMB<\/p>\n","protected":false},"author":1,"featured_media":212887,"comment_status":"open","ping_status":"open","sticky":false,"template":"","format":"standard","meta":[],"categories":[1],"tags":[240],"acf":[],"yoast_head":"<!-- This site is optimized with the Yoast SEO plugin v19.2 - https:\/\/yoast.com\/wordpress\/plugins\/seo\/ -->\n<title>Educadores franciscanos est\u00e3o reunidos em An\u00e1polis - Not\u00edcias - Franciscanos<\/title>\n<meta name=\"robots\" content=\"index, follow, max-snippet:-1, max-image-preview:large, max-video-preview:-1\" \/>\n<link rel=\"canonical\" href=\"https:\/\/franciscanos.org.br\/noticias\/educadores-franciscanos-estao-reunidos-em-anapolis.html\" \/>\n<meta property=\"og:locale\" content=\"pt_BR\" \/>\n<meta property=\"og:type\" content=\"article\" \/>\n<meta property=\"og:title\" content=\"Educadores franciscanos est\u00e3o reunidos em An\u00e1polis - Not\u00edcias - Franciscanos\" \/>\n<meta property=\"og:description\" content=\"II Congresso Nacional de Educadores Franciscanos da CFMB\" \/>\n<meta property=\"og:url\" content=\"https:\/\/franciscanos.org.br\/noticias\/educadores-franciscanos-estao-reunidos-em-anapolis.html\" \/>\n<meta property=\"og:site_name\" content=\"Not\u00edcias - Franciscanos\" \/>\n<meta property=\"article:published_time\" content=\"2018-08-28T13:27:38+00:00\" \/>\n<meta property=\"article:modified_time\" content=\"2019-10-30T12:37:07+00:00\" \/>\n<meta property=\"og:image\" content=\"https:\/\/franciscanos.org.br\/noticias\/wp-content\/uploads\/2018\/08\/congresso_280818_2-1.jpg\" \/>\n\t<meta property=\"og:image:width\" content=\"273\" \/>\n\t<meta property=\"og:image:height\" content=\"181\" \/>\n\t<meta property=\"og:image:type\" content=\"image\/jpeg\" \/>\n<meta name=\"author\" content=\"admin\" \/>\n<meta name=\"twitter:card\" content=\"summary_large_image\" \/>\n<meta name=\"twitter:label1\" content=\"Escrito por\" \/>\n\t<meta name=\"twitter:data1\" content=\"admin\" \/>\n\t<meta name=\"twitter:label2\" content=\"Est. tempo de leitura\" \/>\n\t<meta name=\"twitter:data2\" content=\"4 minutos\" \/>\n<script type=\"application\/ld+json\" class=\"yoast-schema-graph\">{\"@context\":\"https:\/\/schema.org\",\"@graph\":[{\"@type\":\"WebSite\",\"@id\":\"https:\/\/franciscanos.org.br\/noticias\/#website\",\"url\":\"https:\/\/franciscanos.org.br\/noticias\/\",\"name\":\"Not\u00edcias - Franciscanos\",\"description\":\"Prov\u00edncia Franciscana da Imaculada Concei\u00e7\u00e3o do Brasil - Ordem dos Frades Menores - OFM\",\"potentialAction\":[{\"@type\":\"SearchAction\",\"target\":{\"@type\":\"EntryPoint\",\"urlTemplate\":\"https:\/\/franciscanos.org.br\/noticias\/?s={search_term_string}\"},\"query-input\":\"required name=search_term_string\"}],\"inLanguage\":\"pt-BR\"},{\"@type\":\"ImageObject\",\"inLanguage\":\"pt-BR\",\"@id\":\"https:\/\/franciscanos.org.br\/noticias\/educadores-franciscanos-estao-reunidos-em-anapolis.html#primaryimage\",\"url\":\"https:\/\/franciscanos.org.br\/noticias\/wp-content\/uploads\/2018\/08\/congresso_280818_2-1.jpg\",\"contentUrl\":\"https:\/\/franciscanos.org.br\/noticias\/wp-content\/uploads\/2018\/08\/congresso_280818_2-1.jpg\",\"width\":273,\"height\":181},{\"@type\":\"WebPage\",\"@id\":\"https:\/\/franciscanos.org.br\/noticias\/educadores-franciscanos-estao-reunidos-em-anapolis.html#webpage\",\"url\":\"https:\/\/franciscanos.org.br\/noticias\/educadores-franciscanos-estao-reunidos-em-anapolis.html\",\"name\":\"Educadores franciscanos est\u00e3o reunidos em An\u00e1polis - Not\u00edcias - Franciscanos\",\"isPartOf\":{\"@id\":\"https:\/\/franciscanos.org.br\/noticias\/#website\"},\"primaryImageOfPage\":{\"@id\":\"https:\/\/franciscanos.org.br\/noticias\/educadores-franciscanos-estao-reunidos-em-anapolis.html#primaryimage\"},\"datePublished\":\"2018-08-28T13:27:38+00:00\",\"dateModified\":\"2019-10-30T12:37:07+00:00\",\"author\":{\"@id\":\"https:\/\/franciscanos.org.br\/noticias\/#\/schema\/person\/b38fbf43118f02820bd932f2e4b14ad3\"},\"breadcrumb\":{\"@id\":\"https:\/\/franciscanos.org.br\/noticias\/educadores-franciscanos-estao-reunidos-em-anapolis.html#breadcrumb\"},\"inLanguage\":\"pt-BR\",\"potentialAction\":[{\"@type\":\"ReadAction\",\"target\":[\"https:\/\/franciscanos.org.br\/noticias\/educadores-franciscanos-estao-reunidos-em-anapolis.html\"]}]},{\"@type\":\"BreadcrumbList\",\"@id\":\"https:\/\/franciscanos.org.br\/noticias\/educadores-franciscanos-estao-reunidos-em-anapolis.html#breadcrumb\",\"itemListElement\":[{\"@type\":\"ListItem\",\"position\":1,\"name\":\"Home\",\"item\":\"https:\/\/franciscanos.org.br\/noticias\"},{\"@type\":\"ListItem\",\"position\":2,\"name\":\"Educadores franciscanos est\u00e3o reunidos em An\u00e1polis\"}]},{\"@type\":\"Person\",\"@id\":\"https:\/\/franciscanos.org.br\/noticias\/#\/schema\/person\/b38fbf43118f02820bd932f2e4b14ad3\",\"name\":\"admin\",\"image\":{\"@type\":\"ImageObject\",\"inLanguage\":\"pt-BR\",\"@id\":\"https:\/\/franciscanos.org.br\/noticias\/#\/schema\/person\/image\/\",\"url\":\"https:\/\/secure.gravatar.com\/avatar\/e8495742d34d0ba6448ea1c628263b3e?s=96&d=mm&r=g\",\"contentUrl\":\"https:\/\/secure.gravatar.com\/avatar\/e8495742d34d0ba6448ea1c628263b3e?s=96&d=mm&r=g\",\"caption\":\"admin\"},\"url\":\"https:\/\/franciscanos.org.br\/noticias\/author\/admin\"}]}<\/script>\n<!-- \/ Yoast SEO plugin. -->","yoast_head_json":{"title":"Educadores franciscanos est\u00e3o reunidos em An\u00e1polis - Not\u00edcias - Franciscanos","robots":{"index":"index","follow":"follow","max-snippet":"max-snippet:-1","max-image-preview":"max-image-preview:large","max-video-preview":"max-video-preview:-1"},"canonical":"https:\/\/franciscanos.org.br\/noticias\/educadores-franciscanos-estao-reunidos-em-anapolis.html","og_locale":"pt_BR","og_type":"article","og_title":"Educadores franciscanos est\u00e3o reunidos em An\u00e1polis - Not\u00edcias - Franciscanos","og_description":"II Congresso Nacional de Educadores Franciscanos da CFMB","og_url":"https:\/\/franciscanos.org.br\/noticias\/educadores-franciscanos-estao-reunidos-em-anapolis.html","og_site_name":"Not\u00edcias - Franciscanos","article_published_time":"2018-08-28T13:27:38+00:00","article_modified_time":"2019-10-30T12:37:07+00:00","og_image":[{"width":273,"height":181,"url":"https:\/\/franciscanos.org.br\/noticias\/wp-content\/uploads\/2018\/08\/congresso_280818_2-1.jpg","type":"image\/jpeg"}],"author":"admin","twitter_card":"summary_large_image","twitter_misc":{"Escrito por":"admin","Est. tempo de leitura":"4 minutos"},"schema":{"@context":"https:\/\/schema.org","@graph":[{"@type":"WebSite","@id":"https:\/\/franciscanos.org.br\/noticias\/#website","url":"https:\/\/franciscanos.org.br\/noticias\/","name":"Not\u00edcias - Franciscanos","description":"Prov\u00edncia Franciscana da Imaculada Concei\u00e7\u00e3o do Brasil - Ordem dos Frades Menores - OFM","potentialAction":[{"@type":"SearchAction","target":{"@type":"EntryPoint","urlTemplate":"https:\/\/franciscanos.org.br\/noticias\/?s={search_term_string}"},"query-input":"required name=search_term_string"}],"inLanguage":"pt-BR"},{"@type":"ImageObject","inLanguage":"pt-BR","@id":"https:\/\/franciscanos.org.br\/noticias\/educadores-franciscanos-estao-reunidos-em-anapolis.html#primaryimage","url":"https:\/\/franciscanos.org.br\/noticias\/wp-content\/uploads\/2018\/08\/congresso_280818_2-1.jpg","contentUrl":"https:\/\/franciscanos.org.br\/noticias\/wp-content\/uploads\/2018\/08\/congresso_280818_2-1.jpg","width":273,"height":181},{"@type":"WebPage","@id":"https:\/\/franciscanos.org.br\/noticias\/educadores-franciscanos-estao-reunidos-em-anapolis.html#webpage","url":"https:\/\/franciscanos.org.br\/noticias\/educadores-franciscanos-estao-reunidos-em-anapolis.html","name":"Educadores franciscanos est\u00e3o reunidos em An\u00e1polis - Not\u00edcias - Franciscanos","isPartOf":{"@id":"https:\/\/franciscanos.org.br\/noticias\/#website"},"primaryImageOfPage":{"@id":"https:\/\/franciscanos.org.br\/noticias\/educadores-franciscanos-estao-reunidos-em-anapolis.html#primaryimage"},"datePublished":"2018-08-28T13:27:38+00:00","dateModified":"2019-10-30T12:37:07+00:00","author":{"@id":"https:\/\/franciscanos.org.br\/noticias\/#\/schema\/person\/b38fbf43118f02820bd932f2e4b14ad3"},"breadcrumb":{"@id":"https:\/\/franciscanos.org.br\/noticias\/educadores-franciscanos-estao-reunidos-em-anapolis.html#breadcrumb"},"inLanguage":"pt-BR","potentialAction":[{"@type":"ReadAction","target":["https:\/\/franciscanos.org.br\/noticias\/educadores-franciscanos-estao-reunidos-em-anapolis.html"]}]},{"@type":"BreadcrumbList","@id":"https:\/\/franciscanos.org.br\/noticias\/educadores-franciscanos-estao-reunidos-em-anapolis.html#breadcrumb","itemListElement":[{"@type":"ListItem","position":1,"name":"Home","item":"https:\/\/franciscanos.org.br\/noticias"},{"@type":"ListItem","position":2,"name":"Educadores franciscanos est\u00e3o reunidos em An\u00e1polis"}]},{"@type":"Person","@id":"https:\/\/franciscanos.org.br\/noticias\/#\/schema\/person\/b38fbf43118f02820bd932f2e4b14ad3","name":"admin","image":{"@type":"ImageObject","inLanguage":"pt-BR","@id":"https:\/\/franciscanos.org.br\/noticias\/#\/schema\/person\/image\/","url":"https:\/\/secure.gravatar.com\/avatar\/e8495742d34d0ba6448ea1c628263b3e?s=96&d=mm&r=g","contentUrl":"https:\/\/secure.gravatar.com\/avatar\/e8495742d34d0ba6448ea1c628263b3e?s=96&d=mm&r=g","caption":"admin"},"url":"https:\/\/franciscanos.org.br\/noticias\/author\/admin"}]}},"_links":{"self":[{"href":"https:\/\/franciscanos.org.br\/noticias\/wp-json\/wp\/v2\/posts\/170167"}],"collection":[{"href":"https:\/\/franciscanos.org.br\/noticias\/wp-json\/wp\/v2\/posts"}],"about":[{"href":"https:\/\/franciscanos.org.br\/noticias\/wp-json\/wp\/v2\/types\/post"}],"author":[{"embeddable":true,"href":"https:\/\/franciscanos.org.br\/noticias\/wp-json\/wp\/v2\/users\/1"}],"replies":[{"embeddable":true,"href":"https:\/\/franciscanos.org.br\/noticias\/wp-json\/wp\/v2\/comments?post=170167"}],"version-history":[{"count":0,"href":"https:\/\/franciscanos.org.br\/noticias\/wp-json\/wp\/v2\/posts\/170167\/revisions"}],"wp:featuredmedia":[{"embeddable":true,"href":"https:\/\/franciscanos.org.br\/noticias\/wp-json\/wp\/v2\/media\/212887"}],"wp:attachment":[{"href":"https:\/\/franciscanos.org.br\/noticias\/wp-json\/wp\/v2\/media?parent=170167"}],"wp:term":[{"taxonomy":"category","embeddable":true,"href":"https:\/\/franciscanos.org.br\/noticias\/wp-json\/wp\/v2\/categories?post=170167"},{"taxonomy":"post_tag","embeddable":true,"href":"https:\/\/franciscanos.org.br\/noticias\/wp-json\/wp\/v2\/tags?post=170167"}],"curies":[{"name":"wp","href":"https:\/\/api.w.org\/{rel}","templated":true}]}}