{"id":170127,"date":"2018-08-28T07:21:33","date_gmt":"2018-08-28T10:21:33","guid":{"rendered":"http:\/\/franciscanos.org.br\/?p=170127"},"modified":"2019-07-03T13:25:43","modified_gmt":"2019-07-03T16:25:43","slug":"encontro-franciscano-no-convento-santo-antonio","status":"publish","type":"post","link":"https:\/\/franciscanos.org.br\/noticias\/encontro-franciscano-no-convento-santo-antonio.html","title":{"rendered":"Encontro franciscano no Convento Santo Ant\u00f4nio"},"content":{"rendered":"<p><img loading=\"lazy\" src=\"http:\/\/franciscanos.org.br\/wp-content\/uploads\/2018\/08\/antonio_280818.jpg\" alt=\"antonio_280818\" width=\"830\" height=\"553\" \/><\/p>\n<p><strong>Rio de Janeiro (RJ)<\/strong> &#8211; &#8220;As coisas do cora\u00e7\u00e3o n\u00e3o s\u00e3o necess\u00e1rias ser ditas pela boca&#8221;(Beato Frei Eg\u00eddio). Neste esp\u00edrito de cora\u00e7\u00e3o aberto e fraterno, na manh\u00e3 do s\u00e1bado (25\/08), o majestoso e hist\u00f3rico Convento Santo Ant\u00f4nio, que, por 410 anos tem um trabalho incans\u00e1vel de evangeliza\u00e7\u00e3o no Largo da Carioca, acolheu os irm\u00e3os da Ordem Franciscana Secular das Fraternidades Nossa Senhora da Paz de Ipanema e da Fraternidade do Convento Santo Ant\u00f4nio para um momento de reflex\u00e3o e confraterniza\u00e7\u00e3o.<\/p>\n<p>Liturgicamente, o dia tamb\u00e9m era muito especial para a OFS, j\u00e1 que SE celebrou S\u00e3o Lu\u00eds de Fran\u00e7a, Patrono da Ordem Franciscana Secular. Os franciscanos seculares foram recebidos com um saboroso caf\u00e9 da manh\u00e3 muito bem preparado pelos aspirantes, Bruno, Gilberto e Gustavo, que fazem o tempo do aspirantado no Convento.<\/p>\n<p><img loading=\"lazy\" src=\"http:\/\/franciscanos.org.br\/wp-content\/uploads\/2018\/08\/antonio_280818_1.jpg\" alt=\"antonio_280818_1\" width=\"830\" height=\"463\" \/><\/p>\n<p>A pr\u00f3xima etapa do encontro foi na igreja para um momento reflexivo, preparado por Frei Robson de Castro Guimar\u00e3es tendo em vista o tema das voca\u00e7\u00f5es, j\u00e1 que o m\u00eas de agosto \u00e9 dedicado \u00e0s voca\u00e7\u00f5es. Para isso, Frei Robson refletiu sobre a vida e a voca\u00e7\u00e3o de Frei Fabiano de Cristo, que por muitos anos dedicou seus servi\u00e7os no Convento.<\/p>\n<p>Frei Fabiano nasceu na pequena aldeia de Soengas, na antiga prov\u00edncia de Minho, em Portugal. Recebeu o nome de Jo\u00e3o Barbosa em seu batismo.\u00a0 Na sua inf\u00e2ncia, ajudou muito seus pais na lavoura com planta\u00e7\u00f5es, mas se mudou para a cidade do Porto, onde se dedicou ao com\u00e9rcio. E foi nesta cidade que soube das grandes hist\u00f3rias sobre o Brasil e suas riquezas naturais. Foi da\u00ed que se aventurou a estar nesta terra onde p\u00f4de trabalhar por um tempo. Mas Deus tinha um prop\u00f3sito muito maior para a sua vida. Decidiu seguir os passos de S\u00e3o Francisco de Assis, ingressando na Ordem dos Frades Menores, deixando o nome de Jo\u00e3o Barbosa e passando a se chamar \u00a0Frei Fabiano de Cristo. Terminado o seu per\u00edodo em Angras dos Reis, veio transferido para o Convento Santo Ant\u00f4nio como porteiro, um servi\u00e7o que era dado a quem tinha prud\u00eancia, confian\u00e7a e virtude, o que era pr\u00f3pria de sua personalidade.<\/p>\n<div id=\"attachment_170128\" style=\"width: 225px\" class=\"wp-caption alignleft\"><img aria-describedby=\"caption-attachment-170128\" loading=\"lazy\" class=\"wp-image-170128\" src=\"http:\/\/franciscanos.org.br\/wp-content\/uploads\/2018\/08\/antonio_280818_3.jpg\" alt=\"antonio_280818_3\" width=\"215\" height=\"184\" \/><p id=\"caption-attachment-170128\" class=\"wp-caption-text\">Frei Fabiano de Cristo<\/p><\/div>\n<p>Realizou com perfei\u00e7\u00e3o esta incumb\u00eancia, atendo a todos que passavam pelo convento. Pouco tempo depois foi lhe confiado os cuidados da enfermaria, algo que levou mais a s\u00e9rio, pois n\u00e3o tinha o conhecimento nesta \u00e1rea. Mas quando \u201cDeus escolhe \u00e9 ele quem capacita\u201d. Frei Fabiano era algu\u00e9m apaixonado de fato pela sua voca\u00e7\u00e3o, ressaltou frei Robson. Morreu aos 71 anos de idade em uma ter\u00e7a-feira, algo de tamanha grandeza, pois neste dia, aqui no convento, \u00e9 dedicado a Santo Ant\u00f4nio, com suas missas e b\u00ean\u00e7\u00e3os.<\/p>\n<p>Durante a Celebra\u00e7\u00e3o Eucar\u00edstica, \u00e0s 10 horas, fez-se mem\u00f3ria de S\u00e3o Lu\u00eds, Rei da Fran\u00e7a e patrono da OFS; S\u00e3o Frei Galv\u00e3o, que todo dia 25 de cada m\u00eas tem sua missa com a b\u00ean\u00e7\u00e3o e distribui\u00e7\u00e3o das p\u00edlulas, e a motiva\u00e7\u00e3o vocacional do Servo de Deus Frei Fabiano de Cristo.<\/p>\n<p>Em sua homilia, Frei Robson destacou o grande esp\u00edrito de minoridade que estes tr\u00eas tiveram: \u201cEles se colocaram abertos \u00e0 vontade de Deus\u201d. \u00a0E Frei Robson relatou algo que lhe chamou aten\u00e7\u00e3o nos \u201cFioretti\u201d de S\u00e3o Francisco, onde S\u00e3o Lu\u00eds se encontra com o beato Frei Eg\u00eddio. \u201cEm certa ocasi\u00e3o, o rei estava passando por Assis a caminho de uma cidade, e seu desejo era encontrar com Frei Eg\u00eddio, que trabalhava na horta. Os dois simplesmente se abra\u00e7aram por um tempo e depois se despediram e continuaram seus afazeres. Os outros frades quiseram saber o que haviam conversado. Frei Eg\u00eddio respondeu: \u2018As coisas do cora\u00e7\u00e3o n\u00e3o s\u00e3o necess\u00e1rias ser ditas pela boca\u2019\u201d. E findou a missa com b\u00ean\u00e7\u00e3o de S\u00e3o Frei Galv\u00e3o e distribui\u00e7\u00e3o das p\u00edlulas.<\/p>\n<p><strong>Frei Erick de Araujo Lazaro<\/strong><\/p>\n<p><img loading=\"lazy\" src=\"http:\/\/franciscanos.org.br\/wp-content\/uploads\/2018\/08\/antonio_280818_2.jpg\" alt=\"antonio_280818_2\" width=\"830\" height=\"525\" \/><\/p>\n<h3><\/h3>\n","protected":false},"excerpt":{"rendered":"<p>OFS<\/p>\n","protected":false},"author":1,"featured_media":207171,"comment_status":"open","ping_status":"open","sticky":false,"template":"","format":"standard","meta":[],"categories":[1],"tags":[],"acf":[],"yoast_head":"<!-- This site is optimized with the Yoast SEO plugin v19.2 - https:\/\/yoast.com\/wordpress\/plugins\/seo\/ -->\n<title>Encontro franciscano no Convento Santo Ant\u00f4nio - Not\u00edcias - Franciscanos<\/title>\n<meta name=\"robots\" content=\"index, follow, max-snippet:-1, max-image-preview:large, max-video-preview:-1\" \/>\n<link rel=\"canonical\" href=\"https:\/\/franciscanos.org.br\/noticias\/encontro-franciscano-no-convento-santo-antonio.html\" \/>\n<meta property=\"og:locale\" content=\"pt_BR\" \/>\n<meta property=\"og:type\" content=\"article\" \/>\n<meta property=\"og:title\" content=\"Encontro franciscano no Convento Santo Ant\u00f4nio - Not\u00edcias - Franciscanos\" \/>\n<meta property=\"og:description\" content=\"OFS\" \/>\n<meta property=\"og:url\" content=\"https:\/\/franciscanos.org.br\/noticias\/encontro-franciscano-no-convento-santo-antonio.html\" \/>\n<meta property=\"og:site_name\" content=\"Not\u00edcias - Franciscanos\" \/>\n<meta property=\"article:published_time\" content=\"2018-08-28T10:21:33+00:00\" \/>\n<meta property=\"article:modified_time\" content=\"2019-07-03T16:25:43+00:00\" \/>\n<meta property=\"og:image\" content=\"https:\/\/franciscanos.org.br\/noticias\/wp-content\/uploads\/2018\/08\/antonio_280818-1.jpg\" \/>\n\t<meta property=\"og:image:width\" content=\"273\" \/>\n\t<meta property=\"og:image:height\" content=\"181\" \/>\n\t<meta property=\"og:image:type\" content=\"image\/jpeg\" \/>\n<meta name=\"author\" content=\"admin\" \/>\n<meta name=\"twitter:card\" content=\"summary_large_image\" \/>\n<meta name=\"twitter:label1\" content=\"Escrito por\" \/>\n\t<meta name=\"twitter:data1\" content=\"admin\" \/>\n\t<meta name=\"twitter:label2\" content=\"Est. tempo de leitura\" \/>\n\t<meta name=\"twitter:data2\" content=\"4 minutos\" \/>\n<script type=\"application\/ld+json\" class=\"yoast-schema-graph\">{\"@context\":\"https:\/\/schema.org\",\"@graph\":[{\"@type\":\"WebSite\",\"@id\":\"https:\/\/franciscanos.org.br\/noticias\/#website\",\"url\":\"https:\/\/franciscanos.org.br\/noticias\/\",\"name\":\"Not\u00edcias - Franciscanos\",\"description\":\"Prov\u00edncia Franciscana da Imaculada Concei\u00e7\u00e3o do Brasil - Ordem dos Frades Menores - OFM\",\"potentialAction\":[{\"@type\":\"SearchAction\",\"target\":{\"@type\":\"EntryPoint\",\"urlTemplate\":\"https:\/\/franciscanos.org.br\/noticias\/?s={search_term_string}\"},\"query-input\":\"required name=search_term_string\"}],\"inLanguage\":\"pt-BR\"},{\"@type\":\"ImageObject\",\"inLanguage\":\"pt-BR\",\"@id\":\"https:\/\/franciscanos.org.br\/noticias\/encontro-franciscano-no-convento-santo-antonio.html#primaryimage\",\"url\":\"https:\/\/franciscanos.org.br\/noticias\/wp-content\/uploads\/2018\/08\/antonio_280818-1.jpg\",\"contentUrl\":\"https:\/\/franciscanos.org.br\/noticias\/wp-content\/uploads\/2018\/08\/antonio_280818-1.jpg\",\"width\":273,\"height\":181},{\"@type\":\"WebPage\",\"@id\":\"https:\/\/franciscanos.org.br\/noticias\/encontro-franciscano-no-convento-santo-antonio.html#webpage\",\"url\":\"https:\/\/franciscanos.org.br\/noticias\/encontro-franciscano-no-convento-santo-antonio.html\",\"name\":\"Encontro franciscano no Convento Santo Ant\u00f4nio - Not\u00edcias - Franciscanos\",\"isPartOf\":{\"@id\":\"https:\/\/franciscanos.org.br\/noticias\/#website\"},\"primaryImageOfPage\":{\"@id\":\"https:\/\/franciscanos.org.br\/noticias\/encontro-franciscano-no-convento-santo-antonio.html#primaryimage\"},\"datePublished\":\"2018-08-28T10:21:33+00:00\",\"dateModified\":\"2019-07-03T16:25:43+00:00\",\"author\":{\"@id\":\"https:\/\/franciscanos.org.br\/noticias\/#\/schema\/person\/b38fbf43118f02820bd932f2e4b14ad3\"},\"breadcrumb\":{\"@id\":\"https:\/\/franciscanos.org.br\/noticias\/encontro-franciscano-no-convento-santo-antonio.html#breadcrumb\"},\"inLanguage\":\"pt-BR\",\"potentialAction\":[{\"@type\":\"ReadAction\",\"target\":[\"https:\/\/franciscanos.org.br\/noticias\/encontro-franciscano-no-convento-santo-antonio.html\"]}]},{\"@type\":\"BreadcrumbList\",\"@id\":\"https:\/\/franciscanos.org.br\/noticias\/encontro-franciscano-no-convento-santo-antonio.html#breadcrumb\",\"itemListElement\":[{\"@type\":\"ListItem\",\"position\":1,\"name\":\"Home\",\"item\":\"https:\/\/franciscanos.org.br\/noticias\"},{\"@type\":\"ListItem\",\"position\":2,\"name\":\"Encontro franciscano no Convento Santo Ant\u00f4nio\"}]},{\"@type\":\"Person\",\"@id\":\"https:\/\/franciscanos.org.br\/noticias\/#\/schema\/person\/b38fbf43118f02820bd932f2e4b14ad3\",\"name\":\"admin\",\"image\":{\"@type\":\"ImageObject\",\"inLanguage\":\"pt-BR\",\"@id\":\"https:\/\/franciscanos.org.br\/noticias\/#\/schema\/person\/image\/\",\"url\":\"https:\/\/secure.gravatar.com\/avatar\/e8495742d34d0ba6448ea1c628263b3e?s=96&d=mm&r=g\",\"contentUrl\":\"https:\/\/secure.gravatar.com\/avatar\/e8495742d34d0ba6448ea1c628263b3e?s=96&d=mm&r=g\",\"caption\":\"admin\"},\"url\":\"https:\/\/franciscanos.org.br\/noticias\/author\/admin\"}]}<\/script>\n<!-- \/ Yoast SEO plugin. -->","yoast_head_json":{"title":"Encontro franciscano no Convento Santo Ant\u00f4nio - Not\u00edcias - Franciscanos","robots":{"index":"index","follow":"follow","max-snippet":"max-snippet:-1","max-image-preview":"max-image-preview:large","max-video-preview":"max-video-preview:-1"},"canonical":"https:\/\/franciscanos.org.br\/noticias\/encontro-franciscano-no-convento-santo-antonio.html","og_locale":"pt_BR","og_type":"article","og_title":"Encontro franciscano no Convento Santo Ant\u00f4nio - Not\u00edcias - Franciscanos","og_description":"OFS","og_url":"https:\/\/franciscanos.org.br\/noticias\/encontro-franciscano-no-convento-santo-antonio.html","og_site_name":"Not\u00edcias - Franciscanos","article_published_time":"2018-08-28T10:21:33+00:00","article_modified_time":"2019-07-03T16:25:43+00:00","og_image":[{"width":273,"height":181,"url":"https:\/\/franciscanos.org.br\/noticias\/wp-content\/uploads\/2018\/08\/antonio_280818-1.jpg","type":"image\/jpeg"}],"author":"admin","twitter_card":"summary_large_image","twitter_misc":{"Escrito por":"admin","Est. tempo de leitura":"4 minutos"},"schema":{"@context":"https:\/\/schema.org","@graph":[{"@type":"WebSite","@id":"https:\/\/franciscanos.org.br\/noticias\/#website","url":"https:\/\/franciscanos.org.br\/noticias\/","name":"Not\u00edcias - Franciscanos","description":"Prov\u00edncia Franciscana da Imaculada Concei\u00e7\u00e3o do Brasil - Ordem dos Frades Menores - OFM","potentialAction":[{"@type":"SearchAction","target":{"@type":"EntryPoint","urlTemplate":"https:\/\/franciscanos.org.br\/noticias\/?s={search_term_string}"},"query-input":"required name=search_term_string"}],"inLanguage":"pt-BR"},{"@type":"ImageObject","inLanguage":"pt-BR","@id":"https:\/\/franciscanos.org.br\/noticias\/encontro-franciscano-no-convento-santo-antonio.html#primaryimage","url":"https:\/\/franciscanos.org.br\/noticias\/wp-content\/uploads\/2018\/08\/antonio_280818-1.jpg","contentUrl":"https:\/\/franciscanos.org.br\/noticias\/wp-content\/uploads\/2018\/08\/antonio_280818-1.jpg","width":273,"height":181},{"@type":"WebPage","@id":"https:\/\/franciscanos.org.br\/noticias\/encontro-franciscano-no-convento-santo-antonio.html#webpage","url":"https:\/\/franciscanos.org.br\/noticias\/encontro-franciscano-no-convento-santo-antonio.html","name":"Encontro franciscano no Convento Santo Ant\u00f4nio - Not\u00edcias - Franciscanos","isPartOf":{"@id":"https:\/\/franciscanos.org.br\/noticias\/#website"},"primaryImageOfPage":{"@id":"https:\/\/franciscanos.org.br\/noticias\/encontro-franciscano-no-convento-santo-antonio.html#primaryimage"},"datePublished":"2018-08-28T10:21:33+00:00","dateModified":"2019-07-03T16:25:43+00:00","author":{"@id":"https:\/\/franciscanos.org.br\/noticias\/#\/schema\/person\/b38fbf43118f02820bd932f2e4b14ad3"},"breadcrumb":{"@id":"https:\/\/franciscanos.org.br\/noticias\/encontro-franciscano-no-convento-santo-antonio.html#breadcrumb"},"inLanguage":"pt-BR","potentialAction":[{"@type":"ReadAction","target":["https:\/\/franciscanos.org.br\/noticias\/encontro-franciscano-no-convento-santo-antonio.html"]}]},{"@type":"BreadcrumbList","@id":"https:\/\/franciscanos.org.br\/noticias\/encontro-franciscano-no-convento-santo-antonio.html#breadcrumb","itemListElement":[{"@type":"ListItem","position":1,"name":"Home","item":"https:\/\/franciscanos.org.br\/noticias"},{"@type":"ListItem","position":2,"name":"Encontro franciscano no Convento Santo Ant\u00f4nio"}]},{"@type":"Person","@id":"https:\/\/franciscanos.org.br\/noticias\/#\/schema\/person\/b38fbf43118f02820bd932f2e4b14ad3","name":"admin","image":{"@type":"ImageObject","inLanguage":"pt-BR","@id":"https:\/\/franciscanos.org.br\/noticias\/#\/schema\/person\/image\/","url":"https:\/\/secure.gravatar.com\/avatar\/e8495742d34d0ba6448ea1c628263b3e?s=96&d=mm&r=g","contentUrl":"https:\/\/secure.gravatar.com\/avatar\/e8495742d34d0ba6448ea1c628263b3e?s=96&d=mm&r=g","caption":"admin"},"url":"https:\/\/franciscanos.org.br\/noticias\/author\/admin"}]}},"_links":{"self":[{"href":"https:\/\/franciscanos.org.br\/noticias\/wp-json\/wp\/v2\/posts\/170127"}],"collection":[{"href":"https:\/\/franciscanos.org.br\/noticias\/wp-json\/wp\/v2\/posts"}],"about":[{"href":"https:\/\/franciscanos.org.br\/noticias\/wp-json\/wp\/v2\/types\/post"}],"author":[{"embeddable":true,"href":"https:\/\/franciscanos.org.br\/noticias\/wp-json\/wp\/v2\/users\/1"}],"replies":[{"embeddable":true,"href":"https:\/\/franciscanos.org.br\/noticias\/wp-json\/wp\/v2\/comments?post=170127"}],"version-history":[{"count":0,"href":"https:\/\/franciscanos.org.br\/noticias\/wp-json\/wp\/v2\/posts\/170127\/revisions"}],"wp:featuredmedia":[{"embeddable":true,"href":"https:\/\/franciscanos.org.br\/noticias\/wp-json\/wp\/v2\/media\/207171"}],"wp:attachment":[{"href":"https:\/\/franciscanos.org.br\/noticias\/wp-json\/wp\/v2\/media?parent=170127"}],"wp:term":[{"taxonomy":"category","embeddable":true,"href":"https:\/\/franciscanos.org.br\/noticias\/wp-json\/wp\/v2\/categories?post=170127"},{"taxonomy":"post_tag","embeddable":true,"href":"https:\/\/franciscanos.org.br\/noticias\/wp-json\/wp\/v2\/tags?post=170127"}],"curies":[{"name":"wp","href":"https:\/\/api.w.org\/{rel}","templated":true}]}}