{"id":170004,"date":"2018-08-26T20:26:05","date_gmt":"2018-08-26T23:26:05","guid":{"rendered":"http:\/\/franciscanos.org.br\/?p=170004"},"modified":"2019-07-03T13:33:55","modified_gmt":"2019-07-03T16:33:55","slug":"termina-capitulo-nacional-eleito-novo-conselho","status":"publish","type":"post","link":"https:\/\/franciscanos.org.br\/noticias\/termina-capitulo-nacional-eleito-novo-conselho.html","title":{"rendered":"Termina Cap\u00edtulo Nacional. Eleito novo Conselho."},"content":{"rendered":"<p><img loading=\"lazy\" src=\"http:\/\/franciscanos.org.br\/wp-content\/uploads\/2018\/08\/ofs_260818.jpg\" alt=\"ofs_260818\" width=\"820\" height=\"426\" \/><\/p>\n<p>Depois de tr\u00eas dias de avalia\u00e7\u00e3o, elei\u00e7\u00e3o do novo Conselho Nacional e proposituras das prioridades do tri\u00eanio, na manh\u00e3 deste domingo, 26 de agosto, foi conclu\u00eddo o XIV Cap\u00edtulo Nacional da OFS do Brasil. O secret\u00e1rio nacional da Jufra, Washington Lima, a animadora fraterna, Maria Aparecida, e o assistente espiritual nacional, Frei Wellington Buarque, fizeram uma explana\u00e7\u00e3o da situa\u00e7\u00e3o da Jufra do Brasil.<\/p>\n<p>Nesta manh\u00e3, foram debatidas prioridades para o tri\u00eanio, as mo\u00e7\u00f5es, resolu\u00e7\u00f5es e recomenda\u00e7\u00f5es e se decidiu que o pr\u00f3ximo Cap\u00edtulo Nacional ser\u00e1 de 28 de fevereiro a 1\u00ba de mar\u00e7o de 2020, em Campo Grande, MS.<\/p>\n<p>Por volta das 11 horas, durante a Missa de A\u00e7\u00e3o de Gra\u00e7as foi dada posse do novo Conselho Nacional:<\/p>\n<p>Ministra: Maria Jos\u00e9 (Zez\u00e9), MS<br \/>\nVice-Ministro: Marco Ant\u00f4nio, RJ<br \/>\nFormadora: Mayara Ingrid, MA<br \/>\nSecret\u00e1rio: Ant\u00f4nio J\u00falio, SP<br \/>\nTesoureiro: Felipe Paiva, PB<br \/>\nAssessoria Jur\u00eddica: Ant\u00f4nio Castro, MA<br \/>\nCoordenador da \u00c1rea Norte: Jucilene Caldas,<br \/>\nCoordenador da \u00c1rea Nordeste A: Paulo Gomes, CE<br \/>\nCoordenador da \u00c1rea Nordeste B: Ebevaldo Oliveira, PB<br \/>\nCoordenador da \u00c1rea Centro-Oeste: Clodoaldo dos Santos, MS<br \/>\nCoordenador da \u00c1rea Sudeste: Maria L\u00facia, RJ<br \/>\nCoordenador da \u00c1rea sul: Aura Lana, SC<br \/>\nConselho Fiscal:<br \/>\nTitulares: Alu\u00edsio-SP, Joseval-BA, Maria Izabel-MS<br \/>\nSuplentes: Mario-SP, Cleide-SP, Nunez-PB.<\/p>\n<p><strong>PRIORIDADES<\/strong><br \/>\nForma\u00e7\u00e3o, aprofundando o compromisso e viv\u00eancia do carisma franciscano secular.<br \/>\nJPIC, como express\u00e3o da identidade da OFS.<br \/>\nJufra, como forma de trabalhar as juventudes e tamb\u00e9m a renova\u00e7\u00e3o da OFS.<\/p>\n<p><strong>RESOLU\u00c7\u00d5ES<\/strong><br \/>\nA escolha para os cargos de conselheiros nacionais de Comunica\u00e7\u00e3o e JPIC seja de responsabilidade do Conselho Nacional, at\u00e9 decis\u00e3o no pr\u00f3ximo cap\u00edtulo.<\/p>\n<p><strong>RECOMENDA\u00c7\u00d5ES<\/strong><br \/>\nInclus\u00e3o nos Estatutos Regionais e Locais da fun\u00e7\u00e3o de assessoria ou elei\u00e7\u00e3o\/indica\u00e7\u00e3o de coordenador de Comunica\u00e7\u00e3o e JPIC.<br \/>\nAcompanhar de maneira criteriosa o n\u00famero de irm\u00e3os enviado para o Refran, seja atrav\u00e9s da implementa\u00e7\u00e3o do sistema informatizado ou por outros meios provis\u00f3rios, em todos os n\u00edveis.<br \/>\nBuscar renegocia\u00e7\u00e3o da d\u00edvida junto ao CIOFS.<br \/>\nRealizar a Celebra\u00e7\u00e3o dos 800 anos da OFS em 2021, antes do Cap\u00edtulo Eletivo, em evento de grande express\u00e3o com toda a Fam\u00edlia Franciscana.<br \/>\nIncentivar a pesquisa e a publica\u00e7\u00e3o de material biogr\u00e1fico de irm\u00e3os e irm\u00e3s da OFS do Brasil, j\u00e1 falecidos, que se distinguiram por seu testemunho evang\u00e9lico-franciscano-secular, como forma de celebrar os 800 anos da Ordem.<br \/>\nRevista Paz e Bem, incentivando a amplia\u00e7\u00e3o do n\u00famero de assinaturas em cada fraternidade.<br \/>\nAnima\u00e7\u00e3o Vocacional OFS\/Jufra, desenvolvendo iniciativas em vista da Celebra\u00e7\u00e3o dos 800 anos.<br \/>\nAssist\u00eancia Espiritual, valorizando a presen\u00e7a feminina.<\/p>\n<p>Fonte: www.ofs.org.br<\/p>\n","protected":false},"excerpt":{"rendered":"<p>OFS<\/p>\n","protected":false},"author":1,"featured_media":207176,"comment_status":"open","ping_status":"open","sticky":false,"template":"","format":"standard","meta":[],"categories":[1],"tags":[60],"acf":[],"yoast_head":"<!-- This site is optimized with the Yoast SEO plugin v19.2 - https:\/\/yoast.com\/wordpress\/plugins\/seo\/ -->\n<title>Termina Cap\u00edtulo Nacional. Eleito novo Conselho. - Not\u00edcias - Franciscanos<\/title>\n<meta name=\"robots\" content=\"index, follow, max-snippet:-1, max-image-preview:large, max-video-preview:-1\" \/>\n<link rel=\"canonical\" href=\"https:\/\/franciscanos.org.br\/noticias\/termina-capitulo-nacional-eleito-novo-conselho.html\" \/>\n<meta property=\"og:locale\" content=\"pt_BR\" \/>\n<meta property=\"og:type\" content=\"article\" \/>\n<meta property=\"og:title\" content=\"Termina Cap\u00edtulo Nacional. Eleito novo Conselho. - Not\u00edcias - Franciscanos\" \/>\n<meta property=\"og:description\" content=\"OFS\" \/>\n<meta property=\"og:url\" content=\"https:\/\/franciscanos.org.br\/noticias\/termina-capitulo-nacional-eleito-novo-conselho.html\" \/>\n<meta property=\"og:site_name\" content=\"Not\u00edcias - Franciscanos\" \/>\n<meta property=\"article:published_time\" content=\"2018-08-26T23:26:05+00:00\" \/>\n<meta property=\"article:modified_time\" content=\"2019-07-03T16:33:55+00:00\" \/>\n<meta property=\"og:image\" content=\"https:\/\/franciscanos.org.br\/noticias\/wp-content\/uploads\/2018\/08\/ofs.jpg\" \/>\n\t<meta property=\"og:image:width\" content=\"273\" \/>\n\t<meta property=\"og:image:height\" content=\"181\" \/>\n\t<meta property=\"og:image:type\" content=\"image\/jpeg\" \/>\n<meta name=\"author\" content=\"admin\" \/>\n<meta name=\"twitter:card\" content=\"summary_large_image\" \/>\n<meta name=\"twitter:label1\" content=\"Escrito por\" \/>\n\t<meta name=\"twitter:data1\" content=\"admin\" \/>\n\t<meta name=\"twitter:label2\" content=\"Est. tempo de leitura\" \/>\n\t<meta name=\"twitter:data2\" content=\"2 minutos\" \/>\n<script type=\"application\/ld+json\" class=\"yoast-schema-graph\">{\"@context\":\"https:\/\/schema.org\",\"@graph\":[{\"@type\":\"WebSite\",\"@id\":\"https:\/\/franciscanos.org.br\/noticias\/#website\",\"url\":\"https:\/\/franciscanos.org.br\/noticias\/\",\"name\":\"Not\u00edcias - Franciscanos\",\"description\":\"Prov\u00edncia Franciscana da Imaculada Concei\u00e7\u00e3o do Brasil - Ordem dos Frades Menores - OFM\",\"potentialAction\":[{\"@type\":\"SearchAction\",\"target\":{\"@type\":\"EntryPoint\",\"urlTemplate\":\"https:\/\/franciscanos.org.br\/noticias\/?s={search_term_string}\"},\"query-input\":\"required name=search_term_string\"}],\"inLanguage\":\"pt-BR\"},{\"@type\":\"ImageObject\",\"inLanguage\":\"pt-BR\",\"@id\":\"https:\/\/franciscanos.org.br\/noticias\/termina-capitulo-nacional-eleito-novo-conselho.html#primaryimage\",\"url\":\"https:\/\/franciscanos.org.br\/noticias\/wp-content\/uploads\/2018\/08\/ofs.jpg\",\"contentUrl\":\"https:\/\/franciscanos.org.br\/noticias\/wp-content\/uploads\/2018\/08\/ofs.jpg\",\"width\":273,\"height\":181,\"caption\":\"?????????????\"},{\"@type\":\"WebPage\",\"@id\":\"https:\/\/franciscanos.org.br\/noticias\/termina-capitulo-nacional-eleito-novo-conselho.html#webpage\",\"url\":\"https:\/\/franciscanos.org.br\/noticias\/termina-capitulo-nacional-eleito-novo-conselho.html\",\"name\":\"Termina Cap\u00edtulo Nacional. Eleito novo Conselho. - Not\u00edcias - Franciscanos\",\"isPartOf\":{\"@id\":\"https:\/\/franciscanos.org.br\/noticias\/#website\"},\"primaryImageOfPage\":{\"@id\":\"https:\/\/franciscanos.org.br\/noticias\/termina-capitulo-nacional-eleito-novo-conselho.html#primaryimage\"},\"datePublished\":\"2018-08-26T23:26:05+00:00\",\"dateModified\":\"2019-07-03T16:33:55+00:00\",\"author\":{\"@id\":\"https:\/\/franciscanos.org.br\/noticias\/#\/schema\/person\/b38fbf43118f02820bd932f2e4b14ad3\"},\"breadcrumb\":{\"@id\":\"https:\/\/franciscanos.org.br\/noticias\/termina-capitulo-nacional-eleito-novo-conselho.html#breadcrumb\"},\"inLanguage\":\"pt-BR\",\"potentialAction\":[{\"@type\":\"ReadAction\",\"target\":[\"https:\/\/franciscanos.org.br\/noticias\/termina-capitulo-nacional-eleito-novo-conselho.html\"]}]},{\"@type\":\"BreadcrumbList\",\"@id\":\"https:\/\/franciscanos.org.br\/noticias\/termina-capitulo-nacional-eleito-novo-conselho.html#breadcrumb\",\"itemListElement\":[{\"@type\":\"ListItem\",\"position\":1,\"name\":\"Home\",\"item\":\"https:\/\/franciscanos.org.br\/noticias\"},{\"@type\":\"ListItem\",\"position\":2,\"name\":\"Termina Cap\u00edtulo Nacional. Eleito novo Conselho.\"}]},{\"@type\":\"Person\",\"@id\":\"https:\/\/franciscanos.org.br\/noticias\/#\/schema\/person\/b38fbf43118f02820bd932f2e4b14ad3\",\"name\":\"admin\",\"image\":{\"@type\":\"ImageObject\",\"inLanguage\":\"pt-BR\",\"@id\":\"https:\/\/franciscanos.org.br\/noticias\/#\/schema\/person\/image\/\",\"url\":\"https:\/\/secure.gravatar.com\/avatar\/e8495742d34d0ba6448ea1c628263b3e?s=96&d=mm&r=g\",\"contentUrl\":\"https:\/\/secure.gravatar.com\/avatar\/e8495742d34d0ba6448ea1c628263b3e?s=96&d=mm&r=g\",\"caption\":\"admin\"},\"url\":\"https:\/\/franciscanos.org.br\/noticias\/author\/admin\"}]}<\/script>\n<!-- \/ Yoast SEO plugin. -->","yoast_head_json":{"title":"Termina Cap\u00edtulo Nacional. Eleito novo Conselho. - Not\u00edcias - Franciscanos","robots":{"index":"index","follow":"follow","max-snippet":"max-snippet:-1","max-image-preview":"max-image-preview:large","max-video-preview":"max-video-preview:-1"},"canonical":"https:\/\/franciscanos.org.br\/noticias\/termina-capitulo-nacional-eleito-novo-conselho.html","og_locale":"pt_BR","og_type":"article","og_title":"Termina Cap\u00edtulo Nacional. Eleito novo Conselho. - Not\u00edcias - Franciscanos","og_description":"OFS","og_url":"https:\/\/franciscanos.org.br\/noticias\/termina-capitulo-nacional-eleito-novo-conselho.html","og_site_name":"Not\u00edcias - Franciscanos","article_published_time":"2018-08-26T23:26:05+00:00","article_modified_time":"2019-07-03T16:33:55+00:00","og_image":[{"width":273,"height":181,"url":"https:\/\/franciscanos.org.br\/noticias\/wp-content\/uploads\/2018\/08\/ofs.jpg","type":"image\/jpeg"}],"author":"admin","twitter_card":"summary_large_image","twitter_misc":{"Escrito por":"admin","Est. tempo de leitura":"2 minutos"},"schema":{"@context":"https:\/\/schema.org","@graph":[{"@type":"WebSite","@id":"https:\/\/franciscanos.org.br\/noticias\/#website","url":"https:\/\/franciscanos.org.br\/noticias\/","name":"Not\u00edcias - Franciscanos","description":"Prov\u00edncia Franciscana da Imaculada Concei\u00e7\u00e3o do Brasil - Ordem dos Frades Menores - OFM","potentialAction":[{"@type":"SearchAction","target":{"@type":"EntryPoint","urlTemplate":"https:\/\/franciscanos.org.br\/noticias\/?s={search_term_string}"},"query-input":"required name=search_term_string"}],"inLanguage":"pt-BR"},{"@type":"ImageObject","inLanguage":"pt-BR","@id":"https:\/\/franciscanos.org.br\/noticias\/termina-capitulo-nacional-eleito-novo-conselho.html#primaryimage","url":"https:\/\/franciscanos.org.br\/noticias\/wp-content\/uploads\/2018\/08\/ofs.jpg","contentUrl":"https:\/\/franciscanos.org.br\/noticias\/wp-content\/uploads\/2018\/08\/ofs.jpg","width":273,"height":181,"caption":"?????????????"},{"@type":"WebPage","@id":"https:\/\/franciscanos.org.br\/noticias\/termina-capitulo-nacional-eleito-novo-conselho.html#webpage","url":"https:\/\/franciscanos.org.br\/noticias\/termina-capitulo-nacional-eleito-novo-conselho.html","name":"Termina Cap\u00edtulo Nacional. Eleito novo Conselho. - Not\u00edcias - Franciscanos","isPartOf":{"@id":"https:\/\/franciscanos.org.br\/noticias\/#website"},"primaryImageOfPage":{"@id":"https:\/\/franciscanos.org.br\/noticias\/termina-capitulo-nacional-eleito-novo-conselho.html#primaryimage"},"datePublished":"2018-08-26T23:26:05+00:00","dateModified":"2019-07-03T16:33:55+00:00","author":{"@id":"https:\/\/franciscanos.org.br\/noticias\/#\/schema\/person\/b38fbf43118f02820bd932f2e4b14ad3"},"breadcrumb":{"@id":"https:\/\/franciscanos.org.br\/noticias\/termina-capitulo-nacional-eleito-novo-conselho.html#breadcrumb"},"inLanguage":"pt-BR","potentialAction":[{"@type":"ReadAction","target":["https:\/\/franciscanos.org.br\/noticias\/termina-capitulo-nacional-eleito-novo-conselho.html"]}]},{"@type":"BreadcrumbList","@id":"https:\/\/franciscanos.org.br\/noticias\/termina-capitulo-nacional-eleito-novo-conselho.html#breadcrumb","itemListElement":[{"@type":"ListItem","position":1,"name":"Home","item":"https:\/\/franciscanos.org.br\/noticias"},{"@type":"ListItem","position":2,"name":"Termina Cap\u00edtulo Nacional. Eleito novo Conselho."}]},{"@type":"Person","@id":"https:\/\/franciscanos.org.br\/noticias\/#\/schema\/person\/b38fbf43118f02820bd932f2e4b14ad3","name":"admin","image":{"@type":"ImageObject","inLanguage":"pt-BR","@id":"https:\/\/franciscanos.org.br\/noticias\/#\/schema\/person\/image\/","url":"https:\/\/secure.gravatar.com\/avatar\/e8495742d34d0ba6448ea1c628263b3e?s=96&d=mm&r=g","contentUrl":"https:\/\/secure.gravatar.com\/avatar\/e8495742d34d0ba6448ea1c628263b3e?s=96&d=mm&r=g","caption":"admin"},"url":"https:\/\/franciscanos.org.br\/noticias\/author\/admin"}]}},"_links":{"self":[{"href":"https:\/\/franciscanos.org.br\/noticias\/wp-json\/wp\/v2\/posts\/170004"}],"collection":[{"href":"https:\/\/franciscanos.org.br\/noticias\/wp-json\/wp\/v2\/posts"}],"about":[{"href":"https:\/\/franciscanos.org.br\/noticias\/wp-json\/wp\/v2\/types\/post"}],"author":[{"embeddable":true,"href":"https:\/\/franciscanos.org.br\/noticias\/wp-json\/wp\/v2\/users\/1"}],"replies":[{"embeddable":true,"href":"https:\/\/franciscanos.org.br\/noticias\/wp-json\/wp\/v2\/comments?post=170004"}],"version-history":[{"count":0,"href":"https:\/\/franciscanos.org.br\/noticias\/wp-json\/wp\/v2\/posts\/170004\/revisions"}],"wp:featuredmedia":[{"embeddable":true,"href":"https:\/\/franciscanos.org.br\/noticias\/wp-json\/wp\/v2\/media\/207176"}],"wp:attachment":[{"href":"https:\/\/franciscanos.org.br\/noticias\/wp-json\/wp\/v2\/media?parent=170004"}],"wp:term":[{"taxonomy":"category","embeddable":true,"href":"https:\/\/franciscanos.org.br\/noticias\/wp-json\/wp\/v2\/categories?post=170004"},{"taxonomy":"post_tag","embeddable":true,"href":"https:\/\/franciscanos.org.br\/noticias\/wp-json\/wp\/v2\/tags?post=170004"}],"curies":[{"name":"wp","href":"https:\/\/api.w.org\/{rel}","templated":true}]}}