{"id":169957,"date":"2018-08-26T20:09:29","date_gmt":"2018-08-26T23:09:29","guid":{"rendered":"http:\/\/franciscanos.org.br\/?p=169957"},"modified":"2019-10-30T09:57:11","modified_gmt":"2019-10-30T12:57:11","slug":"amarre-seu-cordao-no-cordao-de-sao-francisco","status":"publish","type":"post","link":"https:\/\/franciscanos.org.br\/noticias\/amarre-seu-cordao-no-cordao-de-sao-francisco.html","title":{"rendered":"In\u00edcio do minist\u00e9rio presbiteral de Frei Jos\u00e9 Raimundo"},"content":{"rendered":"<p><strong>Moacir Beggo<\/strong><\/p>\n<p><strong>Bauru (SP)<\/strong> &#8211; Apresentando suas prim\u00edcias em oferenda, Frei Jos\u00e9 Raimundo de Souza presidiu pela primeira vez a Eucaristia neste domingo, 26 de agosto, depois de ordenado presb\u00edtero neste s\u00e1bado (25) por Dom Caetano Ferrari. O novo presb\u00edtero teve a ajuda fraterna de Frei Alan Maia de Fran\u00e7a Victor para auxili\u00e1-lo durante o rito.<\/p>\n<p>A comunidade que se reuniu neste domingo na Par\u00f3quia Santa Clara de Assis, na Vila Industrial II, em Bauru (SP), parecia uma grande fam\u00edlia, que fazia quest\u00e3o de mostrar o quanto estava feliz com a felicidade de Frei Jos\u00e9. Parentes, amigos, os peregrinos que vieram de Colatina (ES) e Imbari\u00ea (RJ, confrades, colegas de turma, aspirantes\u2026 , todos queriam \u201cpartilhar este p\u00e3o\u201d com Frei Jos\u00e9.<\/p>\n<p>Por representar um importante papel em sua caminhada, Frei Jos\u00e9 convidou Frei Benedito Gon\u00e7alves, p\u00e1roco da Par\u00f3quia Bom Jesus em Sorocaba (SP), para fazer a homilia de sua primeira Missa. Brincando com o neopresb\u00edtero, Frei Dito, como \u00e9 mais conhecido, chamou o novo sacerdote de &#8220;Zez\u00e3o&#8221; &#8211; ele \u00e9 conhecido pela comunidade como Frei Zezinho &#8211; e revelou que estava feliz, assim como todos estavam, pela conclus\u00e3o de uma grande e importante etapa de sua caminhada religiosa. &#8220;A vontade de Deus para n\u00f3s \u00e9 uma s\u00f3: que a gente seja feliz! E n\u00f3s nos alegramos com ele neste momento&#8221;, disse.<\/p>\n<p><img loading=\"lazy\" src=\"http:\/\/franciscanos.org.br\/wp-content\/uploads\/2018\/08\/missa_260818_3.jpg\" alt=\"missa_260818_3\" width=\"830\" height=\"366\" \/><\/p>\n<p>Frei Dito foi o autor do desenho do convite para a ordena\u00e7\u00e3o presbiteral, tendo como lema &#8220;Dai-lhes v\u00f3s mesmos de comer&#8221; (lc 9, 13). A explica\u00e7\u00e3o do desenho foi a sua mais bela homilia. Segundo Frei Dito, a ideia partiu do lema, mas lembrou que S\u00e3o Francisco e Santa Clara partilhavam o p\u00e3o com aqueles que mais necessitavam. &#8220;E me veio na mente o encontro de Francisco com o leproso. Ali\u00e1s, ontem uma pessoa falou assim para mim: &#8216;Quando vi esse desenho, \u2018tava\u2019 na cara que era do Frei Dito, porque tem peixinhos e idoso&#8221;. N\u00e3o \u00e9 toda vez que fa\u00e7o peixinhos e idoso&#8221;, disse, arrancando risos da assembleia.<\/p>\n<p><img loading=\"lazy\" class=\"alignleft size-full wp-image-169961\" src=\"http:\/\/franciscanos.org.br\/wp-content\/uploads\/2018\/08\/missa_260818_2.jpg\" alt=\"missa_260818_2\" width=\"400\" height=\"570\" \/>Ent\u00e3o Frei Dito come\u00e7ou a p\u00f4r a ideia em pr\u00e1tica, mas se deparou com um problema: a hist\u00f3ria n\u00e3o diz que Francisco partiu o p\u00e3o com o leproso. Mesmo assim continuou desenvolvendo esta ideia e mais adiante tudo ficou mais claro: &#8220;Segundo o evangelista S\u00e3o Jo\u00e3o, Jesus diz para as pessoas que v\u00eam atr\u00e1s do p\u00e3o material para que busquem o p\u00e3o da vida eterna. S\u00e3o Francisco, de fato, n\u00e3o deu o p\u00e3o para o leproso. Mas esse encontro marcou toda a sua vida. Quando ele estava perto do fim da sua vida, escreveu no Testamento, lembrando deste fato: &#8216;Aquilo que era amargo se tornou em do\u00e7ura da alma&#8217;. Ou seja, S\u00e3o Francisco n\u00e3o deu o p\u00e3o para o corpo, mas deu de si mesmo. O leproso era algu\u00e9m considerado morto. Ele era declarado morto numa cerim\u00f4nia que a pr\u00f3pria Igreja presidia e o declarava exclu\u00eddo por toda a sociedade. Era obrigado viver fora dos muros da cidade. Ao descer do seu cavalo, ao deixar para tr\u00e1s as suas pr\u00f3prias vontades, ao abra\u00e7ar aquele homem e beij\u00e1-lo, S\u00e3o Francisco deu o p\u00e3o da vida eterna. N\u00e3o deu o p\u00e3o f\u00edsico, mas deu o p\u00e3o eterno. Fez com que aquele homem se sentisse gente de novo, se sentisse vivo de novo, porque algu\u00e9m vivo veio visit\u00e1-lo e beij\u00e1-lo. Isso \u00e9 p\u00e3o da vida eterna&#8221;, explicou.<\/p>\n<p>&#8220;A gente pode at\u00e9 dar o p\u00e3o &#8211; e deve porque tem muita gente com fome -, mas \u00e9 preciso que, como frade, como irm\u00e3o que voc\u00ea \u00e9 Frei Jos\u00e9, d\u00ea o p\u00e3o de si mesmo. D\u00ea o p\u00e3o da vida eterna, da Palavra do Senhor, que buscou ser feliz atrav\u00e9s dela. Agora, nesta miss\u00e3o conclu\u00edda, \u00e9 hora de partilhar essa felicidade que voc\u00ea encontrou na dura Palavra do Senhor&#8221;, ensinou o pregador.<\/p>\n<p>Segundo o desenhista, Francisco e o leproso t\u00eam o p\u00e3o nas m\u00e3os: &#8220;Porque aquele que d\u00e1 o p\u00e3o nunca sai de m\u00e3o vazia&#8221;, adiantou Frei Dito. &#8220;Ao mesmo tempo que aquele homem se sentiu gente de novo e vivo, S\u00e3o Francisco tamb\u00e9m se curou do seu ego\u00edsmo e abandonou a sua maneira de pensar. Dali para frente, ele foi outra pessoa. Nunca mais ele deixou os leprosos. Em todo o lugar por onde ele ia, fazia quest\u00e3o de procurar os leprosos. Tratava de suas chagas, estava com eles, partilhava o p\u00e3o da vida eterna. E ali ganhava novos irm\u00e3os&#8221;, acrescentou.<\/p>\n<p><img loading=\"lazy\" src=\"http:\/\/franciscanos.org.br\/wp-content\/uploads\/2018\/08\/missa_260818_4.jpg\" alt=\"missa_260818_4\" width=\"830\" height=\"415\" \/><\/p>\n<p>Frei Dito explicou que partilhar o p\u00e3o n\u00e3o \u00e9 dar o p\u00e3o. &#8220;\u00c9 comer juntos. Ali\u00e1s, eu gosto muito dessa palavra: companheiro. Aquele que parte conosco o p\u00e3o. Ent\u00e3o, S\u00e3o Francisco se tornou companheiro daqueles mais necessitados. Partilhava com eles o p\u00e3o. Frei Jos\u00e9 escolheu para a sua vida, para o seu caminho, para a sua felicidade, escolheu ser companheiro dos pobres, dos pequenos nesse mundo. Isso \u00e9 o que diz o lema que ele escolheu para a sua vida. Nunca abandone essa ideia de andar junto! Atrele a sua vida \u00e0 Palavra do Senhor, que \u00e9 dura, mas que traz vida eterna e felicidade. Entregue sua vida \u00e0 inspira\u00e7\u00e3o constante de nosso Pai S\u00e3o Francisco&#8221;, exortou o neo-presb\u00edtero.<\/p>\n<p>Frei Dito, bem ao seu estilo, terminou com uma hist\u00f3ria da vida de S\u00e3o Francisco:<\/p>\n<p>Nos prim\u00f3rdios da Ordem Franciscana, os frades recebiam jovens e pessoas de qualquer idade. E S\u00e3o Francisco passou por um conventinho, muito pequeno e pobre. E por conta da pobreza, os frades dormiam dois a dois nas pequenas camas. L\u00e1 havia um garoto que ficou todo feliz quando S\u00e3o Francisco chegou l\u00e1. Encontrar S\u00e3o Francisco era um sonho da vida dele. E foi dormir na mesma cama de S\u00e3o Francisco. Queria conhecer o santo melhor, descobrir como era a sua vida, o que fazia&#8230; Por conta disso, ficou atento aos menores movimentos do santo, que logo adormeceu. O jovem, para n\u00e3o perder nada daquela experi\u00eancia e temendo que pudesse dormir tamb\u00e9m, sem fazer barulho, amarrou o seu cord\u00e3o no de S\u00e3o Francisco. E dormiu. L\u00e1 &#8216;pelas tantas&#8217; da madrugada, S\u00e3o Francisco acordou para rezar como era seu costume. Viu que seu cord\u00e3o estava amarrado e, com jeito, desamarrou, indo para o bosque rezar. O menino, ent\u00e3o, acordou e viu que S\u00e3o Francisco n\u00e3o estava mais na cama. Desesperado, foi procur\u00e1-lo, achando-o no bosque. Ali viu uma luz bonita envolvendo S\u00e3o Francisco. Ele ficou t\u00e3o maravilhado com aquilo e procurou se aproximar o m\u00e1ximo que p\u00f4de.\u00a0 E viu que, no meio daquela luz, o pr\u00f3prio Cristo falava com S\u00e3o Francisco. De t\u00e3o maravilhado, ele desmaiou. S\u00e3o Francisco terminou a sua experi\u00eancia m\u00edstica e estava voltando para o Conventinho quando trope\u00e7ou no menino desmaiado. Pegou-o nos bra\u00e7os e levou-o para a cama e adormeceu em seguida. No dia seguinte, S\u00e3o Francisco disse: &#8220;N\u00e3o conte para ningu\u00e9m o que viu at\u00e9 que eu morra!&#8221;. E a gente s\u00f3 sabe dessa hist\u00f3ria porque o menino cresceu e se tornou frade, morreu em fama de santidade e mais tarde contou essa hist\u00f3ria para os frades, fazendo a hist\u00f3ria chegar at\u00e9 n\u00f3s.<\/p>\n<p><img loading=\"lazy\" src=\"http:\/\/franciscanos.org.br\/wp-content\/uploads\/2018\/08\/missa_260818_51.jpg\" alt=\"missa_260818_5\" width=\"830\" height=\"376\" \/><\/p>\n<p>&#8220;O que eu quero dizer com isso, Frei Jos\u00e9? \u00c9 que assim como aquele menino, voc\u00ea tamb\u00e9m um dia foi um menino atr\u00e1s de S\u00e3o Francisco. Ent\u00e3o, amarre o seu cord\u00e3o no cord\u00e3o de S\u00e3o Francisco para sempre! Nunca deixe de andar com ele. Se acontecer de voc\u00ea desfalecer tamb\u00e9m, n\u00e3o tenha medo porque S\u00e3o Francisco o toma nos bra\u00e7os e o leva para junto dele!&#8221;, ensinou, confortou e iluminou Frei Dito.<\/p>\n<p>Frei Jos\u00e9 disse que nunca esqueceu o que Frei Dito lhe disse uma vez: que tivesse de S\u00e3o Francisco nem que fosse a lasquinha de uma unha. &#8220;No Frei Dito que conheci e convivi,\u00a0 eu vi muito mais do que uma lasquinha. Eu vi um exemplo de vida franciscana&#8221;, homenageou.<\/p>\n<p>Frei Jos\u00e9 mais uma vez demonstrou todo o amor que sente pelos seus pais num abra\u00e7o carinhoso e demorado ao entregarem o p\u00e3o e o vinho a ele para a consagra\u00e7\u00e3o. Do seu lado, duas dezenas de seus confrades ajudaram a tornar esse momento de a\u00e7\u00e3o de gra\u00e7as especial na vida da comunidade, de cada um presente e, de modo especial, de Frei Jos\u00e9.<\/p>\n<div id=\"attachment_169965\" style=\"width: 360px\" class=\"wp-caption alignright\"><img aria-describedby=\"caption-attachment-169965\" loading=\"lazy\" class=\"wp-image-169965 size-full\" src=\"http:\/\/franciscanos.org.br\/wp-content\/uploads\/2018\/08\/missa_260818_6.jpg\" alt=\"missa_260818_6\" width=\"350\" height=\"389\" \/><p id=\"caption-attachment-169965\" class=\"wp-caption-text\">Belis\u00e2nea Nascimento<\/p><\/div>\n<p>O p\u00e1roco Frei Alessandro Nascimento agradeceu a presen\u00e7a de todos e, principalmente, a colabora\u00e7\u00e3o dos paroquianos para ajudarem na Semana Mission\u00e1ria. Agradeceu especialmente a Frei Diego Atalino de Melo, do Servi\u00e7o Vocacional da Prov\u00edncia, e lembrou que ele estava fazendo anivers\u00e1rio neste dia. Agradeceu ao Vig\u00e1rio Provincial, Frei C\u00e9sar K\u00fclkamp, pela presen\u00e7a.<\/p>\n<p>Belis\u00e2nia Nascimento, paroquiana de Colatina, falou pelo grupo que veio de t\u00e3o longe. \u201cViajamos 24 horas para viver esse momento especial com voc\u00ea, Frei Jos\u00e9. Foi um longo caminho, mas valeu todo o esfor\u00e7o\u201d, disse, pedindo a confirma\u00e7\u00e3o de seus 42 companheiros de viagem que vieram de Colatina.<\/p>\n<p>Para ela, o testemunho de Frei Jos\u00e9 os fez melhores e com vontade de trabalhar mais e mais pelo reino de Deus. \u201cMais uma vez, obrigado pelos seus ensinamentos, mas principalmente por nos mostrar Jesus Cristo atrav\u00e9s da sua pessoa, sendo simplesmente Frei Jos\u00e9, um homem de cora\u00e7\u00e3o grande e de grande motiva\u00e7\u00e3o. Um homem com o nome de apenas quatro letras, mas que, quando pronunciadas, v\u00eam carregadas com o sentimento de estima, respeito e considera\u00e7\u00e3o. Saiba que pode contar com cada um de n\u00f3s nesta caminhada. Obrigado por tudo. Permita lhe dizer: voc\u00ea n\u00e3o \u00e9 nosso frei, mas voc\u00ea \u00e9 nosso irm\u00e3o!&#8221;, encerrou.<\/p>\n<p>A festa da ordena\u00e7\u00e3o presbiteral terminou com um delicioso almo\u00e7o servido pela comunidade. Frei Jos\u00e9 ficar\u00e1 em Bauru durante uma semana e celebrar\u00e1 nas comunidades das Par\u00f3quias de Santo Ant\u00f4nio e Santa Clara.<\/p>\n","protected":false},"excerpt":{"rendered":"<p>Primeira Missa de Frei Jos\u00e9 Raimundo.<\/p>\n","protected":false},"author":1,"featured_media":212901,"comment_status":"open","ping_status":"open","sticky":false,"template":"","format":"standard","meta":[],"categories":[1],"tags":[157],"acf":[],"yoast_head":"<!-- This site is optimized with the Yoast SEO plugin v19.2 - https:\/\/yoast.com\/wordpress\/plugins\/seo\/ -->\n<title>In\u00edcio do minist\u00e9rio presbiteral de Frei Jos\u00e9 Raimundo - Not\u00edcias - Franciscanos<\/title>\n<meta name=\"robots\" content=\"index, follow, max-snippet:-1, max-image-preview:large, max-video-preview:-1\" \/>\n<link rel=\"canonical\" href=\"https:\/\/franciscanos.org.br\/noticias\/amarre-seu-cordao-no-cordao-de-sao-francisco.html\" \/>\n<meta property=\"og:locale\" content=\"pt_BR\" \/>\n<meta property=\"og:type\" content=\"article\" \/>\n<meta property=\"og:title\" content=\"In\u00edcio do minist\u00e9rio presbiteral de Frei Jos\u00e9 Raimundo - Not\u00edcias - Franciscanos\" \/>\n<meta property=\"og:description\" content=\"Primeira Missa de Frei Jos\u00e9 Raimundo.\" \/>\n<meta property=\"og:url\" content=\"https:\/\/franciscanos.org.br\/noticias\/amarre-seu-cordao-no-cordao-de-sao-francisco.html\" \/>\n<meta property=\"og:site_name\" content=\"Not\u00edcias - Franciscanos\" \/>\n<meta property=\"article:published_time\" content=\"2018-08-26T23:09:29+00:00\" \/>\n<meta property=\"article:modified_time\" content=\"2019-10-30T12:57:11+00:00\" \/>\n<meta property=\"og:image\" content=\"https:\/\/franciscanos.org.br\/noticias\/wp-content\/uploads\/2018\/08\/missa_260818_4.jpg\" \/>\n\t<meta property=\"og:image:width\" content=\"273\" \/>\n\t<meta property=\"og:image:height\" content=\"181\" \/>\n\t<meta property=\"og:image:type\" content=\"image\/jpeg\" \/>\n<meta name=\"author\" content=\"admin\" \/>\n<meta name=\"twitter:card\" content=\"summary_large_image\" \/>\n<meta name=\"twitter:label1\" content=\"Escrito por\" \/>\n\t<meta name=\"twitter:data1\" content=\"admin\" \/>\n\t<meta name=\"twitter:label2\" content=\"Est. tempo de leitura\" \/>\n\t<meta name=\"twitter:data2\" content=\"9 minutos\" \/>\n<script type=\"application\/ld+json\" class=\"yoast-schema-graph\">{\"@context\":\"https:\/\/schema.org\",\"@graph\":[{\"@type\":\"WebSite\",\"@id\":\"https:\/\/franciscanos.org.br\/noticias\/#website\",\"url\":\"https:\/\/franciscanos.org.br\/noticias\/\",\"name\":\"Not\u00edcias - Franciscanos\",\"description\":\"Prov\u00edncia Franciscana da Imaculada Concei\u00e7\u00e3o do Brasil - Ordem dos Frades Menores - OFM\",\"potentialAction\":[{\"@type\":\"SearchAction\",\"target\":{\"@type\":\"EntryPoint\",\"urlTemplate\":\"https:\/\/franciscanos.org.br\/noticias\/?s={search_term_string}\"},\"query-input\":\"required name=search_term_string\"}],\"inLanguage\":\"pt-BR\"},{\"@type\":\"ImageObject\",\"inLanguage\":\"pt-BR\",\"@id\":\"https:\/\/franciscanos.org.br\/noticias\/amarre-seu-cordao-no-cordao-de-sao-francisco.html#primaryimage\",\"url\":\"https:\/\/franciscanos.org.br\/noticias\/wp-content\/uploads\/2018\/08\/missa_260818_4.jpg\",\"contentUrl\":\"https:\/\/franciscanos.org.br\/noticias\/wp-content\/uploads\/2018\/08\/missa_260818_4.jpg\",\"width\":273,\"height\":181},{\"@type\":\"WebPage\",\"@id\":\"https:\/\/franciscanos.org.br\/noticias\/amarre-seu-cordao-no-cordao-de-sao-francisco.html#webpage\",\"url\":\"https:\/\/franciscanos.org.br\/noticias\/amarre-seu-cordao-no-cordao-de-sao-francisco.html\",\"name\":\"In\u00edcio do minist\u00e9rio presbiteral de Frei Jos\u00e9 Raimundo - Not\u00edcias - Franciscanos\",\"isPartOf\":{\"@id\":\"https:\/\/franciscanos.org.br\/noticias\/#website\"},\"primaryImageOfPage\":{\"@id\":\"https:\/\/franciscanos.org.br\/noticias\/amarre-seu-cordao-no-cordao-de-sao-francisco.html#primaryimage\"},\"datePublished\":\"2018-08-26T23:09:29+00:00\",\"dateModified\":\"2019-10-30T12:57:11+00:00\",\"author\":{\"@id\":\"https:\/\/franciscanos.org.br\/noticias\/#\/schema\/person\/b38fbf43118f02820bd932f2e4b14ad3\"},\"breadcrumb\":{\"@id\":\"https:\/\/franciscanos.org.br\/noticias\/amarre-seu-cordao-no-cordao-de-sao-francisco.html#breadcrumb\"},\"inLanguage\":\"pt-BR\",\"potentialAction\":[{\"@type\":\"ReadAction\",\"target\":[\"https:\/\/franciscanos.org.br\/noticias\/amarre-seu-cordao-no-cordao-de-sao-francisco.html\"]}]},{\"@type\":\"BreadcrumbList\",\"@id\":\"https:\/\/franciscanos.org.br\/noticias\/amarre-seu-cordao-no-cordao-de-sao-francisco.html#breadcrumb\",\"itemListElement\":[{\"@type\":\"ListItem\",\"position\":1,\"name\":\"Home\",\"item\":\"https:\/\/franciscanos.org.br\/noticias\"},{\"@type\":\"ListItem\",\"position\":2,\"name\":\"In\u00edcio do minist\u00e9rio presbiteral de Frei Jos\u00e9 Raimundo\"}]},{\"@type\":\"Person\",\"@id\":\"https:\/\/franciscanos.org.br\/noticias\/#\/schema\/person\/b38fbf43118f02820bd932f2e4b14ad3\",\"name\":\"admin\",\"image\":{\"@type\":\"ImageObject\",\"inLanguage\":\"pt-BR\",\"@id\":\"https:\/\/franciscanos.org.br\/noticias\/#\/schema\/person\/image\/\",\"url\":\"https:\/\/secure.gravatar.com\/avatar\/e8495742d34d0ba6448ea1c628263b3e?s=96&d=mm&r=g\",\"contentUrl\":\"https:\/\/secure.gravatar.com\/avatar\/e8495742d34d0ba6448ea1c628263b3e?s=96&d=mm&r=g\",\"caption\":\"admin\"},\"url\":\"https:\/\/franciscanos.org.br\/noticias\/author\/admin\"}]}<\/script>\n<!-- \/ Yoast SEO plugin. -->","yoast_head_json":{"title":"In\u00edcio do minist\u00e9rio presbiteral de Frei Jos\u00e9 Raimundo - Not\u00edcias - Franciscanos","robots":{"index":"index","follow":"follow","max-snippet":"max-snippet:-1","max-image-preview":"max-image-preview:large","max-video-preview":"max-video-preview:-1"},"canonical":"https:\/\/franciscanos.org.br\/noticias\/amarre-seu-cordao-no-cordao-de-sao-francisco.html","og_locale":"pt_BR","og_type":"article","og_title":"In\u00edcio do minist\u00e9rio presbiteral de Frei Jos\u00e9 Raimundo - Not\u00edcias - Franciscanos","og_description":"Primeira Missa de Frei Jos\u00e9 Raimundo.","og_url":"https:\/\/franciscanos.org.br\/noticias\/amarre-seu-cordao-no-cordao-de-sao-francisco.html","og_site_name":"Not\u00edcias - Franciscanos","article_published_time":"2018-08-26T23:09:29+00:00","article_modified_time":"2019-10-30T12:57:11+00:00","og_image":[{"width":273,"height":181,"url":"https:\/\/franciscanos.org.br\/noticias\/wp-content\/uploads\/2018\/08\/missa_260818_4.jpg","type":"image\/jpeg"}],"author":"admin","twitter_card":"summary_large_image","twitter_misc":{"Escrito por":"admin","Est. tempo de leitura":"9 minutos"},"schema":{"@context":"https:\/\/schema.org","@graph":[{"@type":"WebSite","@id":"https:\/\/franciscanos.org.br\/noticias\/#website","url":"https:\/\/franciscanos.org.br\/noticias\/","name":"Not\u00edcias - Franciscanos","description":"Prov\u00edncia Franciscana da Imaculada Concei\u00e7\u00e3o do Brasil - Ordem dos Frades Menores - OFM","potentialAction":[{"@type":"SearchAction","target":{"@type":"EntryPoint","urlTemplate":"https:\/\/franciscanos.org.br\/noticias\/?s={search_term_string}"},"query-input":"required name=search_term_string"}],"inLanguage":"pt-BR"},{"@type":"ImageObject","inLanguage":"pt-BR","@id":"https:\/\/franciscanos.org.br\/noticias\/amarre-seu-cordao-no-cordao-de-sao-francisco.html#primaryimage","url":"https:\/\/franciscanos.org.br\/noticias\/wp-content\/uploads\/2018\/08\/missa_260818_4.jpg","contentUrl":"https:\/\/franciscanos.org.br\/noticias\/wp-content\/uploads\/2018\/08\/missa_260818_4.jpg","width":273,"height":181},{"@type":"WebPage","@id":"https:\/\/franciscanos.org.br\/noticias\/amarre-seu-cordao-no-cordao-de-sao-francisco.html#webpage","url":"https:\/\/franciscanos.org.br\/noticias\/amarre-seu-cordao-no-cordao-de-sao-francisco.html","name":"In\u00edcio do minist\u00e9rio presbiteral de Frei Jos\u00e9 Raimundo - Not\u00edcias - Franciscanos","isPartOf":{"@id":"https:\/\/franciscanos.org.br\/noticias\/#website"},"primaryImageOfPage":{"@id":"https:\/\/franciscanos.org.br\/noticias\/amarre-seu-cordao-no-cordao-de-sao-francisco.html#primaryimage"},"datePublished":"2018-08-26T23:09:29+00:00","dateModified":"2019-10-30T12:57:11+00:00","author":{"@id":"https:\/\/franciscanos.org.br\/noticias\/#\/schema\/person\/b38fbf43118f02820bd932f2e4b14ad3"},"breadcrumb":{"@id":"https:\/\/franciscanos.org.br\/noticias\/amarre-seu-cordao-no-cordao-de-sao-francisco.html#breadcrumb"},"inLanguage":"pt-BR","potentialAction":[{"@type":"ReadAction","target":["https:\/\/franciscanos.org.br\/noticias\/amarre-seu-cordao-no-cordao-de-sao-francisco.html"]}]},{"@type":"BreadcrumbList","@id":"https:\/\/franciscanos.org.br\/noticias\/amarre-seu-cordao-no-cordao-de-sao-francisco.html#breadcrumb","itemListElement":[{"@type":"ListItem","position":1,"name":"Home","item":"https:\/\/franciscanos.org.br\/noticias"},{"@type":"ListItem","position":2,"name":"In\u00edcio do minist\u00e9rio presbiteral de Frei Jos\u00e9 Raimundo"}]},{"@type":"Person","@id":"https:\/\/franciscanos.org.br\/noticias\/#\/schema\/person\/b38fbf43118f02820bd932f2e4b14ad3","name":"admin","image":{"@type":"ImageObject","inLanguage":"pt-BR","@id":"https:\/\/franciscanos.org.br\/noticias\/#\/schema\/person\/image\/","url":"https:\/\/secure.gravatar.com\/avatar\/e8495742d34d0ba6448ea1c628263b3e?s=96&d=mm&r=g","contentUrl":"https:\/\/secure.gravatar.com\/avatar\/e8495742d34d0ba6448ea1c628263b3e?s=96&d=mm&r=g","caption":"admin"},"url":"https:\/\/franciscanos.org.br\/noticias\/author\/admin"}]}},"_links":{"self":[{"href":"https:\/\/franciscanos.org.br\/noticias\/wp-json\/wp\/v2\/posts\/169957"}],"collection":[{"href":"https:\/\/franciscanos.org.br\/noticias\/wp-json\/wp\/v2\/posts"}],"about":[{"href":"https:\/\/franciscanos.org.br\/noticias\/wp-json\/wp\/v2\/types\/post"}],"author":[{"embeddable":true,"href":"https:\/\/franciscanos.org.br\/noticias\/wp-json\/wp\/v2\/users\/1"}],"replies":[{"embeddable":true,"href":"https:\/\/franciscanos.org.br\/noticias\/wp-json\/wp\/v2\/comments?post=169957"}],"version-history":[{"count":0,"href":"https:\/\/franciscanos.org.br\/noticias\/wp-json\/wp\/v2\/posts\/169957\/revisions"}],"wp:featuredmedia":[{"embeddable":true,"href":"https:\/\/franciscanos.org.br\/noticias\/wp-json\/wp\/v2\/media\/212901"}],"wp:attachment":[{"href":"https:\/\/franciscanos.org.br\/noticias\/wp-json\/wp\/v2\/media?parent=169957"}],"wp:term":[{"taxonomy":"category","embeddable":true,"href":"https:\/\/franciscanos.org.br\/noticias\/wp-json\/wp\/v2\/categories?post=169957"},{"taxonomy":"post_tag","embeddable":true,"href":"https:\/\/franciscanos.org.br\/noticias\/wp-json\/wp\/v2\/tags?post=169957"}],"curies":[{"name":"wp","href":"https:\/\/api.w.org\/{rel}","templated":true}]}}