{"id":169775,"date":"2018-08-24T11:14:19","date_gmt":"2018-08-24T14:14:19","guid":{"rendered":"http:\/\/franciscanos.org.br\/?p=169775"},"modified":"2019-07-03T13:54:59","modified_gmt":"2019-07-03T16:54:59","slug":"fontes-originarias-da-refrescante-agua-franciscana","status":"publish","type":"post","link":"https:\/\/franciscanos.org.br\/noticias\/fontes-originarias-da-refrescante-agua-franciscana.html","title":{"rendered":"Fontes origin\u00e1rias da refrescante \u00e1gua franciscana"},"content":{"rendered":"<p><img loading=\"lazy\" src=\"http:\/\/franciscanos.org.br\/wp-content\/uploads\/2018\/08\/livro_240818.jpg\" alt=\"livro_240818\" width=\"830\" height=\"355\" \/><\/p>\n<p>A Editora Vozes, neste \u00fanico livro, apresenta duas biografias de S\u00e3o Francisco de Assis, tamb\u00e9m conhecidas por &#8220;Vidas&#8221;, h\u00e1 muito tempo conhecidas. S\u00e3o duas biografias escritas pelo mesmo autor, Frei Tom\u00e1s de Celano. Ele, al\u00e9m de ser agraciado por ter conhecido pessoalmente a S\u00e3o Francisco, em duas ocasi\u00f5es distintas, procurou responder \u00e0 mesma pergunta: Quem foi S\u00e3o Francisco de Assis?<\/p>\n<p>Este livro \u00e9 extra\u00eddo das <em>Fontes Franciscanas e Clarianas<\/em>, editadas em 2004 pela Confer\u00eancia da Fam\u00edlia Franciscana do Brasil em coedi\u00e7\u00e3o com a Editora Vozes. Tem a apresenta\u00e7\u00e3o do Ministro Provincial, Frei Fid\u00eancio Vanboemmel, e a tradu\u00e7\u00e3o e introdu\u00e7\u00e3o de Frei Celso M\u00e1rcio Teixeira.<\/p>\n<p>Segundo Frei M\u00e1rcio, na primeira d\u00e9cada ap\u00f3s a morte do santo, a <em>Primeira Vida<\/em> aparece absoluta como ponto de refer\u00eancia para os hagi\u00f3grafos. &#8220;Em outras palavras, quem se dispusesse a escrever uma vida de S\u00e3o Francisco devia necessariamente ter diante dos olhos a obra de Tom\u00e1s de Celano&#8221;, diz Frei M\u00e1rcio.<\/p>\n<p>Tom\u00e1s de Celano dedicou-se com seriedade \u00e0 incumb\u00eancia de escrever a biografia de S\u00e3o Francisco. Antes de come\u00e7ar a escrever, p\u00f4s-se \u00e0 procura das fontes de sua obra, pois \u00e9 a partir das fontes que uma obra adquire credibilidade. Dentre estas fontes, ele recorda primeiramente aquilo que ele pr\u00f3prio ouvira de S\u00e3o Francisco. Tom\u00e1s conhecera Francisco pessoalmente, foi recebido na Ordem por ele e certamente por diversas ocasi\u00f5es deve ter-se encontrado e conversado com ele. O autor, portanto, \u00e9 testemunha presencial, e isto tem um peso enorme para a credibilidade de um autor.<\/p>\n<p>Mas Celano tamb\u00e9m recorreu ao testemunho de outros que conviveram mais longamente com Francisco, os quais ele qualifica como &#8220;testemunhas fi\u00e9is e comprovadas&#8221;. De fato, n\u00e3o consta que Tom\u00e1s fosse do grupo dos companheiros mais pr\u00f3ximos de Francisco. Por isso mesmo, a necessidade de colher testemunhos al\u00e9m da esfera de sua experi\u00eancia pessoal.<\/p>\n<p>Os destinat\u00e1rios da biografia n\u00e3o eram os frades, mas os fi\u00e9is em geral. Era necess\u00e1rio naquele momento hist\u00f3rico, povoado de heresias, de consteta\u00e7\u00e3o, de neglig\u00eancia eclesi\u00e1stica e de maus costumes do clero, apresentar um Francisco que soube ser modelo de fidelidade ao Evangelho e \u00e0 Igreja.<\/p>\n<p>Segundo Frei Fid\u00eancio, o profetismo de S\u00e3o Francisco ilumina o pontificado do Papa Francisco, que convida-nos a buscar novas &#8220;sa\u00eddas&#8221; aos grandes desafios da p\u00f3s-modernidade, sobretudo na forma de nos relacionarmos com Deus, com os irm\u00e3os e com a inteira Cria\u00e7\u00e3o. &#8220;Nesse sentido, nada melhor do que bebermos das Fontes origin\u00e1rias da refrescante \u00e1gua franciscana para revigorar o nosso \u00e2nimo prof\u00e9tico. Que estas duas biografias, ou Vidas, nos iluminem e nos encorajem a sermos profetas do presente para reconstruirmos a sonhada harmonia universal t\u00e3o bem amadurecida por Francisco de Assis no auge da sua vida espiritual: &#8220;Louvado sejas, meu Senhor, com todas as tuas criaturas&#8221;.<\/p>\n<blockquote><p>Editora Vozes<br \/>\n<a href=\"www.vozes.com.br\" target=\"_blank\" rel=\"noopener noreferrer\">www.vozes.com.br<\/a><br \/>\n<a href=\"mailto:vendas@vozes.com.br\" target=\"_blank\" rel=\"noopener noreferrer\">vendas@vozes.com.br<\/a><br \/>\nPre\u00e7o: R$ 45,00<\/p><\/blockquote>\n","protected":false},"excerpt":{"rendered":"<p>Lan\u00e7amento Editora Vozes<\/p>\n","protected":false},"author":1,"featured_media":207193,"comment_status":"open","ping_status":"open","sticky":false,"template":"","format":"standard","meta":[],"categories":[1],"tags":[238],"acf":[],"yoast_head":"<!-- This site is optimized with the Yoast SEO plugin v19.2 - https:\/\/yoast.com\/wordpress\/plugins\/seo\/ -->\n<title>Fontes origin\u00e1rias da refrescante \u00e1gua franciscana - Not\u00edcias - Franciscanos<\/title>\n<meta name=\"robots\" content=\"index, follow, max-snippet:-1, max-image-preview:large, max-video-preview:-1\" \/>\n<link rel=\"canonical\" href=\"https:\/\/franciscanos.org.br\/noticias\/fontes-originarias-da-refrescante-agua-franciscana.html\" \/>\n<meta property=\"og:locale\" content=\"pt_BR\" \/>\n<meta property=\"og:type\" content=\"article\" \/>\n<meta property=\"og:title\" content=\"Fontes origin\u00e1rias da refrescante \u00e1gua franciscana - Not\u00edcias - Franciscanos\" \/>\n<meta property=\"og:description\" content=\"Lan\u00e7amento Editora Vozes\" \/>\n<meta property=\"og:url\" content=\"https:\/\/franciscanos.org.br\/noticias\/fontes-originarias-da-refrescante-agua-franciscana.html\" \/>\n<meta property=\"og:site_name\" content=\"Not\u00edcias - Franciscanos\" \/>\n<meta property=\"article:published_time\" content=\"2018-08-24T14:14:19+00:00\" \/>\n<meta property=\"article:modified_time\" content=\"2019-07-03T16:54:59+00:00\" \/>\n<meta property=\"og:image\" content=\"https:\/\/franciscanos.org.br\/noticias\/wp-content\/uploads\/2018\/08\/francisco_03.jpg\" \/>\n\t<meta property=\"og:image:width\" content=\"273\" \/>\n\t<meta property=\"og:image:height\" content=\"181\" \/>\n\t<meta property=\"og:image:type\" content=\"image\/jpeg\" \/>\n<meta name=\"author\" content=\"admin\" \/>\n<meta name=\"twitter:card\" content=\"summary_large_image\" \/>\n<meta name=\"twitter:label1\" content=\"Escrito por\" \/>\n\t<meta name=\"twitter:data1\" content=\"admin\" \/>\n\t<meta name=\"twitter:label2\" content=\"Est. tempo de leitura\" \/>\n\t<meta name=\"twitter:data2\" content=\"3 minutos\" \/>\n<script type=\"application\/ld+json\" class=\"yoast-schema-graph\">{\"@context\":\"https:\/\/schema.org\",\"@graph\":[{\"@type\":\"WebSite\",\"@id\":\"https:\/\/franciscanos.org.br\/noticias\/#website\",\"url\":\"https:\/\/franciscanos.org.br\/noticias\/\",\"name\":\"Not\u00edcias - Franciscanos\",\"description\":\"Prov\u00edncia Franciscana da Imaculada Concei\u00e7\u00e3o do Brasil - Ordem dos Frades Menores - OFM\",\"potentialAction\":[{\"@type\":\"SearchAction\",\"target\":{\"@type\":\"EntryPoint\",\"urlTemplate\":\"https:\/\/franciscanos.org.br\/noticias\/?s={search_term_string}\"},\"query-input\":\"required name=search_term_string\"}],\"inLanguage\":\"pt-BR\"},{\"@type\":\"ImageObject\",\"inLanguage\":\"pt-BR\",\"@id\":\"https:\/\/franciscanos.org.br\/noticias\/fontes-originarias-da-refrescante-agua-franciscana.html#primaryimage\",\"url\":\"https:\/\/franciscanos.org.br\/noticias\/wp-content\/uploads\/2018\/08\/francisco_03.jpg\",\"contentUrl\":\"https:\/\/franciscanos.org.br\/noticias\/wp-content\/uploads\/2018\/08\/francisco_03.jpg\",\"width\":273,\"height\":181},{\"@type\":\"WebPage\",\"@id\":\"https:\/\/franciscanos.org.br\/noticias\/fontes-originarias-da-refrescante-agua-franciscana.html#webpage\",\"url\":\"https:\/\/franciscanos.org.br\/noticias\/fontes-originarias-da-refrescante-agua-franciscana.html\",\"name\":\"Fontes origin\u00e1rias da refrescante \u00e1gua franciscana - Not\u00edcias - Franciscanos\",\"isPartOf\":{\"@id\":\"https:\/\/franciscanos.org.br\/noticias\/#website\"},\"primaryImageOfPage\":{\"@id\":\"https:\/\/franciscanos.org.br\/noticias\/fontes-originarias-da-refrescante-agua-franciscana.html#primaryimage\"},\"datePublished\":\"2018-08-24T14:14:19+00:00\",\"dateModified\":\"2019-07-03T16:54:59+00:00\",\"author\":{\"@id\":\"https:\/\/franciscanos.org.br\/noticias\/#\/schema\/person\/b38fbf43118f02820bd932f2e4b14ad3\"},\"breadcrumb\":{\"@id\":\"https:\/\/franciscanos.org.br\/noticias\/fontes-originarias-da-refrescante-agua-franciscana.html#breadcrumb\"},\"inLanguage\":\"pt-BR\",\"potentialAction\":[{\"@type\":\"ReadAction\",\"target\":[\"https:\/\/franciscanos.org.br\/noticias\/fontes-originarias-da-refrescante-agua-franciscana.html\"]}]},{\"@type\":\"BreadcrumbList\",\"@id\":\"https:\/\/franciscanos.org.br\/noticias\/fontes-originarias-da-refrescante-agua-franciscana.html#breadcrumb\",\"itemListElement\":[{\"@type\":\"ListItem\",\"position\":1,\"name\":\"Home\",\"item\":\"https:\/\/franciscanos.org.br\/noticias\"},{\"@type\":\"ListItem\",\"position\":2,\"name\":\"Fontes origin\u00e1rias da refrescante \u00e1gua franciscana\"}]},{\"@type\":\"Person\",\"@id\":\"https:\/\/franciscanos.org.br\/noticias\/#\/schema\/person\/b38fbf43118f02820bd932f2e4b14ad3\",\"name\":\"admin\",\"image\":{\"@type\":\"ImageObject\",\"inLanguage\":\"pt-BR\",\"@id\":\"https:\/\/franciscanos.org.br\/noticias\/#\/schema\/person\/image\/\",\"url\":\"https:\/\/secure.gravatar.com\/avatar\/e8495742d34d0ba6448ea1c628263b3e?s=96&d=mm&r=g\",\"contentUrl\":\"https:\/\/secure.gravatar.com\/avatar\/e8495742d34d0ba6448ea1c628263b3e?s=96&d=mm&r=g\",\"caption\":\"admin\"},\"url\":\"https:\/\/franciscanos.org.br\/noticias\/author\/admin\"}]}<\/script>\n<!-- \/ Yoast SEO plugin. -->","yoast_head_json":{"title":"Fontes origin\u00e1rias da refrescante \u00e1gua franciscana - Not\u00edcias - Franciscanos","robots":{"index":"index","follow":"follow","max-snippet":"max-snippet:-1","max-image-preview":"max-image-preview:large","max-video-preview":"max-video-preview:-1"},"canonical":"https:\/\/franciscanos.org.br\/noticias\/fontes-originarias-da-refrescante-agua-franciscana.html","og_locale":"pt_BR","og_type":"article","og_title":"Fontes origin\u00e1rias da refrescante \u00e1gua franciscana - Not\u00edcias - Franciscanos","og_description":"Lan\u00e7amento Editora Vozes","og_url":"https:\/\/franciscanos.org.br\/noticias\/fontes-originarias-da-refrescante-agua-franciscana.html","og_site_name":"Not\u00edcias - Franciscanos","article_published_time":"2018-08-24T14:14:19+00:00","article_modified_time":"2019-07-03T16:54:59+00:00","og_image":[{"width":273,"height":181,"url":"https:\/\/franciscanos.org.br\/noticias\/wp-content\/uploads\/2018\/08\/francisco_03.jpg","type":"image\/jpeg"}],"author":"admin","twitter_card":"summary_large_image","twitter_misc":{"Escrito por":"admin","Est. tempo de leitura":"3 minutos"},"schema":{"@context":"https:\/\/schema.org","@graph":[{"@type":"WebSite","@id":"https:\/\/franciscanos.org.br\/noticias\/#website","url":"https:\/\/franciscanos.org.br\/noticias\/","name":"Not\u00edcias - Franciscanos","description":"Prov\u00edncia Franciscana da Imaculada Concei\u00e7\u00e3o do Brasil - Ordem dos Frades Menores - OFM","potentialAction":[{"@type":"SearchAction","target":{"@type":"EntryPoint","urlTemplate":"https:\/\/franciscanos.org.br\/noticias\/?s={search_term_string}"},"query-input":"required name=search_term_string"}],"inLanguage":"pt-BR"},{"@type":"ImageObject","inLanguage":"pt-BR","@id":"https:\/\/franciscanos.org.br\/noticias\/fontes-originarias-da-refrescante-agua-franciscana.html#primaryimage","url":"https:\/\/franciscanos.org.br\/noticias\/wp-content\/uploads\/2018\/08\/francisco_03.jpg","contentUrl":"https:\/\/franciscanos.org.br\/noticias\/wp-content\/uploads\/2018\/08\/francisco_03.jpg","width":273,"height":181},{"@type":"WebPage","@id":"https:\/\/franciscanos.org.br\/noticias\/fontes-originarias-da-refrescante-agua-franciscana.html#webpage","url":"https:\/\/franciscanos.org.br\/noticias\/fontes-originarias-da-refrescante-agua-franciscana.html","name":"Fontes origin\u00e1rias da refrescante \u00e1gua franciscana - Not\u00edcias - Franciscanos","isPartOf":{"@id":"https:\/\/franciscanos.org.br\/noticias\/#website"},"primaryImageOfPage":{"@id":"https:\/\/franciscanos.org.br\/noticias\/fontes-originarias-da-refrescante-agua-franciscana.html#primaryimage"},"datePublished":"2018-08-24T14:14:19+00:00","dateModified":"2019-07-03T16:54:59+00:00","author":{"@id":"https:\/\/franciscanos.org.br\/noticias\/#\/schema\/person\/b38fbf43118f02820bd932f2e4b14ad3"},"breadcrumb":{"@id":"https:\/\/franciscanos.org.br\/noticias\/fontes-originarias-da-refrescante-agua-franciscana.html#breadcrumb"},"inLanguage":"pt-BR","potentialAction":[{"@type":"ReadAction","target":["https:\/\/franciscanos.org.br\/noticias\/fontes-originarias-da-refrescante-agua-franciscana.html"]}]},{"@type":"BreadcrumbList","@id":"https:\/\/franciscanos.org.br\/noticias\/fontes-originarias-da-refrescante-agua-franciscana.html#breadcrumb","itemListElement":[{"@type":"ListItem","position":1,"name":"Home","item":"https:\/\/franciscanos.org.br\/noticias"},{"@type":"ListItem","position":2,"name":"Fontes origin\u00e1rias da refrescante \u00e1gua franciscana"}]},{"@type":"Person","@id":"https:\/\/franciscanos.org.br\/noticias\/#\/schema\/person\/b38fbf43118f02820bd932f2e4b14ad3","name":"admin","image":{"@type":"ImageObject","inLanguage":"pt-BR","@id":"https:\/\/franciscanos.org.br\/noticias\/#\/schema\/person\/image\/","url":"https:\/\/secure.gravatar.com\/avatar\/e8495742d34d0ba6448ea1c628263b3e?s=96&d=mm&r=g","contentUrl":"https:\/\/secure.gravatar.com\/avatar\/e8495742d34d0ba6448ea1c628263b3e?s=96&d=mm&r=g","caption":"admin"},"url":"https:\/\/franciscanos.org.br\/noticias\/author\/admin"}]}},"_links":{"self":[{"href":"https:\/\/franciscanos.org.br\/noticias\/wp-json\/wp\/v2\/posts\/169775"}],"collection":[{"href":"https:\/\/franciscanos.org.br\/noticias\/wp-json\/wp\/v2\/posts"}],"about":[{"href":"https:\/\/franciscanos.org.br\/noticias\/wp-json\/wp\/v2\/types\/post"}],"author":[{"embeddable":true,"href":"https:\/\/franciscanos.org.br\/noticias\/wp-json\/wp\/v2\/users\/1"}],"replies":[{"embeddable":true,"href":"https:\/\/franciscanos.org.br\/noticias\/wp-json\/wp\/v2\/comments?post=169775"}],"version-history":[{"count":0,"href":"https:\/\/franciscanos.org.br\/noticias\/wp-json\/wp\/v2\/posts\/169775\/revisions"}],"wp:featuredmedia":[{"embeddable":true,"href":"https:\/\/franciscanos.org.br\/noticias\/wp-json\/wp\/v2\/media\/207193"}],"wp:attachment":[{"href":"https:\/\/franciscanos.org.br\/noticias\/wp-json\/wp\/v2\/media?parent=169775"}],"wp:term":[{"taxonomy":"category","embeddable":true,"href":"https:\/\/franciscanos.org.br\/noticias\/wp-json\/wp\/v2\/categories?post=169775"},{"taxonomy":"post_tag","embeddable":true,"href":"https:\/\/franciscanos.org.br\/noticias\/wp-json\/wp\/v2\/tags?post=169775"}],"curies":[{"name":"wp","href":"https:\/\/api.w.org\/{rel}","templated":true}]}}