{"id":169663,"date":"2018-08-24T08:48:37","date_gmt":"2018-08-24T11:48:37","guid":{"rendered":"http:\/\/franciscanos.org.br\/?p=169663"},"modified":"2020-06-07T07:59:08","modified_gmt":"2020-06-07T10:59:08","slug":"a-medida-para-amar-a-deus-e-ama-lo-sem-medida","status":"publish","type":"post","link":"https:\/\/franciscanos.org.br\/noticias\/a-medida-para-amar-a-deus-e-ama-lo-sem-medida.html","title":{"rendered":"A medida para amar a Deus \u00e9 am\u00e1-Lo sem medida"},"content":{"rendered":"<p><strong>Bauru (SP)<\/strong> &#8211; \u201cFrei Jos\u00e9, como nos diz Santa Clara \u2013 Padroeira de sua Par\u00f3quia \u2013 nunca perca o ponto de partida&#8230; Olhe sempre para o seu chamado, o in\u00edcio de sua voca\u00e7\u00e3o franciscana\u201d. Ontem, 23 de agosto, na Par\u00f3quia Santa Clara de Assis de Bauru (SP), celebramos o segundo dia do tr\u00edduo em prepara\u00e7\u00e3o a ordena\u00e7\u00e3o presbiteral do Frei Jose Raimundo de Souza. \u201cA voca\u00e7\u00e3o religiosa franciscana\u201d foi o tema da Celebra\u00e7\u00e3o Eucar\u00edstica presidida por Frei Alan Maia de Fran\u00e7a Victor, confrade de turma do Frei Jos\u00e9. Irm\u00e3os e irm\u00e3s da OFS (Ordem Franciscana Secular), duas irm\u00e3s franciscanas (uma das irm\u00e3s Franciscanas do Amparo e outra das irm\u00e3s franciscanas de Ingolstadt), frades da Prov\u00edncia, aspirantes \u00e0 vida religiosa franciscana, os mission\u00e1rios e o povo de Deus das duas par\u00f3quias franciscanas de Bauru, celebraram com alegria o dom da voca\u00e7\u00e3o \u00e0 vida religiosa franciscana de Frei Jose Raimundo.<\/p>\n<p>A voca\u00e7\u00e3o religiosa franciscana, segundo o exemplo de S\u00e3o Francisco de Assis, \u00e9 seguir Cristo pobre e crucificado. Nesta voca\u00e7\u00e3o, o religioso franciscano (a) segue Jesus sem ter nada de pr\u00f3prio, conforme seu modo de vida. \u00c9, de acordo com o evangelista Mateus, deixarmos tudo por causa de Cristo. Toda voca\u00e7\u00e3o, matrimonial ou religiosa, tem preocupa\u00e7\u00f5es e tamb\u00e9m exig\u00eancias pr\u00f3prias que devem ser observadas com fidelidade.<\/p>\n<p><img loading=\"lazy\" class=\"alignright wp-image-169678 \" src=\"http:\/\/franciscanos.org.br\/wp-content\/uploads\/2018\/08\/jose_240818_2.jpg\" alt=\"jose_240818_2\" width=\"313\" height=\"394\" \/>O presb\u00edtero franciscano deve ter sempre em mente que, antes de ser ministro ordenado, sua primeira voca\u00e7\u00e3o \u00e9 ser frade menor. Assim, Frei Jos\u00e9 Raimundo, quando abra\u00e7ar o minist\u00e9rio ordenado, nunca dever\u00e1 perder de vista seu ponto e partida, ou seja, dever\u00e1 viver seu minist\u00e9rio observando Cristo pobre e crucificado, colocando-se a servi\u00e7o dos mais humildes e necessitados. O minist\u00e9rio do presb\u00edtero franciscano n\u00e3o \u00e9 autopromo\u00e7\u00e3o. \u00c9, antes de tudo, servi\u00e7o, amor a Jesus Cristo pobre e crucificado sem medida, como diz S\u00e3o Bernardo: <em>A medida para amar Deus \u00e9 am\u00e1-Lo sem medida<\/em>, ressaltou Frei Alan em sua homilia.<\/p>\n<p>Logo ap\u00f3s a homilia, Frei Jos\u00e9 Raimundo renovou seus votos religiosos na vida franciscana como frade menor, assumiu publicamente, de livre vontade, os compromissos do minist\u00e9rio presbiteral de forma definitiva e perp\u00e9tua. Ao final da Missa, rezou de joelhos a ora\u00e7\u00e3o de S\u00e3o Francisco de Assis diante de Cristo crucificado, pedindo a luz de Deus e uma f\u00e9 firme.<\/p>\n<p>Ap\u00f3s a Missa, em clima de confraterniza\u00e7\u00e3o e alegria, os mission\u00e1rios e mission\u00e1rias, os frades, as irm\u00e3s e aspirantes franciscanos partilharam seu segundo dia de miss\u00e3o nas comunidades paroquiais.<\/p>\n<p>Frei Jos\u00e9 Raimundo de Souza ser\u00e1 ordenado presb\u00edtero por Dom Caetano Ferrari, bispo em\u00e9rito da Diocese de Bauru, neste s\u00e1bado, dia 25 de agosto, \u00e0s 19 horas, na Par\u00f3quia Santo Ant\u00f4nio, no Jardim Bela Vista, em Bauru. No dia seguinte, domingo, \u00e0s 9h30, celebra a sua Primeira Missa na Par\u00f3quia Santa Clara de Assis, na Vila Industrial II.<\/p>\n<hr \/>\n<p><strong>Frei Camilo Martins e Pascom Par\u00f3quia Santa Clara\u00a0<\/strong><\/p>\n","protected":false},"excerpt":{"rendered":"<p>Tr\u00edduo preparat\u00f3rio para ordena\u00e7\u00e3o presbiteral de Frei Jos\u00e9 Raimundo<\/p>\n","protected":false},"author":1,"featured_media":207195,"comment_status":"open","ping_status":"open","sticky":false,"template":"","format":"standard","meta":[],"categories":[1],"tags":[157],"acf":[],"yoast_head":"<!-- This site is optimized with the Yoast SEO plugin v19.2 - https:\/\/yoast.com\/wordpress\/plugins\/seo\/ -->\n<title>A medida para amar a Deus \u00e9 am\u00e1-Lo sem medida - Not\u00edcias - Franciscanos<\/title>\n<meta name=\"robots\" content=\"index, follow, max-snippet:-1, max-image-preview:large, max-video-preview:-1\" \/>\n<link rel=\"canonical\" href=\"https:\/\/franciscanos.org.br\/noticias\/a-medida-para-amar-a-deus-e-ama-lo-sem-medida.html\" \/>\n<meta property=\"og:locale\" content=\"pt_BR\" \/>\n<meta property=\"og:type\" content=\"article\" \/>\n<meta property=\"og:title\" content=\"A medida para amar a Deus \u00e9 am\u00e1-Lo sem medida - Not\u00edcias - Franciscanos\" \/>\n<meta property=\"og:description\" content=\"Tr\u00edduo preparat\u00f3rio para ordena\u00e7\u00e3o presbiteral de Frei Jos\u00e9 Raimundo\" \/>\n<meta property=\"og:url\" content=\"https:\/\/franciscanos.org.br\/noticias\/a-medida-para-amar-a-deus-e-ama-lo-sem-medida.html\" \/>\n<meta property=\"og:site_name\" content=\"Not\u00edcias - Franciscanos\" \/>\n<meta property=\"article:published_time\" content=\"2018-08-24T11:48:37+00:00\" \/>\n<meta property=\"article:modified_time\" content=\"2020-06-07T10:59:08+00:00\" \/>\n<meta property=\"og:image\" content=\"https:\/\/franciscanos.org.br\/noticias\/wp-content\/uploads\/2018\/08\/jose_240818_2.jpg\" \/>\n\t<meta property=\"og:image:width\" content=\"273\" \/>\n\t<meta property=\"og:image:height\" content=\"181\" \/>\n\t<meta property=\"og:image:type\" content=\"image\/jpeg\" \/>\n<meta name=\"author\" content=\"admin\" \/>\n<meta name=\"twitter:card\" content=\"summary_large_image\" \/>\n<meta name=\"twitter:label1\" content=\"Escrito por\" \/>\n\t<meta name=\"twitter:data1\" content=\"admin\" \/>\n\t<meta name=\"twitter:label2\" content=\"Est. tempo de leitura\" \/>\n\t<meta name=\"twitter:data2\" content=\"3 minutos\" \/>\n<script type=\"application\/ld+json\" class=\"yoast-schema-graph\">{\"@context\":\"https:\/\/schema.org\",\"@graph\":[{\"@type\":\"WebSite\",\"@id\":\"https:\/\/franciscanos.org.br\/noticias\/#website\",\"url\":\"https:\/\/franciscanos.org.br\/noticias\/\",\"name\":\"Not\u00edcias - Franciscanos\",\"description\":\"Prov\u00edncia Franciscana da Imaculada Concei\u00e7\u00e3o do Brasil - Ordem dos Frades Menores - OFM\",\"potentialAction\":[{\"@type\":\"SearchAction\",\"target\":{\"@type\":\"EntryPoint\",\"urlTemplate\":\"https:\/\/franciscanos.org.br\/noticias\/?s={search_term_string}\"},\"query-input\":\"required name=search_term_string\"}],\"inLanguage\":\"pt-BR\"},{\"@type\":\"ImageObject\",\"inLanguage\":\"pt-BR\",\"@id\":\"https:\/\/franciscanos.org.br\/noticias\/a-medida-para-amar-a-deus-e-ama-lo-sem-medida.html#primaryimage\",\"url\":\"https:\/\/franciscanos.org.br\/noticias\/wp-content\/uploads\/2018\/08\/jose_240818_2.jpg\",\"contentUrl\":\"https:\/\/franciscanos.org.br\/noticias\/wp-content\/uploads\/2018\/08\/jose_240818_2.jpg\",\"width\":273,\"height\":181},{\"@type\":\"WebPage\",\"@id\":\"https:\/\/franciscanos.org.br\/noticias\/a-medida-para-amar-a-deus-e-ama-lo-sem-medida.html#webpage\",\"url\":\"https:\/\/franciscanos.org.br\/noticias\/a-medida-para-amar-a-deus-e-ama-lo-sem-medida.html\",\"name\":\"A medida para amar a Deus \u00e9 am\u00e1-Lo sem medida - Not\u00edcias - Franciscanos\",\"isPartOf\":{\"@id\":\"https:\/\/franciscanos.org.br\/noticias\/#website\"},\"primaryImageOfPage\":{\"@id\":\"https:\/\/franciscanos.org.br\/noticias\/a-medida-para-amar-a-deus-e-ama-lo-sem-medida.html#primaryimage\"},\"datePublished\":\"2018-08-24T11:48:37+00:00\",\"dateModified\":\"2020-06-07T10:59:08+00:00\",\"author\":{\"@id\":\"https:\/\/franciscanos.org.br\/noticias\/#\/schema\/person\/b38fbf43118f02820bd932f2e4b14ad3\"},\"breadcrumb\":{\"@id\":\"https:\/\/franciscanos.org.br\/noticias\/a-medida-para-amar-a-deus-e-ama-lo-sem-medida.html#breadcrumb\"},\"inLanguage\":\"pt-BR\",\"potentialAction\":[{\"@type\":\"ReadAction\",\"target\":[\"https:\/\/franciscanos.org.br\/noticias\/a-medida-para-amar-a-deus-e-ama-lo-sem-medida.html\"]}]},{\"@type\":\"BreadcrumbList\",\"@id\":\"https:\/\/franciscanos.org.br\/noticias\/a-medida-para-amar-a-deus-e-ama-lo-sem-medida.html#breadcrumb\",\"itemListElement\":[{\"@type\":\"ListItem\",\"position\":1,\"name\":\"Home\",\"item\":\"https:\/\/franciscanos.org.br\/noticias\"},{\"@type\":\"ListItem\",\"position\":2,\"name\":\"A medida para amar a Deus \u00e9 am\u00e1-Lo sem medida\"}]},{\"@type\":\"Person\",\"@id\":\"https:\/\/franciscanos.org.br\/noticias\/#\/schema\/person\/b38fbf43118f02820bd932f2e4b14ad3\",\"name\":\"admin\",\"image\":{\"@type\":\"ImageObject\",\"inLanguage\":\"pt-BR\",\"@id\":\"https:\/\/franciscanos.org.br\/noticias\/#\/schema\/person\/image\/\",\"url\":\"https:\/\/secure.gravatar.com\/avatar\/e8495742d34d0ba6448ea1c628263b3e?s=96&d=mm&r=g\",\"contentUrl\":\"https:\/\/secure.gravatar.com\/avatar\/e8495742d34d0ba6448ea1c628263b3e?s=96&d=mm&r=g\",\"caption\":\"admin\"},\"url\":\"https:\/\/franciscanos.org.br\/noticias\/author\/admin\"}]}<\/script>\n<!-- \/ Yoast SEO plugin. -->","yoast_head_json":{"title":"A medida para amar a Deus \u00e9 am\u00e1-Lo sem medida - Not\u00edcias - Franciscanos","robots":{"index":"index","follow":"follow","max-snippet":"max-snippet:-1","max-image-preview":"max-image-preview:large","max-video-preview":"max-video-preview:-1"},"canonical":"https:\/\/franciscanos.org.br\/noticias\/a-medida-para-amar-a-deus-e-ama-lo-sem-medida.html","og_locale":"pt_BR","og_type":"article","og_title":"A medida para amar a Deus \u00e9 am\u00e1-Lo sem medida - Not\u00edcias - Franciscanos","og_description":"Tr\u00edduo preparat\u00f3rio para ordena\u00e7\u00e3o presbiteral de Frei Jos\u00e9 Raimundo","og_url":"https:\/\/franciscanos.org.br\/noticias\/a-medida-para-amar-a-deus-e-ama-lo-sem-medida.html","og_site_name":"Not\u00edcias - Franciscanos","article_published_time":"2018-08-24T11:48:37+00:00","article_modified_time":"2020-06-07T10:59:08+00:00","og_image":[{"width":273,"height":181,"url":"https:\/\/franciscanos.org.br\/noticias\/wp-content\/uploads\/2018\/08\/jose_240818_2.jpg","type":"image\/jpeg"}],"author":"admin","twitter_card":"summary_large_image","twitter_misc":{"Escrito por":"admin","Est. tempo de leitura":"3 minutos"},"schema":{"@context":"https:\/\/schema.org","@graph":[{"@type":"WebSite","@id":"https:\/\/franciscanos.org.br\/noticias\/#website","url":"https:\/\/franciscanos.org.br\/noticias\/","name":"Not\u00edcias - Franciscanos","description":"Prov\u00edncia Franciscana da Imaculada Concei\u00e7\u00e3o do Brasil - Ordem dos Frades Menores - OFM","potentialAction":[{"@type":"SearchAction","target":{"@type":"EntryPoint","urlTemplate":"https:\/\/franciscanos.org.br\/noticias\/?s={search_term_string}"},"query-input":"required name=search_term_string"}],"inLanguage":"pt-BR"},{"@type":"ImageObject","inLanguage":"pt-BR","@id":"https:\/\/franciscanos.org.br\/noticias\/a-medida-para-amar-a-deus-e-ama-lo-sem-medida.html#primaryimage","url":"https:\/\/franciscanos.org.br\/noticias\/wp-content\/uploads\/2018\/08\/jose_240818_2.jpg","contentUrl":"https:\/\/franciscanos.org.br\/noticias\/wp-content\/uploads\/2018\/08\/jose_240818_2.jpg","width":273,"height":181},{"@type":"WebPage","@id":"https:\/\/franciscanos.org.br\/noticias\/a-medida-para-amar-a-deus-e-ama-lo-sem-medida.html#webpage","url":"https:\/\/franciscanos.org.br\/noticias\/a-medida-para-amar-a-deus-e-ama-lo-sem-medida.html","name":"A medida para amar a Deus \u00e9 am\u00e1-Lo sem medida - Not\u00edcias - Franciscanos","isPartOf":{"@id":"https:\/\/franciscanos.org.br\/noticias\/#website"},"primaryImageOfPage":{"@id":"https:\/\/franciscanos.org.br\/noticias\/a-medida-para-amar-a-deus-e-ama-lo-sem-medida.html#primaryimage"},"datePublished":"2018-08-24T11:48:37+00:00","dateModified":"2020-06-07T10:59:08+00:00","author":{"@id":"https:\/\/franciscanos.org.br\/noticias\/#\/schema\/person\/b38fbf43118f02820bd932f2e4b14ad3"},"breadcrumb":{"@id":"https:\/\/franciscanos.org.br\/noticias\/a-medida-para-amar-a-deus-e-ama-lo-sem-medida.html#breadcrumb"},"inLanguage":"pt-BR","potentialAction":[{"@type":"ReadAction","target":["https:\/\/franciscanos.org.br\/noticias\/a-medida-para-amar-a-deus-e-ama-lo-sem-medida.html"]}]},{"@type":"BreadcrumbList","@id":"https:\/\/franciscanos.org.br\/noticias\/a-medida-para-amar-a-deus-e-ama-lo-sem-medida.html#breadcrumb","itemListElement":[{"@type":"ListItem","position":1,"name":"Home","item":"https:\/\/franciscanos.org.br\/noticias"},{"@type":"ListItem","position":2,"name":"A medida para amar a Deus \u00e9 am\u00e1-Lo sem medida"}]},{"@type":"Person","@id":"https:\/\/franciscanos.org.br\/noticias\/#\/schema\/person\/b38fbf43118f02820bd932f2e4b14ad3","name":"admin","image":{"@type":"ImageObject","inLanguage":"pt-BR","@id":"https:\/\/franciscanos.org.br\/noticias\/#\/schema\/person\/image\/","url":"https:\/\/secure.gravatar.com\/avatar\/e8495742d34d0ba6448ea1c628263b3e?s=96&d=mm&r=g","contentUrl":"https:\/\/secure.gravatar.com\/avatar\/e8495742d34d0ba6448ea1c628263b3e?s=96&d=mm&r=g","caption":"admin"},"url":"https:\/\/franciscanos.org.br\/noticias\/author\/admin"}]}},"_links":{"self":[{"href":"https:\/\/franciscanos.org.br\/noticias\/wp-json\/wp\/v2\/posts\/169663"}],"collection":[{"href":"https:\/\/franciscanos.org.br\/noticias\/wp-json\/wp\/v2\/posts"}],"about":[{"href":"https:\/\/franciscanos.org.br\/noticias\/wp-json\/wp\/v2\/types\/post"}],"author":[{"embeddable":true,"href":"https:\/\/franciscanos.org.br\/noticias\/wp-json\/wp\/v2\/users\/1"}],"replies":[{"embeddable":true,"href":"https:\/\/franciscanos.org.br\/noticias\/wp-json\/wp\/v2\/comments?post=169663"}],"version-history":[{"count":2,"href":"https:\/\/franciscanos.org.br\/noticias\/wp-json\/wp\/v2\/posts\/169663\/revisions"}],"predecessor-version":[{"id":224865,"href":"https:\/\/franciscanos.org.br\/noticias\/wp-json\/wp\/v2\/posts\/169663\/revisions\/224865"}],"wp:featuredmedia":[{"embeddable":true,"href":"https:\/\/franciscanos.org.br\/noticias\/wp-json\/wp\/v2\/media\/207195"}],"wp:attachment":[{"href":"https:\/\/franciscanos.org.br\/noticias\/wp-json\/wp\/v2\/media?parent=169663"}],"wp:term":[{"taxonomy":"category","embeddable":true,"href":"https:\/\/franciscanos.org.br\/noticias\/wp-json\/wp\/v2\/categories?post=169663"},{"taxonomy":"post_tag","embeddable":true,"href":"https:\/\/franciscanos.org.br\/noticias\/wp-json\/wp\/v2\/tags?post=169663"}],"curies":[{"name":"wp","href":"https:\/\/api.w.org\/{rel}","templated":true}]}}