{"id":169641,"date":"2018-08-23T17:06:42","date_gmt":"2018-08-23T20:06:42","guid":{"rendered":"http:\/\/franciscanos.org.br\/?p=169641"},"modified":"2019-01-02T12:56:52","modified_gmt":"2019-01-02T14:56:52","slug":"financiamento-estudantil-acreditacao-e-avaliacao-do-ensino-superior","status":"publish","type":"post","link":"https:\/\/franciscanos.org.br\/noticias\/financiamento-estudantil-acreditacao-e-avaliacao-do-ensino-superior.html","title":{"rendered":"Financiamento estudantil, acredita\u00e7\u00e3o e avalia\u00e7\u00e3o do Ensino Superior"},"content":{"rendered":"<p><img loading=\"lazy\" src=\"http:\/\/franciscanos.org.br\/wp-content\/uploads\/2018\/08\/escolas_230818.jpg\" alt=\"escolas_230818\" width=\"830\" height=\"438\" \/><\/p>\n<p>Mais de cem pessoas, de 45 Institui\u00e7\u00f5es de Ensino Superior (IES), estiveram reunidas durante os dias 16 e 17 de agosto, em Curitiba (PR), para o 8.\u00ba F\u00f3rum Nacional das IES Cat\u00f3licas da Associa\u00e7\u00e3o Nacional de Educa\u00e7\u00e3o Cat\u00f3lica do Brasil (Anec). O evento teve, como seus principais organizadores, James Pinheiro na fun\u00e7\u00e3o de Gerente da C\u00e2mara de Ensino Superior da Anec, o Prof. Me. Marco Ant\u00f4nio Pedroso e o Prof. Doutorando Frei Claudino Gilz pela FAE Centro Universit\u00e1rio. Essa institui\u00e7\u00e3o veio a sediar tal F\u00f3rum, que ressaltou a import\u00e2ncia de os esfor\u00e7os e as parcerias em rede serem cada vez mais selados entre as institui\u00e7\u00f5es participantes.<\/p>\n<p>No primeiro dia do 8.\u00ba F\u00f3rum Nacional das IES Cat\u00f3licas, o p\u00fablico teve a oportunidade de refletir sobre o humanismo solid\u00e1rio na educa\u00e7\u00e3o, em palestra magna conduzida pelo reitor da Universidade S\u00e3o Francisco (USF), Frei Gilberto Garcia. Outros temas abordados na programa\u00e7\u00e3o de abertura do encontro foram o financiamento estudantil e a avalia\u00e7\u00e3o do Ensino Superior.<\/p>\n<p>Na ocasi\u00e3o, estiveram presentes membros do Banco Santander, que apresentaram todas as vertentes do programa Santander Universidades, al\u00e9m de um panorama sobre a base de alunos em situa\u00e7\u00e3o de gradua\u00e7\u00e3o. Ainda sobre o tema, Lu\u00eds S\u00f6the, da FAE, compartilhou com as IES presentes o <em>case <\/em>de parcelamento diferenciado pr\u00f3prio, lan\u00e7ado pela Institui\u00e7\u00e3o h\u00e1 pouco mais de um ano, o Acreditar.<\/p>\n<p>Para falar mais sobre a avali\u00e7\u00e3o do Ensino Superior, o F\u00f3rum reuniu profissionais da FAE, das PUC Paran\u00e1 e Minas, al\u00e9m da representante do Instituto Nacional de Estudos e Pesquisas Educacionais An\u00edsio Teixeira (Inep), Cintia Mari\u00e2ngela Abr\u00e3o. Na ocasi\u00e3o, ela fez quest\u00e3o de destacar a educa\u00e7\u00e3o como um bem social com relevantes contribui\u00e7\u00f5es em benef\u00edcio principalmente dos menos favorecidos. Para complementar os apontamentos de Mari\u00e2ngela, Naiara Johnsson, da FAE; Jane Barroso, da PUC Minas; e Suzana Gianotti, da Anec, compartilharam as pr\u00e1ticas que v\u00eam adotando nas Comiss\u00f5es Pr\u00f3prias de Avalia\u00e7\u00e3o (CPAs) das suas institui\u00e7\u00f5es.<\/p>\n<p><img loading=\"lazy\" src=\"http:\/\/franciscanos.org.br\/wp-content\/uploads\/2018\/08\/escolas_230818_2.jpg\" alt=\"escolas_230818_2\" width=\"830\" height=\"409\" \/><\/p>\n<p><strong>Acredita\u00e7\u00e3o<\/strong><\/p>\n<p>Com a expans\u00e3o do Ensino Superior nas \u00faltimas d\u00e9cadas, surgiu a necessidade de desenvolver processos avaliativos que assegurem a qualidade das IES e do n\u00edvel de conhecimento dos estudantes. Nesse contexto, os debates durante o segundo dia do abordaram pr\u00e1ticas nacionais e internacionais de Acredita\u00e7\u00e3o, sistema que valida formalmente a qualidade dos cursos de gradua\u00e7\u00e3o. Para somar e ampliar conhecimento em rela\u00e7\u00e3o ao tema, foram abordadas pr\u00e1ticas da Arco-Sul, dos Estados Unidos, por meio da CFA Institute, e do Chile, com a palestra de Fernanda Vald\u00eas, da PUC daquele pa\u00eds.<\/p>\n<p>Para conquistar a Acredita\u00e7\u00e3o, \u00e9 necess\u00e1rio que as Institui\u00e7\u00f5es preencham alguns requisitos bem como, obrigatoriamente, fa\u00e7am uma autoavalia\u00e7\u00e3o envolvendo toda a comunidade acad\u00eamica. Essa autoavalia\u00e7\u00e3o, inclusive, foi citada de maneira un\u00e2nime como um ponto de grande aprendizado, pois \u00e9 um per\u00edodo no qual \u00e9 poss\u00edvel identificar oportunidades de melhorias. Nesse processo, que antecede a formaliza\u00e7\u00e3o da Acredita\u00e7\u00e3o, j\u00e1 \u00e9 poss\u00edvel obter ganhos expressivos para as institui\u00e7\u00f5es, contemplando a comunidade interna e externa.<\/p>\n<p><strong>Humaniza\u00e7\u00e3o das institui\u00e7\u00f5es de ensino<\/strong><\/p>\n<p>A programa\u00e7\u00e3o final do encontro tamb\u00e9m abordou o humanismo solid\u00e1rio e o futuro das IES cat\u00f3licas por meio de atividades conduzidas pelo pr\u00f3-reitor de Ensino, Pesquisa e Extens\u00e3o da FAE Centro Universit\u00e1rio, <strong>Everton Drohomeretski<\/strong>, e pelo professor da Universidade Cat\u00f3lica Dom Bosco (UCDB), <strong>Hemerson Pistori<\/strong>.<\/p>\n<p>Para abrir o tema, Drohomeretski usou modelos do papa Francisco, que trazem para o centro da educa\u00e7\u00e3o a solidariedade, o humanismo, a globaliza\u00e7\u00e3o, o di\u00e1logo e a verdadeira inclus\u00e3o. De acordo com o professor, essas premissas s\u00e3o essenciais para que se desenvolva uma cultura humanizada, que \u00e9 feita por pessoas e que, de maneira nenhuma, pode ser substitu\u00edda por tecnologia. Esses s\u00e3o pontos a serem considerados por todas as IES, mas principalmente pelas institui\u00e7\u00f5es cat\u00f3licas, que t\u00eam o lado social e humanit\u00e1rio em seu DNA.<\/p>\n<p><img loading=\"lazy\" src=\"http:\/\/franciscanos.org.br\/wp-content\/uploads\/2018\/08\/escolas_230818_1.jpg\" alt=\"escolas_230818_1\" width=\"830\" height=\"488\" \/><\/p>\n<p>Para concluir, Pistori destacou a import\u00e2ncia da uni\u00e3o das institui\u00e7\u00f5es cat\u00f3licas, principalmente pelo potencial humanit\u00e1rio destacado pelo pr\u00f3-reitor da FAE. Segundo o professor da UCDB, esse \u00e9 um momento que convida todos a fazer a diferen\u00e7a. \u201cA humaniza\u00e7\u00e3o, em rede, auxiliar\u00e1 a gest\u00e3o e o planejamento de todas as a\u00e7\u00f5es das institui\u00e7\u00f5es. Tem muita coisa que precisamos fazer, que precisamos aprender a fazer. Se conseguirmos nos unir, unir nossos conhecimentos, se pensarmos em conjunto, chegaremos \u00e0s melhores conclus\u00f5es, aos melhores formatos, quebraremos barreiras e nos conheceremos cada vez melhor\u201d, concluiu UCDB.<\/p>\n<p><strong>Fraternidade e educa\u00e7\u00e3o confessional<\/strong><\/p>\n<p>O F\u00f3rum da Anec tamb\u00e9m serviu como momento de partilha espiritual e reflex\u00f5es sobre a educa\u00e7\u00e3o confessional. Para isso, a programa\u00e7\u00e3o do evento contou com a participa\u00e7\u00e3o do arcebispo de Curitiba, <strong>Dom Jos\u00e9 Ant\u00f4nio Peruzzo<\/strong>, que presidiu a missa de abertura do evento, enunciando uma mensagem de f\u00e9 e incentivo aos representantes das IES Cat\u00f3licas presentes. O Grupo Educacional Bom Jesus e a FAE, institui\u00e7\u00e3o anfitri\u00e3 do evento, foram representados na solenidade de abertura do encontro pelo presidente do Grupo, <strong>Frei Jo\u00e3o Mannes<\/strong>, e pelo diretor-geral do Grupo e reitor da FAE, <strong>Jorge Ap\u00f3stolos Siarcos<\/strong>.<\/p>\n<p>Segundo o diretor do <em>campus<\/em> Curitiba da FAE Centro Universit\u00e1rio, <strong>Marco Ant\u00f4nio Pedroso<\/strong>, sediar o evento da Anec foi uma oportunidade de compartilhar com o p\u00fablico a experi\u00eancia da Institui\u00e7\u00e3o com novos mecanismos para garantir a acessibilidade \u00e0 educa\u00e7\u00e3o superior e sistemas que promovam a evolu\u00e7\u00e3o e a manuten\u00e7\u00e3o da qualidade e da excel\u00eancia de ensino. \u201cO momento foi oportuno para certificar de que a FAE, com suas estrat\u00e9gias para a humaniza\u00e7\u00e3o solid\u00e1ria, torna-se refer\u00eancia em temas, como o ensino transversal, a atua\u00e7\u00e3o da CPA e a gest\u00e3o educacional\u201d, conclui.<\/p>\n<p><strong>Juliano Franco Zemuner<\/strong><\/p>\n<p>&nbsp;<\/p>\n","protected":false},"excerpt":{"rendered":"<p>ANEC<\/p>\n","protected":false},"author":1,"featured_media":193461,"comment_status":"open","ping_status":"open","sticky":false,"template":"","format":"standard","meta":[],"categories":[1],"tags":[548],"acf":[],"yoast_head":"<!-- This site is optimized with the Yoast SEO plugin v19.2 - https:\/\/yoast.com\/wordpress\/plugins\/seo\/ -->\n<title>Financiamento estudantil, acredita\u00e7\u00e3o e avalia\u00e7\u00e3o do Ensino Superior - Not\u00edcias - Franciscanos<\/title>\n<meta name=\"robots\" content=\"index, follow, max-snippet:-1, max-image-preview:large, max-video-preview:-1\" \/>\n<link rel=\"canonical\" href=\"https:\/\/franciscanos.org.br\/noticias\/financiamento-estudantil-acreditacao-e-avaliacao-do-ensino-superior.html\" \/>\n<meta property=\"og:locale\" content=\"pt_BR\" \/>\n<meta property=\"og:type\" content=\"article\" \/>\n<meta property=\"og:title\" content=\"Financiamento estudantil, acredita\u00e7\u00e3o e avalia\u00e7\u00e3o do Ensino Superior - Not\u00edcias - Franciscanos\" \/>\n<meta property=\"og:description\" content=\"ANEC\" \/>\n<meta property=\"og:url\" content=\"https:\/\/franciscanos.org.br\/noticias\/financiamento-estudantil-acreditacao-e-avaliacao-do-ensino-superior.html\" \/>\n<meta property=\"og:site_name\" content=\"Not\u00edcias - Franciscanos\" \/>\n<meta property=\"article:published_time\" content=\"2018-08-23T20:06:42+00:00\" \/>\n<meta property=\"article:modified_time\" content=\"2019-01-02T14:56:52+00:00\" \/>\n<meta property=\"og:image\" content=\"https:\/\/franciscanos.org.br\/noticias\/wp-content\/uploads\/2018\/08\/escolas_230818d.jpg\" \/>\n\t<meta property=\"og:image:width\" content=\"273\" \/>\n\t<meta property=\"og:image:height\" content=\"181\" \/>\n\t<meta property=\"og:image:type\" content=\"image\/jpeg\" \/>\n<meta name=\"author\" content=\"admin\" \/>\n<meta name=\"twitter:card\" content=\"summary_large_image\" \/>\n<meta name=\"twitter:label1\" content=\"Escrito por\" \/>\n\t<meta name=\"twitter:data1\" content=\"admin\" \/>\n\t<meta name=\"twitter:label2\" content=\"Est. tempo de leitura\" \/>\n\t<meta name=\"twitter:data2\" content=\"5 minutos\" \/>\n<script type=\"application\/ld+json\" class=\"yoast-schema-graph\">{\"@context\":\"https:\/\/schema.org\",\"@graph\":[{\"@type\":\"WebSite\",\"@id\":\"https:\/\/franciscanos.org.br\/noticias\/#website\",\"url\":\"https:\/\/franciscanos.org.br\/noticias\/\",\"name\":\"Not\u00edcias - Franciscanos\",\"description\":\"Prov\u00edncia Franciscana da Imaculada Concei\u00e7\u00e3o do Brasil - Ordem dos Frades Menores - OFM\",\"potentialAction\":[{\"@type\":\"SearchAction\",\"target\":{\"@type\":\"EntryPoint\",\"urlTemplate\":\"https:\/\/franciscanos.org.br\/noticias\/?s={search_term_string}\"},\"query-input\":\"required name=search_term_string\"}],\"inLanguage\":\"pt-BR\"},{\"@type\":\"ImageObject\",\"inLanguage\":\"pt-BR\",\"@id\":\"https:\/\/franciscanos.org.br\/noticias\/financiamento-estudantil-acreditacao-e-avaliacao-do-ensino-superior.html#primaryimage\",\"url\":\"https:\/\/franciscanos.org.br\/noticias\/wp-content\/uploads\/2018\/08\/escolas_230818d.jpg\",\"contentUrl\":\"https:\/\/franciscanos.org.br\/noticias\/wp-content\/uploads\/2018\/08\/escolas_230818d.jpg\",\"width\":273,\"height\":181},{\"@type\":\"WebPage\",\"@id\":\"https:\/\/franciscanos.org.br\/noticias\/financiamento-estudantil-acreditacao-e-avaliacao-do-ensino-superior.html#webpage\",\"url\":\"https:\/\/franciscanos.org.br\/noticias\/financiamento-estudantil-acreditacao-e-avaliacao-do-ensino-superior.html\",\"name\":\"Financiamento estudantil, acredita\u00e7\u00e3o e avalia\u00e7\u00e3o do Ensino Superior - Not\u00edcias - Franciscanos\",\"isPartOf\":{\"@id\":\"https:\/\/franciscanos.org.br\/noticias\/#website\"},\"primaryImageOfPage\":{\"@id\":\"https:\/\/franciscanos.org.br\/noticias\/financiamento-estudantil-acreditacao-e-avaliacao-do-ensino-superior.html#primaryimage\"},\"datePublished\":\"2018-08-23T20:06:42+00:00\",\"dateModified\":\"2019-01-02T14:56:52+00:00\",\"author\":{\"@id\":\"https:\/\/franciscanos.org.br\/noticias\/#\/schema\/person\/b38fbf43118f02820bd932f2e4b14ad3\"},\"breadcrumb\":{\"@id\":\"https:\/\/franciscanos.org.br\/noticias\/financiamento-estudantil-acreditacao-e-avaliacao-do-ensino-superior.html#breadcrumb\"},\"inLanguage\":\"pt-BR\",\"potentialAction\":[{\"@type\":\"ReadAction\",\"target\":[\"https:\/\/franciscanos.org.br\/noticias\/financiamento-estudantil-acreditacao-e-avaliacao-do-ensino-superior.html\"]}]},{\"@type\":\"BreadcrumbList\",\"@id\":\"https:\/\/franciscanos.org.br\/noticias\/financiamento-estudantil-acreditacao-e-avaliacao-do-ensino-superior.html#breadcrumb\",\"itemListElement\":[{\"@type\":\"ListItem\",\"position\":1,\"name\":\"Home\",\"item\":\"https:\/\/franciscanos.org.br\/noticias\"},{\"@type\":\"ListItem\",\"position\":2,\"name\":\"Financiamento estudantil, acredita\u00e7\u00e3o e avalia\u00e7\u00e3o do Ensino Superior\"}]},{\"@type\":\"Person\",\"@id\":\"https:\/\/franciscanos.org.br\/noticias\/#\/schema\/person\/b38fbf43118f02820bd932f2e4b14ad3\",\"name\":\"admin\",\"image\":{\"@type\":\"ImageObject\",\"inLanguage\":\"pt-BR\",\"@id\":\"https:\/\/franciscanos.org.br\/noticias\/#\/schema\/person\/image\/\",\"url\":\"https:\/\/secure.gravatar.com\/avatar\/e8495742d34d0ba6448ea1c628263b3e?s=96&d=mm&r=g\",\"contentUrl\":\"https:\/\/secure.gravatar.com\/avatar\/e8495742d34d0ba6448ea1c628263b3e?s=96&d=mm&r=g\",\"caption\":\"admin\"},\"url\":\"https:\/\/franciscanos.org.br\/noticias\/author\/admin\"}]}<\/script>\n<!-- \/ Yoast SEO plugin. -->","yoast_head_json":{"title":"Financiamento estudantil, acredita\u00e7\u00e3o e avalia\u00e7\u00e3o do Ensino Superior - Not\u00edcias - Franciscanos","robots":{"index":"index","follow":"follow","max-snippet":"max-snippet:-1","max-image-preview":"max-image-preview:large","max-video-preview":"max-video-preview:-1"},"canonical":"https:\/\/franciscanos.org.br\/noticias\/financiamento-estudantil-acreditacao-e-avaliacao-do-ensino-superior.html","og_locale":"pt_BR","og_type":"article","og_title":"Financiamento estudantil, acredita\u00e7\u00e3o e avalia\u00e7\u00e3o do Ensino Superior - Not\u00edcias - Franciscanos","og_description":"ANEC","og_url":"https:\/\/franciscanos.org.br\/noticias\/financiamento-estudantil-acreditacao-e-avaliacao-do-ensino-superior.html","og_site_name":"Not\u00edcias - Franciscanos","article_published_time":"2018-08-23T20:06:42+00:00","article_modified_time":"2019-01-02T14:56:52+00:00","og_image":[{"width":273,"height":181,"url":"https:\/\/franciscanos.org.br\/noticias\/wp-content\/uploads\/2018\/08\/escolas_230818d.jpg","type":"image\/jpeg"}],"author":"admin","twitter_card":"summary_large_image","twitter_misc":{"Escrito por":"admin","Est. tempo de leitura":"5 minutos"},"schema":{"@context":"https:\/\/schema.org","@graph":[{"@type":"WebSite","@id":"https:\/\/franciscanos.org.br\/noticias\/#website","url":"https:\/\/franciscanos.org.br\/noticias\/","name":"Not\u00edcias - Franciscanos","description":"Prov\u00edncia Franciscana da Imaculada Concei\u00e7\u00e3o do Brasil - Ordem dos Frades Menores - OFM","potentialAction":[{"@type":"SearchAction","target":{"@type":"EntryPoint","urlTemplate":"https:\/\/franciscanos.org.br\/noticias\/?s={search_term_string}"},"query-input":"required name=search_term_string"}],"inLanguage":"pt-BR"},{"@type":"ImageObject","inLanguage":"pt-BR","@id":"https:\/\/franciscanos.org.br\/noticias\/financiamento-estudantil-acreditacao-e-avaliacao-do-ensino-superior.html#primaryimage","url":"https:\/\/franciscanos.org.br\/noticias\/wp-content\/uploads\/2018\/08\/escolas_230818d.jpg","contentUrl":"https:\/\/franciscanos.org.br\/noticias\/wp-content\/uploads\/2018\/08\/escolas_230818d.jpg","width":273,"height":181},{"@type":"WebPage","@id":"https:\/\/franciscanos.org.br\/noticias\/financiamento-estudantil-acreditacao-e-avaliacao-do-ensino-superior.html#webpage","url":"https:\/\/franciscanos.org.br\/noticias\/financiamento-estudantil-acreditacao-e-avaliacao-do-ensino-superior.html","name":"Financiamento estudantil, acredita\u00e7\u00e3o e avalia\u00e7\u00e3o do Ensino Superior - Not\u00edcias - Franciscanos","isPartOf":{"@id":"https:\/\/franciscanos.org.br\/noticias\/#website"},"primaryImageOfPage":{"@id":"https:\/\/franciscanos.org.br\/noticias\/financiamento-estudantil-acreditacao-e-avaliacao-do-ensino-superior.html#primaryimage"},"datePublished":"2018-08-23T20:06:42+00:00","dateModified":"2019-01-02T14:56:52+00:00","author":{"@id":"https:\/\/franciscanos.org.br\/noticias\/#\/schema\/person\/b38fbf43118f02820bd932f2e4b14ad3"},"breadcrumb":{"@id":"https:\/\/franciscanos.org.br\/noticias\/financiamento-estudantil-acreditacao-e-avaliacao-do-ensino-superior.html#breadcrumb"},"inLanguage":"pt-BR","potentialAction":[{"@type":"ReadAction","target":["https:\/\/franciscanos.org.br\/noticias\/financiamento-estudantil-acreditacao-e-avaliacao-do-ensino-superior.html"]}]},{"@type":"BreadcrumbList","@id":"https:\/\/franciscanos.org.br\/noticias\/financiamento-estudantil-acreditacao-e-avaliacao-do-ensino-superior.html#breadcrumb","itemListElement":[{"@type":"ListItem","position":1,"name":"Home","item":"https:\/\/franciscanos.org.br\/noticias"},{"@type":"ListItem","position":2,"name":"Financiamento estudantil, acredita\u00e7\u00e3o e avalia\u00e7\u00e3o do Ensino Superior"}]},{"@type":"Person","@id":"https:\/\/franciscanos.org.br\/noticias\/#\/schema\/person\/b38fbf43118f02820bd932f2e4b14ad3","name":"admin","image":{"@type":"ImageObject","inLanguage":"pt-BR","@id":"https:\/\/franciscanos.org.br\/noticias\/#\/schema\/person\/image\/","url":"https:\/\/secure.gravatar.com\/avatar\/e8495742d34d0ba6448ea1c628263b3e?s=96&d=mm&r=g","contentUrl":"https:\/\/secure.gravatar.com\/avatar\/e8495742d34d0ba6448ea1c628263b3e?s=96&d=mm&r=g","caption":"admin"},"url":"https:\/\/franciscanos.org.br\/noticias\/author\/admin"}]}},"_links":{"self":[{"href":"https:\/\/franciscanos.org.br\/noticias\/wp-json\/wp\/v2\/posts\/169641"}],"collection":[{"href":"https:\/\/franciscanos.org.br\/noticias\/wp-json\/wp\/v2\/posts"}],"about":[{"href":"https:\/\/franciscanos.org.br\/noticias\/wp-json\/wp\/v2\/types\/post"}],"author":[{"embeddable":true,"href":"https:\/\/franciscanos.org.br\/noticias\/wp-json\/wp\/v2\/users\/1"}],"replies":[{"embeddable":true,"href":"https:\/\/franciscanos.org.br\/noticias\/wp-json\/wp\/v2\/comments?post=169641"}],"version-history":[{"count":0,"href":"https:\/\/franciscanos.org.br\/noticias\/wp-json\/wp\/v2\/posts\/169641\/revisions"}],"wp:featuredmedia":[{"embeddable":true,"href":"https:\/\/franciscanos.org.br\/noticias\/wp-json\/wp\/v2\/media\/193461"}],"wp:attachment":[{"href":"https:\/\/franciscanos.org.br\/noticias\/wp-json\/wp\/v2\/media?parent=169641"}],"wp:term":[{"taxonomy":"category","embeddable":true,"href":"https:\/\/franciscanos.org.br\/noticias\/wp-json\/wp\/v2\/categories?post=169641"},{"taxonomy":"post_tag","embeddable":true,"href":"https:\/\/franciscanos.org.br\/noticias\/wp-json\/wp\/v2\/tags?post=169641"}],"curies":[{"name":"wp","href":"https:\/\/api.w.org\/{rel}","templated":true}]}}