{"id":169616,"date":"2018-08-23T16:54:26","date_gmt":"2018-08-23T19:54:26","guid":{"rendered":"http:\/\/franciscanos.org.br\/?p=169616"},"modified":"2019-01-02T13:05:33","modified_gmt":"2019-01-02T15:05:33","slug":"professores-como-mudas-da-arvore-franciscana","status":"publish","type":"post","link":"https:\/\/franciscanos.org.br\/noticias\/professores-como-mudas-da-arvore-franciscana.html","title":{"rendered":"Frades e leigos unidos para a produ\u00e7\u00e3o de bons frutos"},"content":{"rendered":"<p><img loading=\"lazy\" src=\"http:\/\/franciscanos.org.br\/wp-content\/uploads\/2018\/08\/frente_230818_2.jpg\" alt=\"SONY DSC\" width=\"830\" height=\"201\" \/><\/p>\n<p><strong>Juliano Franco Zemuner<\/strong><\/p>\n<p><strong>Curitiba (PR)<\/strong> &#8211; Toda \u00e1rvore boa produz bons frutos. Esse ensinamento previsto no Evangelho ilustra muito bem as reflex\u00f5es promovidas durante o Encontro Ampliado da Frente da Educa\u00e7\u00e3o da Prov\u00edncia Franciscana da Imaculada Concei\u00e7\u00e3o do Brasil. A reuni\u00e3o provincial entre professores, frades, assessores e gestores da educa\u00e7\u00e3o foi realizada nos dias 21 e 22 de agosto, na FAE Centro Universit\u00e1rio, em Curitiba (PR).<\/p>\n<p>A analogia proposta espontaneamente pelos participantes do encontro sintetiza o entendimento do grupo sobre o relacionamento entre frades e leigos na educa\u00e7\u00e3o. Enquanto os religiosos s\u00e3o vistos como \u00e1rvores fortemente enraizadas nos princ\u00edpios franciscanos, que produzem bons frutos e folhas tenras, que crescem e alimentam a comunidade educacional e a sociedade ao redor, os profissionais da educa\u00e7\u00e3o s\u00e3o como mudas dessas \u00e1rvores, que se apropriam e reproduzem de maneira consciente as melhores atitudes e virtudes humanas e crist\u00e3s.<\/p>\n<p><strong>Desafio digital<\/strong><\/p>\n<p>Para chegar a esse entendimento, o encontro oportunizou uma programa\u00e7\u00e3o rica em experi\u00eancias acad\u00eamicas, sociais e carism\u00e1ticas. A primeira atividade foi conduzida pelo mestre e doutor em Comunica\u00e7\u00e3o, Mois\u00e9s Sbardelotto, que ministrou a palestra \u201cComunica\u00e7\u00e3o, educa\u00e7\u00e3o e compromisso social na cultura digital\u201d. Durante a explana\u00e7\u00e3o, o palestrante convidado observou que h\u00e1 um entendimento generalizado de que a escola, mesmo sendo muito importante, j\u00e1 n\u00e3o \u00e9 central para a pr\u00f3pria forma\u00e7\u00e3o das pessoas como em d\u00e9cadas anteriores, principalmente em rela\u00e7\u00e3o ao grande acervo de informa\u00e7\u00f5es dispon\u00edvel na internet.<\/p>\n<p>\u201cA internet mudou a rela\u00e7\u00e3o entre as pessoas, com o outro. A for\u00e7a mediadora das grandes institui\u00e7\u00f5es, seja religiosa, educacional ou pol\u00edtica foi enfraquecida, os seus pap\u00e9is mudaram. Neste cen\u00e1rio, as institui\u00e7\u00f5es de ensino podem contribuir para a forma\u00e7\u00e3o dos alunos em tr\u00eas importantes frentes relacionadas ao consumo de informa\u00e7\u00f5es no ambiente digital: saber escolher, saber ler e saber escrever. Tudo isso de maneira cr\u00edtica, aut\u00f4noma e consciente\u201d, defende Sbardelotto.<\/p>\n<p><img loading=\"lazy\" src=\"http:\/\/franciscanos.org.br\/wp-content\/uploads\/2018\/08\/frente_230818.jpg\" alt=\"SONY DSC\" width=\"830\" height=\"296\" \/><\/p>\n<p><strong>Estender os galhos da \u00e1rvore franciscana<\/strong><\/p>\n<p>A miss\u00e3o evangelizadora na educa\u00e7\u00e3o \u00e9 um grande desafio, mas que pode gerar bons frutos por meio da persist\u00eancia e da uni\u00e3o fraterna e da solidariedade. Exemplo disso \u00e9 a miss\u00e3o realizada pela Prov\u00edncia em Angola.<\/p>\n<p>A experi\u00eancia franciscana naquele pa\u00eds foi lembrada durante todo o evento, por meio de uma exposi\u00e7\u00e3o fotogr\u00e1fica na FAE e tamb\u00e9m com os testemunhos do Vig\u00e1rio Provincial, Frei C\u00e9sar K\u00fclkamp, que falou sobre a dimens\u00e3o social da evangeliza\u00e7\u00e3o por meio da Frente da Solidariedade da Prov\u00edncia. \u201cDessa maneira, com a uni\u00e3o de esfor\u00e7os e a comunh\u00e3o entre nossas frentes, temos a certeza de que os mais necessitados, aquelas pessoas que mais precisam de ajuda, poder\u00e3o ser alcan\u00e7adas\u201d, disse.<\/p>\n<p><img loading=\"lazy\" src=\"http:\/\/franciscanos.org.br\/wp-content\/uploads\/2018\/08\/frente_230818_1.jpg\" alt=\"SONY DSC\" width=\"830\" height=\"477\" \/><\/p>\n<p><strong>Evangelizar por meio de atitudes<\/strong><\/p>\n<p>Nos dois dias do encontro, os participantes tiveram a oportunidade de partilhar as experi\u00eancias com servi\u00e7os e projetos sociais promovidos nas entidades educacionais. Por meio de testemunhos, fotos e infogr\u00e1ficos, foram apresentadas a\u00e7\u00f5es e resultados reais das seguintes institui\u00e7\u00f5es: Universidade S\u00e3o Francisco, Instituto Teol\u00f3gico Franciscano, Col\u00e9gio Bom Jesus e FAE Centro Universit\u00e1rio.<\/p>\n<p>Frei Jo\u00e3o Mannes, presidente do Grupo Educacional Bom Jesus e respons\u00e1vel pela Frente da Educa\u00e7\u00e3o da Prov\u00edncia no tri\u00eanio 2016-2018, lembrou que o ser educador est\u00e1 no carisma franciscano. \u201cSe entendemos Jesus Cristo como o maior educador, que nos ensina pelas palavras e pelas atitudes, e tamb\u00e9m considerarmos Francisco de Assis como seu fiel disc\u00edpulo e multiplicador dessa miss\u00e3o, continuaremos a realizar as nossas atividades na educa\u00e7\u00e3o com muito amor, fraternidade e respeito ao pr\u00f3ximo, principalmente aos mais fragilizados\u201d, conclui.<\/p>\n<p><strong>Frades e leigos: uma \u00e1rvore completa<\/strong><\/p>\n<p>Em s\u00edntese, o grupo reunido no Encontro Ampliado da Frente da Educa\u00e7\u00e3o concluiu que frades e leigos, dentro de suas atribui\u00e7\u00f5es, forma uma \u00e1rvore coesa, que pode produzir solu\u00e7\u00f5es e aperfei\u00e7oar cada vez mais a forma\u00e7\u00e3o humana \u00e0 medida que o relacionamento entre as partes for estreitado. Para isso, sugeriram-se momentos de partilha e de forma\u00e7\u00e3o continuada entre frades e professores, com o objetivo de propagar o franciscanismo de maneira ampla e frut\u00edfera na comunidade educacional.<\/p>\n\n<p><strong>Participaram do encontro:<\/strong><\/p>\n<p><strong>Prov\u00edncia Franciscana<\/strong><br \/>\nFrei C\u00e9sar K\u00fclkamp, Vig\u00e1rio Provincial<\/p>\n<p><strong>Universidade S\u00e3o Francisco (USF)<\/strong><br \/>\nFrei Gilberto Garcia, reitor da USF<br \/>\nFrei Vit\u00f3rio Mazzuco, coordenador do N\u00facleo de Pastoral Universit\u00e1ria<br \/>\nJ\u00fania Michele Siloa, coordenadora de eventos &#8211; USF Next<br \/>\nD\u00e9bora Reis Garcia, assessora de projetos &#8211; USF Next<br \/>\nDalva Leme, N\u00facleo de Pastoral Universit\u00e1ria<\/p>\n<p><strong>Instituto Teol\u00f3gico Franciscano (ITF)<\/strong><br \/>\nFrei El\u00f3i Dion\u00edsio Piva, vice-reitor do ITF<br \/>\nThereza Cristina Diehl, assessora administrativa e financeira<br \/>\nIgor Fernandes, assessor de Comunica\u00e7\u00e3o<\/p>\n<p><img loading=\"lazy\" src=\"http:\/\/franciscanos.org.br\/wp-content\/uploads\/2018\/08\/frades_270818.jpg\" alt=\"SONY DSC\" width=\"830\" height=\"526\" \/><\/p>\n<p><strong>FAE Centro Universit\u00e1rio<\/strong><br \/>\nFrei Jo\u00e3o Mannes, presidente do Grupo Educacional Bom Jesus<br \/>\nFrei M\u00e1rio Jos\u00e9 Knapik, vice-presidente do Grupo Educacional Bom Jesus<br \/>\nJorge Ap\u00f3stolos Siarcos, diretor-geral do Grupo e reitor da FAE<br \/>\nFrei Jos\u00e9 Henrique Rosa, coordenador da Biblioteca e do Arquivo Central<br \/>\nFrei Claudino Gilz, coordenador do programa FAE Social<br \/>\nEverton Drohomeretski, pr\u00f3-reitor de Ensino, Pesquisa e Extens\u00e3o da FAE<br \/>\nR\u00e9gis Ferreira Negr\u00e3o, pr\u00f3-reitor de Administra\u00e7\u00e3o e Planejamento<br \/>\nMarco Pedroso, diretor do campus Curitiba<br \/>\n\u00c9lcio Douglas Joaquim, diretor do campus S\u00e3o Jos\u00e9 dos Pinhais<br \/>\nJos\u00e9 Bandeira de Mello Cordeiro, diretor dos cursos de p\u00f3s-gradua\u00e7\u00e3o<br \/>\nFrei Ant\u00f4nio Joaquim Pinto, coordenador do curso de Filosofia<br \/>\nRita de C\u00e1ssia Kleinke, coordenadora da Pastoral Universit\u00e1ria<br \/>\nWellington Minoru Kihara, da Pastoral Universit\u00e1ria<br \/>\nDelma Vigilato, da Pastoral do Col\u00e9gio Bom Jesus Internacional Aldeia<\/p>\n<p><strong>Col\u00e9gio Bom Jesus<\/strong><br \/>\nMarli Mendes, coordenadora do Centro de Estudos e Pesquisas (CEP) do Col\u00e9gio Bom Jesus<br \/>\nEros Pacheco Neto, gerente administrativo do Grupo Educacional Bom Jesus<br \/>\nAndrea Regina Eckel, gestora do Bom Jesus Divina Provid\u00eancia<br \/>\nCleide Barbosa, gestora do Bom Jesus Lourdes<br \/>\nMarcelo Bianchini, gestor do Bom Jesus Centro<br \/>\nM\u00f4nica Regina Bertoldi Munhoz da Rocha, gestora do Bom Jesus Escola Especial<br \/>\nM\u00e1rio Renato Longen, coordenador de Ensino Religioso do Col\u00e9gio Bom Jesus<br \/>\nMarcos Sidney Pereira, professor de Ensino Religioso do Bom Jesus Blumenau<\/p>\n","protected":false},"excerpt":{"rendered":"<p>Frente da Educa\u00e7\u00e3o<\/p>\n","protected":false},"author":1,"featured_media":193462,"comment_status":"open","ping_status":"open","sticky":false,"template":"","format":"standard","meta":[],"categories":[1],"tags":[1117],"acf":[],"yoast_head":"<!-- This site is optimized with the Yoast SEO plugin v19.2 - https:\/\/yoast.com\/wordpress\/plugins\/seo\/ -->\n<title>Frades e leigos unidos para a produ\u00e7\u00e3o de bons frutos - Not\u00edcias - Franciscanos<\/title>\n<meta name=\"robots\" content=\"index, follow, max-snippet:-1, max-image-preview:large, max-video-preview:-1\" \/>\n<link rel=\"canonical\" href=\"https:\/\/franciscanos.org.br\/noticias\/professores-como-mudas-da-arvore-franciscana.html\" \/>\n<meta property=\"og:locale\" content=\"pt_BR\" \/>\n<meta property=\"og:type\" content=\"article\" \/>\n<meta property=\"og:title\" content=\"Frades e leigos unidos para a produ\u00e7\u00e3o de bons frutos - Not\u00edcias - Franciscanos\" \/>\n<meta property=\"og:description\" content=\"Frente da Educa\u00e7\u00e3o\" \/>\n<meta property=\"og:url\" content=\"https:\/\/franciscanos.org.br\/noticias\/professores-como-mudas-da-arvore-franciscana.html\" \/>\n<meta property=\"og:site_name\" content=\"Not\u00edcias - Franciscanos\" \/>\n<meta property=\"article:published_time\" content=\"2018-08-23T19:54:26+00:00\" \/>\n<meta property=\"article:modified_time\" content=\"2019-01-02T15:05:33+00:00\" \/>\n<meta property=\"og:image\" content=\"https:\/\/franciscanos.org.br\/noticias\/wp-content\/uploads\/2018\/08\/frente_230818d.jpg\" \/>\n\t<meta property=\"og:image:width\" content=\"273\" \/>\n\t<meta property=\"og:image:height\" content=\"181\" \/>\n\t<meta property=\"og:image:type\" content=\"image\/jpeg\" \/>\n<meta name=\"author\" content=\"admin\" \/>\n<meta name=\"twitter:card\" content=\"summary_large_image\" \/>\n<meta name=\"twitter:label1\" content=\"Escrito por\" \/>\n\t<meta name=\"twitter:data1\" content=\"admin\" \/>\n\t<meta name=\"twitter:label2\" content=\"Est. tempo de leitura\" \/>\n\t<meta name=\"twitter:data2\" content=\"5 minutos\" \/>\n<script type=\"application\/ld+json\" class=\"yoast-schema-graph\">{\"@context\":\"https:\/\/schema.org\",\"@graph\":[{\"@type\":\"WebSite\",\"@id\":\"https:\/\/franciscanos.org.br\/noticias\/#website\",\"url\":\"https:\/\/franciscanos.org.br\/noticias\/\",\"name\":\"Not\u00edcias - Franciscanos\",\"description\":\"Prov\u00edncia Franciscana da Imaculada Concei\u00e7\u00e3o do Brasil - Ordem dos Frades Menores - OFM\",\"potentialAction\":[{\"@type\":\"SearchAction\",\"target\":{\"@type\":\"EntryPoint\",\"urlTemplate\":\"https:\/\/franciscanos.org.br\/noticias\/?s={search_term_string}\"},\"query-input\":\"required name=search_term_string\"}],\"inLanguage\":\"pt-BR\"},{\"@type\":\"ImageObject\",\"inLanguage\":\"pt-BR\",\"@id\":\"https:\/\/franciscanos.org.br\/noticias\/professores-como-mudas-da-arvore-franciscana.html#primaryimage\",\"url\":\"https:\/\/franciscanos.org.br\/noticias\/wp-content\/uploads\/2018\/08\/frente_230818d.jpg\",\"contentUrl\":\"https:\/\/franciscanos.org.br\/noticias\/wp-content\/uploads\/2018\/08\/frente_230818d.jpg\",\"width\":273,\"height\":181,\"caption\":\"SONY DSC\"},{\"@type\":\"WebPage\",\"@id\":\"https:\/\/franciscanos.org.br\/noticias\/professores-como-mudas-da-arvore-franciscana.html#webpage\",\"url\":\"https:\/\/franciscanos.org.br\/noticias\/professores-como-mudas-da-arvore-franciscana.html\",\"name\":\"Frades e leigos unidos para a produ\u00e7\u00e3o de bons frutos - Not\u00edcias - Franciscanos\",\"isPartOf\":{\"@id\":\"https:\/\/franciscanos.org.br\/noticias\/#website\"},\"primaryImageOfPage\":{\"@id\":\"https:\/\/franciscanos.org.br\/noticias\/professores-como-mudas-da-arvore-franciscana.html#primaryimage\"},\"datePublished\":\"2018-08-23T19:54:26+00:00\",\"dateModified\":\"2019-01-02T15:05:33+00:00\",\"author\":{\"@id\":\"https:\/\/franciscanos.org.br\/noticias\/#\/schema\/person\/b38fbf43118f02820bd932f2e4b14ad3\"},\"breadcrumb\":{\"@id\":\"https:\/\/franciscanos.org.br\/noticias\/professores-como-mudas-da-arvore-franciscana.html#breadcrumb\"},\"inLanguage\":\"pt-BR\",\"potentialAction\":[{\"@type\":\"ReadAction\",\"target\":[\"https:\/\/franciscanos.org.br\/noticias\/professores-como-mudas-da-arvore-franciscana.html\"]}]},{\"@type\":\"BreadcrumbList\",\"@id\":\"https:\/\/franciscanos.org.br\/noticias\/professores-como-mudas-da-arvore-franciscana.html#breadcrumb\",\"itemListElement\":[{\"@type\":\"ListItem\",\"position\":1,\"name\":\"Home\",\"item\":\"https:\/\/franciscanos.org.br\/noticias\"},{\"@type\":\"ListItem\",\"position\":2,\"name\":\"Frades e leigos unidos para a produ\u00e7\u00e3o de bons frutos\"}]},{\"@type\":\"Person\",\"@id\":\"https:\/\/franciscanos.org.br\/noticias\/#\/schema\/person\/b38fbf43118f02820bd932f2e4b14ad3\",\"name\":\"admin\",\"image\":{\"@type\":\"ImageObject\",\"inLanguage\":\"pt-BR\",\"@id\":\"https:\/\/franciscanos.org.br\/noticias\/#\/schema\/person\/image\/\",\"url\":\"https:\/\/secure.gravatar.com\/avatar\/e8495742d34d0ba6448ea1c628263b3e?s=96&d=mm&r=g\",\"contentUrl\":\"https:\/\/secure.gravatar.com\/avatar\/e8495742d34d0ba6448ea1c628263b3e?s=96&d=mm&r=g\",\"caption\":\"admin\"},\"url\":\"https:\/\/franciscanos.org.br\/noticias\/author\/admin\"}]}<\/script>\n<!-- \/ Yoast SEO plugin. -->","yoast_head_json":{"title":"Frades e leigos unidos para a produ\u00e7\u00e3o de bons frutos - Not\u00edcias - Franciscanos","robots":{"index":"index","follow":"follow","max-snippet":"max-snippet:-1","max-image-preview":"max-image-preview:large","max-video-preview":"max-video-preview:-1"},"canonical":"https:\/\/franciscanos.org.br\/noticias\/professores-como-mudas-da-arvore-franciscana.html","og_locale":"pt_BR","og_type":"article","og_title":"Frades e leigos unidos para a produ\u00e7\u00e3o de bons frutos - Not\u00edcias - Franciscanos","og_description":"Frente da Educa\u00e7\u00e3o","og_url":"https:\/\/franciscanos.org.br\/noticias\/professores-como-mudas-da-arvore-franciscana.html","og_site_name":"Not\u00edcias - Franciscanos","article_published_time":"2018-08-23T19:54:26+00:00","article_modified_time":"2019-01-02T15:05:33+00:00","og_image":[{"width":273,"height":181,"url":"https:\/\/franciscanos.org.br\/noticias\/wp-content\/uploads\/2018\/08\/frente_230818d.jpg","type":"image\/jpeg"}],"author":"admin","twitter_card":"summary_large_image","twitter_misc":{"Escrito por":"admin","Est. tempo de leitura":"5 minutos"},"schema":{"@context":"https:\/\/schema.org","@graph":[{"@type":"WebSite","@id":"https:\/\/franciscanos.org.br\/noticias\/#website","url":"https:\/\/franciscanos.org.br\/noticias\/","name":"Not\u00edcias - Franciscanos","description":"Prov\u00edncia Franciscana da Imaculada Concei\u00e7\u00e3o do Brasil - Ordem dos Frades Menores - OFM","potentialAction":[{"@type":"SearchAction","target":{"@type":"EntryPoint","urlTemplate":"https:\/\/franciscanos.org.br\/noticias\/?s={search_term_string}"},"query-input":"required name=search_term_string"}],"inLanguage":"pt-BR"},{"@type":"ImageObject","inLanguage":"pt-BR","@id":"https:\/\/franciscanos.org.br\/noticias\/professores-como-mudas-da-arvore-franciscana.html#primaryimage","url":"https:\/\/franciscanos.org.br\/noticias\/wp-content\/uploads\/2018\/08\/frente_230818d.jpg","contentUrl":"https:\/\/franciscanos.org.br\/noticias\/wp-content\/uploads\/2018\/08\/frente_230818d.jpg","width":273,"height":181,"caption":"SONY DSC"},{"@type":"WebPage","@id":"https:\/\/franciscanos.org.br\/noticias\/professores-como-mudas-da-arvore-franciscana.html#webpage","url":"https:\/\/franciscanos.org.br\/noticias\/professores-como-mudas-da-arvore-franciscana.html","name":"Frades e leigos unidos para a produ\u00e7\u00e3o de bons frutos - Not\u00edcias - Franciscanos","isPartOf":{"@id":"https:\/\/franciscanos.org.br\/noticias\/#website"},"primaryImageOfPage":{"@id":"https:\/\/franciscanos.org.br\/noticias\/professores-como-mudas-da-arvore-franciscana.html#primaryimage"},"datePublished":"2018-08-23T19:54:26+00:00","dateModified":"2019-01-02T15:05:33+00:00","author":{"@id":"https:\/\/franciscanos.org.br\/noticias\/#\/schema\/person\/b38fbf43118f02820bd932f2e4b14ad3"},"breadcrumb":{"@id":"https:\/\/franciscanos.org.br\/noticias\/professores-como-mudas-da-arvore-franciscana.html#breadcrumb"},"inLanguage":"pt-BR","potentialAction":[{"@type":"ReadAction","target":["https:\/\/franciscanos.org.br\/noticias\/professores-como-mudas-da-arvore-franciscana.html"]}]},{"@type":"BreadcrumbList","@id":"https:\/\/franciscanos.org.br\/noticias\/professores-como-mudas-da-arvore-franciscana.html#breadcrumb","itemListElement":[{"@type":"ListItem","position":1,"name":"Home","item":"https:\/\/franciscanos.org.br\/noticias"},{"@type":"ListItem","position":2,"name":"Frades e leigos unidos para a produ\u00e7\u00e3o de bons frutos"}]},{"@type":"Person","@id":"https:\/\/franciscanos.org.br\/noticias\/#\/schema\/person\/b38fbf43118f02820bd932f2e4b14ad3","name":"admin","image":{"@type":"ImageObject","inLanguage":"pt-BR","@id":"https:\/\/franciscanos.org.br\/noticias\/#\/schema\/person\/image\/","url":"https:\/\/secure.gravatar.com\/avatar\/e8495742d34d0ba6448ea1c628263b3e?s=96&d=mm&r=g","contentUrl":"https:\/\/secure.gravatar.com\/avatar\/e8495742d34d0ba6448ea1c628263b3e?s=96&d=mm&r=g","caption":"admin"},"url":"https:\/\/franciscanos.org.br\/noticias\/author\/admin"}]}},"_links":{"self":[{"href":"https:\/\/franciscanos.org.br\/noticias\/wp-json\/wp\/v2\/posts\/169616"}],"collection":[{"href":"https:\/\/franciscanos.org.br\/noticias\/wp-json\/wp\/v2\/posts"}],"about":[{"href":"https:\/\/franciscanos.org.br\/noticias\/wp-json\/wp\/v2\/types\/post"}],"author":[{"embeddable":true,"href":"https:\/\/franciscanos.org.br\/noticias\/wp-json\/wp\/v2\/users\/1"}],"replies":[{"embeddable":true,"href":"https:\/\/franciscanos.org.br\/noticias\/wp-json\/wp\/v2\/comments?post=169616"}],"version-history":[{"count":0,"href":"https:\/\/franciscanos.org.br\/noticias\/wp-json\/wp\/v2\/posts\/169616\/revisions"}],"wp:featuredmedia":[{"embeddable":true,"href":"https:\/\/franciscanos.org.br\/noticias\/wp-json\/wp\/v2\/media\/193462"}],"wp:attachment":[{"href":"https:\/\/franciscanos.org.br\/noticias\/wp-json\/wp\/v2\/media?parent=169616"}],"wp:term":[{"taxonomy":"category","embeddable":true,"href":"https:\/\/franciscanos.org.br\/noticias\/wp-json\/wp\/v2\/categories?post=169616"},{"taxonomy":"post_tag","embeddable":true,"href":"https:\/\/franciscanos.org.br\/noticias\/wp-json\/wp\/v2\/tags?post=169616"}],"curies":[{"name":"wp","href":"https:\/\/api.w.org\/{rel}","templated":true}]}}