{"id":169549,"date":"2018-08-23T06:37:18","date_gmt":"2018-08-23T09:37:18","guid":{"rendered":"http:\/\/franciscanos.org.br\/?p=169549"},"modified":"2020-06-07T07:58:32","modified_gmt":"2020-06-07T10:58:32","slug":"missionarios-em-acao-no-jardim-bela-vista","status":"publish","type":"post","link":"https:\/\/franciscanos.org.br\/noticias\/missionarios-em-acao-no-jardim-bela-vista.html","title":{"rendered":"Mission\u00e1rios em a\u00e7\u00e3o no Jardim Bela Vista"},"content":{"rendered":"<p><img loading=\"lazy\" src=\"http:\/\/franciscanos.org.br\/wp-content\/uploads\/2018\/08\/bauru_230818_3.jpg\" alt=\"bauru_230818_3\" width=\"830\" height=\"351\" \/><\/p>\n<p><strong>Frei Diego Atalino de Melo<\/strong><\/p>\n<p><strong>Bauru (SP)<\/strong> &#8211; Era por volta das 10h30 quando um \u00e1udio enviado para o jovem Matheus Dias Amadori, da Par\u00f3quia Santo Ant\u00f4nio, come\u00e7ou a circular entre os mission\u00e1rios arrancando risos e brincadeiras de todos. Tratava-se da mensagem de uma amiga do Matheus, que n\u00e3o participa ativamente da Igreja, mas que havia percebido que algo extraordin\u00e1rio estava acontecendo na sua comunidade, de modo que decidiu pedir ajuda ao seu amigo para explicar o que ela havia acabado de presenciar. Com voz assustada, assim a mo\u00e7a se expressa na mensagem: Matheus, acabei de ver dois monges entrando em uma casa aqui na frente do Supermercado Panel\u00e3o. Ser\u00e1 que \u00e9 um exorcismo? N\u00e3o sei como eles se chamam. S\u00f3 sei que s\u00e3o daqueles de roupa marrom, que usam um chinelinho de couro e uma corda pendurada na cintura.\u201d<\/p>\n<p>Certamente, n\u00e3o foi somente aquela mo\u00e7a que percebeu a presen\u00e7a franciscana na regi\u00e3o, pois um grupo de aproximadamente 30 mission\u00e1rios (as), composto por frades, irm\u00e3s, aspirantes, vocacionados (as) e leigos da pr\u00f3pria comunidade chamavam a aten\u00e7\u00e3o do povo de Bauru. Divididos entre as comunidades das Par\u00f3quias Santo Ant\u00f4nio e Santa Clara, os mission\u00e1rios (as) percorreram as ruas realizando visitas \u00e0s fam\u00edlias, enfermos, escolas e creches ao longo desse primeiro dia de miss\u00e3o.<\/p>\n<p>Depois de tantas visitas, \u00e0 noite todos se reuniram em frente \u00e0 casa dos pais de Frei Jos\u00e9 Raimundo de Souza para iniciar uma prociss\u00e3o, animada com cantos e ora\u00e7\u00f5es e iluminada pela luz das velas. Ao chegar na Igreja de Nossa Senhora das Dores, da Par\u00f3quia Santa Clara, o sino acolhia o povo que vinha conduzindo o Frei Zezinho, como carinhosamente \u00e9 conhecido nessa comunidade que acompanhou toda a sua caminhada vocacional e que hoje se alegra por v\u00ea-lo prestes a se tornar um sacerdote.<\/p>\n<p>Presidida por Frei Marcos Vinicius Motta Brugger, confrade de turma de Frei Jos\u00e9 Raimundo, a celebra\u00e7\u00e3o foi marcada pela simplicidade de uma comunidade que est\u00e1 passando por reformas na sua estrutura f\u00edsica, como que a nos lembrar a miss\u00e3o franciscana do futuro presb\u00edtero de ser um verdadeiro restaurador n\u00e3o s\u00f3 de Igrejas, mas principalmente de vidas, de pessoas, de almas.<\/p>\n<p>Ap\u00f3s a homilia em que o presidente lembrou a import\u00e2ncia de se assumir o pr\u00f3prio batismo, fonte de todas as voca\u00e7\u00f5es, Frei Jos\u00e9 Raimundo fez o seu juramento de fidelidade ladeado por crian\u00e7as, algumas vestidas de anjos, que serviram como testemunhas do compromisso que ele estava assumindo.<\/p>\n<p>Ao final da celebra\u00e7\u00e3o, a ben\u00e7\u00e3o individual dada pelos frades corou o dia de visitas, encontros e proximidade com esse povo t\u00e3o querido que est\u00e1 nos acolhendo.<\/p>\n<p>Amanh\u00e3, segundo dia do Tr\u00edduo, a celebra\u00e7\u00e3o ser\u00e1 \u00e0s 20h na Matriz da Par\u00f3quia Santa Clara e ter\u00e1 como presidente Frei Alan Maia.<\/p>\n","protected":false},"excerpt":{"rendered":"<p>Tr\u00edduo preparat\u00f3rio para ordena\u00e7\u00e3o presbiteral de Frei Jos\u00e9 Raimundo<\/p>\n","protected":false},"author":1,"featured_media":222328,"comment_status":"open","ping_status":"open","sticky":false,"template":"","format":"standard","meta":[],"categories":[1],"tags":[157],"acf":[],"yoast_head":"<!-- This site is optimized with the Yoast SEO plugin v19.2 - https:\/\/yoast.com\/wordpress\/plugins\/seo\/ -->\n<title>Mission\u00e1rios em a\u00e7\u00e3o no Jardim Bela Vista - Not\u00edcias - Franciscanos<\/title>\n<meta name=\"robots\" content=\"index, follow, max-snippet:-1, max-image-preview:large, max-video-preview:-1\" \/>\n<link rel=\"canonical\" href=\"https:\/\/franciscanos.org.br\/noticias\/missionarios-em-acao-no-jardim-bela-vista.html\" \/>\n<meta property=\"og:locale\" content=\"pt_BR\" \/>\n<meta property=\"og:type\" content=\"article\" \/>\n<meta property=\"og:title\" content=\"Mission\u00e1rios em a\u00e7\u00e3o no Jardim Bela Vista - Not\u00edcias - Franciscanos\" \/>\n<meta property=\"og:description\" content=\"Tr\u00edduo preparat\u00f3rio para ordena\u00e7\u00e3o presbiteral de Frei Jos\u00e9 Raimundo\" \/>\n<meta property=\"og:url\" content=\"https:\/\/franciscanos.org.br\/noticias\/missionarios-em-acao-no-jardim-bela-vista.html\" \/>\n<meta property=\"og:site_name\" content=\"Not\u00edcias - Franciscanos\" \/>\n<meta property=\"article:published_time\" content=\"2018-08-23T09:37:18+00:00\" \/>\n<meta property=\"article:modified_time\" content=\"2020-06-07T10:58:32+00:00\" \/>\n<meta property=\"og:image\" content=\"https:\/\/franciscanos.org.br\/noticias\/wp-content\/uploads\/2018\/08\/bauru_230818_3.jpg\" \/>\n\t<meta property=\"og:image:width\" content=\"273\" \/>\n\t<meta property=\"og:image:height\" content=\"181\" \/>\n\t<meta property=\"og:image:type\" content=\"image\/jpeg\" \/>\n<meta name=\"author\" content=\"admin\" \/>\n<meta name=\"twitter:card\" content=\"summary_large_image\" \/>\n<meta name=\"twitter:label1\" content=\"Escrito por\" \/>\n\t<meta name=\"twitter:data1\" content=\"admin\" \/>\n\t<meta name=\"twitter:label2\" content=\"Est. tempo de leitura\" \/>\n\t<meta name=\"twitter:data2\" content=\"2 minutos\" \/>\n<script type=\"application\/ld+json\" class=\"yoast-schema-graph\">{\"@context\":\"https:\/\/schema.org\",\"@graph\":[{\"@type\":\"WebSite\",\"@id\":\"https:\/\/franciscanos.org.br\/noticias\/#website\",\"url\":\"https:\/\/franciscanos.org.br\/noticias\/\",\"name\":\"Not\u00edcias - Franciscanos\",\"description\":\"Prov\u00edncia Franciscana da Imaculada Concei\u00e7\u00e3o do Brasil - Ordem dos Frades Menores - OFM\",\"potentialAction\":[{\"@type\":\"SearchAction\",\"target\":{\"@type\":\"EntryPoint\",\"urlTemplate\":\"https:\/\/franciscanos.org.br\/noticias\/?s={search_term_string}\"},\"query-input\":\"required name=search_term_string\"}],\"inLanguage\":\"pt-BR\"},{\"@type\":\"ImageObject\",\"inLanguage\":\"pt-BR\",\"@id\":\"https:\/\/franciscanos.org.br\/noticias\/missionarios-em-acao-no-jardim-bela-vista.html#primaryimage\",\"url\":\"https:\/\/franciscanos.org.br\/noticias\/wp-content\/uploads\/2018\/08\/bauru_230818_3.jpg\",\"contentUrl\":\"https:\/\/franciscanos.org.br\/noticias\/wp-content\/uploads\/2018\/08\/bauru_230818_3.jpg\",\"width\":273,\"height\":181},{\"@type\":\"WebPage\",\"@id\":\"https:\/\/franciscanos.org.br\/noticias\/missionarios-em-acao-no-jardim-bela-vista.html#webpage\",\"url\":\"https:\/\/franciscanos.org.br\/noticias\/missionarios-em-acao-no-jardim-bela-vista.html\",\"name\":\"Mission\u00e1rios em a\u00e7\u00e3o no Jardim Bela Vista - Not\u00edcias - Franciscanos\",\"isPartOf\":{\"@id\":\"https:\/\/franciscanos.org.br\/noticias\/#website\"},\"primaryImageOfPage\":{\"@id\":\"https:\/\/franciscanos.org.br\/noticias\/missionarios-em-acao-no-jardim-bela-vista.html#primaryimage\"},\"datePublished\":\"2018-08-23T09:37:18+00:00\",\"dateModified\":\"2020-06-07T10:58:32+00:00\",\"author\":{\"@id\":\"https:\/\/franciscanos.org.br\/noticias\/#\/schema\/person\/b38fbf43118f02820bd932f2e4b14ad3\"},\"breadcrumb\":{\"@id\":\"https:\/\/franciscanos.org.br\/noticias\/missionarios-em-acao-no-jardim-bela-vista.html#breadcrumb\"},\"inLanguage\":\"pt-BR\",\"potentialAction\":[{\"@type\":\"ReadAction\",\"target\":[\"https:\/\/franciscanos.org.br\/noticias\/missionarios-em-acao-no-jardim-bela-vista.html\"]}]},{\"@type\":\"BreadcrumbList\",\"@id\":\"https:\/\/franciscanos.org.br\/noticias\/missionarios-em-acao-no-jardim-bela-vista.html#breadcrumb\",\"itemListElement\":[{\"@type\":\"ListItem\",\"position\":1,\"name\":\"Home\",\"item\":\"https:\/\/franciscanos.org.br\/noticias\"},{\"@type\":\"ListItem\",\"position\":2,\"name\":\"Mission\u00e1rios em a\u00e7\u00e3o no Jardim Bela Vista\"}]},{\"@type\":\"Person\",\"@id\":\"https:\/\/franciscanos.org.br\/noticias\/#\/schema\/person\/b38fbf43118f02820bd932f2e4b14ad3\",\"name\":\"admin\",\"image\":{\"@type\":\"ImageObject\",\"inLanguage\":\"pt-BR\",\"@id\":\"https:\/\/franciscanos.org.br\/noticias\/#\/schema\/person\/image\/\",\"url\":\"https:\/\/secure.gravatar.com\/avatar\/e8495742d34d0ba6448ea1c628263b3e?s=96&d=mm&r=g\",\"contentUrl\":\"https:\/\/secure.gravatar.com\/avatar\/e8495742d34d0ba6448ea1c628263b3e?s=96&d=mm&r=g\",\"caption\":\"admin\"},\"url\":\"https:\/\/franciscanos.org.br\/noticias\/author\/admin\"}]}<\/script>\n<!-- \/ Yoast SEO plugin. -->","yoast_head_json":{"title":"Mission\u00e1rios em a\u00e7\u00e3o no Jardim Bela Vista - Not\u00edcias - Franciscanos","robots":{"index":"index","follow":"follow","max-snippet":"max-snippet:-1","max-image-preview":"max-image-preview:large","max-video-preview":"max-video-preview:-1"},"canonical":"https:\/\/franciscanos.org.br\/noticias\/missionarios-em-acao-no-jardim-bela-vista.html","og_locale":"pt_BR","og_type":"article","og_title":"Mission\u00e1rios em a\u00e7\u00e3o no Jardim Bela Vista - Not\u00edcias - Franciscanos","og_description":"Tr\u00edduo preparat\u00f3rio para ordena\u00e7\u00e3o presbiteral de Frei Jos\u00e9 Raimundo","og_url":"https:\/\/franciscanos.org.br\/noticias\/missionarios-em-acao-no-jardim-bela-vista.html","og_site_name":"Not\u00edcias - Franciscanos","article_published_time":"2018-08-23T09:37:18+00:00","article_modified_time":"2020-06-07T10:58:32+00:00","og_image":[{"width":273,"height":181,"url":"https:\/\/franciscanos.org.br\/noticias\/wp-content\/uploads\/2018\/08\/bauru_230818_3.jpg","type":"image\/jpeg"}],"author":"admin","twitter_card":"summary_large_image","twitter_misc":{"Escrito por":"admin","Est. tempo de leitura":"2 minutos"},"schema":{"@context":"https:\/\/schema.org","@graph":[{"@type":"WebSite","@id":"https:\/\/franciscanos.org.br\/noticias\/#website","url":"https:\/\/franciscanos.org.br\/noticias\/","name":"Not\u00edcias - Franciscanos","description":"Prov\u00edncia Franciscana da Imaculada Concei\u00e7\u00e3o do Brasil - Ordem dos Frades Menores - OFM","potentialAction":[{"@type":"SearchAction","target":{"@type":"EntryPoint","urlTemplate":"https:\/\/franciscanos.org.br\/noticias\/?s={search_term_string}"},"query-input":"required name=search_term_string"}],"inLanguage":"pt-BR"},{"@type":"ImageObject","inLanguage":"pt-BR","@id":"https:\/\/franciscanos.org.br\/noticias\/missionarios-em-acao-no-jardim-bela-vista.html#primaryimage","url":"https:\/\/franciscanos.org.br\/noticias\/wp-content\/uploads\/2018\/08\/bauru_230818_3.jpg","contentUrl":"https:\/\/franciscanos.org.br\/noticias\/wp-content\/uploads\/2018\/08\/bauru_230818_3.jpg","width":273,"height":181},{"@type":"WebPage","@id":"https:\/\/franciscanos.org.br\/noticias\/missionarios-em-acao-no-jardim-bela-vista.html#webpage","url":"https:\/\/franciscanos.org.br\/noticias\/missionarios-em-acao-no-jardim-bela-vista.html","name":"Mission\u00e1rios em a\u00e7\u00e3o no Jardim Bela Vista - Not\u00edcias - Franciscanos","isPartOf":{"@id":"https:\/\/franciscanos.org.br\/noticias\/#website"},"primaryImageOfPage":{"@id":"https:\/\/franciscanos.org.br\/noticias\/missionarios-em-acao-no-jardim-bela-vista.html#primaryimage"},"datePublished":"2018-08-23T09:37:18+00:00","dateModified":"2020-06-07T10:58:32+00:00","author":{"@id":"https:\/\/franciscanos.org.br\/noticias\/#\/schema\/person\/b38fbf43118f02820bd932f2e4b14ad3"},"breadcrumb":{"@id":"https:\/\/franciscanos.org.br\/noticias\/missionarios-em-acao-no-jardim-bela-vista.html#breadcrumb"},"inLanguage":"pt-BR","potentialAction":[{"@type":"ReadAction","target":["https:\/\/franciscanos.org.br\/noticias\/missionarios-em-acao-no-jardim-bela-vista.html"]}]},{"@type":"BreadcrumbList","@id":"https:\/\/franciscanos.org.br\/noticias\/missionarios-em-acao-no-jardim-bela-vista.html#breadcrumb","itemListElement":[{"@type":"ListItem","position":1,"name":"Home","item":"https:\/\/franciscanos.org.br\/noticias"},{"@type":"ListItem","position":2,"name":"Mission\u00e1rios em a\u00e7\u00e3o no Jardim Bela Vista"}]},{"@type":"Person","@id":"https:\/\/franciscanos.org.br\/noticias\/#\/schema\/person\/b38fbf43118f02820bd932f2e4b14ad3","name":"admin","image":{"@type":"ImageObject","inLanguage":"pt-BR","@id":"https:\/\/franciscanos.org.br\/noticias\/#\/schema\/person\/image\/","url":"https:\/\/secure.gravatar.com\/avatar\/e8495742d34d0ba6448ea1c628263b3e?s=96&d=mm&r=g","contentUrl":"https:\/\/secure.gravatar.com\/avatar\/e8495742d34d0ba6448ea1c628263b3e?s=96&d=mm&r=g","caption":"admin"},"url":"https:\/\/franciscanos.org.br\/noticias\/author\/admin"}]}},"_links":{"self":[{"href":"https:\/\/franciscanos.org.br\/noticias\/wp-json\/wp\/v2\/posts\/169549"}],"collection":[{"href":"https:\/\/franciscanos.org.br\/noticias\/wp-json\/wp\/v2\/posts"}],"about":[{"href":"https:\/\/franciscanos.org.br\/noticias\/wp-json\/wp\/v2\/types\/post"}],"author":[{"embeddable":true,"href":"https:\/\/franciscanos.org.br\/noticias\/wp-json\/wp\/v2\/users\/1"}],"replies":[{"embeddable":true,"href":"https:\/\/franciscanos.org.br\/noticias\/wp-json\/wp\/v2\/comments?post=169549"}],"version-history":[{"count":3,"href":"https:\/\/franciscanos.org.br\/noticias\/wp-json\/wp\/v2\/posts\/169549\/revisions"}],"predecessor-version":[{"id":224863,"href":"https:\/\/franciscanos.org.br\/noticias\/wp-json\/wp\/v2\/posts\/169549\/revisions\/224863"}],"wp:featuredmedia":[{"embeddable":true,"href":"https:\/\/franciscanos.org.br\/noticias\/wp-json\/wp\/v2\/media\/222328"}],"wp:attachment":[{"href":"https:\/\/franciscanos.org.br\/noticias\/wp-json\/wp\/v2\/media?parent=169549"}],"wp:term":[{"taxonomy":"category","embeddable":true,"href":"https:\/\/franciscanos.org.br\/noticias\/wp-json\/wp\/v2\/categories?post=169549"},{"taxonomy":"post_tag","embeddable":true,"href":"https:\/\/franciscanos.org.br\/noticias\/wp-json\/wp\/v2\/tags?post=169549"}],"curies":[{"name":"wp","href":"https:\/\/api.w.org\/{rel}","templated":true}]}}