{"id":169506,"date":"2018-08-22T07:16:45","date_gmt":"2018-08-22T10:16:45","guid":{"rendered":"http:\/\/franciscanos.org.br\/?p=169506"},"modified":"2020-06-07T08:02:57","modified_gmt":"2020-06-07T11:02:57","slug":"deus-jamais-dira-nao-a-um-coracao-que-o-invoca-sinceramente-diz-o-papa-francisco-em-audiencia-hoje","status":"publish","type":"post","link":"https:\/\/franciscanos.org.br\/noticias\/deus-jamais-dira-nao-a-um-coracao-que-o-invoca-sinceramente-diz-o-papa-francisco-em-audiencia-hoje.html","title":{"rendered":"Invocar o nome de Deus sem hipocrisias, pede o Papa"},"content":{"rendered":"<p><img loading=\"lazy\" src=\"http:\/\/franciscanos.org.br\/wp-content\/uploads\/2018\/08\/papa_220818_1.jpg\" alt=\"papa_220818_1\" width=\"830\" height=\"529\" \/><\/p>\n<p><strong>Cidade do Vaticano<\/strong> &#8211; A Sala Paulo VI acolheu cerca de sete mil peregrinos para a Audi\u00eancia Geral desta quarta-feira (22\/08). Dando continuidade \u00e0s catequeses sobre os Dez mandamentos, o Papa comentou o segundo: \u201cN\u00e3o pronunciar\u00e1s o nome do Senhor, teu Deus, em v\u00e3o\u201d. Trata-se de um convite a n\u00e3o ofender o nome de Deus e evitar um uso inoportuno, superficial, vazio ou hip\u00f3crita.<\/p>\n<p>Na B\u00edblia, o nome representa a verdade \u00edntima das coisas e, sobretudo, das pessoas. Alguns personagens b\u00edblicos recebem um novo nome ao serem chamados por Deus para realizar uma miss\u00e3o, como Abra\u00e3o e Sim\u00e3o Pedro. Em concreto, conhecer o nome de Deus significa experimentar a transforma\u00e7\u00e3o da pr\u00f3pria vida: pensemos no Batismo, onde recebemos uma vida nova, em nome do Pai, e do Filho e do Esp\u00edrito Santo.<\/p>\n<p>O Pont\u00edfice ent\u00e3o deu uma \u201ctarefa\u201d aos adultos: que ensinem as crian\u00e7as a fazer bem o sinal da cruz. \u201c\u00c9 o primeiro ato de f\u00e9 de uma crian\u00e7a\u201d, reiterou.<\/p>\n<p>Todavia, advertiu o Papa, \u00e9 poss\u00edvel viver uma rela\u00e7\u00e3o falsa com Deus, como faziam os doutores da lei. Portanto, esta Palavra do Dec\u00e1logo \u00e9 justamente o convite a uma rela\u00e7\u00e3o com Deus sem hipocrisias, a uma rela\u00e7\u00e3o na qual entregamos a Ele tudo aquilo que somos. \u00c9 preciso deixar de lado a teoria e tocar o cora\u00e7\u00e3o, como fazem os santos e as pessoas que d\u00e3o um testemunho de vida coerente. Assim, o an\u00fancio da Igreja ser\u00e1 mais ouvido e resultar\u00e1 mais cr\u00edvel. \u201cCristo em n\u00f3s e n\u00f3s Nele. Unidos. Isso n\u00e3o \u00e9 hipocrisia, \u00e9 verdade. Isso n\u00e3o \u00e9 rezar como um papagaio, \u00e9 rezar com o cora\u00e7\u00e3o, amar o Senhor\u201d.<\/p>\n<p><img loading=\"lazy\" src=\"http:\/\/franciscanos.org.br\/wp-content\/uploads\/2018\/08\/papa_220818.jpg\" alt=\"papa_220818\" width=\"830\" height=\"437\" \/><\/p>\n<p><strong>Deus jamais diz &#8220;n\u00e3o&#8221;<\/strong><br \/>\nA partir da cruz de Cristo, prosseguiu, ningu\u00e9m pode desprezar si mesmo e pensar mal da pr\u00f3pria exist\u00eancia. \u201cNingu\u00e9m e nunca! Porque o nome de cada um de n\u00f3s est\u00e1 sobre os ombros de Cristo\u201d.<\/p>\n<p>Francisco ent\u00e3o concluiu: \u201cQualquer pessoa pode invocar o santo nome do Senhor, que \u00e9 Amor fiel e misericordioso, em qualquer situa\u00e7\u00e3o se encontre. Deus jamais dir\u00e1 \u2018n\u00e3o\u2019 a um cora\u00e7\u00e3o que O invoca sinceramente\u201d.<\/p>\n<p>Ao final da Audi\u00eancia, ao saudar os peregrinos de l\u00edngua italiana, o Papa manifestou sua solidariedade aos familiares dos excursionistas que perderam a vida numa enchente na regi\u00e3o da Cal\u00e1bria nos dias passados.<\/p>\n<p>O Pont\u00edfice pediu ainda ora\u00e7\u00f5es para sua pr\u00f3xima viagem, nos dias 25 e 26 de Agosto, a Dublin, na Irlanda, para o Encontro Mundial das Fam\u00edlias. \u201cQue seja um momento de gra\u00e7a e de escuta da voz das fam\u00edlias crist\u00e3s de todo o mundo\u201d.<\/p>\n<hr \/>\n<p><em>Fonte: Vatican News<\/em><\/p>\n","protected":false},"excerpt":{"rendered":"<p>Audi\u00eancia Geral<\/p>\n","protected":false},"author":1,"featured_media":203359,"comment_status":"open","ping_status":"open","sticky":false,"template":"","format":"standard","meta":[],"categories":[1428],"tags":[487],"acf":[],"yoast_head":"<!-- This site is optimized with the Yoast SEO plugin v19.2 - https:\/\/yoast.com\/wordpress\/plugins\/seo\/ -->\n<title>Invocar o nome de Deus sem hipocrisias, pede o Papa - Not\u00edcias - Franciscanos<\/title>\n<meta name=\"robots\" content=\"index, follow, max-snippet:-1, max-image-preview:large, max-video-preview:-1\" \/>\n<link rel=\"canonical\" href=\"https:\/\/franciscanos.org.br\/noticias\/deus-jamais-dira-nao-a-um-coracao-que-o-invoca-sinceramente-diz-o-papa-francisco-em-audiencia-hoje.html\" \/>\n<meta property=\"og:locale\" content=\"pt_BR\" \/>\n<meta property=\"og:type\" content=\"article\" \/>\n<meta property=\"og:title\" content=\"Invocar o nome de Deus sem hipocrisias, pede o Papa - Not\u00edcias - Franciscanos\" \/>\n<meta property=\"og:description\" content=\"Audi\u00eancia Geral\" \/>\n<meta property=\"og:url\" content=\"https:\/\/franciscanos.org.br\/noticias\/deus-jamais-dira-nao-a-um-coracao-que-o-invoca-sinceramente-diz-o-papa-francisco-em-audiencia-hoje.html\" \/>\n<meta property=\"og:site_name\" content=\"Not\u00edcias - Franciscanos\" \/>\n<meta property=\"article:published_time\" content=\"2018-08-22T10:16:45+00:00\" \/>\n<meta property=\"article:modified_time\" content=\"2020-06-07T11:02:57+00:00\" \/>\n<meta property=\"og:image\" content=\"https:\/\/franciscanos.org.br\/noticias\/wp-content\/uploads\/2018\/08\/papa_220818_1.jpg\" \/>\n\t<meta property=\"og:image:width\" content=\"273\" \/>\n\t<meta property=\"og:image:height\" content=\"181\" \/>\n\t<meta property=\"og:image:type\" content=\"image\/jpeg\" \/>\n<meta name=\"author\" content=\"admin\" \/>\n<meta name=\"twitter:card\" content=\"summary_large_image\" \/>\n<meta name=\"twitter:label1\" content=\"Escrito por\" \/>\n\t<meta name=\"twitter:data1\" content=\"admin\" \/>\n\t<meta name=\"twitter:label2\" content=\"Est. tempo de leitura\" \/>\n\t<meta name=\"twitter:data2\" content=\"2 minutos\" \/>\n<script type=\"application\/ld+json\" class=\"yoast-schema-graph\">{\"@context\":\"https:\/\/schema.org\",\"@graph\":[{\"@type\":\"WebSite\",\"@id\":\"https:\/\/franciscanos.org.br\/noticias\/#website\",\"url\":\"https:\/\/franciscanos.org.br\/noticias\/\",\"name\":\"Not\u00edcias - Franciscanos\",\"description\":\"Prov\u00edncia Franciscana da Imaculada Concei\u00e7\u00e3o do Brasil - Ordem dos Frades Menores - OFM\",\"potentialAction\":[{\"@type\":\"SearchAction\",\"target\":{\"@type\":\"EntryPoint\",\"urlTemplate\":\"https:\/\/franciscanos.org.br\/noticias\/?s={search_term_string}\"},\"query-input\":\"required name=search_term_string\"}],\"inLanguage\":\"pt-BR\"},{\"@type\":\"ImageObject\",\"inLanguage\":\"pt-BR\",\"@id\":\"https:\/\/franciscanos.org.br\/noticias\/deus-jamais-dira-nao-a-um-coracao-que-o-invoca-sinceramente-diz-o-papa-francisco-em-audiencia-hoje.html#primaryimage\",\"url\":\"https:\/\/franciscanos.org.br\/noticias\/wp-content\/uploads\/2018\/08\/papa_220818_1.jpg\",\"contentUrl\":\"https:\/\/franciscanos.org.br\/noticias\/wp-content\/uploads\/2018\/08\/papa_220818_1.jpg\",\"width\":273,\"height\":181},{\"@type\":\"WebPage\",\"@id\":\"https:\/\/franciscanos.org.br\/noticias\/deus-jamais-dira-nao-a-um-coracao-que-o-invoca-sinceramente-diz-o-papa-francisco-em-audiencia-hoje.html#webpage\",\"url\":\"https:\/\/franciscanos.org.br\/noticias\/deus-jamais-dira-nao-a-um-coracao-que-o-invoca-sinceramente-diz-o-papa-francisco-em-audiencia-hoje.html\",\"name\":\"Invocar o nome de Deus sem hipocrisias, pede o Papa - Not\u00edcias - Franciscanos\",\"isPartOf\":{\"@id\":\"https:\/\/franciscanos.org.br\/noticias\/#website\"},\"primaryImageOfPage\":{\"@id\":\"https:\/\/franciscanos.org.br\/noticias\/deus-jamais-dira-nao-a-um-coracao-que-o-invoca-sinceramente-diz-o-papa-francisco-em-audiencia-hoje.html#primaryimage\"},\"datePublished\":\"2018-08-22T10:16:45+00:00\",\"dateModified\":\"2020-06-07T11:02:57+00:00\",\"author\":{\"@id\":\"https:\/\/franciscanos.org.br\/noticias\/#\/schema\/person\/b38fbf43118f02820bd932f2e4b14ad3\"},\"breadcrumb\":{\"@id\":\"https:\/\/franciscanos.org.br\/noticias\/deus-jamais-dira-nao-a-um-coracao-que-o-invoca-sinceramente-diz-o-papa-francisco-em-audiencia-hoje.html#breadcrumb\"},\"inLanguage\":\"pt-BR\",\"potentialAction\":[{\"@type\":\"ReadAction\",\"target\":[\"https:\/\/franciscanos.org.br\/noticias\/deus-jamais-dira-nao-a-um-coracao-que-o-invoca-sinceramente-diz-o-papa-francisco-em-audiencia-hoje.html\"]}]},{\"@type\":\"BreadcrumbList\",\"@id\":\"https:\/\/franciscanos.org.br\/noticias\/deus-jamais-dira-nao-a-um-coracao-que-o-invoca-sinceramente-diz-o-papa-francisco-em-audiencia-hoje.html#breadcrumb\",\"itemListElement\":[{\"@type\":\"ListItem\",\"position\":1,\"name\":\"Home\",\"item\":\"https:\/\/franciscanos.org.br\/noticias\"},{\"@type\":\"ListItem\",\"position\":2,\"name\":\"Invocar o nome de Deus sem hipocrisias, pede o Papa\"}]},{\"@type\":\"Person\",\"@id\":\"https:\/\/franciscanos.org.br\/noticias\/#\/schema\/person\/b38fbf43118f02820bd932f2e4b14ad3\",\"name\":\"admin\",\"image\":{\"@type\":\"ImageObject\",\"inLanguage\":\"pt-BR\",\"@id\":\"https:\/\/franciscanos.org.br\/noticias\/#\/schema\/person\/image\/\",\"url\":\"https:\/\/secure.gravatar.com\/avatar\/e8495742d34d0ba6448ea1c628263b3e?s=96&d=mm&r=g\",\"contentUrl\":\"https:\/\/secure.gravatar.com\/avatar\/e8495742d34d0ba6448ea1c628263b3e?s=96&d=mm&r=g\",\"caption\":\"admin\"},\"url\":\"https:\/\/franciscanos.org.br\/noticias\/author\/admin\"}]}<\/script>\n<!-- \/ Yoast SEO plugin. -->","yoast_head_json":{"title":"Invocar o nome de Deus sem hipocrisias, pede o Papa - Not\u00edcias - Franciscanos","robots":{"index":"index","follow":"follow","max-snippet":"max-snippet:-1","max-image-preview":"max-image-preview:large","max-video-preview":"max-video-preview:-1"},"canonical":"https:\/\/franciscanos.org.br\/noticias\/deus-jamais-dira-nao-a-um-coracao-que-o-invoca-sinceramente-diz-o-papa-francisco-em-audiencia-hoje.html","og_locale":"pt_BR","og_type":"article","og_title":"Invocar o nome de Deus sem hipocrisias, pede o Papa - Not\u00edcias - Franciscanos","og_description":"Audi\u00eancia Geral","og_url":"https:\/\/franciscanos.org.br\/noticias\/deus-jamais-dira-nao-a-um-coracao-que-o-invoca-sinceramente-diz-o-papa-francisco-em-audiencia-hoje.html","og_site_name":"Not\u00edcias - Franciscanos","article_published_time":"2018-08-22T10:16:45+00:00","article_modified_time":"2020-06-07T11:02:57+00:00","og_image":[{"width":273,"height":181,"url":"https:\/\/franciscanos.org.br\/noticias\/wp-content\/uploads\/2018\/08\/papa_220818_1.jpg","type":"image\/jpeg"}],"author":"admin","twitter_card":"summary_large_image","twitter_misc":{"Escrito por":"admin","Est. tempo de leitura":"2 minutos"},"schema":{"@context":"https:\/\/schema.org","@graph":[{"@type":"WebSite","@id":"https:\/\/franciscanos.org.br\/noticias\/#website","url":"https:\/\/franciscanos.org.br\/noticias\/","name":"Not\u00edcias - Franciscanos","description":"Prov\u00edncia Franciscana da Imaculada Concei\u00e7\u00e3o do Brasil - Ordem dos Frades Menores - OFM","potentialAction":[{"@type":"SearchAction","target":{"@type":"EntryPoint","urlTemplate":"https:\/\/franciscanos.org.br\/noticias\/?s={search_term_string}"},"query-input":"required name=search_term_string"}],"inLanguage":"pt-BR"},{"@type":"ImageObject","inLanguage":"pt-BR","@id":"https:\/\/franciscanos.org.br\/noticias\/deus-jamais-dira-nao-a-um-coracao-que-o-invoca-sinceramente-diz-o-papa-francisco-em-audiencia-hoje.html#primaryimage","url":"https:\/\/franciscanos.org.br\/noticias\/wp-content\/uploads\/2018\/08\/papa_220818_1.jpg","contentUrl":"https:\/\/franciscanos.org.br\/noticias\/wp-content\/uploads\/2018\/08\/papa_220818_1.jpg","width":273,"height":181},{"@type":"WebPage","@id":"https:\/\/franciscanos.org.br\/noticias\/deus-jamais-dira-nao-a-um-coracao-que-o-invoca-sinceramente-diz-o-papa-francisco-em-audiencia-hoje.html#webpage","url":"https:\/\/franciscanos.org.br\/noticias\/deus-jamais-dira-nao-a-um-coracao-que-o-invoca-sinceramente-diz-o-papa-francisco-em-audiencia-hoje.html","name":"Invocar o nome de Deus sem hipocrisias, pede o Papa - Not\u00edcias - Franciscanos","isPartOf":{"@id":"https:\/\/franciscanos.org.br\/noticias\/#website"},"primaryImageOfPage":{"@id":"https:\/\/franciscanos.org.br\/noticias\/deus-jamais-dira-nao-a-um-coracao-que-o-invoca-sinceramente-diz-o-papa-francisco-em-audiencia-hoje.html#primaryimage"},"datePublished":"2018-08-22T10:16:45+00:00","dateModified":"2020-06-07T11:02:57+00:00","author":{"@id":"https:\/\/franciscanos.org.br\/noticias\/#\/schema\/person\/b38fbf43118f02820bd932f2e4b14ad3"},"breadcrumb":{"@id":"https:\/\/franciscanos.org.br\/noticias\/deus-jamais-dira-nao-a-um-coracao-que-o-invoca-sinceramente-diz-o-papa-francisco-em-audiencia-hoje.html#breadcrumb"},"inLanguage":"pt-BR","potentialAction":[{"@type":"ReadAction","target":["https:\/\/franciscanos.org.br\/noticias\/deus-jamais-dira-nao-a-um-coracao-que-o-invoca-sinceramente-diz-o-papa-francisco-em-audiencia-hoje.html"]}]},{"@type":"BreadcrumbList","@id":"https:\/\/franciscanos.org.br\/noticias\/deus-jamais-dira-nao-a-um-coracao-que-o-invoca-sinceramente-diz-o-papa-francisco-em-audiencia-hoje.html#breadcrumb","itemListElement":[{"@type":"ListItem","position":1,"name":"Home","item":"https:\/\/franciscanos.org.br\/noticias"},{"@type":"ListItem","position":2,"name":"Invocar o nome de Deus sem hipocrisias, pede o Papa"}]},{"@type":"Person","@id":"https:\/\/franciscanos.org.br\/noticias\/#\/schema\/person\/b38fbf43118f02820bd932f2e4b14ad3","name":"admin","image":{"@type":"ImageObject","inLanguage":"pt-BR","@id":"https:\/\/franciscanos.org.br\/noticias\/#\/schema\/person\/image\/","url":"https:\/\/secure.gravatar.com\/avatar\/e8495742d34d0ba6448ea1c628263b3e?s=96&d=mm&r=g","contentUrl":"https:\/\/secure.gravatar.com\/avatar\/e8495742d34d0ba6448ea1c628263b3e?s=96&d=mm&r=g","caption":"admin"},"url":"https:\/\/franciscanos.org.br\/noticias\/author\/admin"}]}},"_links":{"self":[{"href":"https:\/\/franciscanos.org.br\/noticias\/wp-json\/wp\/v2\/posts\/169506"}],"collection":[{"href":"https:\/\/franciscanos.org.br\/noticias\/wp-json\/wp\/v2\/posts"}],"about":[{"href":"https:\/\/franciscanos.org.br\/noticias\/wp-json\/wp\/v2\/types\/post"}],"author":[{"embeddable":true,"href":"https:\/\/franciscanos.org.br\/noticias\/wp-json\/wp\/v2\/users\/1"}],"replies":[{"embeddable":true,"href":"https:\/\/franciscanos.org.br\/noticias\/wp-json\/wp\/v2\/comments?post=169506"}],"version-history":[{"count":2,"href":"https:\/\/franciscanos.org.br\/noticias\/wp-json\/wp\/v2\/posts\/169506\/revisions"}],"predecessor-version":[{"id":224868,"href":"https:\/\/franciscanos.org.br\/noticias\/wp-json\/wp\/v2\/posts\/169506\/revisions\/224868"}],"wp:featuredmedia":[{"embeddable":true,"href":"https:\/\/franciscanos.org.br\/noticias\/wp-json\/wp\/v2\/media\/203359"}],"wp:attachment":[{"href":"https:\/\/franciscanos.org.br\/noticias\/wp-json\/wp\/v2\/media?parent=169506"}],"wp:term":[{"taxonomy":"category","embeddable":true,"href":"https:\/\/franciscanos.org.br\/noticias\/wp-json\/wp\/v2\/categories?post=169506"},{"taxonomy":"post_tag","embeddable":true,"href":"https:\/\/franciscanos.org.br\/noticias\/wp-json\/wp\/v2\/tags?post=169506"}],"curies":[{"name":"wp","href":"https:\/\/api.w.org\/{rel}","templated":true}]}}