{"id":169371,"date":"2018-08-12T13:18:18","date_gmt":"2018-08-12T16:18:18","guid":{"rendered":"http:\/\/franciscanos.org.br\/?p=169371"},"modified":"2019-07-04T13:32:23","modified_gmt":"2019-07-04T16:32:23","slug":"mosteiro-santa-clara-em-nova-iguacu-celebra-padroeira","status":"publish","type":"post","link":"https:\/\/franciscanos.org.br\/noticias\/mosteiro-santa-clara-em-nova-iguacu-celebra-padroeira.html","title":{"rendered":"Mosteiro Santa Clara, em Nova Igua\u00e7u, celebra padroeira"},"content":{"rendered":"<p><img loading=\"lazy\" src=\"http:\/\/franciscanos.org.br\/wp-content\/uploads\/2018\/08\/clara_200818-830.jpg\" alt=\"clara_200818 830\" width=\"830\" height=\"400\" \/><\/p>\n<p><strong>Frei Gabriel Dellandrea<\/strong><\/p>\n<p>Sil\u00eancio, ora\u00e7\u00e3o e recolhimento. Estas e outras caracter\u00edsticas da vida contemplativa s\u00e3o facilmente encontradas nos mosteiros das irm\u00e3s clarissas. S\u00e3o in\u00fameras as pessoas que acorrem a estes lugares em busca de paz e tranquilidade para fazerem um encontro com Deus. Por\u00e9m, no s\u00e1bado (11\/08), o clima mudou um pouco, pois havia sinais claros de festa, alegria e celebra\u00e7\u00e3o no mosteiros das damas pobres, espalhados por todo o mundo. O motivo n\u00e3o poderia ser outro: dia daquela que possui toda beleza celestial, Santa Clara de Assis.<\/p>\n<p>No Mosteiro Santa Clara, em Nova Igua\u00e7u, houve demonstra\u00e7\u00f5es de que seria uma festa linda logo no in\u00edcio. A capela do Mosteiro estava exibindo uma beleza sem igual com as flores decorando ainda mais o espa\u00e7o celebrativo para a missa solene \u00e0s 10h. O povo que ia chegando logo lotou a igreja mostrando que as irm\u00e3s, que nunca deixaram o povo sozinho atrav\u00e9s de suas obras, teriam companhia de grande f\u00e9 para a celebra\u00e7\u00e3o.<\/p>\n<p>Muitos religiosos tamb\u00e9m marcaram a sua presen\u00e7a neste dia, bem como o bispo diocesano Dom Luciano Bergamin, e o bispo em\u00e9rito da Diocese de Volta Redonda e Barra do Pira\u00ed, Dom Jo\u00e3o Maria Messi OSM, que presidiu a celebra\u00e7\u00e3o. Durante a celebra\u00e7\u00e3o eucar\u00edstica as irm\u00e3s clarissas entoaram belamente os c\u00e2nticos mostrando que tudo tinha sido preparado com muito carinho.<br \/>\nDurante a homilia, o presidente da celebra\u00e7\u00e3o convidou a todos para produzirem obras de santidade. Para concretizar tal miss\u00e3o, enfatizou: \u201cos santos s\u00e3o aqueles que combateram, combater\u00e3o e combatem a injusti\u00e7a, a desigualdade, essas atitudes sociais que fazem os irm\u00e3os e irm\u00e3s escravos\u201d. O exemplo maior \u00e9 o da coragem de Jesus que venceu as injusti\u00e7as de sua \u00e9poca para proclamar o Reino de Deus: \u201cSeguir a Cristo s\u00e3o tr\u00eas passos: renunciar a si mesmo, carregar a cruz e morrer com Ele\u201d. Apontando para a imagem de Santa Clara o bispo recordou a todos: \u201cela foi uma pessoa que amou, deu a vida, foi corajosa e fiel e n\u00e3o voltou atr\u00e1s, mas permaneceu no amor de Deus\u201d.<\/p>\n<p>Ap\u00f3s a celebra\u00e7\u00e3o eucar\u00edstica, houve uma partilha onde foram oferecidos lanches e bebidas para o povo que festejou a padroeira da televis\u00e3o. No refeit\u00f3rio do mosteiro as irm\u00e3s fizeram um almo\u00e7o festivo para os frades, seminaristas e os padres diocesanos que tamb\u00e9m prestam assist\u00eancia religiosa a elas. Como se n\u00e3o bastasse, Santa Clara preparava mais uma surpresa: no final da refei\u00e7\u00e3o as irm\u00e3s brindaram os convidados com bel\u00edssimas can\u00e7\u00f5es, poesia e at\u00e9 um sacerdote diocesano \u201centrou na dan\u00e7a\u201d declamando uma poesia de Cec\u00edlia Meirelles. Em seguida uma b\u00ean\u00e7\u00e3o e ora\u00e7\u00e3o pr\u00f3ximo ao quarto de uma das irm\u00e3s que est\u00e1 vivenciando a cruz da enfermidade, sendo amparada pela sua fraternidade.<\/p>\n<p>Assim, como aparece no cap\u00edtulo XV dos <em>Fioretti<\/em>, o mosteiro de Nova Igua\u00e7u ardeu em chamas por causa do encontro entre Clara e Francisco. N\u00e3o literalmente, \u00e9 claro, mas com certeza os cora\u00e7\u00f5es de todos aqueles que foram celebrar esta luz do carisma franciscano sa\u00edram com o cora\u00e7\u00e3o abrasado. Aos poucos a rotina de sil\u00eancio, ora\u00e7\u00e3o e recolhimento v\u00e3o voltando ao dia a dia das irm\u00e3s, mas elas, agora revigoradas, podem assumir com ainda mais entusiasmo a miss\u00e3o de rezar por cada um de n\u00f3s!<\/p>\n","protected":false},"excerpt":{"rendered":"<p>Clarissas de Nova Igua\u00e7u<\/p>\n","protected":false},"author":1,"featured_media":207293,"comment_status":"open","ping_status":"open","sticky":false,"template":"","format":"standard","meta":[],"categories":[1],"tags":[171,1489],"acf":[],"yoast_head":"<!-- This site is optimized with the Yoast SEO plugin v19.2 - https:\/\/yoast.com\/wordpress\/plugins\/seo\/ -->\n<title>Mosteiro Santa Clara, em Nova Igua\u00e7u, celebra padroeira - Not\u00edcias - Franciscanos<\/title>\n<meta name=\"robots\" content=\"index, follow, max-snippet:-1, max-image-preview:large, max-video-preview:-1\" \/>\n<link rel=\"canonical\" href=\"https:\/\/franciscanos.org.br\/noticias\/mosteiro-santa-clara-em-nova-iguacu-celebra-padroeira.html\" \/>\n<meta property=\"og:locale\" content=\"pt_BR\" \/>\n<meta property=\"og:type\" content=\"article\" \/>\n<meta property=\"og:title\" content=\"Mosteiro Santa Clara, em Nova Igua\u00e7u, celebra padroeira - Not\u00edcias - Franciscanos\" \/>\n<meta property=\"og:description\" content=\"Clarissas de Nova Igua\u00e7u\" \/>\n<meta property=\"og:url\" content=\"https:\/\/franciscanos.org.br\/noticias\/mosteiro-santa-clara-em-nova-iguacu-celebra-padroeira.html\" \/>\n<meta property=\"og:site_name\" content=\"Not\u00edcias - Franciscanos\" \/>\n<meta property=\"article:published_time\" content=\"2018-08-12T16:18:18+00:00\" \/>\n<meta property=\"article:modified_time\" content=\"2019-07-04T16:32:23+00:00\" \/>\n<meta property=\"og:image\" content=\"https:\/\/franciscanos.org.br\/noticias\/wp-content\/uploads\/2018\/08\/clara_200818-830.jpg\" \/>\n\t<meta property=\"og:image:width\" content=\"273\" \/>\n\t<meta property=\"og:image:height\" content=\"181\" \/>\n\t<meta property=\"og:image:type\" content=\"image\/jpeg\" \/>\n<meta name=\"author\" content=\"admin\" \/>\n<meta name=\"twitter:card\" content=\"summary_large_image\" \/>\n<meta name=\"twitter:label1\" content=\"Escrito por\" \/>\n\t<meta name=\"twitter:data1\" content=\"admin\" \/>\n\t<meta name=\"twitter:label2\" content=\"Est. tempo de leitura\" \/>\n\t<meta name=\"twitter:data2\" content=\"3 minutos\" \/>\n<script type=\"application\/ld+json\" class=\"yoast-schema-graph\">{\"@context\":\"https:\/\/schema.org\",\"@graph\":[{\"@type\":\"WebSite\",\"@id\":\"https:\/\/franciscanos.org.br\/noticias\/#website\",\"url\":\"https:\/\/franciscanos.org.br\/noticias\/\",\"name\":\"Not\u00edcias - Franciscanos\",\"description\":\"Prov\u00edncia Franciscana da Imaculada Concei\u00e7\u00e3o do Brasil - Ordem dos Frades Menores - OFM\",\"potentialAction\":[{\"@type\":\"SearchAction\",\"target\":{\"@type\":\"EntryPoint\",\"urlTemplate\":\"https:\/\/franciscanos.org.br\/noticias\/?s={search_term_string}\"},\"query-input\":\"required name=search_term_string\"}],\"inLanguage\":\"pt-BR\"},{\"@type\":\"ImageObject\",\"inLanguage\":\"pt-BR\",\"@id\":\"https:\/\/franciscanos.org.br\/noticias\/mosteiro-santa-clara-em-nova-iguacu-celebra-padroeira.html#primaryimage\",\"url\":\"https:\/\/franciscanos.org.br\/noticias\/wp-content\/uploads\/2018\/08\/clara_200818-830.jpg\",\"contentUrl\":\"https:\/\/franciscanos.org.br\/noticias\/wp-content\/uploads\/2018\/08\/clara_200818-830.jpg\",\"width\":273,\"height\":181},{\"@type\":\"WebPage\",\"@id\":\"https:\/\/franciscanos.org.br\/noticias\/mosteiro-santa-clara-em-nova-iguacu-celebra-padroeira.html#webpage\",\"url\":\"https:\/\/franciscanos.org.br\/noticias\/mosteiro-santa-clara-em-nova-iguacu-celebra-padroeira.html\",\"name\":\"Mosteiro Santa Clara, em Nova Igua\u00e7u, celebra padroeira - Not\u00edcias - Franciscanos\",\"isPartOf\":{\"@id\":\"https:\/\/franciscanos.org.br\/noticias\/#website\"},\"primaryImageOfPage\":{\"@id\":\"https:\/\/franciscanos.org.br\/noticias\/mosteiro-santa-clara-em-nova-iguacu-celebra-padroeira.html#primaryimage\"},\"datePublished\":\"2018-08-12T16:18:18+00:00\",\"dateModified\":\"2019-07-04T16:32:23+00:00\",\"author\":{\"@id\":\"https:\/\/franciscanos.org.br\/noticias\/#\/schema\/person\/b38fbf43118f02820bd932f2e4b14ad3\"},\"breadcrumb\":{\"@id\":\"https:\/\/franciscanos.org.br\/noticias\/mosteiro-santa-clara-em-nova-iguacu-celebra-padroeira.html#breadcrumb\"},\"inLanguage\":\"pt-BR\",\"potentialAction\":[{\"@type\":\"ReadAction\",\"target\":[\"https:\/\/franciscanos.org.br\/noticias\/mosteiro-santa-clara-em-nova-iguacu-celebra-padroeira.html\"]}]},{\"@type\":\"BreadcrumbList\",\"@id\":\"https:\/\/franciscanos.org.br\/noticias\/mosteiro-santa-clara-em-nova-iguacu-celebra-padroeira.html#breadcrumb\",\"itemListElement\":[{\"@type\":\"ListItem\",\"position\":1,\"name\":\"Home\",\"item\":\"https:\/\/franciscanos.org.br\/noticias\"},{\"@type\":\"ListItem\",\"position\":2,\"name\":\"Mosteiro Santa Clara, em Nova Igua\u00e7u, celebra padroeira\"}]},{\"@type\":\"Person\",\"@id\":\"https:\/\/franciscanos.org.br\/noticias\/#\/schema\/person\/b38fbf43118f02820bd932f2e4b14ad3\",\"name\":\"admin\",\"image\":{\"@type\":\"ImageObject\",\"inLanguage\":\"pt-BR\",\"@id\":\"https:\/\/franciscanos.org.br\/noticias\/#\/schema\/person\/image\/\",\"url\":\"https:\/\/secure.gravatar.com\/avatar\/e8495742d34d0ba6448ea1c628263b3e?s=96&d=mm&r=g\",\"contentUrl\":\"https:\/\/secure.gravatar.com\/avatar\/e8495742d34d0ba6448ea1c628263b3e?s=96&d=mm&r=g\",\"caption\":\"admin\"},\"url\":\"https:\/\/franciscanos.org.br\/noticias\/author\/admin\"}]}<\/script>\n<!-- \/ Yoast SEO plugin. -->","yoast_head_json":{"title":"Mosteiro Santa Clara, em Nova Igua\u00e7u, celebra padroeira - Not\u00edcias - Franciscanos","robots":{"index":"index","follow":"follow","max-snippet":"max-snippet:-1","max-image-preview":"max-image-preview:large","max-video-preview":"max-video-preview:-1"},"canonical":"https:\/\/franciscanos.org.br\/noticias\/mosteiro-santa-clara-em-nova-iguacu-celebra-padroeira.html","og_locale":"pt_BR","og_type":"article","og_title":"Mosteiro Santa Clara, em Nova Igua\u00e7u, celebra padroeira - Not\u00edcias - Franciscanos","og_description":"Clarissas de Nova Igua\u00e7u","og_url":"https:\/\/franciscanos.org.br\/noticias\/mosteiro-santa-clara-em-nova-iguacu-celebra-padroeira.html","og_site_name":"Not\u00edcias - Franciscanos","article_published_time":"2018-08-12T16:18:18+00:00","article_modified_time":"2019-07-04T16:32:23+00:00","og_image":[{"width":273,"height":181,"url":"https:\/\/franciscanos.org.br\/noticias\/wp-content\/uploads\/2018\/08\/clara_200818-830.jpg","type":"image\/jpeg"}],"author":"admin","twitter_card":"summary_large_image","twitter_misc":{"Escrito por":"admin","Est. tempo de leitura":"3 minutos"},"schema":{"@context":"https:\/\/schema.org","@graph":[{"@type":"WebSite","@id":"https:\/\/franciscanos.org.br\/noticias\/#website","url":"https:\/\/franciscanos.org.br\/noticias\/","name":"Not\u00edcias - Franciscanos","description":"Prov\u00edncia Franciscana da Imaculada Concei\u00e7\u00e3o do Brasil - Ordem dos Frades Menores - OFM","potentialAction":[{"@type":"SearchAction","target":{"@type":"EntryPoint","urlTemplate":"https:\/\/franciscanos.org.br\/noticias\/?s={search_term_string}"},"query-input":"required name=search_term_string"}],"inLanguage":"pt-BR"},{"@type":"ImageObject","inLanguage":"pt-BR","@id":"https:\/\/franciscanos.org.br\/noticias\/mosteiro-santa-clara-em-nova-iguacu-celebra-padroeira.html#primaryimage","url":"https:\/\/franciscanos.org.br\/noticias\/wp-content\/uploads\/2018\/08\/clara_200818-830.jpg","contentUrl":"https:\/\/franciscanos.org.br\/noticias\/wp-content\/uploads\/2018\/08\/clara_200818-830.jpg","width":273,"height":181},{"@type":"WebPage","@id":"https:\/\/franciscanos.org.br\/noticias\/mosteiro-santa-clara-em-nova-iguacu-celebra-padroeira.html#webpage","url":"https:\/\/franciscanos.org.br\/noticias\/mosteiro-santa-clara-em-nova-iguacu-celebra-padroeira.html","name":"Mosteiro Santa Clara, em Nova Igua\u00e7u, celebra padroeira - Not\u00edcias - Franciscanos","isPartOf":{"@id":"https:\/\/franciscanos.org.br\/noticias\/#website"},"primaryImageOfPage":{"@id":"https:\/\/franciscanos.org.br\/noticias\/mosteiro-santa-clara-em-nova-iguacu-celebra-padroeira.html#primaryimage"},"datePublished":"2018-08-12T16:18:18+00:00","dateModified":"2019-07-04T16:32:23+00:00","author":{"@id":"https:\/\/franciscanos.org.br\/noticias\/#\/schema\/person\/b38fbf43118f02820bd932f2e4b14ad3"},"breadcrumb":{"@id":"https:\/\/franciscanos.org.br\/noticias\/mosteiro-santa-clara-em-nova-iguacu-celebra-padroeira.html#breadcrumb"},"inLanguage":"pt-BR","potentialAction":[{"@type":"ReadAction","target":["https:\/\/franciscanos.org.br\/noticias\/mosteiro-santa-clara-em-nova-iguacu-celebra-padroeira.html"]}]},{"@type":"BreadcrumbList","@id":"https:\/\/franciscanos.org.br\/noticias\/mosteiro-santa-clara-em-nova-iguacu-celebra-padroeira.html#breadcrumb","itemListElement":[{"@type":"ListItem","position":1,"name":"Home","item":"https:\/\/franciscanos.org.br\/noticias"},{"@type":"ListItem","position":2,"name":"Mosteiro Santa Clara, em Nova Igua\u00e7u, celebra padroeira"}]},{"@type":"Person","@id":"https:\/\/franciscanos.org.br\/noticias\/#\/schema\/person\/b38fbf43118f02820bd932f2e4b14ad3","name":"admin","image":{"@type":"ImageObject","inLanguage":"pt-BR","@id":"https:\/\/franciscanos.org.br\/noticias\/#\/schema\/person\/image\/","url":"https:\/\/secure.gravatar.com\/avatar\/e8495742d34d0ba6448ea1c628263b3e?s=96&d=mm&r=g","contentUrl":"https:\/\/secure.gravatar.com\/avatar\/e8495742d34d0ba6448ea1c628263b3e?s=96&d=mm&r=g","caption":"admin"},"url":"https:\/\/franciscanos.org.br\/noticias\/author\/admin"}]}},"_links":{"self":[{"href":"https:\/\/franciscanos.org.br\/noticias\/wp-json\/wp\/v2\/posts\/169371"}],"collection":[{"href":"https:\/\/franciscanos.org.br\/noticias\/wp-json\/wp\/v2\/posts"}],"about":[{"href":"https:\/\/franciscanos.org.br\/noticias\/wp-json\/wp\/v2\/types\/post"}],"author":[{"embeddable":true,"href":"https:\/\/franciscanos.org.br\/noticias\/wp-json\/wp\/v2\/users\/1"}],"replies":[{"embeddable":true,"href":"https:\/\/franciscanos.org.br\/noticias\/wp-json\/wp\/v2\/comments?post=169371"}],"version-history":[{"count":0,"href":"https:\/\/franciscanos.org.br\/noticias\/wp-json\/wp\/v2\/posts\/169371\/revisions"}],"wp:featuredmedia":[{"embeddable":true,"href":"https:\/\/franciscanos.org.br\/noticias\/wp-json\/wp\/v2\/media\/207293"}],"wp:attachment":[{"href":"https:\/\/franciscanos.org.br\/noticias\/wp-json\/wp\/v2\/media?parent=169371"}],"wp:term":[{"taxonomy":"category","embeddable":true,"href":"https:\/\/franciscanos.org.br\/noticias\/wp-json\/wp\/v2\/categories?post=169371"},{"taxonomy":"post_tag","embeddable":true,"href":"https:\/\/franciscanos.org.br\/noticias\/wp-json\/wp\/v2\/tags?post=169371"}],"curies":[{"name":"wp","href":"https:\/\/api.w.org\/{rel}","templated":true}]}}