{"id":169349,"date":"2018-08-20T06:34:43","date_gmt":"2018-08-20T09:34:43","guid":{"rendered":"http:\/\/franciscanos.org.br\/?p=169349"},"modified":"2019-07-03T13:37:34","modified_gmt":"2019-07-03T16:37:34","slug":"169349","status":"publish","type":"post","link":"https:\/\/franciscanos.org.br\/noticias\/169349.html","title":{"rendered":"Frei Jos\u00e9 Raimundo ser\u00e1 ordenado presb\u00edtero"},"content":{"rendered":"<p><em><img loading=\"lazy\" class=\"alignleft wp-image-169351\" src=\"http:\/\/franciscanos.org.br\/wp-content\/uploads\/2018\/08\/jose_200818.jpg\" alt=\"jose_200818\" width=\"270\" height=\"350\" \/>Frei Jos\u00e9 Raimundo de Souza ser\u00e1 ordenado presb\u00edtero por Dom Caetano Ferrari, bispo em\u00e9rito da Diocese de Bauru, neste s\u00e1bado, dia 25 de agosto, \u00e0s 19 horas, na Par\u00f3quia Santo Ant\u00f4nio, no Jardim Bela Vista, em Bauru. No dia seguinte, domingo, \u00e0s 9h30, celebra a sua Primeira Missa na Par\u00f3quia Santa Clara de Assis, na Vila Industrial II. Nesta quarta-feira tem in\u00edcio o Tr\u00edduo em prepara\u00e7\u00e3o para a ordena\u00e7\u00e3o presbiteral de Frei Jos\u00e9 .<br \/>\n<\/em><br \/>\n<em>A sua fam\u00edlia hoje reside em Bauru, mas Frei Jos\u00e9 nasceu em Mariluz (PR), no dia 21 de junho de 1973. \u00c9 o segundo filho dos quatro de Francisca Maria de Souza e Raimundo Francisco de Souza. Aos cinco anos de idade mudou-se com seus familiares para Bauru (SP), onde conheceu os Frades Franciscanos desta Prov\u00edncia. Frei Jos\u00e9 foi seminarista no Semin\u00e1rio Santo Ant\u00f4nio de Agudos (SP) em 1985. Esteve por um per\u00edodo no Aspirantado em Imbari\u00ea, Duque de Caxias (RJ), em 2002. Por fim, ingressou no Aspirantado de Ituporanga (SC) em 2007, e no Postulantado de Guaratinguet\u00e1 (SP) em 2008. Ingressou no Noviciado de Rodeio (SC) no ano seguinte, onde fez sua primeira profiss\u00e3o aos 3 de janeiro de 2010.<br \/>\n<\/em><br \/>\n<em>De 2010 a 2012 cursou Filosofia em Curitiba, morando em Rondinha, Campo Largo (PR). Chegou \u00e0 Fraternidade do Sagrado Cora\u00e7\u00e3o de Jesus, em Petr\u00f3polis (RJ), em 2013 para o tempo da Teologia, onde residiu at\u00e9 2014. Foi transferido para Imbari\u00ea, morando nesta casa nos anos de 2015 e 2016. Ao final de 2016 concluiu o curso de Teologia e foi transferido para Colatina (ES), onde reside atualmente. Frei Jos\u00e9 fez a Profiss\u00e3o Solene aos 24 de setembro de 2017 e foi ordenado di\u00e1cono no dia 3 de fevereiro deste ano. Conhe\u00e7a nesta entrevista um pouco mais o futuro presb\u00edtero.<\/em><\/p>\n<p><img loading=\"lazy\" src=\"http:\/\/franciscanos.org.br\/wp-content\/uploads\/2018\/08\/convite_200818.jpg\" alt=\"convite_200818\" width=\"830\" height=\"461\" \/><\/p>\n<p><strong>CONHE\u00c7A MAIS FREI JOS\u00c9 RAIMUNDO NESTA ENTREVISTA!<\/strong><\/p>\n<p><strong>Site Franciscanos &#8211; Como se deu o seu discernimento vocacional?<\/strong><br \/>\n<strong>Frei Jos\u00e9 Raimundo<\/strong> &#8211; Entendo, a partir da minha hist\u00f3ria, que discernir a vontade de Deus n\u00e3o \u00e9 algo simples. Tenho na mem\u00f3ria que, quando ainda crian\u00e7a, j\u00e1 falava sobre o desejo de ser padre. Acontece que minha hist\u00f3ria vocacional \u00e9 marcada, a partir dos 12 anos de idade, por entradas e sa\u00eddas do semin\u00e1rio. Apesar disso, poder ser considerado, inconst\u00e2ncia ou inseguran\u00e7a proveniente de incertezas e medos, sempre vivi numa inquieta\u00e7\u00e3o, \u00e0s vezes mais e em outros per\u00edodos menos intensa, sentindo-me atra\u00eddo para a vida religiosa. Hoje tenho convic\u00e7\u00e3o de que o fato de nunca ter desistido definitivamente, de manter esse desejo em mim, tratava-se de um chamado divino. Portanto, o discernimento vocacional foi acontecendo com o passar dos anos, nessas idas e vindas, de modo que as coisas foram, aos poucos, ficando claras.<\/p>\n<p><strong>Franciscanos &#8211; Quando resolveu ser frade franciscano?<\/strong><br \/>\n<strong>Frei Jos\u00e9 Raimundo &#8211;<\/strong> Quando entrei pela primeira vez no semin\u00e1rio de Agudos (SP), aos 12 anos, n\u00e3o tinha clareza do ser frade, pois meu desejo era ser padre. Entretanto, o per\u00edodo no semin\u00e1rio e, sobretudo, a conviv\u00eancia com os frades das par\u00f3quias Santo Ant\u00f4nio e Santa Clara, em Bauru, possibilitou-me a aproxima\u00e7\u00e3o da hist\u00f3ria de Francisco de Assis e do ideal franciscano. Sem desmerecer o valor da presen\u00e7a de outros confrades na minha hist\u00f3ria vocacional, quero lembrar com gratid\u00e3o o Frei Lad\u00ed, que me encaminhou, pela primeira vez, para o semin\u00e1rio. Lembro, tamb\u00e9m, o Frei Dito, um amigo que, pacientemente, acompanhou por longos anos meu processo, minhas ang\u00fastias, muitas vezes dizendo absolutamente nada sobre voca\u00e7\u00e3o, mas, ao mesmo tempo, dizendo tudo sobre ser frade franciscano com sua presen\u00e7a simples e fraterna. Desse modo, pude conhecer melhor a radicalidade evang\u00e9lica de Francisco e a espiritualidade franciscana, o que me encantou. Se no princ\u00edpio ir para o semin\u00e1rio franciscano foi circunstancial, isto \u00e9, por morar e pertencer a uma par\u00f3quia franciscana, depois tornou-se uma convic\u00e7\u00e3o.<\/p>\n<p><strong>Franciscanos &#8211; Depois de tantos anos de estudos, voc\u00ea est\u00e1 prestes a ser ordenado presb\u00edtero. Fale-nos como est\u00e1 essa expectativa.<\/strong><br \/>\n<strong>Frei Jos\u00e9 Raimundo<\/strong> &#8211; A sensa\u00e7\u00e3o que tenho \u00e9 que vivemos sempre esperando por algo. Vivemos em estado de expecta\u00e7\u00e3o. Assim foi todo o itiner\u00e1rio formativo, esperando e buscando a pr\u00f3xima etapa, a primeira profiss\u00e3o e a profiss\u00e3o solene. Depois, esperando a finaliza\u00e7\u00e3o dos estudos acad\u00eamicos, e em raz\u00e3o da op\u00e7\u00e3o clerical, a espera pela ordena\u00e7\u00e3o. N\u00e3o h\u00e1 como negar que chegar a esse momento iminente da ordena\u00e7\u00e3o presbiteral \u00e9, como a profiss\u00e3o solene, uma grande realiza\u00e7\u00e3o, a conquista do desejo pessoal que, sendo, quem sabe, resposta a uma elei\u00e7\u00e3o divina e do povo de Deus, seja, tamb\u00e9m, a conquista do desejo de Deus. Entretanto, vale uma considera\u00e7\u00e3o no sentido de n\u00e3o tornar esse momento um fim \u00faltimo da realiza\u00e7\u00e3o pessoal, pois se assim o fosse, o depois se tornaria vazio. A vida \u00e9 marcada por grandes momentos, sendo a profiss\u00e3o solene e a ordena\u00e7\u00e3o presbiteral dois desses momentos, os quais me colocam num estado de vida. Em outras palavras, a ordena\u00e7\u00e3o \u00e9 importante, marcante, mas exige que a vida ap\u00f3s esse acontecimento seja um prolongamento daquilo que fora celebrado. As \u00f3timas expectativas que tenho para ser ordenado est\u00e3o acompanhadas das expectativas por exercer o minist\u00e9rio servindo ao povo de Deus, servi\u00e7o esse caracterizado pelo jeito de ser de Francisco e de Clara de Assis. Servi\u00e7o alegre, generoso, desprendido e, ao mesmo tempo, exigente, mas que com a gra\u00e7a de Deus ser\u00e1 poss\u00edvel, apesar das fragilidades das quais n\u00e3o estou livre.<\/p>\n<p><strong>Franciscanos &#8211; O que \u00e9 o presb\u00edtero para voc\u00ea?<\/strong><br \/>\n<strong>Frei Jos\u00e9 Raimundo<\/strong> &#8211; Em poucas palavras poderia dizer que o presb\u00edtero, por obra do Esp\u00edrito que o unge, \u00e9 um ministro configurado a Cristo. Tamb\u00e9m aqui me recordo de S\u00e3o Francisco estigmatizado, semelhante a Cristo at\u00e9 no sofrimento, bem como aquilo que se diz a seu respeito de ser um outro Cristo. Francisco, Clara, os frades e todos os crist\u00e3os s\u00e3o chamados a configurar-se a Cristo. Entretanto, o presb\u00edtero, no exerc\u00edcio de seu minist\u00e9rio, configurado a Cristo, procede como Jesus, agindo com miseric\u00f3rdia, com o olhar compassivo, prolongando no tempo os mesmos gestos e sentimentos do Mestre e Senhor, zeloso no trato com as pessoas. Estou certo de que Deus mesmo confia ao presb\u00edtero pessoas e, qual pastor, ele deve interessar-se por elas, guiando-as e ajudando-as a superarem os obst\u00e1culos, os dramas que as afligem. No presb\u00edtero, atrav\u00e9s do presb\u00edtero, \u00e9 Jesus mesmo quem age na vida das pessoas, nas fam\u00edlias, nas comunidades de f\u00e9 e na sociedade.<\/p>\n<p><strong>Franciscanos &#8211; Que desafios voc\u00ea espera como presb\u00edtero?<\/strong><br \/>\n<strong>Frei Jos\u00e9 Raimundo<\/strong> &#8211; Certamente surgir\u00e3o muitos desafios, alguns previs\u00edveis, outros inesperados. Tenho bem presente dois que, talvez, sejam os maiores. O primeiro \u00e9 manter a lucidez, a fidelidade e a radicalidade evang\u00e9licas, imerso neste mundo hodierno t\u00e3o plural e, muitas vezes, sedutor. \u00c9 imprescind\u00edvel a auto-observa\u00e7\u00e3o, a fim de perceber-me equivocado ou na imin\u00eancia de equivocar-me. Outro grande desafio \u00e9 manter o olhar atento na dire\u00e7\u00e3o do outro que, possivelmente, me ser\u00e1 confiado no exerc\u00edcio do minist\u00e9rio ordenado. Tendo em grande considera\u00e7\u00e3o a pessoa, com sua humanidade, preocupo-me em ter a dizer a coisa certa para quem vier em busca de ajuda, considerando que, para muitas pessoas, aquele momento pode ser decisivo. \u00c9 uma responsabilidade muito grande! H\u00e1 muita gente empobrecida, cuja humanidade precisa ser resgatada. Nesse sentido, mantenho presente os lemas de profiss\u00e3o e ordena\u00e7\u00e3o que escolhi. A refer\u00eancia primeira \u00e9 Jesus, conforme me inspiram as palavras de Francisco escolhidas para a profiss\u00e3o solene: \u201cGuardemos, portanto, as palavras, a vida, a doutrina, e o Santo Evangelho daquele que se dignou rogar a Deus por n\u00f3s ao Pai\u201d (RnB XXII,41). Tendo Jesus como forma de vida, n\u00e3o se pode agir de modo diferente, a n\u00e3o ser como \u201cServo de todos\u201d (1Cor 9,19), lema da ordena\u00e7\u00e3o diaconal. Por fim, o servi\u00e7o concreto realizado em favor dos necessitados, daqueles que t\u00eam fome, pessoas a quem foi negado ou tirado algo que lhes \u00e9 imprescind\u00edvel. Por isso, como presb\u00edtero-disc\u00edpulo de Jesus, permane\u00e7o com boa disposi\u00e7\u00e3o e de ouvidos atentos ao que Ele diz: \u201cDai-lhes v\u00f3s mesmos de comer\u201d (Lc 9,13).<\/p>\n<p><strong>Franciscanos &#8211; Voc\u00ea ser\u00e1 presb\u00edtero no Pontificado do Papa Francisco. Como v\u00ea esse momento e o da Igreja?<\/strong><br \/>\n<strong>Frei Jos\u00e9 Raimundo<\/strong> &#8211; Em muitos ambientes ouve-se falar muito bem da pessoa do Papa. Algumas atitudes dele que v\u00eam a p\u00fablico e o que ele diz e escreve encantam muita gente. Mas o que h\u00e1 de encantador e atraente no Papa? O que h\u00e1 de extraordin\u00e1rio no que ele diz? Em minha modesta opini\u00e3o, o que atrai e o extraordin\u00e1rio que vem da parte dele s\u00e3o justamente suas atitudes e as palavras evang\u00e9licas, originadas em Jesus, o homem do encontro, da acolhida, que percorreu os caminhos se empoeirando, se enlameando, encontrando pessoas e levantando-as de situa\u00e7\u00f5es desumanas. Jesus \u00e9 o amoroso misericordioso. Novamente aqui recordo-me de Francisco de Assis quando, na regra, escreve sobre observar o santo Evangelho de nosso Senhor Jesus Cristo. Essa \u00e9 a forma de vida dos frades, mas n\u00e3o s\u00f3, \u00e9 a forma de vida de todo crist\u00e3o. Tudo o que fizermos nesse sentido est\u00e1 na din\u00e2mica do seguimento fiel de Jesus. Em nosso tempo h\u00e1 desafios, velhos e novos, e \u00e9 nesse contexto que a Igreja deve atuar evangelicamente, fazendo, de forma misericordiosa, \u201co \u00f3bvio\u201d, no exerc\u00edcio da miss\u00e3o que lhe foi confiada pelo pr\u00f3prio Jesus.<\/p>\n<p><strong>Franciscanos &#8211; Deixe uma mensagem vocacional para terminar.<\/strong><br \/>\n<strong>Frei Jos\u00e9 Raimundo<\/strong> &#8211; A todos e de modo especial aos jovens, lembro que a\u00ed est\u00e1 nossa voca\u00e7\u00e3o. Deus nos convoca ao servi\u00e7o transformador do mundo, \u00e0 constru\u00e7\u00e3o do Reino, e, por consequ\u00eancia, \u00e0 santidade. V\u00e1rias s\u00e3o as formas de vida em que \u00e9 poss\u00edvel responder a esse chamado. Quem sabe voc\u00ea, jovem, encantado pelo Evangelho, n\u00e3o possa responder ao chamado de Deus como frade franciscano. Encantado pelo Evangelho, encante-se pelo genu\u00edno e evang\u00e9lico carisma franciscano.<\/p>\n<p><em>Entrevista a Moacir Beggo<\/em><\/p>\n<p>&nbsp;<\/p>\n","protected":false},"excerpt":{"rendered":"<p>Ordena\u00e7\u00e3o Presbiteral de Frei Jos\u00e9 Raimundo de Souza<\/p>\n","protected":false},"author":1,"featured_media":207179,"comment_status":"open","ping_status":"open","sticky":false,"template":"","format":"standard","meta":[],"categories":[1],"tags":[157,552],"acf":[],"yoast_head":"<!-- This site is optimized with the Yoast SEO plugin v19.2 - https:\/\/yoast.com\/wordpress\/plugins\/seo\/ -->\n<title>Frei Jos\u00e9 Raimundo ser\u00e1 ordenado presb\u00edtero - Not\u00edcias - Franciscanos<\/title>\n<meta name=\"robots\" content=\"index, follow, max-snippet:-1, max-image-preview:large, max-video-preview:-1\" \/>\n<link rel=\"canonical\" href=\"https:\/\/franciscanos.org.br\/noticias\/169349.html\" \/>\n<meta property=\"og:locale\" content=\"pt_BR\" \/>\n<meta property=\"og:type\" content=\"article\" \/>\n<meta property=\"og:title\" content=\"Frei Jos\u00e9 Raimundo ser\u00e1 ordenado presb\u00edtero - Not\u00edcias - Franciscanos\" \/>\n<meta property=\"og:description\" content=\"Ordena\u00e7\u00e3o Presbiteral de Frei Jos\u00e9 Raimundo de Souza\" \/>\n<meta property=\"og:url\" content=\"https:\/\/franciscanos.org.br\/noticias\/169349.html\" \/>\n<meta property=\"og:site_name\" content=\"Not\u00edcias - Franciscanos\" \/>\n<meta property=\"article:published_time\" content=\"2018-08-20T09:34:43+00:00\" \/>\n<meta property=\"article:modified_time\" content=\"2019-07-03T16:37:34+00:00\" \/>\n<meta property=\"og:image\" content=\"https:\/\/franciscanos.org.br\/noticias\/wp-content\/uploads\/2018\/08\/jose_200818.jpg\" \/>\n\t<meta property=\"og:image:width\" content=\"273\" \/>\n\t<meta property=\"og:image:height\" content=\"181\" \/>\n\t<meta property=\"og:image:type\" content=\"image\/jpeg\" \/>\n<meta name=\"author\" content=\"admin\" \/>\n<meta name=\"twitter:card\" content=\"summary_large_image\" \/>\n<meta name=\"twitter:label1\" content=\"Escrito por\" \/>\n\t<meta name=\"twitter:data1\" content=\"admin\" \/>\n\t<meta name=\"twitter:label2\" content=\"Est. tempo de leitura\" \/>\n\t<meta name=\"twitter:data2\" content=\"9 minutos\" \/>\n<script type=\"application\/ld+json\" class=\"yoast-schema-graph\">{\"@context\":\"https:\/\/schema.org\",\"@graph\":[{\"@type\":\"WebSite\",\"@id\":\"https:\/\/franciscanos.org.br\/noticias\/#website\",\"url\":\"https:\/\/franciscanos.org.br\/noticias\/\",\"name\":\"Not\u00edcias - Franciscanos\",\"description\":\"Prov\u00edncia Franciscana da Imaculada Concei\u00e7\u00e3o do Brasil - Ordem dos Frades Menores - OFM\",\"potentialAction\":[{\"@type\":\"SearchAction\",\"target\":{\"@type\":\"EntryPoint\",\"urlTemplate\":\"https:\/\/franciscanos.org.br\/noticias\/?s={search_term_string}\"},\"query-input\":\"required name=search_term_string\"}],\"inLanguage\":\"pt-BR\"},{\"@type\":\"ImageObject\",\"inLanguage\":\"pt-BR\",\"@id\":\"https:\/\/franciscanos.org.br\/noticias\/169349.html#primaryimage\",\"url\":\"https:\/\/franciscanos.org.br\/noticias\/wp-content\/uploads\/2018\/08\/jose_200818.jpg\",\"contentUrl\":\"https:\/\/franciscanos.org.br\/noticias\/wp-content\/uploads\/2018\/08\/jose_200818.jpg\",\"width\":273,\"height\":181},{\"@type\":\"WebPage\",\"@id\":\"https:\/\/franciscanos.org.br\/noticias\/169349.html#webpage\",\"url\":\"https:\/\/franciscanos.org.br\/noticias\/169349.html\",\"name\":\"Frei Jos\u00e9 Raimundo ser\u00e1 ordenado presb\u00edtero - Not\u00edcias - Franciscanos\",\"isPartOf\":{\"@id\":\"https:\/\/franciscanos.org.br\/noticias\/#website\"},\"primaryImageOfPage\":{\"@id\":\"https:\/\/franciscanos.org.br\/noticias\/169349.html#primaryimage\"},\"datePublished\":\"2018-08-20T09:34:43+00:00\",\"dateModified\":\"2019-07-03T16:37:34+00:00\",\"author\":{\"@id\":\"https:\/\/franciscanos.org.br\/noticias\/#\/schema\/person\/b38fbf43118f02820bd932f2e4b14ad3\"},\"breadcrumb\":{\"@id\":\"https:\/\/franciscanos.org.br\/noticias\/169349.html#breadcrumb\"},\"inLanguage\":\"pt-BR\",\"potentialAction\":[{\"@type\":\"ReadAction\",\"target\":[\"https:\/\/franciscanos.org.br\/noticias\/169349.html\"]}]},{\"@type\":\"BreadcrumbList\",\"@id\":\"https:\/\/franciscanos.org.br\/noticias\/169349.html#breadcrumb\",\"itemListElement\":[{\"@type\":\"ListItem\",\"position\":1,\"name\":\"Home\",\"item\":\"https:\/\/franciscanos.org.br\/noticias\"},{\"@type\":\"ListItem\",\"position\":2,\"name\":\"Frei Jos\u00e9 Raimundo ser\u00e1 ordenado presb\u00edtero\"}]},{\"@type\":\"Person\",\"@id\":\"https:\/\/franciscanos.org.br\/noticias\/#\/schema\/person\/b38fbf43118f02820bd932f2e4b14ad3\",\"name\":\"admin\",\"image\":{\"@type\":\"ImageObject\",\"inLanguage\":\"pt-BR\",\"@id\":\"https:\/\/franciscanos.org.br\/noticias\/#\/schema\/person\/image\/\",\"url\":\"https:\/\/secure.gravatar.com\/avatar\/e8495742d34d0ba6448ea1c628263b3e?s=96&d=mm&r=g\",\"contentUrl\":\"https:\/\/secure.gravatar.com\/avatar\/e8495742d34d0ba6448ea1c628263b3e?s=96&d=mm&r=g\",\"caption\":\"admin\"},\"url\":\"https:\/\/franciscanos.org.br\/noticias\/author\/admin\"}]}<\/script>\n<!-- \/ Yoast SEO plugin. -->","yoast_head_json":{"title":"Frei Jos\u00e9 Raimundo ser\u00e1 ordenado presb\u00edtero - Not\u00edcias - Franciscanos","robots":{"index":"index","follow":"follow","max-snippet":"max-snippet:-1","max-image-preview":"max-image-preview:large","max-video-preview":"max-video-preview:-1"},"canonical":"https:\/\/franciscanos.org.br\/noticias\/169349.html","og_locale":"pt_BR","og_type":"article","og_title":"Frei Jos\u00e9 Raimundo ser\u00e1 ordenado presb\u00edtero - Not\u00edcias - Franciscanos","og_description":"Ordena\u00e7\u00e3o Presbiteral de Frei Jos\u00e9 Raimundo de Souza","og_url":"https:\/\/franciscanos.org.br\/noticias\/169349.html","og_site_name":"Not\u00edcias - Franciscanos","article_published_time":"2018-08-20T09:34:43+00:00","article_modified_time":"2019-07-03T16:37:34+00:00","og_image":[{"width":273,"height":181,"url":"https:\/\/franciscanos.org.br\/noticias\/wp-content\/uploads\/2018\/08\/jose_200818.jpg","type":"image\/jpeg"}],"author":"admin","twitter_card":"summary_large_image","twitter_misc":{"Escrito por":"admin","Est. tempo de leitura":"9 minutos"},"schema":{"@context":"https:\/\/schema.org","@graph":[{"@type":"WebSite","@id":"https:\/\/franciscanos.org.br\/noticias\/#website","url":"https:\/\/franciscanos.org.br\/noticias\/","name":"Not\u00edcias - Franciscanos","description":"Prov\u00edncia Franciscana da Imaculada Concei\u00e7\u00e3o do Brasil - Ordem dos Frades Menores - OFM","potentialAction":[{"@type":"SearchAction","target":{"@type":"EntryPoint","urlTemplate":"https:\/\/franciscanos.org.br\/noticias\/?s={search_term_string}"},"query-input":"required name=search_term_string"}],"inLanguage":"pt-BR"},{"@type":"ImageObject","inLanguage":"pt-BR","@id":"https:\/\/franciscanos.org.br\/noticias\/169349.html#primaryimage","url":"https:\/\/franciscanos.org.br\/noticias\/wp-content\/uploads\/2018\/08\/jose_200818.jpg","contentUrl":"https:\/\/franciscanos.org.br\/noticias\/wp-content\/uploads\/2018\/08\/jose_200818.jpg","width":273,"height":181},{"@type":"WebPage","@id":"https:\/\/franciscanos.org.br\/noticias\/169349.html#webpage","url":"https:\/\/franciscanos.org.br\/noticias\/169349.html","name":"Frei Jos\u00e9 Raimundo ser\u00e1 ordenado presb\u00edtero - Not\u00edcias - Franciscanos","isPartOf":{"@id":"https:\/\/franciscanos.org.br\/noticias\/#website"},"primaryImageOfPage":{"@id":"https:\/\/franciscanos.org.br\/noticias\/169349.html#primaryimage"},"datePublished":"2018-08-20T09:34:43+00:00","dateModified":"2019-07-03T16:37:34+00:00","author":{"@id":"https:\/\/franciscanos.org.br\/noticias\/#\/schema\/person\/b38fbf43118f02820bd932f2e4b14ad3"},"breadcrumb":{"@id":"https:\/\/franciscanos.org.br\/noticias\/169349.html#breadcrumb"},"inLanguage":"pt-BR","potentialAction":[{"@type":"ReadAction","target":["https:\/\/franciscanos.org.br\/noticias\/169349.html"]}]},{"@type":"BreadcrumbList","@id":"https:\/\/franciscanos.org.br\/noticias\/169349.html#breadcrumb","itemListElement":[{"@type":"ListItem","position":1,"name":"Home","item":"https:\/\/franciscanos.org.br\/noticias"},{"@type":"ListItem","position":2,"name":"Frei Jos\u00e9 Raimundo ser\u00e1 ordenado presb\u00edtero"}]},{"@type":"Person","@id":"https:\/\/franciscanos.org.br\/noticias\/#\/schema\/person\/b38fbf43118f02820bd932f2e4b14ad3","name":"admin","image":{"@type":"ImageObject","inLanguage":"pt-BR","@id":"https:\/\/franciscanos.org.br\/noticias\/#\/schema\/person\/image\/","url":"https:\/\/secure.gravatar.com\/avatar\/e8495742d34d0ba6448ea1c628263b3e?s=96&d=mm&r=g","contentUrl":"https:\/\/secure.gravatar.com\/avatar\/e8495742d34d0ba6448ea1c628263b3e?s=96&d=mm&r=g","caption":"admin"},"url":"https:\/\/franciscanos.org.br\/noticias\/author\/admin"}]}},"_links":{"self":[{"href":"https:\/\/franciscanos.org.br\/noticias\/wp-json\/wp\/v2\/posts\/169349"}],"collection":[{"href":"https:\/\/franciscanos.org.br\/noticias\/wp-json\/wp\/v2\/posts"}],"about":[{"href":"https:\/\/franciscanos.org.br\/noticias\/wp-json\/wp\/v2\/types\/post"}],"author":[{"embeddable":true,"href":"https:\/\/franciscanos.org.br\/noticias\/wp-json\/wp\/v2\/users\/1"}],"replies":[{"embeddable":true,"href":"https:\/\/franciscanos.org.br\/noticias\/wp-json\/wp\/v2\/comments?post=169349"}],"version-history":[{"count":0,"href":"https:\/\/franciscanos.org.br\/noticias\/wp-json\/wp\/v2\/posts\/169349\/revisions"}],"wp:featuredmedia":[{"embeddable":true,"href":"https:\/\/franciscanos.org.br\/noticias\/wp-json\/wp\/v2\/media\/207179"}],"wp:attachment":[{"href":"https:\/\/franciscanos.org.br\/noticias\/wp-json\/wp\/v2\/media?parent=169349"}],"wp:term":[{"taxonomy":"category","embeddable":true,"href":"https:\/\/franciscanos.org.br\/noticias\/wp-json\/wp\/v2\/categories?post=169349"},{"taxonomy":"post_tag","embeddable":true,"href":"https:\/\/franciscanos.org.br\/noticias\/wp-json\/wp\/v2\/tags?post=169349"}],"curies":[{"name":"wp","href":"https:\/\/api.w.org\/{rel}","templated":true}]}}