{"id":169276,"date":"2018-08-20T00:11:13","date_gmt":"2018-08-20T03:11:13","guid":{"rendered":"http:\/\/franciscanos.org.br\/?p=169276"},"modified":"2021-04-19T22:28:32","modified_gmt":"2021-04-20T01:28:32","slug":"diocese-de-petropolis-celebra-o-dia-da-vida-religiosa-em-teresopolis-rj","status":"publish","type":"post","link":"https:\/\/franciscanos.org.br\/noticias\/diocese-de-petropolis-celebra-o-dia-da-vida-religiosa-em-teresopolis-rj.html","title":{"rendered":"Diocese de Petr\u00f3polis (RJ) celebra o dia da Vida Religiosa"},"content":{"rendered":"<p><img loading=\"lazy\" src=\"http:\/\/franciscanos.org.br\/wp-content\/uploads\/2018\/08\/religiosos_petropolis_190818.jpg\" alt=\"religiosos_petropolis_190818\" width=\"830\" height=\"400\" \/><\/p>\n<p><strong>Teres\u00f3polis (RJ) &#8211;<\/strong> Celebrando o dia da Vida Religiosa, religiosos e religiosas de v\u00e1rias Ordens e Congrega\u00e7\u00f5es dos n\u00facleos da Confer\u00eancia dos Religiosos do Brasil (CRB) de Teres\u00f3polis e Petr\u00f3polis (RJ) reuniram-se no dia (18\/08), em Teres\u00f3polis para o II Congresso da Vida Religiosa, que teve como tema: &#8220;Carisma: do Esp\u00edrito, do Fundador, do Indiv\u00edduo&#8221;.<\/p>\n<p>\u201cSomos caminheiros ao servi\u00e7o do Senhor\u201d e neste esp\u00edrito fez-se a ora\u00e7\u00e3o e reflex\u00e3o inicial atrav\u00e9s da celebra\u00e7\u00e3o da Via-Sacra Vocacional. Momento onde, caminhando, recordaram-se os passos de Jesus, trazendo as realidades mais diversas da miss\u00e3o do consagrado. Rezou-se pelas diversas voca\u00e7\u00f5es e agradeceu-se ao Senhor pelo dom da Voca\u00e7\u00e3o e pelo servi\u00e7o em prol do Reino de Deus. O religioso busca ser no tempo de hoje, um sinal prof\u00e9tico do amor, da partilha e da fraternidade. Deve ter a coragem de anunciar o Evangelho no tempo atual, com alegria.<\/p>\n<p><img loading=\"lazy\" src=\"http:\/\/franciscanos.org.br\/wp-content\/uploads\/2018\/08\/religiosos_petropolis_190818_1.jpg\" alt=\"religiosos_petropolis_190818_1\" width=\"830\" height=\"400\" \/><\/p>\n<p>No per\u00edodo da tarde, o Bispo diocesano de Petrop\u00f3lis, Dom Greg\u00f3rio Paix\u00e3o, OSB, conduziu a reflex\u00e3o e os estudos sobre o tema do Congresso: Carisma: do Esp\u00edrito, do fundador, do indiv\u00edduo. Ele recordou que a gra\u00e7a de viver uma vida nova, de viver o Carisma que vem do Esp\u00edrito Santo se faz presente na obra fundacional de cada instituto que acolhe a vontade de Deus e da Igreja. \u201cCada carisma \u00e9 sempre algo novo dado por Deus \u00e0 Igreja\u201d, destacou.<\/p>\n<p>Dom Greg\u00f3rio refor\u00e7ou que o Fundador de cada congrega\u00e7\u00e3o \u00e9 um trabalhador de Deus, um canal da beleza divina, por isso cada congrega\u00e7\u00e3o tem sua beleza. E a riqueza da Igreja est\u00e1 nos diferentes carismas, para que n\u00e3o falte ao mundo a beleza do cora\u00e7\u00e3o de Deus.<\/p>\n<p><img loading=\"lazy\" src=\"http:\/\/franciscanos.org.br\/wp-content\/uploads\/2018\/08\/religiosos_petropolis_190818_2.jpg\" alt=\"religiosos_petropolis_190818_2\" width=\"830\" height=\"400\" \/><\/p>\n<p>Dom Greg\u00f3rio ainda desafiou os participantes a deixarem de lado aquilo que n\u00e3o \u00e9 essencial ao carisma, fazer uma revis\u00e3o da Vida Religiosa, tendo em vista as influ\u00eancias que adentram nos institutos e a abra\u00e7arem de fato aquilo que \u00e9 essencial. Por fim, ter a coragem de retirar os excessos e tentar enxergar o que o Esp\u00edrito Santo inspira a cada Carisma, vivendo-o com alegria e entusiasmo.<\/p>\n<p>\u201cA Vida Religiosa se faz presente e floresce em nossa Diocese de Petr\u00f3polis. Somos gratos ao Senhor por todos os dons e gra\u00e7as que recebemos de suas m\u00e3os\u201d, revelou o bispo.<\/p>\n<p>O encontro encerrou-se com a Santa Missa presidida por Dom Greg\u00f3rio, rendendo gra\u00e7as a Deus pelas voca\u00e7\u00f5es religiosas e consagradas.<\/p>\n<blockquote><p><strong>Irm\u00e3 Edilene Ferreira Reis, CFA<\/strong><br \/>\n<strong> Frei Pedro Renato P. da Silva, OFM<\/strong><\/p><\/blockquote>\n","protected":false},"excerpt":{"rendered":"<p>Religiosos do RJ<\/p>\n","protected":false},"author":1,"featured_media":207235,"comment_status":"open","ping_status":"open","sticky":false,"template":"","format":"standard","meta":[],"categories":[1],"tags":[400,190],"acf":[],"yoast_head":"<!-- This site is optimized with the Yoast SEO plugin v19.2 - https:\/\/yoast.com\/wordpress\/plugins\/seo\/ -->\n<title>Diocese de Petr\u00f3polis (RJ) celebra o dia da Vida Religiosa - Not\u00edcias - Franciscanos<\/title>\n<meta name=\"robots\" content=\"index, follow, max-snippet:-1, max-image-preview:large, max-video-preview:-1\" \/>\n<link rel=\"canonical\" href=\"https:\/\/franciscanos.org.br\/noticias\/diocese-de-petropolis-celebra-o-dia-da-vida-religiosa-em-teresopolis-rj.html\" \/>\n<meta property=\"og:locale\" content=\"pt_BR\" \/>\n<meta property=\"og:type\" content=\"article\" \/>\n<meta property=\"og:title\" content=\"Diocese de Petr\u00f3polis (RJ) celebra o dia da Vida Religiosa - Not\u00edcias - Franciscanos\" \/>\n<meta property=\"og:description\" content=\"Religiosos do RJ\" \/>\n<meta property=\"og:url\" content=\"https:\/\/franciscanos.org.br\/noticias\/diocese-de-petropolis-celebra-o-dia-da-vida-religiosa-em-teresopolis-rj.html\" \/>\n<meta property=\"og:site_name\" content=\"Not\u00edcias - Franciscanos\" \/>\n<meta property=\"article:published_time\" content=\"2018-08-20T03:11:13+00:00\" \/>\n<meta property=\"article:modified_time\" content=\"2021-04-20T01:28:32+00:00\" \/>\n<meta property=\"og:image\" content=\"https:\/\/franciscanos.org.br\/noticias\/wp-content\/uploads\/2018\/08\/religiosos_petropolis_190818_1-1.jpg\" \/>\n\t<meta property=\"og:image:width\" content=\"273\" \/>\n\t<meta property=\"og:image:height\" content=\"181\" \/>\n\t<meta property=\"og:image:type\" content=\"image\/jpeg\" \/>\n<meta name=\"author\" content=\"admin\" \/>\n<meta name=\"twitter:card\" content=\"summary_large_image\" \/>\n<meta name=\"twitter:label1\" content=\"Escrito por\" \/>\n\t<meta name=\"twitter:data1\" content=\"admin\" \/>\n\t<meta name=\"twitter:label2\" content=\"Est. tempo de leitura\" \/>\n\t<meta name=\"twitter:data2\" content=\"2 minutos\" \/>\n<script type=\"application\/ld+json\" class=\"yoast-schema-graph\">{\"@context\":\"https:\/\/schema.org\",\"@graph\":[{\"@type\":\"WebSite\",\"@id\":\"https:\/\/franciscanos.org.br\/noticias\/#website\",\"url\":\"https:\/\/franciscanos.org.br\/noticias\/\",\"name\":\"Not\u00edcias - Franciscanos\",\"description\":\"Prov\u00edncia Franciscana da Imaculada Concei\u00e7\u00e3o do Brasil - Ordem dos Frades Menores - OFM\",\"potentialAction\":[{\"@type\":\"SearchAction\",\"target\":{\"@type\":\"EntryPoint\",\"urlTemplate\":\"https:\/\/franciscanos.org.br\/noticias\/?s={search_term_string}\"},\"query-input\":\"required name=search_term_string\"}],\"inLanguage\":\"pt-BR\"},{\"@type\":\"ImageObject\",\"inLanguage\":\"pt-BR\",\"@id\":\"https:\/\/franciscanos.org.br\/noticias\/diocese-de-petropolis-celebra-o-dia-da-vida-religiosa-em-teresopolis-rj.html#primaryimage\",\"url\":\"https:\/\/franciscanos.org.br\/noticias\/wp-content\/uploads\/2018\/08\/religiosos_petropolis_190818_1-1.jpg\",\"contentUrl\":\"https:\/\/franciscanos.org.br\/noticias\/wp-content\/uploads\/2018\/08\/religiosos_petropolis_190818_1-1.jpg\",\"width\":273,\"height\":181},{\"@type\":\"WebPage\",\"@id\":\"https:\/\/franciscanos.org.br\/noticias\/diocese-de-petropolis-celebra-o-dia-da-vida-religiosa-em-teresopolis-rj.html#webpage\",\"url\":\"https:\/\/franciscanos.org.br\/noticias\/diocese-de-petropolis-celebra-o-dia-da-vida-religiosa-em-teresopolis-rj.html\",\"name\":\"Diocese de Petr\u00f3polis (RJ) celebra o dia da Vida Religiosa - Not\u00edcias - Franciscanos\",\"isPartOf\":{\"@id\":\"https:\/\/franciscanos.org.br\/noticias\/#website\"},\"primaryImageOfPage\":{\"@id\":\"https:\/\/franciscanos.org.br\/noticias\/diocese-de-petropolis-celebra-o-dia-da-vida-religiosa-em-teresopolis-rj.html#primaryimage\"},\"datePublished\":\"2018-08-20T03:11:13+00:00\",\"dateModified\":\"2021-04-20T01:28:32+00:00\",\"author\":{\"@id\":\"https:\/\/franciscanos.org.br\/noticias\/#\/schema\/person\/b38fbf43118f02820bd932f2e4b14ad3\"},\"breadcrumb\":{\"@id\":\"https:\/\/franciscanos.org.br\/noticias\/diocese-de-petropolis-celebra-o-dia-da-vida-religiosa-em-teresopolis-rj.html#breadcrumb\"},\"inLanguage\":\"pt-BR\",\"potentialAction\":[{\"@type\":\"ReadAction\",\"target\":[\"https:\/\/franciscanos.org.br\/noticias\/diocese-de-petropolis-celebra-o-dia-da-vida-religiosa-em-teresopolis-rj.html\"]}]},{\"@type\":\"BreadcrumbList\",\"@id\":\"https:\/\/franciscanos.org.br\/noticias\/diocese-de-petropolis-celebra-o-dia-da-vida-religiosa-em-teresopolis-rj.html#breadcrumb\",\"itemListElement\":[{\"@type\":\"ListItem\",\"position\":1,\"name\":\"Home\",\"item\":\"https:\/\/franciscanos.org.br\/noticias\"},{\"@type\":\"ListItem\",\"position\":2,\"name\":\"Diocese de Petr\u00f3polis (RJ) celebra o dia da Vida Religiosa\"}]},{\"@type\":\"Person\",\"@id\":\"https:\/\/franciscanos.org.br\/noticias\/#\/schema\/person\/b38fbf43118f02820bd932f2e4b14ad3\",\"name\":\"admin\",\"image\":{\"@type\":\"ImageObject\",\"inLanguage\":\"pt-BR\",\"@id\":\"https:\/\/franciscanos.org.br\/noticias\/#\/schema\/person\/image\/\",\"url\":\"https:\/\/secure.gravatar.com\/avatar\/e8495742d34d0ba6448ea1c628263b3e?s=96&d=mm&r=g\",\"contentUrl\":\"https:\/\/secure.gravatar.com\/avatar\/e8495742d34d0ba6448ea1c628263b3e?s=96&d=mm&r=g\",\"caption\":\"admin\"},\"url\":\"https:\/\/franciscanos.org.br\/noticias\/author\/admin\"}]}<\/script>\n<!-- \/ Yoast SEO plugin. -->","yoast_head_json":{"title":"Diocese de Petr\u00f3polis (RJ) celebra o dia da Vida Religiosa - Not\u00edcias - Franciscanos","robots":{"index":"index","follow":"follow","max-snippet":"max-snippet:-1","max-image-preview":"max-image-preview:large","max-video-preview":"max-video-preview:-1"},"canonical":"https:\/\/franciscanos.org.br\/noticias\/diocese-de-petropolis-celebra-o-dia-da-vida-religiosa-em-teresopolis-rj.html","og_locale":"pt_BR","og_type":"article","og_title":"Diocese de Petr\u00f3polis (RJ) celebra o dia da Vida Religiosa - Not\u00edcias - Franciscanos","og_description":"Religiosos do RJ","og_url":"https:\/\/franciscanos.org.br\/noticias\/diocese-de-petropolis-celebra-o-dia-da-vida-religiosa-em-teresopolis-rj.html","og_site_name":"Not\u00edcias - Franciscanos","article_published_time":"2018-08-20T03:11:13+00:00","article_modified_time":"2021-04-20T01:28:32+00:00","og_image":[{"width":273,"height":181,"url":"https:\/\/franciscanos.org.br\/noticias\/wp-content\/uploads\/2018\/08\/religiosos_petropolis_190818_1-1.jpg","type":"image\/jpeg"}],"author":"admin","twitter_card":"summary_large_image","twitter_misc":{"Escrito por":"admin","Est. tempo de leitura":"2 minutos"},"schema":{"@context":"https:\/\/schema.org","@graph":[{"@type":"WebSite","@id":"https:\/\/franciscanos.org.br\/noticias\/#website","url":"https:\/\/franciscanos.org.br\/noticias\/","name":"Not\u00edcias - Franciscanos","description":"Prov\u00edncia Franciscana da Imaculada Concei\u00e7\u00e3o do Brasil - Ordem dos Frades Menores - OFM","potentialAction":[{"@type":"SearchAction","target":{"@type":"EntryPoint","urlTemplate":"https:\/\/franciscanos.org.br\/noticias\/?s={search_term_string}"},"query-input":"required name=search_term_string"}],"inLanguage":"pt-BR"},{"@type":"ImageObject","inLanguage":"pt-BR","@id":"https:\/\/franciscanos.org.br\/noticias\/diocese-de-petropolis-celebra-o-dia-da-vida-religiosa-em-teresopolis-rj.html#primaryimage","url":"https:\/\/franciscanos.org.br\/noticias\/wp-content\/uploads\/2018\/08\/religiosos_petropolis_190818_1-1.jpg","contentUrl":"https:\/\/franciscanos.org.br\/noticias\/wp-content\/uploads\/2018\/08\/religiosos_petropolis_190818_1-1.jpg","width":273,"height":181},{"@type":"WebPage","@id":"https:\/\/franciscanos.org.br\/noticias\/diocese-de-petropolis-celebra-o-dia-da-vida-religiosa-em-teresopolis-rj.html#webpage","url":"https:\/\/franciscanos.org.br\/noticias\/diocese-de-petropolis-celebra-o-dia-da-vida-religiosa-em-teresopolis-rj.html","name":"Diocese de Petr\u00f3polis (RJ) celebra o dia da Vida Religiosa - Not\u00edcias - Franciscanos","isPartOf":{"@id":"https:\/\/franciscanos.org.br\/noticias\/#website"},"primaryImageOfPage":{"@id":"https:\/\/franciscanos.org.br\/noticias\/diocese-de-petropolis-celebra-o-dia-da-vida-religiosa-em-teresopolis-rj.html#primaryimage"},"datePublished":"2018-08-20T03:11:13+00:00","dateModified":"2021-04-20T01:28:32+00:00","author":{"@id":"https:\/\/franciscanos.org.br\/noticias\/#\/schema\/person\/b38fbf43118f02820bd932f2e4b14ad3"},"breadcrumb":{"@id":"https:\/\/franciscanos.org.br\/noticias\/diocese-de-petropolis-celebra-o-dia-da-vida-religiosa-em-teresopolis-rj.html#breadcrumb"},"inLanguage":"pt-BR","potentialAction":[{"@type":"ReadAction","target":["https:\/\/franciscanos.org.br\/noticias\/diocese-de-petropolis-celebra-o-dia-da-vida-religiosa-em-teresopolis-rj.html"]}]},{"@type":"BreadcrumbList","@id":"https:\/\/franciscanos.org.br\/noticias\/diocese-de-petropolis-celebra-o-dia-da-vida-religiosa-em-teresopolis-rj.html#breadcrumb","itemListElement":[{"@type":"ListItem","position":1,"name":"Home","item":"https:\/\/franciscanos.org.br\/noticias"},{"@type":"ListItem","position":2,"name":"Diocese de Petr\u00f3polis (RJ) celebra o dia da Vida Religiosa"}]},{"@type":"Person","@id":"https:\/\/franciscanos.org.br\/noticias\/#\/schema\/person\/b38fbf43118f02820bd932f2e4b14ad3","name":"admin","image":{"@type":"ImageObject","inLanguage":"pt-BR","@id":"https:\/\/franciscanos.org.br\/noticias\/#\/schema\/person\/image\/","url":"https:\/\/secure.gravatar.com\/avatar\/e8495742d34d0ba6448ea1c628263b3e?s=96&d=mm&r=g","contentUrl":"https:\/\/secure.gravatar.com\/avatar\/e8495742d34d0ba6448ea1c628263b3e?s=96&d=mm&r=g","caption":"admin"},"url":"https:\/\/franciscanos.org.br\/noticias\/author\/admin"}]}},"_links":{"self":[{"href":"https:\/\/franciscanos.org.br\/noticias\/wp-json\/wp\/v2\/posts\/169276"}],"collection":[{"href":"https:\/\/franciscanos.org.br\/noticias\/wp-json\/wp\/v2\/posts"}],"about":[{"href":"https:\/\/franciscanos.org.br\/noticias\/wp-json\/wp\/v2\/types\/post"}],"author":[{"embeddable":true,"href":"https:\/\/franciscanos.org.br\/noticias\/wp-json\/wp\/v2\/users\/1"}],"replies":[{"embeddable":true,"href":"https:\/\/franciscanos.org.br\/noticias\/wp-json\/wp\/v2\/comments?post=169276"}],"version-history":[{"count":1,"href":"https:\/\/franciscanos.org.br\/noticias\/wp-json\/wp\/v2\/posts\/169276\/revisions"}],"predecessor-version":[{"id":231729,"href":"https:\/\/franciscanos.org.br\/noticias\/wp-json\/wp\/v2\/posts\/169276\/revisions\/231729"}],"wp:featuredmedia":[{"embeddable":true,"href":"https:\/\/franciscanos.org.br\/noticias\/wp-json\/wp\/v2\/media\/207235"}],"wp:attachment":[{"href":"https:\/\/franciscanos.org.br\/noticias\/wp-json\/wp\/v2\/media?parent=169276"}],"wp:term":[{"taxonomy":"category","embeddable":true,"href":"https:\/\/franciscanos.org.br\/noticias\/wp-json\/wp\/v2\/categories?post=169276"},{"taxonomy":"post_tag","embeddable":true,"href":"https:\/\/franciscanos.org.br\/noticias\/wp-json\/wp\/v2\/tags?post=169276"}],"curies":[{"name":"wp","href":"https:\/\/api.w.org\/{rel}","templated":true}]}}