{"id":169204,"date":"2018-08-17T14:28:51","date_gmt":"2018-08-17T17:28:51","guid":{"rendered":"http:\/\/franciscanos.org.br\/?p=169204"},"modified":"2019-09-12T09:50:21","modified_gmt":"2019-09-12T12:50:21","slug":"franciscanos-transformam-vagao-de-trem-em-convento","status":"publish","type":"post","link":"https:\/\/franciscanos.org.br\/noticias\/franciscanos-transformam-vagao-de-trem-em-convento.html","title":{"rendered":"Franciscanos transformam vag\u00f5es de trem em convento"},"content":{"rendered":"<p><img loading=\"lazy\" src=\"http:\/\/franciscanos.org.br\/wp-content\/uploads\/2018\/08\/vagao_170818-830.jpg\" alt=\"vagao_170818 830\" width=\"830\" height=\"401\" \/><\/p>\n<p>Quando\u00a0pensamos em um convento, imaginamos uma constru\u00e7\u00e3o formada por claustro, p\u00e1tios, capela e outros espa\u00e7os. Este n\u00e3o \u00e9 o caso de um grupo de frades franciscanos no Sul da It\u00e1lia, que adaptou vag\u00f5es de trem para o uso religioso.<\/p>\n<p>O convento dos Frades Menores Renovados, conhecido como \u201cA esta\u00e7\u00e3o da alma\u201d, est\u00e1 localizado no bairro de Scampia, uma das regi\u00f5es mais perigosas e pobres da cidade de N\u00e1poles, It\u00e1lia.<\/p>\n<p>No local, h\u00e1 cinco vag\u00f5es que s\u00e3o utilizados como claustro, capela e espa\u00e7os comuns. Tamb\u00e9m h\u00e1 um jardim, um cont\u00eainer, que foi adaptado para receber as visitas e uma oficina.<\/p>\n<p>O superior do convento, Frei Carlo, disse ao jornal \u201cCorriere del Mezzogiorno\u201d que estes vag\u00f5es \u201cforam doados pela Ferrovi\u00e1ria Estatal, que os colocou com gruas no terreno, que foi doado por um morador local.<\/p>\n<p>\u201cN\u00f3s n\u00e3o escolhemos viver nos vag\u00f5es, n\u00e3o foi algo programado. Quando chegamos aqui, esper\u00e1vamos cont\u00eaineres e enquanto aguard\u00e1vamos, adaptamos estes vag\u00f5es abandonados, que datam da d\u00e9cada de 40. Era uma situa\u00e7\u00e3o provis\u00f3ria, mas que se converteu em nosso estilo de vida\u201d, disse \u00e0 rede de televis\u00e3o italiana Rai1 outro grupo de frades.<\/p>\n<p>Segundo Frei Carlo, os oito religiosos da comunidade n\u00e3o tem recursos pr\u00f3prios. \u201cN\u00e3o temos dinheiro, sobrevivemos gra\u00e7as a generosidade dos napolitanos que nos trazem comida e dividimos o que nos resta com os necessitados\u201d.<\/p>\n<p>\u201cO trem representa o caminho itinerante, mas tamb\u00e9m a simplicidade e a precariedade\u201d, afirmou o superior ao portal\u201c<a href=\"http:\/\/www.famigliacristiana.it\/fotogallery\/napoli-quei-frati-in-treno-la-stazione-dell-anima-.aspx\" target=\"_blank\" rel=\"noopener noreferrer\">Famiglia Cristiana<\/a>\u201d.<\/p>\n<p>\u201cCom estes valores buscamos recuperar a espiritualidade e os ensinamentos de S\u00e3o Francisco. Tamb\u00e9m como viajamos constantemente, porque nada \u00e9 nosso, n\u00e3o podemos fixar ra\u00edzes em nada\u201d, acrescentou.<\/p>\n<p>Como parte de seu apostolado, os Frades Menores Renovados colaboram com uma par\u00f3quia local, onde celebram missas, visitam hospitais, pres\u00eddios e casas.<\/p>\n<p>\u201cAqui sempre nos visitam, vem e pegam o que serve para elas. Tamb\u00e9m alguns de nossos frades caminham pelo bairro e conhecem a realidade das pessoas da regi\u00e3o. N\u00f3s tratamos de dar consolo e falar com eles. Especialmente buscamos escut\u00e1-los e fazer com que eles vejam a vida com olhos mais crist\u00e3os\u201d, expressou o superior da comunidade.<\/p>\n<p>Frei Carlo disse ao \u201cCorriere del Mezzogiorno\u201d que no bairro de Scampia \u201ca degrada\u00e7\u00e3o e o envolvimento com o crime \u00e9 muito intenso. No entanto, muitos fi\u00e9is est\u00e3o dispostos a sair desta realidade e nos buscam para ter consolo. Alguns gostariam de sair do \u2018sistema\u2019, mas poucos conseguem, porque j\u00e1 est\u00e3o muito envolvidos\u201d.<\/p>\n<p>A Ordem dos Frades Menores Renovados est\u00e1 presente em outras partes da It\u00e1lia e em pa\u00edses como Col\u00f4mbia e Tanz\u00e2nia. Eles n\u00e3o est\u00e3o ligados \u00e0 Ordem dos Frades Menores.<\/p>\n<p>Fonte:\u00a0<a href=\"https:\/\/www.aciprensa.com\/noticias\/fotos-la-estacion-del-alma-monjes-adaptan-vagones-de-tren-como-nuevo-convento-32170\" target=\"_blank\" rel=\"noopener noreferrer\">ACIPrensa<\/a><\/p>\n<p>Confira reportagem em italiano:<\/p>\n<p><iframe loading=\"lazy\" src=\"https:\/\/www.youtube.com\/embed\/_x3E5v0AJ4s\" width=\"100%\" height=\"420\" frameborder=\"0\" allowfullscreen=\"allowfullscreen\"><\/iframe><\/p>\n","protected":false},"excerpt":{"rendered":"<p>Ordem Franciscana<\/p>\n","protected":false},"author":1,"featured_media":207247,"comment_status":"open","ping_status":"open","sticky":false,"template":"","format":"standard","meta":[],"categories":[1],"tags":[52,473,397,652],"acf":[],"yoast_head":"<!-- This site is optimized with the Yoast SEO plugin v19.2 - https:\/\/yoast.com\/wordpress\/plugins\/seo\/ -->\n<title>Franciscanos transformam vag\u00f5es de trem em convento - Not\u00edcias - Franciscanos<\/title>\n<meta name=\"robots\" content=\"index, follow, max-snippet:-1, max-image-preview:large, max-video-preview:-1\" \/>\n<link rel=\"canonical\" href=\"https:\/\/franciscanos.org.br\/noticias\/franciscanos-transformam-vagao-de-trem-em-convento.html\" \/>\n<meta property=\"og:locale\" content=\"pt_BR\" \/>\n<meta property=\"og:type\" content=\"article\" \/>\n<meta property=\"og:title\" content=\"Franciscanos transformam vag\u00f5es de trem em convento - Not\u00edcias - Franciscanos\" \/>\n<meta property=\"og:description\" content=\"Ordem Franciscana\" \/>\n<meta property=\"og:url\" content=\"https:\/\/franciscanos.org.br\/noticias\/franciscanos-transformam-vagao-de-trem-em-convento.html\" \/>\n<meta property=\"og:site_name\" content=\"Not\u00edcias - Franciscanos\" \/>\n<meta property=\"article:published_time\" content=\"2018-08-17T17:28:51+00:00\" \/>\n<meta property=\"article:modified_time\" content=\"2019-09-12T12:50:21+00:00\" \/>\n<meta property=\"og:image\" content=\"https:\/\/franciscanos.org.br\/noticias\/wp-content\/uploads\/2018\/08\/vagao_170818-830.jpg\" \/>\n\t<meta property=\"og:image:width\" content=\"273\" \/>\n\t<meta property=\"og:image:height\" content=\"181\" \/>\n\t<meta property=\"og:image:type\" content=\"image\/jpeg\" \/>\n<meta name=\"author\" content=\"admin\" \/>\n<meta name=\"twitter:card\" content=\"summary_large_image\" \/>\n<meta name=\"twitter:label1\" content=\"Escrito por\" \/>\n\t<meta name=\"twitter:data1\" content=\"admin\" \/>\n\t<meta name=\"twitter:label2\" content=\"Est. tempo de leitura\" \/>\n\t<meta name=\"twitter:data2\" content=\"2 minutos\" \/>\n<script type=\"application\/ld+json\" class=\"yoast-schema-graph\">{\"@context\":\"https:\/\/schema.org\",\"@graph\":[{\"@type\":\"WebSite\",\"@id\":\"https:\/\/franciscanos.org.br\/noticias\/#website\",\"url\":\"https:\/\/franciscanos.org.br\/noticias\/\",\"name\":\"Not\u00edcias - Franciscanos\",\"description\":\"Prov\u00edncia Franciscana da Imaculada Concei\u00e7\u00e3o do Brasil - Ordem dos Frades Menores - OFM\",\"potentialAction\":[{\"@type\":\"SearchAction\",\"target\":{\"@type\":\"EntryPoint\",\"urlTemplate\":\"https:\/\/franciscanos.org.br\/noticias\/?s={search_term_string}\"},\"query-input\":\"required name=search_term_string\"}],\"inLanguage\":\"pt-BR\"},{\"@type\":\"ImageObject\",\"inLanguage\":\"pt-BR\",\"@id\":\"https:\/\/franciscanos.org.br\/noticias\/franciscanos-transformam-vagao-de-trem-em-convento.html#primaryimage\",\"url\":\"https:\/\/franciscanos.org.br\/noticias\/wp-content\/uploads\/2018\/08\/vagao_170818-830.jpg\",\"contentUrl\":\"https:\/\/franciscanos.org.br\/noticias\/wp-content\/uploads\/2018\/08\/vagao_170818-830.jpg\",\"width\":273,\"height\":181},{\"@type\":\"WebPage\",\"@id\":\"https:\/\/franciscanos.org.br\/noticias\/franciscanos-transformam-vagao-de-trem-em-convento.html#webpage\",\"url\":\"https:\/\/franciscanos.org.br\/noticias\/franciscanos-transformam-vagao-de-trem-em-convento.html\",\"name\":\"Franciscanos transformam vag\u00f5es de trem em convento - Not\u00edcias - Franciscanos\",\"isPartOf\":{\"@id\":\"https:\/\/franciscanos.org.br\/noticias\/#website\"},\"primaryImageOfPage\":{\"@id\":\"https:\/\/franciscanos.org.br\/noticias\/franciscanos-transformam-vagao-de-trem-em-convento.html#primaryimage\"},\"datePublished\":\"2018-08-17T17:28:51+00:00\",\"dateModified\":\"2019-09-12T12:50:21+00:00\",\"author\":{\"@id\":\"https:\/\/franciscanos.org.br\/noticias\/#\/schema\/person\/b38fbf43118f02820bd932f2e4b14ad3\"},\"breadcrumb\":{\"@id\":\"https:\/\/franciscanos.org.br\/noticias\/franciscanos-transformam-vagao-de-trem-em-convento.html#breadcrumb\"},\"inLanguage\":\"pt-BR\",\"potentialAction\":[{\"@type\":\"ReadAction\",\"target\":[\"https:\/\/franciscanos.org.br\/noticias\/franciscanos-transformam-vagao-de-trem-em-convento.html\"]}]},{\"@type\":\"BreadcrumbList\",\"@id\":\"https:\/\/franciscanos.org.br\/noticias\/franciscanos-transformam-vagao-de-trem-em-convento.html#breadcrumb\",\"itemListElement\":[{\"@type\":\"ListItem\",\"position\":1,\"name\":\"Home\",\"item\":\"https:\/\/franciscanos.org.br\/noticias\"},{\"@type\":\"ListItem\",\"position\":2,\"name\":\"Franciscanos transformam vag\u00f5es de trem em convento\"}]},{\"@type\":\"Person\",\"@id\":\"https:\/\/franciscanos.org.br\/noticias\/#\/schema\/person\/b38fbf43118f02820bd932f2e4b14ad3\",\"name\":\"admin\",\"image\":{\"@type\":\"ImageObject\",\"inLanguage\":\"pt-BR\",\"@id\":\"https:\/\/franciscanos.org.br\/noticias\/#\/schema\/person\/image\/\",\"url\":\"https:\/\/secure.gravatar.com\/avatar\/e8495742d34d0ba6448ea1c628263b3e?s=96&d=mm&r=g\",\"contentUrl\":\"https:\/\/secure.gravatar.com\/avatar\/e8495742d34d0ba6448ea1c628263b3e?s=96&d=mm&r=g\",\"caption\":\"admin\"},\"url\":\"https:\/\/franciscanos.org.br\/noticias\/author\/admin\"}]}<\/script>\n<!-- \/ Yoast SEO plugin. -->","yoast_head_json":{"title":"Franciscanos transformam vag\u00f5es de trem em convento - Not\u00edcias - Franciscanos","robots":{"index":"index","follow":"follow","max-snippet":"max-snippet:-1","max-image-preview":"max-image-preview:large","max-video-preview":"max-video-preview:-1"},"canonical":"https:\/\/franciscanos.org.br\/noticias\/franciscanos-transformam-vagao-de-trem-em-convento.html","og_locale":"pt_BR","og_type":"article","og_title":"Franciscanos transformam vag\u00f5es de trem em convento - Not\u00edcias - Franciscanos","og_description":"Ordem Franciscana","og_url":"https:\/\/franciscanos.org.br\/noticias\/franciscanos-transformam-vagao-de-trem-em-convento.html","og_site_name":"Not\u00edcias - Franciscanos","article_published_time":"2018-08-17T17:28:51+00:00","article_modified_time":"2019-09-12T12:50:21+00:00","og_image":[{"width":273,"height":181,"url":"https:\/\/franciscanos.org.br\/noticias\/wp-content\/uploads\/2018\/08\/vagao_170818-830.jpg","type":"image\/jpeg"}],"author":"admin","twitter_card":"summary_large_image","twitter_misc":{"Escrito por":"admin","Est. tempo de leitura":"2 minutos"},"schema":{"@context":"https:\/\/schema.org","@graph":[{"@type":"WebSite","@id":"https:\/\/franciscanos.org.br\/noticias\/#website","url":"https:\/\/franciscanos.org.br\/noticias\/","name":"Not\u00edcias - Franciscanos","description":"Prov\u00edncia Franciscana da Imaculada Concei\u00e7\u00e3o do Brasil - Ordem dos Frades Menores - OFM","potentialAction":[{"@type":"SearchAction","target":{"@type":"EntryPoint","urlTemplate":"https:\/\/franciscanos.org.br\/noticias\/?s={search_term_string}"},"query-input":"required name=search_term_string"}],"inLanguage":"pt-BR"},{"@type":"ImageObject","inLanguage":"pt-BR","@id":"https:\/\/franciscanos.org.br\/noticias\/franciscanos-transformam-vagao-de-trem-em-convento.html#primaryimage","url":"https:\/\/franciscanos.org.br\/noticias\/wp-content\/uploads\/2018\/08\/vagao_170818-830.jpg","contentUrl":"https:\/\/franciscanos.org.br\/noticias\/wp-content\/uploads\/2018\/08\/vagao_170818-830.jpg","width":273,"height":181},{"@type":"WebPage","@id":"https:\/\/franciscanos.org.br\/noticias\/franciscanos-transformam-vagao-de-trem-em-convento.html#webpage","url":"https:\/\/franciscanos.org.br\/noticias\/franciscanos-transformam-vagao-de-trem-em-convento.html","name":"Franciscanos transformam vag\u00f5es de trem em convento - Not\u00edcias - Franciscanos","isPartOf":{"@id":"https:\/\/franciscanos.org.br\/noticias\/#website"},"primaryImageOfPage":{"@id":"https:\/\/franciscanos.org.br\/noticias\/franciscanos-transformam-vagao-de-trem-em-convento.html#primaryimage"},"datePublished":"2018-08-17T17:28:51+00:00","dateModified":"2019-09-12T12:50:21+00:00","author":{"@id":"https:\/\/franciscanos.org.br\/noticias\/#\/schema\/person\/b38fbf43118f02820bd932f2e4b14ad3"},"breadcrumb":{"@id":"https:\/\/franciscanos.org.br\/noticias\/franciscanos-transformam-vagao-de-trem-em-convento.html#breadcrumb"},"inLanguage":"pt-BR","potentialAction":[{"@type":"ReadAction","target":["https:\/\/franciscanos.org.br\/noticias\/franciscanos-transformam-vagao-de-trem-em-convento.html"]}]},{"@type":"BreadcrumbList","@id":"https:\/\/franciscanos.org.br\/noticias\/franciscanos-transformam-vagao-de-trem-em-convento.html#breadcrumb","itemListElement":[{"@type":"ListItem","position":1,"name":"Home","item":"https:\/\/franciscanos.org.br\/noticias"},{"@type":"ListItem","position":2,"name":"Franciscanos transformam vag\u00f5es de trem em convento"}]},{"@type":"Person","@id":"https:\/\/franciscanos.org.br\/noticias\/#\/schema\/person\/b38fbf43118f02820bd932f2e4b14ad3","name":"admin","image":{"@type":"ImageObject","inLanguage":"pt-BR","@id":"https:\/\/franciscanos.org.br\/noticias\/#\/schema\/person\/image\/","url":"https:\/\/secure.gravatar.com\/avatar\/e8495742d34d0ba6448ea1c628263b3e?s=96&d=mm&r=g","contentUrl":"https:\/\/secure.gravatar.com\/avatar\/e8495742d34d0ba6448ea1c628263b3e?s=96&d=mm&r=g","caption":"admin"},"url":"https:\/\/franciscanos.org.br\/noticias\/author\/admin"}]}},"_links":{"self":[{"href":"https:\/\/franciscanos.org.br\/noticias\/wp-json\/wp\/v2\/posts\/169204"}],"collection":[{"href":"https:\/\/franciscanos.org.br\/noticias\/wp-json\/wp\/v2\/posts"}],"about":[{"href":"https:\/\/franciscanos.org.br\/noticias\/wp-json\/wp\/v2\/types\/post"}],"author":[{"embeddable":true,"href":"https:\/\/franciscanos.org.br\/noticias\/wp-json\/wp\/v2\/users\/1"}],"replies":[{"embeddable":true,"href":"https:\/\/franciscanos.org.br\/noticias\/wp-json\/wp\/v2\/comments?post=169204"}],"version-history":[{"count":0,"href":"https:\/\/franciscanos.org.br\/noticias\/wp-json\/wp\/v2\/posts\/169204\/revisions"}],"wp:featuredmedia":[{"embeddable":true,"href":"https:\/\/franciscanos.org.br\/noticias\/wp-json\/wp\/v2\/media\/207247"}],"wp:attachment":[{"href":"https:\/\/franciscanos.org.br\/noticias\/wp-json\/wp\/v2\/media?parent=169204"}],"wp:term":[{"taxonomy":"category","embeddable":true,"href":"https:\/\/franciscanos.org.br\/noticias\/wp-json\/wp\/v2\/categories?post=169204"},{"taxonomy":"post_tag","embeddable":true,"href":"https:\/\/franciscanos.org.br\/noticias\/wp-json\/wp\/v2\/tags?post=169204"}],"curies":[{"name":"wp","href":"https:\/\/api.w.org\/{rel}","templated":true}]}}