{"id":16917,"date":"2012-05-02T10:17:13","date_gmt":"2012-05-02T13:17:13","guid":{"rendered":"http:\/\/new.franciscanos.org.br\/?p=16917"},"modified":"2019-01-31T17:33:06","modified_gmt":"2019-01-31T19:33:06","slug":"em-agudos-a-reflexao-franciscana-de-frei-vitorio","status":"publish","type":"post","link":"https:\/\/franciscanos.org.br\/noticias\/em-agudos-a-reflexao-franciscana-de-frei-vitorio.html","title":{"rendered":"Em Agudos, a reflex\u00e3o franciscana de Frei Vit\u00f3rio"},"content":{"rendered":"<p>Nem a chuva fina e nem o frio do outono em Agudos tiraram a anima\u00e7\u00e3o das quase 120 pessoas que est\u00e3o reunidas desde a tarde de s\u00e1bado (28) no Semin\u00e1rio Santo Ant\u00f4nio, em Agudos\/SP. At\u00e9 ter\u00e7a-feira, acontece l\u00e1 o retiro anual dos benfeitores do Pr\u00f3-Voca\u00e7\u00f5es e Miss\u00f5es Franciscanas.<br \/>\nMuitos vieram de longe (Santa Catarina, Esp\u00edrito Santo, Paran\u00e1, Rio de Janeiro), outros de cidades mais pr\u00f3ximas (estado de S\u00e3o Paulo): a acolhida carinhosa e a dedica\u00e7\u00e3o dos Frades e funcion\u00e1rios do Semin\u00e1rio n\u00e3o deixou ningu\u00e9m se abater pelo cansa\u00e7o. Na programa\u00e7\u00e3o de s\u00e1bado \u00e0 noite, ap\u00f3s a acomoda\u00e7\u00e3o de todos nos quartos, dirigiram-se para a igreja para a adora\u00e7\u00e3o ao Sant\u00edssimo, conduzida por Frei Alvaci Mendes da Luz. A adora\u00e7\u00e3o serenou os cora\u00e7\u00f5es e as mentes, introduzindo a todos para a jornada de tr\u00eas dias que se iniciava.<\/p>\n<div id=\"attachment_16931\" style=\"width: 360px\" class=\"wp-caption alignright\"><a href=\"http:\/\/franciscanos.org.br\/wp-content\/uploads\/2012\/05\/2138_020512.jpg\"><img aria-describedby=\"caption-attachment-16931\" loading=\"lazy\" class=\"size-full wp-image-16931\" title=\"2138_020512\" src=\"http:\/\/franciscanos.org.br\/wp-content\/uploads\/2012\/05\/2138_020512.jpg\" alt=\"\" width=\"350\" height=\"446\" \/><\/a><p id=\"caption-attachment-16931\" class=\"wp-caption-text\">Frei Vitorio Mazzuco<\/p><\/div>\n<p>No Domingo pela manh\u00e3, ao som do violino e das vozes dos Freis, o despertar foi sereno e j\u00e1 prenunciava os momentos de profundidade que todos iriam vivenciar. Em seguida, os participantes uniram-se \u00e0 comunidade local para a celebra\u00e7\u00e3o da missa, presidida por Frei Vitorio Mazzuco, que foi o palestrante da manh\u00e3, abordando o tema: Identidade Humana e Franciscana. Frei Vitorio iniciou sua reflex\u00e3o com o canto \u201cDoce \u00e9 Sentir\u201d, por ser uma das mais expressivas can\u00e7\u00f5es franciscanas.<\/p>\n<p>Acerca da identidade humana franciscana, explicou que esta constitui-se num modo de viver dentro da vida e que Francisco \u00e9 o modelo referencial do humano e Cristo \u00e9 o projeto de existir do Pai encarnado no mundo. Afirmou ainda que \u201co modo de existir franciscano \u00e9 escandalosamente diferente: ser franciscano \u00e9 uma outra forma de viver esta bela aventura do humano, \u00e9 um sonho entre n\u00f3s\u201d. E acrescentou: \u201co franciscanismo \u00e9 hoje a mem\u00f3ria subversiva de um outro modo de vida\u201d. Francisco inspirou-nos como leigos comprometidos com a comunidade e com a vida. A figura do leigo franciscano \u00e9 decisivo para a Igreja. Finalmente, Frei Vitorio concluiu que a identidade humana franciscana constitui-se em respirar o Esp\u00edrito Sagrado que existe em tudo. Deus est\u00e1 em tudo! Abordou seis sentidos que puxam a vida harmonicamente: emocional, sentimental, mental, corporal, sexual e espiritual.\u00a0Ap\u00f3s o almo\u00e7o, todos foram convidados a visitar o museu e demais depend\u00eancias do Semin\u00e1rio, que em todos os cantos revela a presen\u00e7a de Deus.<\/p>\n<p>\u00c0s 15h, o grupo retornou para a continuidade da reflex\u00e3o com Frei Vitorio, com o tema: Virtudes a partir da espiritualidade franciscana. Iniciou afirmando que \u201ca grandiosidade da vida, do mundo e das pessoas s\u00f3 \u00e9 dada para quem tem olhos para a beleza: \u00e9 o brilho das coisas e das pessoas. O que faz a pessoa bonita \u00e9 a bondade e o que faz o mundo bonito \u00e9 a bondade esparramada por todos os lados\u201d. A seguir, refletiu sobre cada uma das virtudes que contribuem para o esp\u00edrito franciscano: benignidade, brandura, caridade, ci\u00eancia, confian\u00e7a, conselho, coragem, cortesia, cuidado, di\u00e1logo, disciplina, discipulado, esperan\u00e7a, f\u00e9, fidelidade, fraternidade, generosidade, gentileza, gratid\u00e3o, hero\u00edsmo, humildade, itiner\u00e2ncia, justi\u00e7a, lealdade, longenimidade, minoridade, mod\u00e9stia, obedi\u00eancia, paci\u00eancia, paz, perseveran\u00e7a, piedade, pureza de cora\u00e7\u00e3o, prazerosidade, prud\u00eancia, rever\u00eancia, respeito, sabedoria, segredo, sensibilidade, servi\u00e7al, simplicidade, solidariedade, temperan\u00e7a e uni\u00e3o.<\/p>\n<p>Ao final da tarde de Domingo, todos se reuniram para a prociss\u00e3o das luzes e o Ter\u00e7o da Coroa Franciscana, que medita as 7 alegrias de Maria. A imagem de Nossa Senhora Aparecida foi conduzida durante a ora\u00e7\u00e3o pelos fieis pelos corredores do Semin\u00e1rio. Ap\u00f3s a janta, o grupo reuniu-se no Sal\u00e3o Nobre para assistir ao filme \u2018Francisco de Assis\u2019, encerrando a jornada de Domingo de forma emocionante para os benfeitores.<\/p>\n<p>&nbsp;<\/p>\n","protected":false},"excerpt":{"rendered":"<p>PVF<\/p>\n","protected":false},"author":1,"featured_media":198936,"comment_status":"closed","ping_status":"closed","sticky":false,"template":"","format":"standard","meta":[],"categories":[1],"tags":[254,627],"acf":[],"yoast_head":"<!-- This site is optimized with the Yoast SEO plugin v19.2 - https:\/\/yoast.com\/wordpress\/plugins\/seo\/ -->\n<title>Em Agudos, a reflex\u00e3o franciscana de Frei Vit\u00f3rio - Not\u00edcias - Franciscanos<\/title>\n<meta name=\"robots\" content=\"index, follow, max-snippet:-1, max-image-preview:large, max-video-preview:-1\" \/>\n<link rel=\"canonical\" href=\"https:\/\/franciscanos.org.br\/noticias\/em-agudos-a-reflexao-franciscana-de-frei-vitorio.html\" \/>\n<meta property=\"og:locale\" content=\"pt_BR\" \/>\n<meta property=\"og:type\" content=\"article\" \/>\n<meta property=\"og:title\" content=\"Em Agudos, a reflex\u00e3o franciscana de Frei Vit\u00f3rio - Not\u00edcias - Franciscanos\" \/>\n<meta property=\"og:description\" content=\"PVF\" \/>\n<meta property=\"og:url\" content=\"https:\/\/franciscanos.org.br\/noticias\/em-agudos-a-reflexao-franciscana-de-frei-vitorio.html\" \/>\n<meta property=\"og:site_name\" content=\"Not\u00edcias - Franciscanos\" \/>\n<meta property=\"article:published_time\" content=\"2012-05-02T13:17:13+00:00\" \/>\n<meta property=\"article:modified_time\" content=\"2019-01-31T19:33:06+00:00\" \/>\n<meta property=\"og:image\" content=\"https:\/\/franciscanos.org.br\/noticias\/wp-content\/uploads\/2012\/05\/VITORIO.jpg\" \/>\n\t<meta property=\"og:image:width\" content=\"273\" \/>\n\t<meta property=\"og:image:height\" content=\"181\" \/>\n\t<meta property=\"og:image:type\" content=\"image\/jpeg\" \/>\n<meta name=\"author\" content=\"admin\" \/>\n<meta name=\"twitter:card\" content=\"summary_large_image\" \/>\n<meta name=\"twitter:label1\" content=\"Escrito por\" \/>\n\t<meta name=\"twitter:data1\" content=\"admin\" \/>\n\t<meta name=\"twitter:label2\" content=\"Est. tempo de leitura\" \/>\n\t<meta name=\"twitter:data2\" content=\"3 minutos\" \/>\n<script type=\"application\/ld+json\" class=\"yoast-schema-graph\">{\"@context\":\"https:\/\/schema.org\",\"@graph\":[{\"@type\":\"WebSite\",\"@id\":\"https:\/\/franciscanos.org.br\/noticias\/#website\",\"url\":\"https:\/\/franciscanos.org.br\/noticias\/\",\"name\":\"Not\u00edcias - Franciscanos\",\"description\":\"Prov\u00edncia Franciscana da Imaculada Concei\u00e7\u00e3o do Brasil - Ordem dos Frades Menores - OFM\",\"potentialAction\":[{\"@type\":\"SearchAction\",\"target\":{\"@type\":\"EntryPoint\",\"urlTemplate\":\"https:\/\/franciscanos.org.br\/noticias\/?s={search_term_string}\"},\"query-input\":\"required name=search_term_string\"}],\"inLanguage\":\"pt-BR\"},{\"@type\":\"ImageObject\",\"inLanguage\":\"pt-BR\",\"@id\":\"https:\/\/franciscanos.org.br\/noticias\/em-agudos-a-reflexao-franciscana-de-frei-vitorio.html#primaryimage\",\"url\":\"https:\/\/franciscanos.org.br\/noticias\/wp-content\/uploads\/2012\/05\/VITORIO.jpg\",\"contentUrl\":\"https:\/\/franciscanos.org.br\/noticias\/wp-content\/uploads\/2012\/05\/VITORIO.jpg\",\"width\":273,\"height\":181},{\"@type\":\"WebPage\",\"@id\":\"https:\/\/franciscanos.org.br\/noticias\/em-agudos-a-reflexao-franciscana-de-frei-vitorio.html#webpage\",\"url\":\"https:\/\/franciscanos.org.br\/noticias\/em-agudos-a-reflexao-franciscana-de-frei-vitorio.html\",\"name\":\"Em Agudos, a reflex\u00e3o franciscana de Frei Vit\u00f3rio - Not\u00edcias - Franciscanos\",\"isPartOf\":{\"@id\":\"https:\/\/franciscanos.org.br\/noticias\/#website\"},\"primaryImageOfPage\":{\"@id\":\"https:\/\/franciscanos.org.br\/noticias\/em-agudos-a-reflexao-franciscana-de-frei-vitorio.html#primaryimage\"},\"datePublished\":\"2012-05-02T13:17:13+00:00\",\"dateModified\":\"2019-01-31T19:33:06+00:00\",\"author\":{\"@id\":\"https:\/\/franciscanos.org.br\/noticias\/#\/schema\/person\/b38fbf43118f02820bd932f2e4b14ad3\"},\"breadcrumb\":{\"@id\":\"https:\/\/franciscanos.org.br\/noticias\/em-agudos-a-reflexao-franciscana-de-frei-vitorio.html#breadcrumb\"},\"inLanguage\":\"pt-BR\",\"potentialAction\":[{\"@type\":\"ReadAction\",\"target\":[\"https:\/\/franciscanos.org.br\/noticias\/em-agudos-a-reflexao-franciscana-de-frei-vitorio.html\"]}]},{\"@type\":\"BreadcrumbList\",\"@id\":\"https:\/\/franciscanos.org.br\/noticias\/em-agudos-a-reflexao-franciscana-de-frei-vitorio.html#breadcrumb\",\"itemListElement\":[{\"@type\":\"ListItem\",\"position\":1,\"name\":\"Home\",\"item\":\"https:\/\/franciscanos.org.br\/noticias\"},{\"@type\":\"ListItem\",\"position\":2,\"name\":\"Em Agudos, a reflex\u00e3o franciscana de Frei Vit\u00f3rio\"}]},{\"@type\":\"Person\",\"@id\":\"https:\/\/franciscanos.org.br\/noticias\/#\/schema\/person\/b38fbf43118f02820bd932f2e4b14ad3\",\"name\":\"admin\",\"image\":{\"@type\":\"ImageObject\",\"inLanguage\":\"pt-BR\",\"@id\":\"https:\/\/franciscanos.org.br\/noticias\/#\/schema\/person\/image\/\",\"url\":\"https:\/\/secure.gravatar.com\/avatar\/e8495742d34d0ba6448ea1c628263b3e?s=96&d=mm&r=g\",\"contentUrl\":\"https:\/\/secure.gravatar.com\/avatar\/e8495742d34d0ba6448ea1c628263b3e?s=96&d=mm&r=g\",\"caption\":\"admin\"},\"url\":\"https:\/\/franciscanos.org.br\/noticias\/author\/admin\"}]}<\/script>\n<!-- \/ Yoast SEO plugin. -->","yoast_head_json":{"title":"Em Agudos, a reflex\u00e3o franciscana de Frei Vit\u00f3rio - Not\u00edcias - Franciscanos","robots":{"index":"index","follow":"follow","max-snippet":"max-snippet:-1","max-image-preview":"max-image-preview:large","max-video-preview":"max-video-preview:-1"},"canonical":"https:\/\/franciscanos.org.br\/noticias\/em-agudos-a-reflexao-franciscana-de-frei-vitorio.html","og_locale":"pt_BR","og_type":"article","og_title":"Em Agudos, a reflex\u00e3o franciscana de Frei Vit\u00f3rio - Not\u00edcias - Franciscanos","og_description":"PVF","og_url":"https:\/\/franciscanos.org.br\/noticias\/em-agudos-a-reflexao-franciscana-de-frei-vitorio.html","og_site_name":"Not\u00edcias - Franciscanos","article_published_time":"2012-05-02T13:17:13+00:00","article_modified_time":"2019-01-31T19:33:06+00:00","og_image":[{"width":273,"height":181,"url":"https:\/\/franciscanos.org.br\/noticias\/wp-content\/uploads\/2012\/05\/VITORIO.jpg","type":"image\/jpeg"}],"author":"admin","twitter_card":"summary_large_image","twitter_misc":{"Escrito por":"admin","Est. tempo de leitura":"3 minutos"},"schema":{"@context":"https:\/\/schema.org","@graph":[{"@type":"WebSite","@id":"https:\/\/franciscanos.org.br\/noticias\/#website","url":"https:\/\/franciscanos.org.br\/noticias\/","name":"Not\u00edcias - Franciscanos","description":"Prov\u00edncia Franciscana da Imaculada Concei\u00e7\u00e3o do Brasil - Ordem dos Frades Menores - OFM","potentialAction":[{"@type":"SearchAction","target":{"@type":"EntryPoint","urlTemplate":"https:\/\/franciscanos.org.br\/noticias\/?s={search_term_string}"},"query-input":"required name=search_term_string"}],"inLanguage":"pt-BR"},{"@type":"ImageObject","inLanguage":"pt-BR","@id":"https:\/\/franciscanos.org.br\/noticias\/em-agudos-a-reflexao-franciscana-de-frei-vitorio.html#primaryimage","url":"https:\/\/franciscanos.org.br\/noticias\/wp-content\/uploads\/2012\/05\/VITORIO.jpg","contentUrl":"https:\/\/franciscanos.org.br\/noticias\/wp-content\/uploads\/2012\/05\/VITORIO.jpg","width":273,"height":181},{"@type":"WebPage","@id":"https:\/\/franciscanos.org.br\/noticias\/em-agudos-a-reflexao-franciscana-de-frei-vitorio.html#webpage","url":"https:\/\/franciscanos.org.br\/noticias\/em-agudos-a-reflexao-franciscana-de-frei-vitorio.html","name":"Em Agudos, a reflex\u00e3o franciscana de Frei Vit\u00f3rio - Not\u00edcias - Franciscanos","isPartOf":{"@id":"https:\/\/franciscanos.org.br\/noticias\/#website"},"primaryImageOfPage":{"@id":"https:\/\/franciscanos.org.br\/noticias\/em-agudos-a-reflexao-franciscana-de-frei-vitorio.html#primaryimage"},"datePublished":"2012-05-02T13:17:13+00:00","dateModified":"2019-01-31T19:33:06+00:00","author":{"@id":"https:\/\/franciscanos.org.br\/noticias\/#\/schema\/person\/b38fbf43118f02820bd932f2e4b14ad3"},"breadcrumb":{"@id":"https:\/\/franciscanos.org.br\/noticias\/em-agudos-a-reflexao-franciscana-de-frei-vitorio.html#breadcrumb"},"inLanguage":"pt-BR","potentialAction":[{"@type":"ReadAction","target":["https:\/\/franciscanos.org.br\/noticias\/em-agudos-a-reflexao-franciscana-de-frei-vitorio.html"]}]},{"@type":"BreadcrumbList","@id":"https:\/\/franciscanos.org.br\/noticias\/em-agudos-a-reflexao-franciscana-de-frei-vitorio.html#breadcrumb","itemListElement":[{"@type":"ListItem","position":1,"name":"Home","item":"https:\/\/franciscanos.org.br\/noticias"},{"@type":"ListItem","position":2,"name":"Em Agudos, a reflex\u00e3o franciscana de Frei Vit\u00f3rio"}]},{"@type":"Person","@id":"https:\/\/franciscanos.org.br\/noticias\/#\/schema\/person\/b38fbf43118f02820bd932f2e4b14ad3","name":"admin","image":{"@type":"ImageObject","inLanguage":"pt-BR","@id":"https:\/\/franciscanos.org.br\/noticias\/#\/schema\/person\/image\/","url":"https:\/\/secure.gravatar.com\/avatar\/e8495742d34d0ba6448ea1c628263b3e?s=96&d=mm&r=g","contentUrl":"https:\/\/secure.gravatar.com\/avatar\/e8495742d34d0ba6448ea1c628263b3e?s=96&d=mm&r=g","caption":"admin"},"url":"https:\/\/franciscanos.org.br\/noticias\/author\/admin"}]}},"_links":{"self":[{"href":"https:\/\/franciscanos.org.br\/noticias\/wp-json\/wp\/v2\/posts\/16917"}],"collection":[{"href":"https:\/\/franciscanos.org.br\/noticias\/wp-json\/wp\/v2\/posts"}],"about":[{"href":"https:\/\/franciscanos.org.br\/noticias\/wp-json\/wp\/v2\/types\/post"}],"author":[{"embeddable":true,"href":"https:\/\/franciscanos.org.br\/noticias\/wp-json\/wp\/v2\/users\/1"}],"replies":[{"embeddable":true,"href":"https:\/\/franciscanos.org.br\/noticias\/wp-json\/wp\/v2\/comments?post=16917"}],"version-history":[{"count":0,"href":"https:\/\/franciscanos.org.br\/noticias\/wp-json\/wp\/v2\/posts\/16917\/revisions"}],"wp:featuredmedia":[{"embeddable":true,"href":"https:\/\/franciscanos.org.br\/noticias\/wp-json\/wp\/v2\/media\/198936"}],"wp:attachment":[{"href":"https:\/\/franciscanos.org.br\/noticias\/wp-json\/wp\/v2\/media?parent=16917"}],"wp:term":[{"taxonomy":"category","embeddable":true,"href":"https:\/\/franciscanos.org.br\/noticias\/wp-json\/wp\/v2\/categories?post=16917"},{"taxonomy":"post_tag","embeddable":true,"href":"https:\/\/franciscanos.org.br\/noticias\/wp-json\/wp\/v2\/tags?post=16917"}],"curies":[{"name":"wp","href":"https:\/\/api.w.org\/{rel}","templated":true}]}}