{"id":169115,"date":"2018-08-15T08:11:08","date_gmt":"2018-08-15T11:11:08","guid":{"rendered":"http:\/\/franciscanos.org.br\/?p=169115"},"modified":"2020-06-07T08:22:01","modified_gmt":"2020-06-07T11:22:01","slug":"assuncao-de-maria-nos-confirma-nosso-destino-glorioso","status":"publish","type":"post","link":"https:\/\/franciscanos.org.br\/noticias\/assuncao-de-maria-nos-confirma-nosso-destino-glorioso.html","title":{"rendered":"Assun\u00e7\u00e3o de Maria confirma nosso destino glorioso"},"content":{"rendered":"<p><img loading=\"lazy\" src=\"http:\/\/franciscanos.org.br\/wp-content\/uploads\/2018\/08\/papa_150818.jpg\" alt=\"POPE-LEAKS-REFORM\" width=\"830\" height=\"468\" \/><\/p>\n<p><strong>Cidade do Vaticano<\/strong> &#8211; \u201cA assun\u00e7\u00e3o de Maria, criatura humana, nos confirma nosso destino glorioso\u201d. Foi o que disse o Papa Francisco no Angelus ao meio-dia desta quarta-feira, 15 de agosto, solenidade da Assun\u00e7\u00e3o de Nossa Senhora. O Papa Pio XII definiu em 1950, atrav\u00e9s da Constitui\u00e7\u00e3o Apost\u00f3lica Munificentissimus Deus, o dogma que \u00e9 celebrado solenemente neste dia 15 de agosto \u2013 a Assun\u00e7\u00e3o da Sant\u00edssima Virgem Maria. A Igreja no Brasil celebra essa solenidade no domingo seguinte, neste ano, dia 19 de agosto.<\/p>\n<p>Na alocu\u00e7\u00e3o que precedeu a ora\u00e7\u00e3o rezada com milhares de fi\u00e9is e peregrinos presentes na Pra\u00e7a S\u00e3o Pedro, o Santo Padre explicou o sentido e o significado desta festa mariana, e seu alcance tamb\u00e9m para n\u00f3s. Francisco ressaltou que nesta solenidade o santo povo fiel de Deus expressa com alegria a sua venera\u00e7\u00e3o \u00e0 Virgem M\u00e3e, e o faz na liturgia comum e tamb\u00e9m com diferentes formas de piedade, realizando a profecia de Maria mesma: \u201cTodas as gera\u00e7\u00f5es me chamar\u00e3o bem-aventurada\u201d (Lc 1,48). \u201cPorque o Senhor elevou sua humilde serva\u201d, recordou.<\/p>\n<p>Em seguida, o Pont\u00edfice evidenciou que a assun\u00e7\u00e3o ao c\u00e9u, em corpo e alma, \u201c\u00e9 um privil\u00e9gio divino concedido \u00e0 Santa M\u00e3e de Deus por sua uni\u00e3o particular com Jesus\u201d. \u201cTrata-se de uma uni\u00e3o corporal e espiritual, iniciada com a Anuncia\u00e7\u00e3o e amadurecida durante toda a vida de Maria mediante sua participa\u00e7\u00e3o singular no mist\u00e9rio do Filho\u201d, acrescentou.<\/p>\n<p>\u201cAparentemente, a exist\u00eancia de Nossa Senhora se deu como de uma mulher comum de seu tempo: rezava, se ocupava da fam\u00edlia e da casa, ia \u00e0 sinagoga&#8230; Mas toda a\u00e7\u00e3o cotidiana que fazia se dava em uni\u00e3o total com Jesus. E no Calv\u00e1rio esta uni\u00e3o alcan\u00e7ou o \u00e1pice, no amor, na compaix\u00e3o e no sofrimento do cora\u00e7\u00e3o. Por isso Deus lhe concedeu uma participa\u00e7\u00e3o plena tamb\u00e9m na ressurrei\u00e7\u00e3o de Jesus\u201d.<\/p>\n<p>\u201cO corpo da M\u00e3e \u2013 prosseguiu \u2013 foi preservado da corrup\u00e7\u00e3o, como o corpo do Filho. \u00c9 o que proclama o Pref\u00e1cio da Missa de hoje: \u201cV\u00f3s n\u00e3o quis\u00e9sseis que aquela que gerou o Senhor da vida conhecesse a corrup\u00e7\u00e3o do sepulcro\u201d.<br \/>\n\u201cA Igreja hoje nos convida a contemplar este mist\u00e9rio: ele mostra que Deus quer salvar o homem inteiro, alma e corpo. Jesus ressuscitou com o corpo que assumiu de Maria; e subiu ao Pai com a sua humanidade transfigurada. A assun\u00e7\u00e3o de Maria, criatura humana, nos d\u00e1 a confirma\u00e7\u00e3o do nosso glorioso destino\u201d.<\/p>\n<p>Francisco lembrou que os fil\u00f3sofo gregos tinham entendido que a alma do homem \u00e9 destinada \u00e0 felicidade ap\u00f3s a morte. Todavia, observou, \u201celes desprezavam o corpo \u2013 considerado pris\u00e3o da alma \u2013 e n\u00e3o concebiam que Deus tivesse disposto que tamb\u00e9m o corpo do homem fosse unido \u00e0 alma na beatitude celeste\u201d. \u201cA ressurrei\u00e7\u00e3o da carne \u2013 prosseguiu \u2013 \u00e9 um elemento pr\u00f3prio da revela\u00e7\u00e3o crist\u00e3, eixo da nossa f\u00e9\u201d.<\/p>\n<p>\u201cA realidade maravilhosa da Assun\u00e7\u00e3o de Maria manifesta e confirma a unidade da pessoa humana e nos recorda que somos chamados a servir e glorificar Deus com todo o nosso ser, alma e corpo\u201d, disse o Papa.<\/p>\n<p>Se tivermos vivido assim, no alegre servi\u00e7o a Deus, que se expressa tamb\u00e9m num generoso servi\u00e7o aos irm\u00e3os, nosso destino, no dia da ressurrei\u00e7\u00e3o, ser\u00e1 igual ao de nossa M\u00e3e celeste.<\/p>\n<p>Ap\u00f3s a ora\u00e7\u00e3o mariana, na sauda\u00e7\u00e3o aos v\u00e1rios grupos de fi\u00e9is e peregrinos presentes, o Papa confiou a Nossa Senhora Consoladora dos aflitos \u201cas ang\u00fastia e os tormentos daqueles que, em muitas partes do mundo, sofrem no corpo e no esp\u00edrito\u201d.<\/p>\n<p>Em seguida, dirigiu um pensamento particular a todos os atingidos pela trag\u00e9dia ocorrida esta ter\u00e7a-feira em G\u00eanova, noroeste da It\u00e1lia, que provocou v\u00edtimas e desconsolo na popula\u00e7\u00e3o. \u201cAo tempo em que confio as pessoas que perderam a vida \u00e0 miseric\u00f3rdia de Deus, expresso minha proximidade espiritual a seus familiares, aos feridos, aos deslocados e a todos aqueles que sofrem por causa deste dram\u00e1tico evento. Convido-os se unirem a mim na ora\u00e7\u00e3o, pelas v\u00edtimas e por seus entes queridos.\u201d<\/p>\n<p><strong>NOSSA SENHORA DA GL\u00d3RIA<\/strong><br \/>\nO dia em que a Igreja celebra Nossa Senhora da Gl\u00f3ria, 15 de agosto, \u00e9 um tradicional feriado de ver\u00e3o em muitos pa\u00edses europeus. Com temperaturas t\u00f3rridas, escolas fechadas, com\u00e9rcio e transporte reduzidos, muitos deixam as cidades e que tem a possibilidade, busca al\u00edvio ao calor perto do mar ou em colinas e montanhas.<\/p>\n<p>Al\u00e9m dos trabalhadores que garantem servi\u00e7os essenciais, permanecem nos grandes centros muitos pobres, migrantes, idosos e pessoas s\u00f3s.<\/p>\n<p>Em dezenas de cidades italianas, milhares deles atenderam ao apelo feito pela Comunidade de Santo Eg\u00eddio e v\u00e3o sair de suas casas, de norte a sul do pa\u00eds, e festejar juntos a \u201cAssunta\u201d na grande \u201cCocomerata (festa da melancia) da Integra\u00e7\u00e3o\u201d.<\/p>\n<p>Pensando no futuro com responsabilidade<br \/>\nNestes tempos em que epis\u00f3dios de intoler\u00e2ncia, desconfian\u00e7a, pessimismo e at\u00e9 agressividade contra estrangeiros est\u00e3o se tornando comuns, a Comunidade quer recordar que \u201cviver juntos \u00e9 tradi\u00e7\u00e3o e realidade na It\u00e1lia\u201d. Como exemplo, cita os tantos migrantes que trabalham como ajuda dom\u00e9stica na casa dos italianos, cuidando de crian\u00e7as e idosos.<\/p>\n<p>Assim \u2013 apela a Comunidade \u2013 que esta festa de \u201cFerragosto\u201d seja um modo de olhar ao futuro com responsabilidade: n\u00e3o ao medo, sim \u00e0 integra\u00e7\u00e3o e ao \u2018viver juntos\u2019 que garante a todos \u2013 italianos e migrantes \u2013 seguran\u00e7a e trabalho.<\/p>\n<hr \/>\n<p><em>Fonte: Vatican News<\/em><\/p>\n","protected":false},"excerpt":{"rendered":"<p>Angelus<\/p>\n","protected":false},"author":1,"featured_media":0,"comment_status":"open","ping_status":"open","sticky":false,"template":"","format":"standard","meta":[],"categories":[1428],"tags":[403],"acf":[],"yoast_head":"<!-- This site is optimized with the Yoast SEO plugin v19.2 - https:\/\/yoast.com\/wordpress\/plugins\/seo\/ -->\n<title>Assun\u00e7\u00e3o de Maria confirma nosso destino glorioso - Not\u00edcias - Franciscanos<\/title>\n<meta name=\"robots\" content=\"index, follow, max-snippet:-1, max-image-preview:large, max-video-preview:-1\" \/>\n<link rel=\"canonical\" href=\"https:\/\/franciscanos.org.br\/noticias\/assuncao-de-maria-nos-confirma-nosso-destino-glorioso.html\" \/>\n<meta property=\"og:locale\" content=\"pt_BR\" \/>\n<meta property=\"og:type\" content=\"article\" \/>\n<meta property=\"og:title\" content=\"Assun\u00e7\u00e3o de Maria confirma nosso destino glorioso - Not\u00edcias - Franciscanos\" \/>\n<meta property=\"og:description\" content=\"Angelus\" \/>\n<meta property=\"og:url\" content=\"https:\/\/franciscanos.org.br\/noticias\/assuncao-de-maria-nos-confirma-nosso-destino-glorioso.html\" \/>\n<meta property=\"og:site_name\" content=\"Not\u00edcias - Franciscanos\" \/>\n<meta property=\"article:published_time\" content=\"2018-08-15T11:11:08+00:00\" \/>\n<meta property=\"article:modified_time\" content=\"2020-06-07T11:22:01+00:00\" \/>\n<meta property=\"og:image\" content=\"http:\/\/franciscanos.org.br\/wp-content\/uploads\/2018\/08\/papa_150818.jpg\" \/>\n<meta name=\"author\" content=\"admin\" \/>\n<meta name=\"twitter:card\" content=\"summary_large_image\" \/>\n<meta name=\"twitter:label1\" content=\"Escrito por\" \/>\n\t<meta name=\"twitter:data1\" content=\"admin\" \/>\n\t<meta name=\"twitter:label2\" content=\"Est. tempo de leitura\" \/>\n\t<meta name=\"twitter:data2\" content=\"5 minutos\" \/>\n<script type=\"application\/ld+json\" class=\"yoast-schema-graph\">{\"@context\":\"https:\/\/schema.org\",\"@graph\":[{\"@type\":\"WebSite\",\"@id\":\"https:\/\/franciscanos.org.br\/noticias\/#website\",\"url\":\"https:\/\/franciscanos.org.br\/noticias\/\",\"name\":\"Not\u00edcias - Franciscanos\",\"description\":\"Prov\u00edncia Franciscana da Imaculada Concei\u00e7\u00e3o do Brasil - Ordem dos Frades Menores - OFM\",\"potentialAction\":[{\"@type\":\"SearchAction\",\"target\":{\"@type\":\"EntryPoint\",\"urlTemplate\":\"https:\/\/franciscanos.org.br\/noticias\/?s={search_term_string}\"},\"query-input\":\"required name=search_term_string\"}],\"inLanguage\":\"pt-BR\"},{\"@type\":\"ImageObject\",\"inLanguage\":\"pt-BR\",\"@id\":\"https:\/\/franciscanos.org.br\/noticias\/assuncao-de-maria-nos-confirma-nosso-destino-glorioso.html#primaryimage\",\"url\":\"http:\/\/franciscanos.org.br\/wp-content\/uploads\/2018\/08\/papa_150818.jpg\",\"contentUrl\":\"http:\/\/franciscanos.org.br\/wp-content\/uploads\/2018\/08\/papa_150818.jpg\"},{\"@type\":\"WebPage\",\"@id\":\"https:\/\/franciscanos.org.br\/noticias\/assuncao-de-maria-nos-confirma-nosso-destino-glorioso.html#webpage\",\"url\":\"https:\/\/franciscanos.org.br\/noticias\/assuncao-de-maria-nos-confirma-nosso-destino-glorioso.html\",\"name\":\"Assun\u00e7\u00e3o de Maria confirma nosso destino glorioso - Not\u00edcias - Franciscanos\",\"isPartOf\":{\"@id\":\"https:\/\/franciscanos.org.br\/noticias\/#website\"},\"primaryImageOfPage\":{\"@id\":\"https:\/\/franciscanos.org.br\/noticias\/assuncao-de-maria-nos-confirma-nosso-destino-glorioso.html#primaryimage\"},\"datePublished\":\"2018-08-15T11:11:08+00:00\",\"dateModified\":\"2020-06-07T11:22:01+00:00\",\"author\":{\"@id\":\"https:\/\/franciscanos.org.br\/noticias\/#\/schema\/person\/b38fbf43118f02820bd932f2e4b14ad3\"},\"breadcrumb\":{\"@id\":\"https:\/\/franciscanos.org.br\/noticias\/assuncao-de-maria-nos-confirma-nosso-destino-glorioso.html#breadcrumb\"},\"inLanguage\":\"pt-BR\",\"potentialAction\":[{\"@type\":\"ReadAction\",\"target\":[\"https:\/\/franciscanos.org.br\/noticias\/assuncao-de-maria-nos-confirma-nosso-destino-glorioso.html\"]}]},{\"@type\":\"BreadcrumbList\",\"@id\":\"https:\/\/franciscanos.org.br\/noticias\/assuncao-de-maria-nos-confirma-nosso-destino-glorioso.html#breadcrumb\",\"itemListElement\":[{\"@type\":\"ListItem\",\"position\":1,\"name\":\"Home\",\"item\":\"https:\/\/franciscanos.org.br\/noticias\"},{\"@type\":\"ListItem\",\"position\":2,\"name\":\"Assun\u00e7\u00e3o de Maria confirma nosso destino glorioso\"}]},{\"@type\":\"Person\",\"@id\":\"https:\/\/franciscanos.org.br\/noticias\/#\/schema\/person\/b38fbf43118f02820bd932f2e4b14ad3\",\"name\":\"admin\",\"image\":{\"@type\":\"ImageObject\",\"inLanguage\":\"pt-BR\",\"@id\":\"https:\/\/franciscanos.org.br\/noticias\/#\/schema\/person\/image\/\",\"url\":\"https:\/\/secure.gravatar.com\/avatar\/e8495742d34d0ba6448ea1c628263b3e?s=96&d=mm&r=g\",\"contentUrl\":\"https:\/\/secure.gravatar.com\/avatar\/e8495742d34d0ba6448ea1c628263b3e?s=96&d=mm&r=g\",\"caption\":\"admin\"},\"url\":\"https:\/\/franciscanos.org.br\/noticias\/author\/admin\"}]}<\/script>\n<!-- \/ Yoast SEO plugin. -->","yoast_head_json":{"title":"Assun\u00e7\u00e3o de Maria confirma nosso destino glorioso - Not\u00edcias - Franciscanos","robots":{"index":"index","follow":"follow","max-snippet":"max-snippet:-1","max-image-preview":"max-image-preview:large","max-video-preview":"max-video-preview:-1"},"canonical":"https:\/\/franciscanos.org.br\/noticias\/assuncao-de-maria-nos-confirma-nosso-destino-glorioso.html","og_locale":"pt_BR","og_type":"article","og_title":"Assun\u00e7\u00e3o de Maria confirma nosso destino glorioso - Not\u00edcias - Franciscanos","og_description":"Angelus","og_url":"https:\/\/franciscanos.org.br\/noticias\/assuncao-de-maria-nos-confirma-nosso-destino-glorioso.html","og_site_name":"Not\u00edcias - Franciscanos","article_published_time":"2018-08-15T11:11:08+00:00","article_modified_time":"2020-06-07T11:22:01+00:00","og_image":[{"url":"http:\/\/franciscanos.org.br\/wp-content\/uploads\/2018\/08\/papa_150818.jpg"}],"author":"admin","twitter_card":"summary_large_image","twitter_misc":{"Escrito por":"admin","Est. tempo de leitura":"5 minutos"},"schema":{"@context":"https:\/\/schema.org","@graph":[{"@type":"WebSite","@id":"https:\/\/franciscanos.org.br\/noticias\/#website","url":"https:\/\/franciscanos.org.br\/noticias\/","name":"Not\u00edcias - Franciscanos","description":"Prov\u00edncia Franciscana da Imaculada Concei\u00e7\u00e3o do Brasil - Ordem dos Frades Menores - OFM","potentialAction":[{"@type":"SearchAction","target":{"@type":"EntryPoint","urlTemplate":"https:\/\/franciscanos.org.br\/noticias\/?s={search_term_string}"},"query-input":"required name=search_term_string"}],"inLanguage":"pt-BR"},{"@type":"ImageObject","inLanguage":"pt-BR","@id":"https:\/\/franciscanos.org.br\/noticias\/assuncao-de-maria-nos-confirma-nosso-destino-glorioso.html#primaryimage","url":"http:\/\/franciscanos.org.br\/wp-content\/uploads\/2018\/08\/papa_150818.jpg","contentUrl":"http:\/\/franciscanos.org.br\/wp-content\/uploads\/2018\/08\/papa_150818.jpg"},{"@type":"WebPage","@id":"https:\/\/franciscanos.org.br\/noticias\/assuncao-de-maria-nos-confirma-nosso-destino-glorioso.html#webpage","url":"https:\/\/franciscanos.org.br\/noticias\/assuncao-de-maria-nos-confirma-nosso-destino-glorioso.html","name":"Assun\u00e7\u00e3o de Maria confirma nosso destino glorioso - Not\u00edcias - Franciscanos","isPartOf":{"@id":"https:\/\/franciscanos.org.br\/noticias\/#website"},"primaryImageOfPage":{"@id":"https:\/\/franciscanos.org.br\/noticias\/assuncao-de-maria-nos-confirma-nosso-destino-glorioso.html#primaryimage"},"datePublished":"2018-08-15T11:11:08+00:00","dateModified":"2020-06-07T11:22:01+00:00","author":{"@id":"https:\/\/franciscanos.org.br\/noticias\/#\/schema\/person\/b38fbf43118f02820bd932f2e4b14ad3"},"breadcrumb":{"@id":"https:\/\/franciscanos.org.br\/noticias\/assuncao-de-maria-nos-confirma-nosso-destino-glorioso.html#breadcrumb"},"inLanguage":"pt-BR","potentialAction":[{"@type":"ReadAction","target":["https:\/\/franciscanos.org.br\/noticias\/assuncao-de-maria-nos-confirma-nosso-destino-glorioso.html"]}]},{"@type":"BreadcrumbList","@id":"https:\/\/franciscanos.org.br\/noticias\/assuncao-de-maria-nos-confirma-nosso-destino-glorioso.html#breadcrumb","itemListElement":[{"@type":"ListItem","position":1,"name":"Home","item":"https:\/\/franciscanos.org.br\/noticias"},{"@type":"ListItem","position":2,"name":"Assun\u00e7\u00e3o de Maria confirma nosso destino glorioso"}]},{"@type":"Person","@id":"https:\/\/franciscanos.org.br\/noticias\/#\/schema\/person\/b38fbf43118f02820bd932f2e4b14ad3","name":"admin","image":{"@type":"ImageObject","inLanguage":"pt-BR","@id":"https:\/\/franciscanos.org.br\/noticias\/#\/schema\/person\/image\/","url":"https:\/\/secure.gravatar.com\/avatar\/e8495742d34d0ba6448ea1c628263b3e?s=96&d=mm&r=g","contentUrl":"https:\/\/secure.gravatar.com\/avatar\/e8495742d34d0ba6448ea1c628263b3e?s=96&d=mm&r=g","caption":"admin"},"url":"https:\/\/franciscanos.org.br\/noticias\/author\/admin"}]}},"_links":{"self":[{"href":"https:\/\/franciscanos.org.br\/noticias\/wp-json\/wp\/v2\/posts\/169115"}],"collection":[{"href":"https:\/\/franciscanos.org.br\/noticias\/wp-json\/wp\/v2\/posts"}],"about":[{"href":"https:\/\/franciscanos.org.br\/noticias\/wp-json\/wp\/v2\/types\/post"}],"author":[{"embeddable":true,"href":"https:\/\/franciscanos.org.br\/noticias\/wp-json\/wp\/v2\/users\/1"}],"replies":[{"embeddable":true,"href":"https:\/\/franciscanos.org.br\/noticias\/wp-json\/wp\/v2\/comments?post=169115"}],"version-history":[{"count":1,"href":"https:\/\/franciscanos.org.br\/noticias\/wp-json\/wp\/v2\/posts\/169115\/revisions"}],"predecessor-version":[{"id":224879,"href":"https:\/\/franciscanos.org.br\/noticias\/wp-json\/wp\/v2\/posts\/169115\/revisions\/224879"}],"wp:attachment":[{"href":"https:\/\/franciscanos.org.br\/noticias\/wp-json\/wp\/v2\/media?parent=169115"}],"wp:term":[{"taxonomy":"category","embeddable":true,"href":"https:\/\/franciscanos.org.br\/noticias\/wp-json\/wp\/v2\/categories?post=169115"},{"taxonomy":"post_tag","embeddable":true,"href":"https:\/\/franciscanos.org.br\/noticias\/wp-json\/wp\/v2\/tags?post=169115"}],"curies":[{"name":"wp","href":"https:\/\/api.w.org\/{rel}","templated":true}]}}