{"id":169030,"date":"2018-08-14T07:43:14","date_gmt":"2018-08-14T10:43:14","guid":{"rendered":"http:\/\/franciscanos.org.br\/?p=169030"},"modified":"2021-07-05T20:15:46","modified_gmt":"2021-07-05T23:15:46","slug":"coral-dos-canarinhos-de-petropolis-celebra-seus-76-anos","status":"publish","type":"post","link":"https:\/\/franciscanos.org.br\/noticias\/coral-dos-canarinhos-de-petropolis-celebra-seus-76-anos.html","title":{"rendered":"Coral dos Canarinhos de Petr\u00f3polis celebra seus 76 anos"},"content":{"rendered":"<p><img loading=\"lazy\" src=\"http:\/\/franciscanos.org.br\/wp-content\/uploads\/2018\/08\/canarinhos_170818.jpg\" alt=\"canarinhos_170818\" width=\"830\" height=\"496\" \/><\/p>\n<p>Os 76 anos do coro de meninos mais antigo do Brasil ser\u00e1 comemorado em grande estilo. Com agenda lotada, o coral dos Canarinhos de Petr\u00f3polis far\u00e1 apresenta\u00e7\u00f5es no Festival Internacional de Corais, que acontece entre os dias 17 e 26 de agosto. Uma missa especial tamb\u00e9m ser\u00e1 celebrada no pr\u00f3ximo domingo, dia 19, \u00e0s 10 horas, na Igreja do Sagrado Cora\u00e7\u00e3o de Jesus, para marcar a data.<\/p>\n<p>O maestro Marco Aur\u00e9lio Lischt conta que este \u00e9 um momento muito especial: \u201cPoder comemorar esta data, recebendo tantos grupos do Brasil e do exterior para um momento de exalta\u00e7\u00e3o ao canto coral \u00e9 um grande privil\u00e9gio. Estamos muito felizes e honrados em podermos participar do Festival Internacional de Corais\u201d, declarou o regente do Coral dos Canarinhos.<\/p>\n<p>Al\u00e9m das apresenta\u00e7\u00f5es nos concerto de abertura, no dia 17, \u00e0s 20 horas, no Sesc Quitandinha, no dia 25, \u00e0s 20h30, no Theatro D. Pedro e, no dia 26, \u00e0s 18h, no Sesc Quitandinha, o Instituto dos Meninos Cantores tamb\u00e9m est\u00e1 sendo sede do master class com o maestro alem\u00e3o Christoph Siebert entre os dias 18 e 21 de agosto e do Workshop de t\u00e9cnica vocal com a mezzo soprano argentina Lorena Espina nos dias 22 e 23 de agosto.<\/p>\n<p>O ano de 2018 tem sido um ano importante para os Canarinhos, marcado por concertos nos festivais de inverno do Sesc e da Dell\u2019Arte, pela participa\u00e7\u00e3o no Congresso de Pueri Cantores em Juiz de Fora e pelo concerto da Sinfonia n\u00b0 3 de Leonard Bernstein, chamada Kaddish, no Theatro Municipal do Rio de Janeiro, ao lado da Orquestra Petrobras Sinf\u00f4nica, que teve reg\u00eancia do maestro Isaac Karabtchevsky.<\/p>\n<p>Fruto de um sonho de Frei Leto, ele se tornou realidade quando o Coral dos Canarinhos se apresentou pela primeira vez na Igreja do Sagrado Cora\u00e7\u00e3o de Jesus. Ficou marcado nesse dia o in\u00edcio de uma bel\u00edssima trajet\u00f3ria dedicada \u00e0 m\u00fasica erudita e cercada de amor, dedica\u00e7\u00e3o, tradi\u00e7\u00e3o e orgulho.<\/p>\n<p>Consagrado como um dos patrim\u00f4nios culturais da cidade e sendo o mais antigo e tradicional grupo vocal, os meninos s\u00e3o sin\u00f4nimo de qualidade, t\u00e9cnica e encantamento durante suas apresenta\u00e7\u00f5es. O Coral dos Canarinhos, que faz parte do Instituto dos Meninos Cantores de Petr\u00f3polis (IMCP), levou para muitas crian\u00e7as e adolescentes a oportunidade de contar com um ensino musical exemplar e inteiramente gratuito.<\/p>\n<p><strong>Participa\u00e7\u00e3o na FIC<\/strong><\/p>\n<p><strong>17 de agosto<\/strong><br \/>\n<strong> Teatro SESC Quitandinha<\/strong><br \/>\n20h &#8211; Concerto de Abertura<br \/>\nPrograma: L. van Beethoven, Sinfonia n\u00ba9<br \/>\nReg\u00eancia: Maestro Marco Aur\u00e9lio Lischt<br \/>\nSolistas convidados:<br \/>\nLorena Espina \u2013 Mezzo-Soprano<br \/>\nGuilherme Moreira &#8211; Tenor<br \/>\nMarly Montoni &#8211; Soprano<br \/>\nL\u00edcio Bruno \u2013 Baixo-Bar\u00edtono<\/p>\n<p>\u00b7Orquestra Filarm\u00f4nica de Petr\u00f3polis<br \/>\n\u00b7Coral dos Canarinhos de Petr\u00f3polis<br \/>\n\u00b7Coral das Meninas dos Canarinhos de Petr\u00f3polis<br \/>\n\u00b7Coral Municipal de Petr\u00f3polis<br \/>\n\u00b7Coral da UCP<\/p>\n<p>INGRESSOS: R$ 20,00 (inteira) e R$ 10,00 (meia)<\/p>\n<p><strong>25 de agosto<\/strong><br \/>\n<strong> Theatro D. Pedro<\/strong><br \/>\n<strong> 20h30<\/strong><br \/>\nConcertos de Gala<br \/>\n\u00b7 Coral dos Canarinhos de Petr\u00f3polis<br \/>\n\u00b7 Coral das Meninas dos Canarinhos de Petr\u00f3polis<br \/>\n\u00b7 Ni\u00f1os Cantores de la Araucan\u00eda (Chile)<br \/>\nINGRESSOS: R$ 20,00 (inteira) e R$ 10,00 (meia)<\/p>\n<p><strong>26 de agosto<\/strong><br \/>\n<strong> Teatro SESC Quitandinha<\/strong><br \/>\n<strong> 18h00<\/strong><br \/>\nConcerto de Encerramento<br \/>\n\u00b7 Grande Coro do FIC<br \/>\nReg\u00eancia: Regente Marcelo Vizani Calazans<br \/>\nOrquestras participantes:<br \/>\n&#8211; Orquestra da UCP<br \/>\n&#8211; Orquestra da A\u00e7\u00e3o Social pela M\u00fasica<br \/>\n&#8211; Orquestra da Igreja Wesleyana<br \/>\n&#8211; Orquestra do IPAE<br \/>\nCorais participantes:<br \/>\n&#8211; Coral da UCP<br \/>\n&#8211; Coral Laus Deo<br \/>\n&#8211; Coral das Meninas dos Canarinhos de Petr\u00f3polis<br \/>\n&#8211; Coral dos Canarinhos de Petr\u00f3polis<br \/>\n&#8211; Cant\u2019Vox<br \/>\n&#8211; Pro Tempore<br \/>\n&#8211; Coral Municipal de Petr\u00f3polis<br \/>\n&#8211; Coral USIMED<br \/>\n&#8211; D\u00f3 R\u00e9 Mi<br \/>\n&#8211; Coral de Petr\u00f3polis<br \/>\n&#8211; Coral SINESP<br \/>\n&#8211; Coro de C\u00e1mara del Municipio de Mor\u00f3n (Argentina)<br \/>\n&#8211; Coro dos Ni\u00f1os Cantores de la Araucan\u00eda (Chile)<br \/>\nINGRESSOS: R$ 20,00 (inteira) e R$ 10,00 (meia)<\/p>\n","protected":false},"excerpt":{"rendered":"<p>Festival de Corais<\/p>\n","protected":false},"author":1,"featured_media":209025,"comment_status":"open","ping_status":"open","sticky":false,"template":"","format":"standard","meta":[],"categories":[1],"tags":[1378,190],"acf":[],"yoast_head":"<!-- This site is optimized with the Yoast SEO plugin v19.2 - https:\/\/yoast.com\/wordpress\/plugins\/seo\/ -->\n<title>Coral dos Canarinhos de Petr\u00f3polis celebra seus 76 anos - Not\u00edcias - Franciscanos<\/title>\n<meta name=\"robots\" content=\"index, follow, max-snippet:-1, max-image-preview:large, max-video-preview:-1\" \/>\n<link rel=\"canonical\" href=\"https:\/\/franciscanos.org.br\/noticias\/coral-dos-canarinhos-de-petropolis-celebra-seus-76-anos.html\" \/>\n<meta property=\"og:locale\" content=\"pt_BR\" \/>\n<meta property=\"og:type\" content=\"article\" \/>\n<meta property=\"og:title\" content=\"Coral dos Canarinhos de Petr\u00f3polis celebra seus 76 anos - Not\u00edcias - Franciscanos\" \/>\n<meta property=\"og:description\" content=\"Festival de Corais\" \/>\n<meta property=\"og:url\" content=\"https:\/\/franciscanos.org.br\/noticias\/coral-dos-canarinhos-de-petropolis-celebra-seus-76-anos.html\" \/>\n<meta property=\"og:site_name\" content=\"Not\u00edcias - Franciscanos\" \/>\n<meta property=\"article:published_time\" content=\"2018-08-14T10:43:14+00:00\" \/>\n<meta property=\"article:modified_time\" content=\"2021-07-05T23:15:46+00:00\" \/>\n<meta property=\"og:image\" content=\"https:\/\/franciscanos.org.br\/noticias\/wp-content\/uploads\/2018\/08\/canarinhos_170818.jpg\" \/>\n\t<meta property=\"og:image:width\" content=\"273\" \/>\n\t<meta property=\"og:image:height\" content=\"181\" \/>\n\t<meta property=\"og:image:type\" content=\"image\/jpeg\" \/>\n<meta name=\"author\" content=\"admin\" \/>\n<meta name=\"twitter:card\" content=\"summary_large_image\" \/>\n<meta name=\"twitter:label1\" content=\"Escrito por\" \/>\n\t<meta name=\"twitter:data1\" content=\"admin\" \/>\n\t<meta name=\"twitter:label2\" content=\"Est. tempo de leitura\" \/>\n\t<meta name=\"twitter:data2\" content=\"3 minutos\" \/>\n<script type=\"application\/ld+json\" class=\"yoast-schema-graph\">{\"@context\":\"https:\/\/schema.org\",\"@graph\":[{\"@type\":\"WebSite\",\"@id\":\"https:\/\/franciscanos.org.br\/noticias\/#website\",\"url\":\"https:\/\/franciscanos.org.br\/noticias\/\",\"name\":\"Not\u00edcias - Franciscanos\",\"description\":\"Prov\u00edncia Franciscana da Imaculada Concei\u00e7\u00e3o do Brasil - Ordem dos Frades Menores - OFM\",\"potentialAction\":[{\"@type\":\"SearchAction\",\"target\":{\"@type\":\"EntryPoint\",\"urlTemplate\":\"https:\/\/franciscanos.org.br\/noticias\/?s={search_term_string}\"},\"query-input\":\"required name=search_term_string\"}],\"inLanguage\":\"pt-BR\"},{\"@type\":\"ImageObject\",\"inLanguage\":\"pt-BR\",\"@id\":\"https:\/\/franciscanos.org.br\/noticias\/coral-dos-canarinhos-de-petropolis-celebra-seus-76-anos.html#primaryimage\",\"url\":\"https:\/\/franciscanos.org.br\/noticias\/wp-content\/uploads\/2018\/08\/canarinhos_170818.jpg\",\"contentUrl\":\"https:\/\/franciscanos.org.br\/noticias\/wp-content\/uploads\/2018\/08\/canarinhos_170818.jpg\",\"width\":273,\"height\":181},{\"@type\":\"WebPage\",\"@id\":\"https:\/\/franciscanos.org.br\/noticias\/coral-dos-canarinhos-de-petropolis-celebra-seus-76-anos.html#webpage\",\"url\":\"https:\/\/franciscanos.org.br\/noticias\/coral-dos-canarinhos-de-petropolis-celebra-seus-76-anos.html\",\"name\":\"Coral dos Canarinhos de Petr\u00f3polis celebra seus 76 anos - Not\u00edcias - Franciscanos\",\"isPartOf\":{\"@id\":\"https:\/\/franciscanos.org.br\/noticias\/#website\"},\"primaryImageOfPage\":{\"@id\":\"https:\/\/franciscanos.org.br\/noticias\/coral-dos-canarinhos-de-petropolis-celebra-seus-76-anos.html#primaryimage\"},\"datePublished\":\"2018-08-14T10:43:14+00:00\",\"dateModified\":\"2021-07-05T23:15:46+00:00\",\"author\":{\"@id\":\"https:\/\/franciscanos.org.br\/noticias\/#\/schema\/person\/b38fbf43118f02820bd932f2e4b14ad3\"},\"breadcrumb\":{\"@id\":\"https:\/\/franciscanos.org.br\/noticias\/coral-dos-canarinhos-de-petropolis-celebra-seus-76-anos.html#breadcrumb\"},\"inLanguage\":\"pt-BR\",\"potentialAction\":[{\"@type\":\"ReadAction\",\"target\":[\"https:\/\/franciscanos.org.br\/noticias\/coral-dos-canarinhos-de-petropolis-celebra-seus-76-anos.html\"]}]},{\"@type\":\"BreadcrumbList\",\"@id\":\"https:\/\/franciscanos.org.br\/noticias\/coral-dos-canarinhos-de-petropolis-celebra-seus-76-anos.html#breadcrumb\",\"itemListElement\":[{\"@type\":\"ListItem\",\"position\":1,\"name\":\"Home\",\"item\":\"https:\/\/franciscanos.org.br\/noticias\"},{\"@type\":\"ListItem\",\"position\":2,\"name\":\"Coral dos Canarinhos de Petr\u00f3polis celebra seus 76 anos\"}]},{\"@type\":\"Person\",\"@id\":\"https:\/\/franciscanos.org.br\/noticias\/#\/schema\/person\/b38fbf43118f02820bd932f2e4b14ad3\",\"name\":\"admin\",\"image\":{\"@type\":\"ImageObject\",\"inLanguage\":\"pt-BR\",\"@id\":\"https:\/\/franciscanos.org.br\/noticias\/#\/schema\/person\/image\/\",\"url\":\"https:\/\/secure.gravatar.com\/avatar\/e8495742d34d0ba6448ea1c628263b3e?s=96&d=mm&r=g\",\"contentUrl\":\"https:\/\/secure.gravatar.com\/avatar\/e8495742d34d0ba6448ea1c628263b3e?s=96&d=mm&r=g\",\"caption\":\"admin\"},\"url\":\"https:\/\/franciscanos.org.br\/noticias\/author\/admin\"}]}<\/script>\n<!-- \/ Yoast SEO plugin. -->","yoast_head_json":{"title":"Coral dos Canarinhos de Petr\u00f3polis celebra seus 76 anos - Not\u00edcias - Franciscanos","robots":{"index":"index","follow":"follow","max-snippet":"max-snippet:-1","max-image-preview":"max-image-preview:large","max-video-preview":"max-video-preview:-1"},"canonical":"https:\/\/franciscanos.org.br\/noticias\/coral-dos-canarinhos-de-petropolis-celebra-seus-76-anos.html","og_locale":"pt_BR","og_type":"article","og_title":"Coral dos Canarinhos de Petr\u00f3polis celebra seus 76 anos - Not\u00edcias - Franciscanos","og_description":"Festival de Corais","og_url":"https:\/\/franciscanos.org.br\/noticias\/coral-dos-canarinhos-de-petropolis-celebra-seus-76-anos.html","og_site_name":"Not\u00edcias - Franciscanos","article_published_time":"2018-08-14T10:43:14+00:00","article_modified_time":"2021-07-05T23:15:46+00:00","og_image":[{"width":273,"height":181,"url":"https:\/\/franciscanos.org.br\/noticias\/wp-content\/uploads\/2018\/08\/canarinhos_170818.jpg","type":"image\/jpeg"}],"author":"admin","twitter_card":"summary_large_image","twitter_misc":{"Escrito por":"admin","Est. tempo de leitura":"3 minutos"},"schema":{"@context":"https:\/\/schema.org","@graph":[{"@type":"WebSite","@id":"https:\/\/franciscanos.org.br\/noticias\/#website","url":"https:\/\/franciscanos.org.br\/noticias\/","name":"Not\u00edcias - Franciscanos","description":"Prov\u00edncia Franciscana da Imaculada Concei\u00e7\u00e3o do Brasil - Ordem dos Frades Menores - OFM","potentialAction":[{"@type":"SearchAction","target":{"@type":"EntryPoint","urlTemplate":"https:\/\/franciscanos.org.br\/noticias\/?s={search_term_string}"},"query-input":"required name=search_term_string"}],"inLanguage":"pt-BR"},{"@type":"ImageObject","inLanguage":"pt-BR","@id":"https:\/\/franciscanos.org.br\/noticias\/coral-dos-canarinhos-de-petropolis-celebra-seus-76-anos.html#primaryimage","url":"https:\/\/franciscanos.org.br\/noticias\/wp-content\/uploads\/2018\/08\/canarinhos_170818.jpg","contentUrl":"https:\/\/franciscanos.org.br\/noticias\/wp-content\/uploads\/2018\/08\/canarinhos_170818.jpg","width":273,"height":181},{"@type":"WebPage","@id":"https:\/\/franciscanos.org.br\/noticias\/coral-dos-canarinhos-de-petropolis-celebra-seus-76-anos.html#webpage","url":"https:\/\/franciscanos.org.br\/noticias\/coral-dos-canarinhos-de-petropolis-celebra-seus-76-anos.html","name":"Coral dos Canarinhos de Petr\u00f3polis celebra seus 76 anos - Not\u00edcias - Franciscanos","isPartOf":{"@id":"https:\/\/franciscanos.org.br\/noticias\/#website"},"primaryImageOfPage":{"@id":"https:\/\/franciscanos.org.br\/noticias\/coral-dos-canarinhos-de-petropolis-celebra-seus-76-anos.html#primaryimage"},"datePublished":"2018-08-14T10:43:14+00:00","dateModified":"2021-07-05T23:15:46+00:00","author":{"@id":"https:\/\/franciscanos.org.br\/noticias\/#\/schema\/person\/b38fbf43118f02820bd932f2e4b14ad3"},"breadcrumb":{"@id":"https:\/\/franciscanos.org.br\/noticias\/coral-dos-canarinhos-de-petropolis-celebra-seus-76-anos.html#breadcrumb"},"inLanguage":"pt-BR","potentialAction":[{"@type":"ReadAction","target":["https:\/\/franciscanos.org.br\/noticias\/coral-dos-canarinhos-de-petropolis-celebra-seus-76-anos.html"]}]},{"@type":"BreadcrumbList","@id":"https:\/\/franciscanos.org.br\/noticias\/coral-dos-canarinhos-de-petropolis-celebra-seus-76-anos.html#breadcrumb","itemListElement":[{"@type":"ListItem","position":1,"name":"Home","item":"https:\/\/franciscanos.org.br\/noticias"},{"@type":"ListItem","position":2,"name":"Coral dos Canarinhos de Petr\u00f3polis celebra seus 76 anos"}]},{"@type":"Person","@id":"https:\/\/franciscanos.org.br\/noticias\/#\/schema\/person\/b38fbf43118f02820bd932f2e4b14ad3","name":"admin","image":{"@type":"ImageObject","inLanguage":"pt-BR","@id":"https:\/\/franciscanos.org.br\/noticias\/#\/schema\/person\/image\/","url":"https:\/\/secure.gravatar.com\/avatar\/e8495742d34d0ba6448ea1c628263b3e?s=96&d=mm&r=g","contentUrl":"https:\/\/secure.gravatar.com\/avatar\/e8495742d34d0ba6448ea1c628263b3e?s=96&d=mm&r=g","caption":"admin"},"url":"https:\/\/franciscanos.org.br\/noticias\/author\/admin"}]}},"_links":{"self":[{"href":"https:\/\/franciscanos.org.br\/noticias\/wp-json\/wp\/v2\/posts\/169030"}],"collection":[{"href":"https:\/\/franciscanos.org.br\/noticias\/wp-json\/wp\/v2\/posts"}],"about":[{"href":"https:\/\/franciscanos.org.br\/noticias\/wp-json\/wp\/v2\/types\/post"}],"author":[{"embeddable":true,"href":"https:\/\/franciscanos.org.br\/noticias\/wp-json\/wp\/v2\/users\/1"}],"replies":[{"embeddable":true,"href":"https:\/\/franciscanos.org.br\/noticias\/wp-json\/wp\/v2\/comments?post=169030"}],"version-history":[{"count":1,"href":"https:\/\/franciscanos.org.br\/noticias\/wp-json\/wp\/v2\/posts\/169030\/revisions"}],"predecessor-version":[{"id":231732,"href":"https:\/\/franciscanos.org.br\/noticias\/wp-json\/wp\/v2\/posts\/169030\/revisions\/231732"}],"wp:featuredmedia":[{"embeddable":true,"href":"https:\/\/franciscanos.org.br\/noticias\/wp-json\/wp\/v2\/media\/209025"}],"wp:attachment":[{"href":"https:\/\/franciscanos.org.br\/noticias\/wp-json\/wp\/v2\/media?parent=169030"}],"wp:term":[{"taxonomy":"category","embeddable":true,"href":"https:\/\/franciscanos.org.br\/noticias\/wp-json\/wp\/v2\/categories?post=169030"},{"taxonomy":"post_tag","embeddable":true,"href":"https:\/\/franciscanos.org.br\/noticias\/wp-json\/wp\/v2\/tags?post=169030"}],"curies":[{"name":"wp","href":"https:\/\/api.w.org\/{rel}","templated":true}]}}