{"id":168934,"date":"2018-08-13T13:09:25","date_gmt":"2018-08-13T16:09:25","guid":{"rendered":"http:\/\/franciscanos.org.br\/?p=168934"},"modified":"2019-07-02T08:47:19","modified_gmt":"2019-07-02T11:47:19","slug":"folhinha-do-sagrado-celebra-80-anos-em-2019","status":"publish","type":"post","link":"https:\/\/franciscanos.org.br\/noticias\/folhinha-do-sagrado-celebra-80-anos-em-2019.html","title":{"rendered":"Folhinha do Sagrado Cora\u00e7\u00e3o de Jesus celebra 80 anos"},"content":{"rendered":"<p>A edi\u00e7\u00e3o do pr\u00f3ximo ano da tradicional Folhinha do Sagrado Cora\u00e7\u00e3o, que j\u00e1 pode ser adquirida pelos milhares de leitores espalhados pelo pa\u00eds e fora dele, \u00e9 especial. Esta publica\u00e7\u00e3o da Editora Vozes celebra 80 anos, j\u00e1 que o primeiro n\u00famero come\u00e7ou a ser feito e foi apresentado ao p\u00fablico em 1939. Em 1940, a primeira edi\u00e7\u00e3o chegava aos lares brasileiros para conquistar de vez o cora\u00e7\u00e3o dos leitores cat\u00f3licos. \u201cA Editora Vozes, ao longo dos seus 117 anos hist\u00f3ria, publicou centenas e mais centenas de livros e revistas, muitos dos quais fizeram hist\u00f3ria para a Igreja no Brasil. Dentro desse universo editorial e gr\u00e1fico, uma das ideias mais geniais foi a cria\u00e7\u00e3o e o lan\u00e7amento da Folhinha do Sagrado Cora\u00e7\u00e3o de Jesus. Mais do que um sucesso editorial com 80 anos de hist\u00f3ria, a Folhinha do Sagrado Cora\u00e7\u00e3o de Jesus, mesmo se usado o diminutivo \u201cfolhinha\u201d, foi grandiosa na sua miss\u00e3o de comunica\u00e7\u00e3o, informa\u00e7\u00e3o e sobretudo de evangeliza\u00e7\u00e3o em milhares de lares brasileiros\u201d, avalia o Ministro Provincial, Frei Fid\u00eancio Vanboemmel.<\/p>\n<p><a href=\"http:\/\/franciscanos.org.br\/wp-content\/uploads\/2018\/08\/folinha-300.jpg\"><img loading=\"lazy\" class=\"alignright wp-image-168937 size-full\" src=\"http:\/\/franciscanos.org.br\/wp-content\/uploads\/2018\/08\/folinha-300.jpg\" alt=\"folinha-300\" width=\"300\" height=\"354\" \/><\/a>\u201cPortanto, mais do que um simples calend\u00e1rio, a Folhinha tinha um sentido sacramental de b\u00ean\u00e7\u00e3o dentro do lar. Da\u00ed a frase \u2018Sagrado Cora\u00e7\u00e3o de Jesus, aben\u00e7oai este lar\u2019. Cada pessoa, ao destacar diariamente a p\u00e1gina da Folhinha, al\u00e9m de ler seu conte\u00fado, experimenta a gra\u00e7a de contemplar e permitir ser contemplada pelo Cora\u00e7\u00e3o amoroso e misericordioso de Jesus\u201d, lembra Frei Fid\u00eancio.<\/p>\n<p>A Folhinha \u00e9 composta de uma estampa com imagem do Sagrado Cora\u00e7\u00e3o de Jesus e de um bloco com o calend\u00e1rio anual, que \u00e9 encaixado na parte inferior da estampa. Possui conte\u00fado diversificado de religi\u00e3o at\u00e9 culin\u00e1ria, mensagens e cuidados para com a sa\u00fade. Traz indica\u00e7\u00e3o lit\u00fargica di\u00e1ria, calend\u00e1rio agr\u00edcola e de pesca, fases da lua, pensamentos b\u00edblicos e de autores diversos, datas comemorativas civis e de santos, coment\u00e1rio do Evangelho dominical, concurso b\u00edblico, reflex\u00f5es, curiosidades e humor. Ela \u00e9 tamb\u00e9m editada na vers\u00e3o para mesa, sendo ideal para o ambiente de trabalho.<\/p>\n<p>\u201cA Editora Vozes celebra 80 anos de um importante meio de evangeliza\u00e7\u00e3o crist\u00e3o, popular e muito querido pelos leitores, e at\u00e9 os dias de hoje presente nos lares brasileiros. Ao mesmo tempo que resgata a hist\u00f3ria da Folhinha do Sagrado Cora\u00e7\u00e3o de Jesus, continua a oferecer valores para seu p\u00fablico, sendo-lhe uma companhia di\u00e1ria como fonte de espiritualidade, informa\u00e7\u00e3o e entretenimento\u201d, celebra o editor Frei Edrian Josu\u00e9 Pasini.<\/p>\n<p>\u201cDesde 1940, temos a Folhinha presente em mais de 600 mil lares brasileiros, levando-lhes a cada dia uma mensagem otimista e cativando toda a fam\u00edlia\u201d, diz o frade.<\/p>\n<p>A Folhinha do Sagrado Cora\u00e7\u00e3o de Jesus \u00e9 a mais antiga publica\u00e7\u00e3o desse formato no Brasil. Jorge Conrado Deister, funcion\u00e1rio da editora na \u00e9poca, foi o primeiro redator da Folhinha.<\/p>\n<p>Uma das primeiras propagandas da Folhinha saiu no peri\u00f3dico publicado pela pr\u00f3pria editora, \u201cA Voz de Santo Ant\u00f4nio\u201d, de abril de 1939. Num dos trechos dizia-se que se \u201ctomou por programa de atua\u00e7\u00e3o a difus\u00e3o do culto do Sagrado Cora\u00e7\u00e3o de Jesus t\u00e3o tradicional no Brasil cat\u00f3lico desde os tempos do Pe. Jos\u00e9 de Anchieta\u201d. Provavelmente, o nome da Folhinha teve origem nessa devo\u00e7\u00e3o.<\/p>\n<p>Em 1959, a Editora Vozes adquiriu a impressora rotativa Pavema, de fabrica\u00e7\u00e3o alem\u00e3, para imprimir especialmente a Folhinha. Em 1940, sua tiragem era de 31 mil exemplares. Em novembro de 1963, a impress\u00e3o da edi\u00e7\u00e3o do ano posterior, ultrapassou 1 milh\u00e3o de exemplares. Em 1982 chegou a exatos 1.260.705 exemplares. Hoje, sua tiragem aproxima-se a 600 mil exemplares.<\/p>\n<p>Nesse tempo em que foi publicada, sofreu mudan\u00e7as em seu nome: de 1940 a 1959: Folhinha do Sagrado Cora\u00e7\u00e3o de Jesus; de 1960 a 1975: Almanaque do Sagrado Cora\u00e7\u00e3o de Jesus; de 1976 a 1978: Informativo Popular Cora\u00e7\u00e3o de Jesus; de 1979 at\u00e9 os dias de hoje: retornou ao nome original: Folhinha do Sagrado Cora\u00e7\u00e3o de Jesus. Em 1996, a Folhinha come\u00e7ou a apresentar-se tamb\u00e9m na vers\u00e3o (modelo) para mesa.<\/p>\n<p><strong>ALMANAQUE DE SANTO ANT\u00d4NIO<\/strong><br \/>\nComo \u00e9 tradi\u00e7\u00e3o, durante as festividades em honra de Santo Ant\u00f4nio, o editor Frei Edrian Pasini lan\u00e7a religiosamente o Almanaque de Santo Ant\u00f4nio, uma publica\u00e7\u00e3o que vem de uma tradi\u00e7\u00e3o milenar de eg\u00edpcios, gregos, romanos e hindus.<\/p>\n<p>Frei Edrian destacou que, historicamente, as pessoas j\u00e1 tiveram contato com outros almanaques, tais como de farm\u00e1cia, conhecimento geral e tamb\u00e9m almanaques mais espec\u00edficos (cient\u00edficos) ou de outras \u00e1reas. \u201cO nosso Almanaque apresenta o calend\u00e1rio civil, lit\u00fargico, agr\u00edcola e tamb\u00e9m o de astronomia. Al\u00e9m disso, ele traz muitos temas tais como: contos, culin\u00e1ria, curiosidades, dicas diversas, temas de ecologia e educa\u00e7\u00e3o, folclore, e outro destaque s\u00e3o tamb\u00e9m os passatempos e o cuidado com a sa\u00fade\u201d, frisou o editor.<\/p>\n<p><strong>PRODUTOS SAZONAIS<\/strong><br \/>\nA Editora Vozes j\u00e1 colocou \u00e0 venda todos os seus produtos sazonais de 2019. Al\u00e9m da Folhinha do Sagrado e do Almanaque Santo Ant\u00f4nio, podem ser adquiridos os seguintes produtos do pr\u00f3ximo ano:<br \/>\n&#8211; Agenda do Sagrado Cora\u00e7\u00e3o de Jesus; Calend\u00e1rio de mesa do Sagrado Cora\u00e7\u00e3o de Jesus; Encontro Di\u00e1rio com Deus; Guia Lit\u00fargico \u2013 Ano C; Agendinha Simples; Di\u00e1rio Vozes Luxo; e Medita\u00e7\u00f5es para o dia a dia.<\/p>\n<p>Todos esses produtos, incluindo a Folhinha, podem ser adquirida pelos telefones (24) 2233-9029 \/ (24) 2233-9042 ou pelo e-mail vendas@vozes.com.br.<\/p>\n","protected":false},"excerpt":{"rendered":"<p>Editora Vozes\/2019<\/p>\n","protected":false},"author":1,"featured_media":193472,"comment_status":"open","ping_status":"open","sticky":false,"template":"","format":"standard","meta":[],"categories":[1],"tags":[65],"acf":[],"yoast_head":"<!-- This site is optimized with the Yoast SEO plugin v19.2 - https:\/\/yoast.com\/wordpress\/plugins\/seo\/ -->\n<title>Folhinha do Sagrado Cora\u00e7\u00e3o de Jesus celebra 80 anos - Not\u00edcias - Franciscanos<\/title>\n<meta name=\"robots\" content=\"index, follow, max-snippet:-1, max-image-preview:large, max-video-preview:-1\" \/>\n<link rel=\"canonical\" href=\"https:\/\/franciscanos.org.br\/noticias\/folhinha-do-sagrado-celebra-80-anos-em-2019.html\" \/>\n<meta property=\"og:locale\" content=\"pt_BR\" \/>\n<meta property=\"og:type\" content=\"article\" \/>\n<meta property=\"og:title\" content=\"Folhinha do Sagrado Cora\u00e7\u00e3o de Jesus celebra 80 anos - Not\u00edcias - Franciscanos\" \/>\n<meta property=\"og:description\" content=\"Editora Vozes\/2019\" \/>\n<meta property=\"og:url\" content=\"https:\/\/franciscanos.org.br\/noticias\/folhinha-do-sagrado-celebra-80-anos-em-2019.html\" \/>\n<meta property=\"og:site_name\" content=\"Not\u00edcias - Franciscanos\" \/>\n<meta property=\"article:published_time\" content=\"2018-08-13T16:09:25+00:00\" \/>\n<meta property=\"article:modified_time\" content=\"2019-07-02T11:47:19+00:00\" \/>\n<meta property=\"og:image\" content=\"https:\/\/franciscanos.org.br\/noticias\/wp-content\/uploads\/2018\/08\/folinha-300d.jpg\" \/>\n\t<meta property=\"og:image:width\" content=\"273\" \/>\n\t<meta property=\"og:image:height\" content=\"181\" \/>\n\t<meta property=\"og:image:type\" content=\"image\/jpeg\" \/>\n<meta name=\"author\" content=\"admin\" \/>\n<meta name=\"twitter:card\" content=\"summary_large_image\" \/>\n<meta name=\"twitter:label1\" content=\"Escrito por\" \/>\n\t<meta name=\"twitter:data1\" content=\"admin\" \/>\n\t<meta name=\"twitter:label2\" content=\"Est. tempo de leitura\" \/>\n\t<meta name=\"twitter:data2\" content=\"5 minutos\" \/>\n<script type=\"application\/ld+json\" class=\"yoast-schema-graph\">{\"@context\":\"https:\/\/schema.org\",\"@graph\":[{\"@type\":\"WebSite\",\"@id\":\"https:\/\/franciscanos.org.br\/noticias\/#website\",\"url\":\"https:\/\/franciscanos.org.br\/noticias\/\",\"name\":\"Not\u00edcias - Franciscanos\",\"description\":\"Prov\u00edncia Franciscana da Imaculada Concei\u00e7\u00e3o do Brasil - Ordem dos Frades Menores - OFM\",\"potentialAction\":[{\"@type\":\"SearchAction\",\"target\":{\"@type\":\"EntryPoint\",\"urlTemplate\":\"https:\/\/franciscanos.org.br\/noticias\/?s={search_term_string}\"},\"query-input\":\"required name=search_term_string\"}],\"inLanguage\":\"pt-BR\"},{\"@type\":\"ImageObject\",\"inLanguage\":\"pt-BR\",\"@id\":\"https:\/\/franciscanos.org.br\/noticias\/folhinha-do-sagrado-celebra-80-anos-em-2019.html#primaryimage\",\"url\":\"https:\/\/franciscanos.org.br\/noticias\/wp-content\/uploads\/2018\/08\/folinha-300d.jpg\",\"contentUrl\":\"https:\/\/franciscanos.org.br\/noticias\/wp-content\/uploads\/2018\/08\/folinha-300d.jpg\",\"width\":273,\"height\":181},{\"@type\":\"WebPage\",\"@id\":\"https:\/\/franciscanos.org.br\/noticias\/folhinha-do-sagrado-celebra-80-anos-em-2019.html#webpage\",\"url\":\"https:\/\/franciscanos.org.br\/noticias\/folhinha-do-sagrado-celebra-80-anos-em-2019.html\",\"name\":\"Folhinha do Sagrado Cora\u00e7\u00e3o de Jesus celebra 80 anos - Not\u00edcias - Franciscanos\",\"isPartOf\":{\"@id\":\"https:\/\/franciscanos.org.br\/noticias\/#website\"},\"primaryImageOfPage\":{\"@id\":\"https:\/\/franciscanos.org.br\/noticias\/folhinha-do-sagrado-celebra-80-anos-em-2019.html#primaryimage\"},\"datePublished\":\"2018-08-13T16:09:25+00:00\",\"dateModified\":\"2019-07-02T11:47:19+00:00\",\"author\":{\"@id\":\"https:\/\/franciscanos.org.br\/noticias\/#\/schema\/person\/b38fbf43118f02820bd932f2e4b14ad3\"},\"breadcrumb\":{\"@id\":\"https:\/\/franciscanos.org.br\/noticias\/folhinha-do-sagrado-celebra-80-anos-em-2019.html#breadcrumb\"},\"inLanguage\":\"pt-BR\",\"potentialAction\":[{\"@type\":\"ReadAction\",\"target\":[\"https:\/\/franciscanos.org.br\/noticias\/folhinha-do-sagrado-celebra-80-anos-em-2019.html\"]}]},{\"@type\":\"BreadcrumbList\",\"@id\":\"https:\/\/franciscanos.org.br\/noticias\/folhinha-do-sagrado-celebra-80-anos-em-2019.html#breadcrumb\",\"itemListElement\":[{\"@type\":\"ListItem\",\"position\":1,\"name\":\"Home\",\"item\":\"https:\/\/franciscanos.org.br\/noticias\"},{\"@type\":\"ListItem\",\"position\":2,\"name\":\"Folhinha do Sagrado Cora\u00e7\u00e3o de Jesus celebra 80 anos\"}]},{\"@type\":\"Person\",\"@id\":\"https:\/\/franciscanos.org.br\/noticias\/#\/schema\/person\/b38fbf43118f02820bd932f2e4b14ad3\",\"name\":\"admin\",\"image\":{\"@type\":\"ImageObject\",\"inLanguage\":\"pt-BR\",\"@id\":\"https:\/\/franciscanos.org.br\/noticias\/#\/schema\/person\/image\/\",\"url\":\"https:\/\/secure.gravatar.com\/avatar\/e8495742d34d0ba6448ea1c628263b3e?s=96&d=mm&r=g\",\"contentUrl\":\"https:\/\/secure.gravatar.com\/avatar\/e8495742d34d0ba6448ea1c628263b3e?s=96&d=mm&r=g\",\"caption\":\"admin\"},\"url\":\"https:\/\/franciscanos.org.br\/noticias\/author\/admin\"}]}<\/script>\n<!-- \/ Yoast SEO plugin. -->","yoast_head_json":{"title":"Folhinha do Sagrado Cora\u00e7\u00e3o de Jesus celebra 80 anos - Not\u00edcias - Franciscanos","robots":{"index":"index","follow":"follow","max-snippet":"max-snippet:-1","max-image-preview":"max-image-preview:large","max-video-preview":"max-video-preview:-1"},"canonical":"https:\/\/franciscanos.org.br\/noticias\/folhinha-do-sagrado-celebra-80-anos-em-2019.html","og_locale":"pt_BR","og_type":"article","og_title":"Folhinha do Sagrado Cora\u00e7\u00e3o de Jesus celebra 80 anos - Not\u00edcias - Franciscanos","og_description":"Editora Vozes\/2019","og_url":"https:\/\/franciscanos.org.br\/noticias\/folhinha-do-sagrado-celebra-80-anos-em-2019.html","og_site_name":"Not\u00edcias - Franciscanos","article_published_time":"2018-08-13T16:09:25+00:00","article_modified_time":"2019-07-02T11:47:19+00:00","og_image":[{"width":273,"height":181,"url":"https:\/\/franciscanos.org.br\/noticias\/wp-content\/uploads\/2018\/08\/folinha-300d.jpg","type":"image\/jpeg"}],"author":"admin","twitter_card":"summary_large_image","twitter_misc":{"Escrito por":"admin","Est. tempo de leitura":"5 minutos"},"schema":{"@context":"https:\/\/schema.org","@graph":[{"@type":"WebSite","@id":"https:\/\/franciscanos.org.br\/noticias\/#website","url":"https:\/\/franciscanos.org.br\/noticias\/","name":"Not\u00edcias - Franciscanos","description":"Prov\u00edncia Franciscana da Imaculada Concei\u00e7\u00e3o do Brasil - Ordem dos Frades Menores - OFM","potentialAction":[{"@type":"SearchAction","target":{"@type":"EntryPoint","urlTemplate":"https:\/\/franciscanos.org.br\/noticias\/?s={search_term_string}"},"query-input":"required name=search_term_string"}],"inLanguage":"pt-BR"},{"@type":"ImageObject","inLanguage":"pt-BR","@id":"https:\/\/franciscanos.org.br\/noticias\/folhinha-do-sagrado-celebra-80-anos-em-2019.html#primaryimage","url":"https:\/\/franciscanos.org.br\/noticias\/wp-content\/uploads\/2018\/08\/folinha-300d.jpg","contentUrl":"https:\/\/franciscanos.org.br\/noticias\/wp-content\/uploads\/2018\/08\/folinha-300d.jpg","width":273,"height":181},{"@type":"WebPage","@id":"https:\/\/franciscanos.org.br\/noticias\/folhinha-do-sagrado-celebra-80-anos-em-2019.html#webpage","url":"https:\/\/franciscanos.org.br\/noticias\/folhinha-do-sagrado-celebra-80-anos-em-2019.html","name":"Folhinha do Sagrado Cora\u00e7\u00e3o de Jesus celebra 80 anos - Not\u00edcias - Franciscanos","isPartOf":{"@id":"https:\/\/franciscanos.org.br\/noticias\/#website"},"primaryImageOfPage":{"@id":"https:\/\/franciscanos.org.br\/noticias\/folhinha-do-sagrado-celebra-80-anos-em-2019.html#primaryimage"},"datePublished":"2018-08-13T16:09:25+00:00","dateModified":"2019-07-02T11:47:19+00:00","author":{"@id":"https:\/\/franciscanos.org.br\/noticias\/#\/schema\/person\/b38fbf43118f02820bd932f2e4b14ad3"},"breadcrumb":{"@id":"https:\/\/franciscanos.org.br\/noticias\/folhinha-do-sagrado-celebra-80-anos-em-2019.html#breadcrumb"},"inLanguage":"pt-BR","potentialAction":[{"@type":"ReadAction","target":["https:\/\/franciscanos.org.br\/noticias\/folhinha-do-sagrado-celebra-80-anos-em-2019.html"]}]},{"@type":"BreadcrumbList","@id":"https:\/\/franciscanos.org.br\/noticias\/folhinha-do-sagrado-celebra-80-anos-em-2019.html#breadcrumb","itemListElement":[{"@type":"ListItem","position":1,"name":"Home","item":"https:\/\/franciscanos.org.br\/noticias"},{"@type":"ListItem","position":2,"name":"Folhinha do Sagrado Cora\u00e7\u00e3o de Jesus celebra 80 anos"}]},{"@type":"Person","@id":"https:\/\/franciscanos.org.br\/noticias\/#\/schema\/person\/b38fbf43118f02820bd932f2e4b14ad3","name":"admin","image":{"@type":"ImageObject","inLanguage":"pt-BR","@id":"https:\/\/franciscanos.org.br\/noticias\/#\/schema\/person\/image\/","url":"https:\/\/secure.gravatar.com\/avatar\/e8495742d34d0ba6448ea1c628263b3e?s=96&d=mm&r=g","contentUrl":"https:\/\/secure.gravatar.com\/avatar\/e8495742d34d0ba6448ea1c628263b3e?s=96&d=mm&r=g","caption":"admin"},"url":"https:\/\/franciscanos.org.br\/noticias\/author\/admin"}]}},"_links":{"self":[{"href":"https:\/\/franciscanos.org.br\/noticias\/wp-json\/wp\/v2\/posts\/168934"}],"collection":[{"href":"https:\/\/franciscanos.org.br\/noticias\/wp-json\/wp\/v2\/posts"}],"about":[{"href":"https:\/\/franciscanos.org.br\/noticias\/wp-json\/wp\/v2\/types\/post"}],"author":[{"embeddable":true,"href":"https:\/\/franciscanos.org.br\/noticias\/wp-json\/wp\/v2\/users\/1"}],"replies":[{"embeddable":true,"href":"https:\/\/franciscanos.org.br\/noticias\/wp-json\/wp\/v2\/comments?post=168934"}],"version-history":[{"count":0,"href":"https:\/\/franciscanos.org.br\/noticias\/wp-json\/wp\/v2\/posts\/168934\/revisions"}],"wp:featuredmedia":[{"embeddable":true,"href":"https:\/\/franciscanos.org.br\/noticias\/wp-json\/wp\/v2\/media\/193472"}],"wp:attachment":[{"href":"https:\/\/franciscanos.org.br\/noticias\/wp-json\/wp\/v2\/media?parent=168934"}],"wp:term":[{"taxonomy":"category","embeddable":true,"href":"https:\/\/franciscanos.org.br\/noticias\/wp-json\/wp\/v2\/categories?post=168934"},{"taxonomy":"post_tag","embeddable":true,"href":"https:\/\/franciscanos.org.br\/noticias\/wp-json\/wp\/v2\/tags?post=168934"}],"curies":[{"name":"wp","href":"https:\/\/api.w.org\/{rel}","templated":true}]}}