{"id":168928,"date":"2018-08-13T13:04:12","date_gmt":"2018-08-13T16:04:12","guid":{"rendered":"http:\/\/franciscanos.org.br\/?p=168928"},"modified":"2021-07-20T11:28:06","modified_gmt":"2021-07-20T14:28:06","slug":"frei-abel-garante-esta-pronto-para-os-100","status":"publish","type":"post","link":"https:\/\/franciscanos.org.br\/noticias\/frei-abel-garante-esta-pronto-para-os-100.html","title":{"rendered":"Frei Abel garante: est\u00e1 pronto para os 100 anos"},"content":{"rendered":"<p><img loading=\"lazy\" class=\"alignleft size-full wp-image-179010\" src=\"http:\/\/franciscanos.org.br\/2018\/wp-content\/uploads\/2018\/08\/abel_071118_840-1.jpg\" alt=\"\" width=\"840\" height=\"500\" srcset=\"https:\/\/franciscanos.org.br\/noticias\/wp-content\/uploads\/2018\/08\/abel_071118_840-1.jpg 840w, https:\/\/franciscanos.org.br\/noticias\/wp-content\/uploads\/2018\/08\/abel_071118_840-1-450x268.jpg 450w, https:\/\/franciscanos.org.br\/noticias\/wp-content\/uploads\/2018\/08\/abel_071118_840-1-768x457.jpg 768w, https:\/\/franciscanos.org.br\/noticias\/wp-content\/uploads\/2018\/08\/abel_071118_840-1-150x89.jpg 150w\" sizes=\"(max-width: 840px) 100vw, 840px\" \/><\/p>\n<p><strong>Frei Augusto Luiz Gabriel<\/strong><\/p>\n<p><em>No dia 19 de julho, Frei Abel completou 97 anos e garante: est\u00e1 pronto para chegar aos 100 anos. Desde 2001, Frei Abel reside no Noviciado S\u00e3o Jos\u00e9 de Rodeio (SC). Atualmente apresenta algumas dificuldades de locomo\u00e7\u00e3o e, por isso, os novi\u00e7os se revezam e oferecem ao s\u00eanior da casa um cuidado especial.<\/em><\/p>\n<p><em>Segundo ele, a f\u00f3rmula para ser um bom frade menor \u00e9 ser fiel ao ideal de vida. \u201cEu quero ser isso, ent\u00e3o persisto. Esta \u00e9 a f\u00f3rmula\u201d, ensina.<\/em><\/p>\n<p><em>Frei Abel Schneider \u00e9 natural de Selbach (RS), onde nasceu no dia 19 de julho de 1921. Ingressou na Ordem dos Frades Menores no dia 14 de dezembro de 1946. Fez a profiss\u00e3o solene no dia 18 de dezembro de 1950 e foi ordenado sacerdote no dia 1\u00b0 de julho de 1954. Acompanhe a entrevista!<\/em><\/p>\n<p><strong><img loading=\"lazy\" class=\"alignright size-medium wp-image-179012\" src=\"http:\/\/franciscanos.org.br\/2018\/wp-content\/uploads\/2018\/08\/abel_071118_2-450x391.jpg\" alt=\"\" width=\"450\" height=\"391\" srcset=\"https:\/\/franciscanos.org.br\/noticias\/wp-content\/uploads\/2018\/08\/abel_071118_2.jpg 450w, https:\/\/franciscanos.org.br\/noticias\/wp-content\/uploads\/2018\/08\/abel_071118_2-150x130.jpg 150w\" sizes=\"(max-width: 450px) 100vw, 450px\" \/>Site Franciscanos &#8211; Como e quando se deu seu discernimento vocacional?<\/strong><\/p>\n<p><strong>Frei Abel &#8211;<\/strong> Desde crian\u00e7a tive a ideia e apresentei ao meu pai. Para a minha surpresa, ele gostou muito e me encaminhou para os franciscanos. A par\u00f3quia onde mor\u00e1vamos era dos frades; hoje n\u00e3o \u00e9 mais. Em Selbach, no Rio Grande do Sul, havia muitos seminaristas, companheiros que eu conhecia e outros que n\u00e3o conhecia, mas quase todos diocesanos da Diocese de Santa Maria. Ent\u00e3o, pensei: vou l\u00e1 para Santa Maria! Pensei que era a mesma coisa. Mas o pai me fez mudar de ideia e disse: n\u00e3o, voc\u00ea vai para os Franciscanos! Eu aceitei. No semin\u00e1rio, a gente aprendeu o que era ser franciscano e como ser frade menor. Neste tempo, tinha 13 anos e ingressei na etapa do fundamental. Mas aprendi pouca coisa, pois em casa s\u00f3 fal\u00e1vamos alem\u00e3o. Fui para o semin\u00e1rio sem saber o portugu\u00eas.<\/p>\n<p><strong>Site Franciscanos\u00a0&#8211; Qual a f\u00f3rmula para ser um bom frade menor?<\/strong><\/p>\n<p><strong>Frei Abel<\/strong> &#8211; A fidelidade ao ideal. Ser firme e convicto: eu quero ser isso, ent\u00e3o persisto! Essa \u00e9 a f\u00f3rmula. N\u00e3o se pode ficar na indecis\u00e3o do \u2018vou n\u00e3o vou, n\u00e3o vou, vou, n\u00e3o vou&#8230;\u2019. Decida e seja firme! \u00c9 claro que vai esbarrar em dificuldades, obst\u00e1culos, mas isso se encontra em qualquer situa\u00e7\u00e3o de vida. Por isso \u00e9 importante ter bem claro \u00e0 nossa frente o que queremos.<\/p>\n<p><strong>Site Franciscanos\u00a0&#8211; Como \u00e9 viver em fraternidade?<\/strong><\/p>\n<p><strong>Frei Abel<\/strong> &#8211; Aceitar a si mesmo e corrigir os erros, buscar a perfei\u00e7\u00e3o sempre, fazer penit\u00eancia, saber que a ren\u00fancia faz parte da vida consagrada para n\u00e3o perder o objetivo maior que \u00e9 seguir Jesus e, com isso, ser fiel ao chamado, ao plano de Deus, \u00e0 voca\u00e7\u00e3o que ele nos deu.<\/p>\n<p><strong>Site Franciscanos\u00a0&#8211; Frei, em quantas fraternidades o sr. j\u00e1 morou?<\/strong><\/p>\n<p><strong>Frei Abel<\/strong> &#8211; Ah, muitas! Acho que fui um dos mais transferidos da Prov\u00edncia. E, aqui, em Rodeio, j\u00e1 s\u00e3o 17 anos. Passei tamb\u00e9m um ano fora, morando em Balne\u00e1rio Cambori\u00fa (SC)!<\/p>\n<p><strong>Site Franciscanos\u00a0&#8211; Qual o segredo para a longevidade?<\/strong><\/p>\n<p><strong>Frei Abel<\/strong> &#8211; N\u00e3o h\u00e1 segredo nenhum. A vida \u00e9 um dom que Deus d\u00e1 a cada criatura. Para uns, Deus deu a brevidade, para outros, a longevidade. Ent\u00e3o, que cada um viva e respeite a vontade do Criador.<\/p>\n<p><strong>Site Franciscanos\u00a0&#8211; O que o sr. faria de novo e o que n\u00e3o faria nesta caminhada?<\/strong><\/p>\n<p><strong>Frei Abel<\/strong> &#8211; N\u00e3o faria nada de novo! \u00c9 melhor continuar caminhando do que repetir, voltar para tr\u00e1s n\u00e3o permitir\u00e1 com que cheguemos ao fim. Ent\u00e3o, o que estava errado vou corrigir para o futuro ser melhor.<\/p>\n<p><strong>Site Franciscanos- Como o sr. acha que o mundo est\u00e1 hoje?<\/strong><\/p>\n<p><strong>Frei Abel<\/strong> &#8211; Muito ruim! Porque depende do comportamento das pessoas e dos seus governos. O governo deveria orientar e dirigir a sociedade toda, mas segue os seus pr\u00f3prios interesses. Enquanto faltar a religi\u00e3o, a coisa n\u00e3o muda para melhor. A\u00ed que est\u00e1 a nossa miss\u00e3o: anunciar o Evangelho perante isso tudo!<\/p>\n<p><strong>Site Franciscanos\u00a0&#8211; O que o sr. diria para um jovem que quer entrar na Ordem Franciscana?<\/strong><\/p>\n<p><strong>Frei Abel<\/strong> &#8211; Questione-se bastante. O que quero e por que quero entrar na Ordem? Ali\u00e1s, isso \u00e9 para toda e qualquer forma de vida.<\/p>\n<p><strong>Site Franciscanos\u00a0&#8211; Como deve ser a vida de ora\u00e7\u00e3o de um frade?<\/strong><\/p>\n<p><strong>Frei Abel<\/strong> &#8211; Devota e piedosa. Ter a sua devo\u00e7\u00e3o e rever\u00eancia para com Nosso Senhor Jesus Cristo e dialogar sempre com o Cristo no sacr\u00e1rio.<\/p>\n<p><strong>Site Franciscanos\u00a0&#8211; S\u00e3o Francisco tem lugar no mundo de hoje?<\/strong><\/p>\n<p><strong>Frei Abel<\/strong> &#8211; Tem e muito! Vejo que a vida e o pensamento dele t\u00eam muita aceita\u00e7\u00e3o!<\/p>\n<p><strong>Site Franciscanos\u00a0&#8211; Quantos Papas o sr. conheceu em sua vida?<\/strong><\/p>\n<p><strong>Frei Abel<\/strong> &#8211; Sete! Eu os reverencio todos. Mas gostei muito dos Pontificados de Pio XXII e Jo\u00e3o Paulo II.<\/p>\n<p><strong>Site Franciscanos\u00a0&#8211; O que achou do Conc\u00edlio Vaticano II?<\/strong><\/p>\n<p><strong>Frei Abel<\/strong> &#8211; O Conc\u00edlio Vaticano trouxe muita euforia entre o clero, isso me lembro bem! Depois, quando as reformas come\u00e7aram a ser implementadas, muitos largaram a batina precipitadamente. As reformas foram feitas lentamente e deram muito certo.<\/p>\n<p><strong>Site Franciscanos\u00a0&#8211; Sobre a Ordem o que diria?<\/strong><\/p>\n<p><strong>Frei Abel<\/strong> &#8211; A Ordem \u00e9 o nosso ideal para seguir a Palavra de Cristo. Sede santos como o nosso Pai \u00e9 santo. Como ser santo? \u00c9 uma boa pergunta! Ent\u00e3o temos \u00e0 nossa frente meios e caminhos para a santidade, que \u00e9 a Ordem que S\u00e3o Francisco nos deixou. N\u00f3s o conhecemos e procuramos segui-lo. Trope\u00e7amos muitas vezes, mas seguimos firmes, n\u00e3o olhando para tr\u00e1s.<\/p>\n<p><strong>Site Franciscanos\u00a0\u2013 Para terminar, deixe uma mensagem aos seus confrades.<\/strong><\/p>\n<p><strong>Frei Abel<\/strong> &#8211; Que sejam fi\u00e9is ao seu ideal e procurem viver a fidelidade. Viver com alegria, com esperan\u00e7a, para chegar \u00e0 casa do Pai tendo muitos irm\u00e3os.<\/p>\n","protected":false},"excerpt":{"rendered":"<p>Entrevista<\/p>\n","protected":false},"author":5,"featured_media":220619,"comment_status":"open","ping_status":"open","sticky":false,"template":"","format":"standard","meta":[],"categories":[758],"tags":[17,1870],"acf":[],"yoast_head":"<!-- This site is optimized with the Yoast SEO plugin v19.2 - https:\/\/yoast.com\/wordpress\/plugins\/seo\/ -->\n<title>Frei Abel garante: est\u00e1 pronto para os 100 anos - Not\u00edcias - Franciscanos<\/title>\n<meta name=\"robots\" content=\"index, follow, max-snippet:-1, max-image-preview:large, max-video-preview:-1\" \/>\n<link rel=\"canonical\" href=\"https:\/\/franciscanos.org.br\/noticias\/frei-abel-garante-esta-pronto-para-os-100.html\" \/>\n<meta property=\"og:locale\" content=\"pt_BR\" \/>\n<meta property=\"og:type\" content=\"article\" \/>\n<meta property=\"og:title\" content=\"Frei Abel garante: est\u00e1 pronto para os 100 anos - Not\u00edcias - Franciscanos\" \/>\n<meta property=\"og:description\" content=\"Entrevista\" \/>\n<meta property=\"og:url\" content=\"https:\/\/franciscanos.org.br\/noticias\/frei-abel-garante-esta-pronto-para-os-100.html\" \/>\n<meta property=\"og:site_name\" content=\"Not\u00edcias - Franciscanos\" \/>\n<meta property=\"article:published_time\" content=\"2018-08-13T16:04:12+00:00\" \/>\n<meta property=\"article:modified_time\" content=\"2021-07-20T14:28:06+00:00\" \/>\n<meta property=\"og:image\" content=\"https:\/\/franciscanos.org.br\/noticias\/wp-content\/uploads\/2018\/08\/abel_071118_840-1-1.jpg\" \/>\n\t<meta property=\"og:image:width\" content=\"273\" \/>\n\t<meta property=\"og:image:height\" content=\"181\" \/>\n\t<meta property=\"og:image:type\" content=\"image\/jpeg\" \/>\n<meta name=\"author\" content=\"freiaugusto\" \/>\n<meta name=\"twitter:card\" content=\"summary_large_image\" \/>\n<meta name=\"twitter:label1\" content=\"Escrito por\" \/>\n\t<meta name=\"twitter:data1\" content=\"freiaugusto\" \/>\n\t<meta name=\"twitter:label2\" content=\"Est. tempo de leitura\" \/>\n\t<meta name=\"twitter:data2\" content=\"5 minutos\" \/>\n<script type=\"application\/ld+json\" class=\"yoast-schema-graph\">{\"@context\":\"https:\/\/schema.org\",\"@graph\":[{\"@type\":\"WebSite\",\"@id\":\"https:\/\/franciscanos.org.br\/noticias\/#website\",\"url\":\"https:\/\/franciscanos.org.br\/noticias\/\",\"name\":\"Not\u00edcias - Franciscanos\",\"description\":\"Prov\u00edncia Franciscana da Imaculada Concei\u00e7\u00e3o do Brasil - Ordem dos Frades Menores - OFM\",\"potentialAction\":[{\"@type\":\"SearchAction\",\"target\":{\"@type\":\"EntryPoint\",\"urlTemplate\":\"https:\/\/franciscanos.org.br\/noticias\/?s={search_term_string}\"},\"query-input\":\"required name=search_term_string\"}],\"inLanguage\":\"pt-BR\"},{\"@type\":\"ImageObject\",\"inLanguage\":\"pt-BR\",\"@id\":\"https:\/\/franciscanos.org.br\/noticias\/frei-abel-garante-esta-pronto-para-os-100.html#primaryimage\",\"url\":\"https:\/\/franciscanos.org.br\/noticias\/wp-content\/uploads\/2018\/08\/abel_071118_840-1-1.jpg\",\"contentUrl\":\"https:\/\/franciscanos.org.br\/noticias\/wp-content\/uploads\/2018\/08\/abel_071118_840-1-1.jpg\",\"width\":273,\"height\":181},{\"@type\":\"WebPage\",\"@id\":\"https:\/\/franciscanos.org.br\/noticias\/frei-abel-garante-esta-pronto-para-os-100.html#webpage\",\"url\":\"https:\/\/franciscanos.org.br\/noticias\/frei-abel-garante-esta-pronto-para-os-100.html\",\"name\":\"Frei Abel garante: est\u00e1 pronto para os 100 anos - Not\u00edcias - Franciscanos\",\"isPartOf\":{\"@id\":\"https:\/\/franciscanos.org.br\/noticias\/#website\"},\"primaryImageOfPage\":{\"@id\":\"https:\/\/franciscanos.org.br\/noticias\/frei-abel-garante-esta-pronto-para-os-100.html#primaryimage\"},\"datePublished\":\"2018-08-13T16:04:12+00:00\",\"dateModified\":\"2021-07-20T14:28:06+00:00\",\"author\":{\"@id\":\"https:\/\/franciscanos.org.br\/noticias\/#\/schema\/person\/37f88f0d111cd5358b12a6556a99eb91\"},\"breadcrumb\":{\"@id\":\"https:\/\/franciscanos.org.br\/noticias\/frei-abel-garante-esta-pronto-para-os-100.html#breadcrumb\"},\"inLanguage\":\"pt-BR\",\"potentialAction\":[{\"@type\":\"ReadAction\",\"target\":[\"https:\/\/franciscanos.org.br\/noticias\/frei-abel-garante-esta-pronto-para-os-100.html\"]}]},{\"@type\":\"BreadcrumbList\",\"@id\":\"https:\/\/franciscanos.org.br\/noticias\/frei-abel-garante-esta-pronto-para-os-100.html#breadcrumb\",\"itemListElement\":[{\"@type\":\"ListItem\",\"position\":1,\"name\":\"Home\",\"item\":\"https:\/\/franciscanos.org.br\/noticias\"},{\"@type\":\"ListItem\",\"position\":2,\"name\":\"Frei Abel garante: est\u00e1 pronto para os 100 anos\"}]},{\"@type\":\"Person\",\"@id\":\"https:\/\/franciscanos.org.br\/noticias\/#\/schema\/person\/37f88f0d111cd5358b12a6556a99eb91\",\"name\":\"freiaugusto\",\"image\":{\"@type\":\"ImageObject\",\"inLanguage\":\"pt-BR\",\"@id\":\"https:\/\/franciscanos.org.br\/noticias\/#\/schema\/person\/image\/\",\"url\":\"https:\/\/secure.gravatar.com\/avatar\/9840b940e621801b24f3e6b059efb4b7?s=96&d=mm&r=g\",\"contentUrl\":\"https:\/\/secure.gravatar.com\/avatar\/9840b940e621801b24f3e6b059efb4b7?s=96&d=mm&r=g\",\"caption\":\"freiaugusto\"},\"url\":\"https:\/\/franciscanos.org.br\/noticias\/author\/freiaugusto\"}]}<\/script>\n<!-- \/ Yoast SEO plugin. -->","yoast_head_json":{"title":"Frei Abel garante: est\u00e1 pronto para os 100 anos - Not\u00edcias - Franciscanos","robots":{"index":"index","follow":"follow","max-snippet":"max-snippet:-1","max-image-preview":"max-image-preview:large","max-video-preview":"max-video-preview:-1"},"canonical":"https:\/\/franciscanos.org.br\/noticias\/frei-abel-garante-esta-pronto-para-os-100.html","og_locale":"pt_BR","og_type":"article","og_title":"Frei Abel garante: est\u00e1 pronto para os 100 anos - Not\u00edcias - Franciscanos","og_description":"Entrevista","og_url":"https:\/\/franciscanos.org.br\/noticias\/frei-abel-garante-esta-pronto-para-os-100.html","og_site_name":"Not\u00edcias - Franciscanos","article_published_time":"2018-08-13T16:04:12+00:00","article_modified_time":"2021-07-20T14:28:06+00:00","og_image":[{"width":273,"height":181,"url":"https:\/\/franciscanos.org.br\/noticias\/wp-content\/uploads\/2018\/08\/abel_071118_840-1-1.jpg","type":"image\/jpeg"}],"author":"freiaugusto","twitter_card":"summary_large_image","twitter_misc":{"Escrito por":"freiaugusto","Est. tempo de leitura":"5 minutos"},"schema":{"@context":"https:\/\/schema.org","@graph":[{"@type":"WebSite","@id":"https:\/\/franciscanos.org.br\/noticias\/#website","url":"https:\/\/franciscanos.org.br\/noticias\/","name":"Not\u00edcias - Franciscanos","description":"Prov\u00edncia Franciscana da Imaculada Concei\u00e7\u00e3o do Brasil - Ordem dos Frades Menores - OFM","potentialAction":[{"@type":"SearchAction","target":{"@type":"EntryPoint","urlTemplate":"https:\/\/franciscanos.org.br\/noticias\/?s={search_term_string}"},"query-input":"required name=search_term_string"}],"inLanguage":"pt-BR"},{"@type":"ImageObject","inLanguage":"pt-BR","@id":"https:\/\/franciscanos.org.br\/noticias\/frei-abel-garante-esta-pronto-para-os-100.html#primaryimage","url":"https:\/\/franciscanos.org.br\/noticias\/wp-content\/uploads\/2018\/08\/abel_071118_840-1-1.jpg","contentUrl":"https:\/\/franciscanos.org.br\/noticias\/wp-content\/uploads\/2018\/08\/abel_071118_840-1-1.jpg","width":273,"height":181},{"@type":"WebPage","@id":"https:\/\/franciscanos.org.br\/noticias\/frei-abel-garante-esta-pronto-para-os-100.html#webpage","url":"https:\/\/franciscanos.org.br\/noticias\/frei-abel-garante-esta-pronto-para-os-100.html","name":"Frei Abel garante: est\u00e1 pronto para os 100 anos - Not\u00edcias - Franciscanos","isPartOf":{"@id":"https:\/\/franciscanos.org.br\/noticias\/#website"},"primaryImageOfPage":{"@id":"https:\/\/franciscanos.org.br\/noticias\/frei-abel-garante-esta-pronto-para-os-100.html#primaryimage"},"datePublished":"2018-08-13T16:04:12+00:00","dateModified":"2021-07-20T14:28:06+00:00","author":{"@id":"https:\/\/franciscanos.org.br\/noticias\/#\/schema\/person\/37f88f0d111cd5358b12a6556a99eb91"},"breadcrumb":{"@id":"https:\/\/franciscanos.org.br\/noticias\/frei-abel-garante-esta-pronto-para-os-100.html#breadcrumb"},"inLanguage":"pt-BR","potentialAction":[{"@type":"ReadAction","target":["https:\/\/franciscanos.org.br\/noticias\/frei-abel-garante-esta-pronto-para-os-100.html"]}]},{"@type":"BreadcrumbList","@id":"https:\/\/franciscanos.org.br\/noticias\/frei-abel-garante-esta-pronto-para-os-100.html#breadcrumb","itemListElement":[{"@type":"ListItem","position":1,"name":"Home","item":"https:\/\/franciscanos.org.br\/noticias"},{"@type":"ListItem","position":2,"name":"Frei Abel garante: est\u00e1 pronto para os 100 anos"}]},{"@type":"Person","@id":"https:\/\/franciscanos.org.br\/noticias\/#\/schema\/person\/37f88f0d111cd5358b12a6556a99eb91","name":"freiaugusto","image":{"@type":"ImageObject","inLanguage":"pt-BR","@id":"https:\/\/franciscanos.org.br\/noticias\/#\/schema\/person\/image\/","url":"https:\/\/secure.gravatar.com\/avatar\/9840b940e621801b24f3e6b059efb4b7?s=96&d=mm&r=g","contentUrl":"https:\/\/secure.gravatar.com\/avatar\/9840b940e621801b24f3e6b059efb4b7?s=96&d=mm&r=g","caption":"freiaugusto"},"url":"https:\/\/franciscanos.org.br\/noticias\/author\/freiaugusto"}]}},"_links":{"self":[{"href":"https:\/\/franciscanos.org.br\/noticias\/wp-json\/wp\/v2\/posts\/168928"}],"collection":[{"href":"https:\/\/franciscanos.org.br\/noticias\/wp-json\/wp\/v2\/posts"}],"about":[{"href":"https:\/\/franciscanos.org.br\/noticias\/wp-json\/wp\/v2\/types\/post"}],"author":[{"embeddable":true,"href":"https:\/\/franciscanos.org.br\/noticias\/wp-json\/wp\/v2\/users\/5"}],"replies":[{"embeddable":true,"href":"https:\/\/franciscanos.org.br\/noticias\/wp-json\/wp\/v2\/comments?post=168928"}],"version-history":[{"count":1,"href":"https:\/\/franciscanos.org.br\/noticias\/wp-json\/wp\/v2\/posts\/168928\/revisions"}],"predecessor-version":[{"id":226760,"href":"https:\/\/franciscanos.org.br\/noticias\/wp-json\/wp\/v2\/posts\/168928\/revisions\/226760"}],"wp:featuredmedia":[{"embeddable":true,"href":"https:\/\/franciscanos.org.br\/noticias\/wp-json\/wp\/v2\/media\/220619"}],"wp:attachment":[{"href":"https:\/\/franciscanos.org.br\/noticias\/wp-json\/wp\/v2\/media?parent=168928"}],"wp:term":[{"taxonomy":"category","embeddable":true,"href":"https:\/\/franciscanos.org.br\/noticias\/wp-json\/wp\/v2\/categories?post=168928"},{"taxonomy":"post_tag","embeddable":true,"href":"https:\/\/franciscanos.org.br\/noticias\/wp-json\/wp\/v2\/tags?post=168928"}],"curies":[{"name":"wp","href":"https:\/\/api.w.org\/{rel}","templated":true}]}}