{"id":168870,"date":"2018-08-12T23:08:19","date_gmt":"2018-08-13T02:08:19","guid":{"rendered":"http:\/\/franciscanos.org.br\/?p=168870"},"modified":"2019-07-04T13:26:26","modified_gmt":"2019-07-04T16:26:26","slug":"familia-franciscana-centro-oeste-paulista-realiza-seu-1o-encontro","status":"publish","type":"post","link":"https:\/\/franciscanos.org.br\/noticias\/familia-franciscana-centro-oeste-paulista-realiza-seu-1o-encontro.html","title":{"rendered":"Fam\u00edlia Franciscana Centro-Oeste paulista realiza seu 1\u00ba Encontro"},"content":{"rendered":"<p><img loading=\"lazy\" src=\"http:\/\/franciscanos.org.br\/wp-content\/uploads\/2018\/08\/encontro_cffb_sp_120818.jpg\" alt=\"encontro_cffb_sp_120818\" width=\"830\" height=\"400\" \/><\/p>\n<p>No \u00faltimo dia 11 de Agosto, o N\u00facleo Centro-Oeste Paulista da Confer\u00eancia Fam\u00edlia Franciscana do Brasil, se reuniu pela primeira vez em Gar\u00e7a (SP), contando com a presen\u00e7a de 54 irm\u00e3os e irm\u00e3s da Ordem Franciscana Secular (OFS), Juventude Franciscana (JUFRA), Irm\u00e3s Franciscanas de Siessen, Irm\u00e3s Franciscanas de Cristo Rei, Irm\u00e3s Franciscanas Alcantarinas, Frades Menores, provenientes de diversos lugares, como Agudos, Dracena, Pomp\u00e9ia e Gar\u00e7a, cidade anfitri\u00e3 do evento, para promover a conviv\u00eancia, forma\u00e7\u00e3o, ora\u00e7\u00e3o e fraternidade entre os irm\u00e3os e irm\u00e3s das Ordens, Congrega\u00e7\u00f5es, Institutos franciscanos e seus simpatizantes.<\/p>\n<p>O Encontro iniciou-se logo pela manh\u00e3 com um delicioso caf\u00e9 e acolhida fraterna. Toda a parte da manh\u00e3 foi dedicada para a abordagem do tema proposto:\u00a0\u201cAno do Laicato \u2013 A dimens\u00e3o mission\u00e1ria da Voca\u00e7\u00e3o Franciscana, numa Igreja em Sa\u00edda\u201d, tendo como base a Sagrada Escritura, o Documento 105 da Confer\u00eancia Nacional dos Bispos do Brasil (CNBB) e as Fontes Franciscanas.<\/p>\n<p>Irm\u00e3 Ivone Lourdes Fritzen, Provincial das Irm\u00e3s Franciscana de Cristo Rei, falou sobre a import\u00e2ncia de se criar uma consci\u00eancia de que \u201csomos miss\u00e3o no mundo\u201d: ser pobre com os pobres e para os pobres. Apresentando o Crucificado de S\u00e3o Dami\u00e3o e ressaltando que o Cristo Reina de olhos abertos, recordou que se faz necess\u00e1rio viver a espiritualidade e a miss\u00e3o de \u201colhos abertos\u201d, a fim de, a exemplo de Clara, olhar, considerar e contemplar o Cristo pobre nos pobres.\u00a0\u201cA espiritualidade Franciscana nunca \u00e9 intimista, mas sempre comunh\u00e3o, sempre procura tocar a carne sofredora do outro\u201d, enfatizou.<\/p>\n<p>No per\u00edodo da tarde, os participantes foram divididos em seis grupos, para realizar na pr\u00e1tica, a experi\u00eancia da missionariedade franciscana numa Igreja em sa\u00edda, t\u00e3o discutida no per\u00edodo matutino. Quatro grupos visitaram algumas casas femininas de reinser\u00e7\u00e3o psiqui\u00e1trica, um grupo visitou o Hospital Psiqui\u00e1trico Andr\u00e9 Luiz e outro grupo visitou algumas fam\u00edlias em \u00e1reas de periferias existenciais, todas situadas na cidade de Gar\u00e7a. Todos puderam experimentar em suas vidas esta dimens\u00e3o \u00edmpar, pr\u00f3pria da vida franciscana.<\/p>\n<p>Ao final das visitas, todos se encontraram novamente e, juntos, rezaram o Of\u00edcio Divino das Comunidades, celebrando a festa de Santa Clara de Assis. Momento alto desta celebra\u00e7\u00e3o final foi a Recorda\u00e7\u00e3o da Vida totalmente encarnada no ch\u00e3o dos que mais sofrem e que todos puderam pisar ou tocar! \u201cQue nossa M\u00e3e Santa Clara clareie nossas consci\u00eancias e, assim, possamos viver com autenticidade nossa miss\u00e3o franciscana numa Igreja em sa\u00edda. Deus seja louvado por nosso rec\u00e9m-nascido n\u00facleo!\u201d, agradeceu Frei Zilmar Augusto Moreira de Oliveira.<\/p>\n<p>\u201cQue encontro maravilhoso. Estava acostumado a somente viver a fraternidade com os irm\u00e3os do nosso Regional da OFS. E agora tive a oportunidade de vivenciar a fraternidade com mais irm\u00e3os. Estou muito feliz e animado para os pr\u00f3ximos encontros&#8221;, ressaltou Renato Cavalcante, da OFS de Dracena (SP).<\/p>\n<p>&#8220;Foi realmente uma experi\u00eancia \u00fanica. Enriquecedor demais, seja pela forma\u00e7\u00e3o, como tamb\u00e9m pela conviv\u00eancia e pela viv\u00eancia da miss\u00e3o a tarde. Foi maravilhoso, voltamos para casa cheios. E que venham os pr\u00f3ximos encontro\u201d, afirmou Andr\u00e9 Miniel, da OFS de Agudos (SP).<\/p>\n","protected":false},"excerpt":{"rendered":"<p>CFFB<\/p>\n","protected":false},"author":1,"featured_media":207288,"comment_status":"open","ping_status":"open","sticky":false,"template":"","format":"standard","meta":[],"categories":[1],"tags":[203],"acf":[],"yoast_head":"<!-- This site is optimized with the Yoast SEO plugin v19.2 - https:\/\/yoast.com\/wordpress\/plugins\/seo\/ -->\n<title>Fam\u00edlia Franciscana Centro-Oeste paulista realiza seu 1\u00ba Encontro - Not\u00edcias - Franciscanos<\/title>\n<meta name=\"robots\" content=\"index, follow, max-snippet:-1, max-image-preview:large, max-video-preview:-1\" \/>\n<link rel=\"canonical\" href=\"https:\/\/franciscanos.org.br\/noticias\/familia-franciscana-centro-oeste-paulista-realiza-seu-1o-encontro.html\" \/>\n<meta property=\"og:locale\" content=\"pt_BR\" \/>\n<meta property=\"og:type\" content=\"article\" \/>\n<meta property=\"og:title\" content=\"Fam\u00edlia Franciscana Centro-Oeste paulista realiza seu 1\u00ba Encontro - Not\u00edcias - Franciscanos\" \/>\n<meta property=\"og:description\" content=\"CFFB\" \/>\n<meta property=\"og:url\" content=\"https:\/\/franciscanos.org.br\/noticias\/familia-franciscana-centro-oeste-paulista-realiza-seu-1o-encontro.html\" \/>\n<meta property=\"og:site_name\" content=\"Not\u00edcias - Franciscanos\" \/>\n<meta property=\"article:published_time\" content=\"2018-08-13T02:08:19+00:00\" \/>\n<meta property=\"article:modified_time\" content=\"2019-07-04T16:26:26+00:00\" \/>\n<meta property=\"og:image\" content=\"https:\/\/franciscanos.org.br\/noticias\/wp-content\/uploads\/2018\/08\/encontro_cffb_sp_120818.jpg\" \/>\n\t<meta property=\"og:image:width\" content=\"273\" \/>\n\t<meta property=\"og:image:height\" content=\"181\" \/>\n\t<meta property=\"og:image:type\" content=\"image\/jpeg\" \/>\n<meta name=\"author\" content=\"admin\" \/>\n<meta name=\"twitter:card\" content=\"summary_large_image\" \/>\n<meta name=\"twitter:label1\" content=\"Escrito por\" \/>\n\t<meta name=\"twitter:data1\" content=\"admin\" \/>\n\t<meta name=\"twitter:label2\" content=\"Est. tempo de leitura\" \/>\n\t<meta name=\"twitter:data2\" content=\"3 minutos\" \/>\n<script type=\"application\/ld+json\" class=\"yoast-schema-graph\">{\"@context\":\"https:\/\/schema.org\",\"@graph\":[{\"@type\":\"WebSite\",\"@id\":\"https:\/\/franciscanos.org.br\/noticias\/#website\",\"url\":\"https:\/\/franciscanos.org.br\/noticias\/\",\"name\":\"Not\u00edcias - Franciscanos\",\"description\":\"Prov\u00edncia Franciscana da Imaculada Concei\u00e7\u00e3o do Brasil - Ordem dos Frades Menores - OFM\",\"potentialAction\":[{\"@type\":\"SearchAction\",\"target\":{\"@type\":\"EntryPoint\",\"urlTemplate\":\"https:\/\/franciscanos.org.br\/noticias\/?s={search_term_string}\"},\"query-input\":\"required name=search_term_string\"}],\"inLanguage\":\"pt-BR\"},{\"@type\":\"ImageObject\",\"inLanguage\":\"pt-BR\",\"@id\":\"https:\/\/franciscanos.org.br\/noticias\/familia-franciscana-centro-oeste-paulista-realiza-seu-1o-encontro.html#primaryimage\",\"url\":\"https:\/\/franciscanos.org.br\/noticias\/wp-content\/uploads\/2018\/08\/encontro_cffb_sp_120818.jpg\",\"contentUrl\":\"https:\/\/franciscanos.org.br\/noticias\/wp-content\/uploads\/2018\/08\/encontro_cffb_sp_120818.jpg\",\"width\":273,\"height\":181},{\"@type\":\"WebPage\",\"@id\":\"https:\/\/franciscanos.org.br\/noticias\/familia-franciscana-centro-oeste-paulista-realiza-seu-1o-encontro.html#webpage\",\"url\":\"https:\/\/franciscanos.org.br\/noticias\/familia-franciscana-centro-oeste-paulista-realiza-seu-1o-encontro.html\",\"name\":\"Fam\u00edlia Franciscana Centro-Oeste paulista realiza seu 1\u00ba Encontro - Not\u00edcias - Franciscanos\",\"isPartOf\":{\"@id\":\"https:\/\/franciscanos.org.br\/noticias\/#website\"},\"primaryImageOfPage\":{\"@id\":\"https:\/\/franciscanos.org.br\/noticias\/familia-franciscana-centro-oeste-paulista-realiza-seu-1o-encontro.html#primaryimage\"},\"datePublished\":\"2018-08-13T02:08:19+00:00\",\"dateModified\":\"2019-07-04T16:26:26+00:00\",\"author\":{\"@id\":\"https:\/\/franciscanos.org.br\/noticias\/#\/schema\/person\/b38fbf43118f02820bd932f2e4b14ad3\"},\"breadcrumb\":{\"@id\":\"https:\/\/franciscanos.org.br\/noticias\/familia-franciscana-centro-oeste-paulista-realiza-seu-1o-encontro.html#breadcrumb\"},\"inLanguage\":\"pt-BR\",\"potentialAction\":[{\"@type\":\"ReadAction\",\"target\":[\"https:\/\/franciscanos.org.br\/noticias\/familia-franciscana-centro-oeste-paulista-realiza-seu-1o-encontro.html\"]}]},{\"@type\":\"BreadcrumbList\",\"@id\":\"https:\/\/franciscanos.org.br\/noticias\/familia-franciscana-centro-oeste-paulista-realiza-seu-1o-encontro.html#breadcrumb\",\"itemListElement\":[{\"@type\":\"ListItem\",\"position\":1,\"name\":\"Home\",\"item\":\"https:\/\/franciscanos.org.br\/noticias\"},{\"@type\":\"ListItem\",\"position\":2,\"name\":\"Fam\u00edlia Franciscana Centro-Oeste paulista realiza seu 1\u00ba Encontro\"}]},{\"@type\":\"Person\",\"@id\":\"https:\/\/franciscanos.org.br\/noticias\/#\/schema\/person\/b38fbf43118f02820bd932f2e4b14ad3\",\"name\":\"admin\",\"image\":{\"@type\":\"ImageObject\",\"inLanguage\":\"pt-BR\",\"@id\":\"https:\/\/franciscanos.org.br\/noticias\/#\/schema\/person\/image\/\",\"url\":\"https:\/\/secure.gravatar.com\/avatar\/e8495742d34d0ba6448ea1c628263b3e?s=96&d=mm&r=g\",\"contentUrl\":\"https:\/\/secure.gravatar.com\/avatar\/e8495742d34d0ba6448ea1c628263b3e?s=96&d=mm&r=g\",\"caption\":\"admin\"},\"url\":\"https:\/\/franciscanos.org.br\/noticias\/author\/admin\"}]}<\/script>\n<!-- \/ Yoast SEO plugin. -->","yoast_head_json":{"title":"Fam\u00edlia Franciscana Centro-Oeste paulista realiza seu 1\u00ba Encontro - Not\u00edcias - Franciscanos","robots":{"index":"index","follow":"follow","max-snippet":"max-snippet:-1","max-image-preview":"max-image-preview:large","max-video-preview":"max-video-preview:-1"},"canonical":"https:\/\/franciscanos.org.br\/noticias\/familia-franciscana-centro-oeste-paulista-realiza-seu-1o-encontro.html","og_locale":"pt_BR","og_type":"article","og_title":"Fam\u00edlia Franciscana Centro-Oeste paulista realiza seu 1\u00ba Encontro - Not\u00edcias - Franciscanos","og_description":"CFFB","og_url":"https:\/\/franciscanos.org.br\/noticias\/familia-franciscana-centro-oeste-paulista-realiza-seu-1o-encontro.html","og_site_name":"Not\u00edcias - Franciscanos","article_published_time":"2018-08-13T02:08:19+00:00","article_modified_time":"2019-07-04T16:26:26+00:00","og_image":[{"width":273,"height":181,"url":"https:\/\/franciscanos.org.br\/noticias\/wp-content\/uploads\/2018\/08\/encontro_cffb_sp_120818.jpg","type":"image\/jpeg"}],"author":"admin","twitter_card":"summary_large_image","twitter_misc":{"Escrito por":"admin","Est. tempo de leitura":"3 minutos"},"schema":{"@context":"https:\/\/schema.org","@graph":[{"@type":"WebSite","@id":"https:\/\/franciscanos.org.br\/noticias\/#website","url":"https:\/\/franciscanos.org.br\/noticias\/","name":"Not\u00edcias - Franciscanos","description":"Prov\u00edncia Franciscana da Imaculada Concei\u00e7\u00e3o do Brasil - Ordem dos Frades Menores - OFM","potentialAction":[{"@type":"SearchAction","target":{"@type":"EntryPoint","urlTemplate":"https:\/\/franciscanos.org.br\/noticias\/?s={search_term_string}"},"query-input":"required name=search_term_string"}],"inLanguage":"pt-BR"},{"@type":"ImageObject","inLanguage":"pt-BR","@id":"https:\/\/franciscanos.org.br\/noticias\/familia-franciscana-centro-oeste-paulista-realiza-seu-1o-encontro.html#primaryimage","url":"https:\/\/franciscanos.org.br\/noticias\/wp-content\/uploads\/2018\/08\/encontro_cffb_sp_120818.jpg","contentUrl":"https:\/\/franciscanos.org.br\/noticias\/wp-content\/uploads\/2018\/08\/encontro_cffb_sp_120818.jpg","width":273,"height":181},{"@type":"WebPage","@id":"https:\/\/franciscanos.org.br\/noticias\/familia-franciscana-centro-oeste-paulista-realiza-seu-1o-encontro.html#webpage","url":"https:\/\/franciscanos.org.br\/noticias\/familia-franciscana-centro-oeste-paulista-realiza-seu-1o-encontro.html","name":"Fam\u00edlia Franciscana Centro-Oeste paulista realiza seu 1\u00ba Encontro - Not\u00edcias - Franciscanos","isPartOf":{"@id":"https:\/\/franciscanos.org.br\/noticias\/#website"},"primaryImageOfPage":{"@id":"https:\/\/franciscanos.org.br\/noticias\/familia-franciscana-centro-oeste-paulista-realiza-seu-1o-encontro.html#primaryimage"},"datePublished":"2018-08-13T02:08:19+00:00","dateModified":"2019-07-04T16:26:26+00:00","author":{"@id":"https:\/\/franciscanos.org.br\/noticias\/#\/schema\/person\/b38fbf43118f02820bd932f2e4b14ad3"},"breadcrumb":{"@id":"https:\/\/franciscanos.org.br\/noticias\/familia-franciscana-centro-oeste-paulista-realiza-seu-1o-encontro.html#breadcrumb"},"inLanguage":"pt-BR","potentialAction":[{"@type":"ReadAction","target":["https:\/\/franciscanos.org.br\/noticias\/familia-franciscana-centro-oeste-paulista-realiza-seu-1o-encontro.html"]}]},{"@type":"BreadcrumbList","@id":"https:\/\/franciscanos.org.br\/noticias\/familia-franciscana-centro-oeste-paulista-realiza-seu-1o-encontro.html#breadcrumb","itemListElement":[{"@type":"ListItem","position":1,"name":"Home","item":"https:\/\/franciscanos.org.br\/noticias"},{"@type":"ListItem","position":2,"name":"Fam\u00edlia Franciscana Centro-Oeste paulista realiza seu 1\u00ba Encontro"}]},{"@type":"Person","@id":"https:\/\/franciscanos.org.br\/noticias\/#\/schema\/person\/b38fbf43118f02820bd932f2e4b14ad3","name":"admin","image":{"@type":"ImageObject","inLanguage":"pt-BR","@id":"https:\/\/franciscanos.org.br\/noticias\/#\/schema\/person\/image\/","url":"https:\/\/secure.gravatar.com\/avatar\/e8495742d34d0ba6448ea1c628263b3e?s=96&d=mm&r=g","contentUrl":"https:\/\/secure.gravatar.com\/avatar\/e8495742d34d0ba6448ea1c628263b3e?s=96&d=mm&r=g","caption":"admin"},"url":"https:\/\/franciscanos.org.br\/noticias\/author\/admin"}]}},"_links":{"self":[{"href":"https:\/\/franciscanos.org.br\/noticias\/wp-json\/wp\/v2\/posts\/168870"}],"collection":[{"href":"https:\/\/franciscanos.org.br\/noticias\/wp-json\/wp\/v2\/posts"}],"about":[{"href":"https:\/\/franciscanos.org.br\/noticias\/wp-json\/wp\/v2\/types\/post"}],"author":[{"embeddable":true,"href":"https:\/\/franciscanos.org.br\/noticias\/wp-json\/wp\/v2\/users\/1"}],"replies":[{"embeddable":true,"href":"https:\/\/franciscanos.org.br\/noticias\/wp-json\/wp\/v2\/comments?post=168870"}],"version-history":[{"count":0,"href":"https:\/\/franciscanos.org.br\/noticias\/wp-json\/wp\/v2\/posts\/168870\/revisions"}],"wp:featuredmedia":[{"embeddable":true,"href":"https:\/\/franciscanos.org.br\/noticias\/wp-json\/wp\/v2\/media\/207288"}],"wp:attachment":[{"href":"https:\/\/franciscanos.org.br\/noticias\/wp-json\/wp\/v2\/media?parent=168870"}],"wp:term":[{"taxonomy":"category","embeddable":true,"href":"https:\/\/franciscanos.org.br\/noticias\/wp-json\/wp\/v2\/categories?post=168870"},{"taxonomy":"post_tag","embeddable":true,"href":"https:\/\/franciscanos.org.br\/noticias\/wp-json\/wp\/v2\/tags?post=168870"}],"curies":[{"name":"wp","href":"https:\/\/api.w.org\/{rel}","templated":true}]}}