{"id":168821,"date":"2018-08-12T18:41:44","date_gmt":"2018-08-12T21:41:44","guid":{"rendered":"http:\/\/franciscanos.org.br\/?p=168821"},"modified":"2019-07-04T13:29:53","modified_gmt":"2019-07-04T16:29:53","slug":"festa-das-irmas-clarissas-da-gavea-e-mais-longa","status":"publish","type":"post","link":"https:\/\/franciscanos.org.br\/noticias\/festa-das-irmas-clarissas-da-gavea-e-mais-longa.html","title":{"rendered":"Festa das Irm\u00e3s Clarissas da G\u00e1vea \u00e9 mais longa"},"content":{"rendered":"<p><img loading=\"lazy\" src=\"http:\/\/franciscanos.org.br\/wp-content\/uploads\/2018\/08\/gavea_120818_4.jpg\" alt=\"gavea_120818_4\" width=\"830\" height=\"471\" \/><\/p>\n<p><strong>Moacir Beggo<\/strong><\/p>\n<p><strong>Rio de Janeiro (RJ)<\/strong> &#8211; A festa de Santa Clara de Assis terminou, para as Irm\u00e3s Clarissas da G\u00e1vea, s\u00f3 neste domingo, 12 de agosto, com o encerramento do Ano Jubilar dos 90 anos de funda\u00e7\u00e3o do Mosteiro da G\u00e1vea (RJ). Este momento de A\u00e7\u00e3o de Gra\u00e7as foi celebrado solenemente durante a Eucaristia presidida pelo Ministro Provincial da Imaculada Concei\u00e7\u00e3o, Frei Fid\u00eancio Vanboemmel, e concelebrado pelo guardi\u00e3o do Convento Santo Ant\u00f4nio, Frei Jos\u00e9 Pereira. Al\u00e9m das Irm\u00e3s da Fraternidade local, estavam presentes religiosos e religiosas, franciscanos seculares e fi\u00e9is que todos os domingos participam da Missa das 11 horas.<\/p>\n<p>No dia 25 de setembro de 1928, por iniciativa da Prov\u00edncia Franciscana da Imaculada Concei\u00e7\u00e3o, ap\u00f3s uma longa e feliz viagem de navio, aportaram no Rio de Janeiro as oito irm\u00e3s \u2013 vindas de D\u00fcsseldorf, Alemanha \u2013 escolhidas para restaurar a Ordem de Santa Clara no Brasil com a funda\u00e7\u00e3o do Mosteiro Nossa Senhora dos Anjos da Porci\u00fancula. &#8220;\u00c9 com muita alegria, e em nome de toda a Prov\u00edncia Franciscana da Imaculada Concei\u00e7\u00e3o, que estamos aqui participando da Celebra\u00e7\u00e3o de encerramento do ano jubilar desta presen\u00e7a contemplativa aqui na cidade do Rio de Janeiro, particularmente na G\u00e1vea. Nos alegramos com as irm\u00e3s, nos alegramos com toda a Igreja, nos alegramos porque temos a gra\u00e7a de celebrar Santa Clara de Assis, que tem muito a dizer a todos n\u00f3s e \u00e0 Igreja nesse tempo do Papa Francisco. Ela que, mais do que ningu\u00e9m, foi a continuadora dos ideais de S\u00e3o Francisco depois de sua morte&#8221;, disse Frei Fid\u00eancio.<\/p>\n<p>O Ministro Provincial, sempre muito \u00e0 vontade para falar da espiritualidade franciscana, encantou as Clarissas com sua reflex\u00e3o. A partir da leitura do profeta Oseias, quando Deus atrai para o deserto o povo de Israel para lhe falar ao cora\u00e7\u00e3o e celebrar com ele os esponsais m\u00edsticos, o celebrante destacou a similaridade com a espiritualidade de Santa Clara. &#8220;Sabemos bem que Clara abandona a seguran\u00e7a da casa paterna, a seguran\u00e7a da vida nobre que ela vivia, para viver num pequeno mosteiro, numa casa fora dos muros da prote\u00e7\u00e3o de uma cidade, numa casa \u00e0 beira da estrada. Clara abandona os esponsais terrenos, o matrim\u00f4nio prometido, para iniciar, a partir da convers\u00e3o, um ritual novo de esponsais, um ritual novo de matrim\u00f4nio. E o lugar de deserto para ela \u00e9 o pequeno mosteiro de S\u00e3o Dami\u00e3o. \u00c9 l\u00e1 neste deserto, com as irm\u00e3s, que Clara faz a experi\u00eancia do ouvir Deus falar ao cora\u00e7\u00e3o&#8221;, disse.<\/p>\n<p><img loading=\"lazy\" src=\"http:\/\/franciscanos.org.br\/wp-content\/uploads\/2018\/08\/gavea_120818_1.jpg\" alt=\"gavea_120818_1\" width=\"830\" height=\"553\" \/><\/p>\n<p>Mas, segundo o Ministro Provincial, nem tudo foi simples. &#8220;Para poder clarear essa fala de Deus foi necess\u00e1rio, em primeiro lugar, a ren\u00fancia de tudo, o abandono de toda seguran\u00e7a humana, para se colocar por inteira nas m\u00e3os da Divina Provid\u00eancia e aos cuidados do Senhor&#8221;, explicou. S\u00f3 assim, no dia a dia da consagra\u00e7\u00e3o, elas realizaram o ritual m\u00edstico do enamoramento com o Cristo pobre, humilde e crucificado.<\/p>\n<p>&#8220;Ent\u00e3o, para serem merecedoras desse esposo, para ouvirem Deus falar ao cora\u00e7\u00e3o, cada uma deveria se colocar, a cada dia, diante do mist\u00e9rio de Cristo e deixar-se encantar, deixar-se enamorar, deixar-se apaixonar por aquelas virtudes que Clara acha fundamentais para ser esposa de fato&#8221;, ensinou o celebrante.<\/p>\n<p><img loading=\"lazy\" src=\"http:\/\/franciscanos.org.br\/wp-content\/uploads\/2018\/08\/gavea_120818_2.jpg\" alt=\"gavea_120818_2\" width=\"830\" height=\"461\" \/><\/p>\n<p><strong>PERMANECER NO AMOR DE CRISTO<\/strong><\/p>\n<p>Do evangelista S\u00e3o Jo\u00e3o, que nos convida a permanecermos no amor de Cristo, continuou a sua reflex\u00e3o dizendo que Clara fazia isso no cotidiano do mosteiro de S\u00e3o Dami\u00e3o. &#8220;Permanecer em Cristo \u00e9 deixar-se perpassar por este amor de Jesus Cristo. Permanecer em Cristo \u00e9 fazer com que a fraternidade, a comunidade, esteja unida continuamente nesse tronco da videira. Porque desse tronco brota a seiva, brota a m\u00edstica, brota o amor, brota a pobreza, brota a caridade, brota a humildade que, vividos fraternalmente, geram frutos&#8221;, ressaltou, citando a Carta do Ministro Geral, Frei Michael Perry, escrita para o Dia de Santa Clara de Assis, quando ele fala que permanecer em Cristo \u00e9 criar esse discernimento para chegar a um caminho de purifica\u00e7\u00e3o. E ele fala de tr\u00eas purifica\u00e7\u00f5es: a purifica\u00e7\u00e3o do olhar, do cora\u00e7\u00e3o e da vontade.<\/p>\n<p>&#8220;Vivemos em um mundo de muita artificialidade, de muitas imagens e, muitas vezes, de falsas imagens. Clara diz para as irm\u00e3s: &#8216;Olhe bem dentro desse Espelho, que \u00e9 Jesus Cristo'&#8221;, disse Frei Fid\u00eancio, acrescentando que Clara e as irm\u00e3s seguiam a vontade que estava na Palavra de Deus.<\/p>\n<p>Referindo-se \u00e0 leitura que S\u00e3o Paulo aos Cor\u00edntios (<em>Deus fez brilhar a luz em nossos cora\u00e7\u00f5es, para que se conhe\u00e7a em todo o seu esplendor a gl\u00f3ria de Deus, que se reflete no rosto de Cristo<\/em>), lembrou que a fragilidade nossa n\u00e3o impede a a\u00e7\u00e3o da gra\u00e7a de Deus. &#8220;Clara tem consci\u00eancia disso a tal ponto que ela chega a escrever para Santa In\u00eas de Praga dizendo: Nossa carne n\u00e3o \u00e9 carne de bronze; a nossa for\u00e7a n\u00e3o \u00e9 de uma pedra, ao contr\u00e1rio, somos fr\u00e1geis, propensos \u00e0 toda fraqueza do corpo. Mas assim mesmo Deus acredita, Deus confia&#8221;, situou.<\/p>\n<p><img loading=\"lazy\" src=\"http:\/\/franciscanos.org.br\/wp-content\/uploads\/2018\/08\/gavea_120818_5.jpg\" alt=\"gavea_120818_5\" width=\"830\" height=\"579\" \/><\/p>\n<p>Frei Fid\u00eancio terminou sua homilia tendo como base a Exorta\u00e7\u00e3o Apost\u00f3lica &#8220;<em>Gaudete et Exsultate<\/em>, sobre a chamada \u00e0 santidade no mundo atual&#8221;, destacando a cita\u00e7\u00e3o do Papa: a santidade \u00e9 feita da abertura habitual \u00e0 transcend\u00eancia. &#8220;Na vida contemplativa, mesmo na nossa vida apost\u00f3lica, nossa vida di\u00e1ria, se quisermos ser santos, precisamos aprender com S\u00e3o Francisco e Santa Clara o que significa essa abertura do cora\u00e7\u00e3o \u00e0 transcend\u00eancia de Deus. E mais ainda: a santidade deve ser buscada, procurada todos os dias, naquilo que n\u00f3s fazemos com simplicidade&#8221;, frisou.<\/p>\n<p>&#8220;Ent\u00e3o, hoje mais do que nunca, precisamos ser santos. Por isso estamos aqui esta manh\u00e3 celebrando Santa Clara, n\u00e3o apenas para recordar os seus gestos heroicos de um passado, mas queremos celebrar Santa Clara e trazer para a nossa hist\u00f3ria, para o nosso presente e, sobretudo, ver em Santa Clara a nossa pr\u00f3pria possibilidade de santifica\u00e7\u00e3o&#8221;, incentivou o Ministro Provincial.<\/p>\n<p>&#8220;Santidade, diz o Papa, \u00e9 dar sentido, \u00e9 dar import\u00e2ncia aos pequenos gestos do cotidiano da vida do mosteiro, aos pequenos gestos do cotidiano da vida familiar. Hoje n\u00f3s lembramos o Dia dos Pais &#8211; parab\u00e9ns aos pais aqui presentes -, e como \u00e9 bonito a gente ver a santidade de um pai de fam\u00edlia quando ele vive a sua voca\u00e7\u00e3o nos pequenos gestos da grandeza de sua miss\u00e3o! O Papa d\u00e1 muita import\u00e2ncia a isso. Quando lemos a hist\u00f3ria de Santa Clara, percebemos o quanto ela valoriza os pequenos gestos, os pequenos sinais&#8221;, observou, lamentando que no mundo de hoje perdemos o foco no essencial: &#8220;Estamos conectados com um mundo de coisas e vivemos distra\u00eddos. Mas Clara lembra: n\u00e3o perca de vista aquilo que \u00e9 o fundamental, aquilo que \u00e9 o essencial. Contemple apaixonadamente, diz ela&#8221;, completou o celebrante.<\/p>\n<p><img loading=\"lazy\" src=\"http:\/\/franciscanos.org.br\/wp-content\/uploads\/2018\/08\/gavea_120818_3.jpg\" alt=\"gavea_120818_3\" width=\"830\" height=\"450\" \/><\/p>\n<p style=\"text-align: center;\"><em>Irm\u00e3 Maria Helena da Santa Cruz (\u00e0 direita), eleita Abadessa este ano.<\/em><\/p>\n<p><strong>OS FRUTOS DA G\u00c1VEA<\/strong><\/p>\n<p>Foi a partir <strong>deste mosteiro <\/strong>que brotaram cinco novas funda\u00e7\u00f5es mon\u00e1sticas que, com suas filiais e ramifica\u00e7\u00f5es, somam hoje 20 claustros das Damas Pobres de S\u00e3o Dami\u00e3o no Brasil. A Porci\u00fancula dos Anjos da G\u00e1vea, em 90 anos, viu seus ramos crescerem e dar frutos.<\/p>\n<p>Neste espa\u00e7o sagrado da Rua Jequitib\u00e1 moram 26 irm\u00e3s, entre elas a nova Abadessa Ir. Maria Helena da Santa Cruz, cujo nome civil \u00e9 Martina Kobata. Nasceu no munic\u00edpio de Arapongas, Paran\u00e1, de pais japoneses e cat\u00f3licos praticantes. Segunda de 11 irm\u00e3os, cresceu em um ambiente alegre e crist\u00e3o at\u00e9 ingressar, no dia 19 de mar\u00e7o de 1963, aos 18 anos, na Porci\u00fancula de Nossa Senhora dos Anjos, tendo como mestra Madre Maria Pac\u00edfica de Jesus. No dia 8 de maio de 1968, fez a profiss\u00e3o solene. Foi Vig\u00e1ria Conventual e Mestra de Novi\u00e7as e Junioristas por v\u00e1rios tri\u00eanios at\u00e9 ser eleita Abadessa neste ano, no dia 5 de maio.<\/p>\n","protected":false},"excerpt":{"rendered":"<p>Ano Jubilar das Clarissas da G\u00e1vea<\/p>\n","protected":false},"author":1,"featured_media":207291,"comment_status":"open","ping_status":"open","sticky":false,"template":"","format":"standard","meta":[],"categories":[1],"tags":[171],"acf":[],"yoast_head":"<!-- This site is optimized with the Yoast SEO plugin v19.2 - https:\/\/yoast.com\/wordpress\/plugins\/seo\/ -->\n<title>Festa das Irm\u00e3s Clarissas da G\u00e1vea \u00e9 mais longa - Not\u00edcias - Franciscanos<\/title>\n<meta name=\"robots\" content=\"index, follow, max-snippet:-1, max-image-preview:large, max-video-preview:-1\" \/>\n<link rel=\"canonical\" href=\"https:\/\/franciscanos.org.br\/noticias\/festa-das-irmas-clarissas-da-gavea-e-mais-longa.html\" \/>\n<meta property=\"og:locale\" content=\"pt_BR\" \/>\n<meta property=\"og:type\" content=\"article\" \/>\n<meta property=\"og:title\" content=\"Festa das Irm\u00e3s Clarissas da G\u00e1vea \u00e9 mais longa - Not\u00edcias - Franciscanos\" \/>\n<meta property=\"og:description\" content=\"Ano Jubilar das Clarissas da G\u00e1vea\" \/>\n<meta property=\"og:url\" content=\"https:\/\/franciscanos.org.br\/noticias\/festa-das-irmas-clarissas-da-gavea-e-mais-longa.html\" \/>\n<meta property=\"og:site_name\" content=\"Not\u00edcias - Franciscanos\" \/>\n<meta property=\"article:published_time\" content=\"2018-08-12T21:41:44+00:00\" \/>\n<meta property=\"article:modified_time\" content=\"2019-07-04T16:29:53+00:00\" \/>\n<meta property=\"og:image\" content=\"https:\/\/franciscanos.org.br\/noticias\/wp-content\/uploads\/2018\/08\/gavea_120818_4.jpg\" \/>\n\t<meta property=\"og:image:width\" content=\"273\" \/>\n\t<meta property=\"og:image:height\" content=\"181\" \/>\n\t<meta property=\"og:image:type\" content=\"image\/jpeg\" \/>\n<meta name=\"author\" content=\"admin\" \/>\n<meta name=\"twitter:card\" content=\"summary_large_image\" \/>\n<meta name=\"twitter:label1\" content=\"Escrito por\" \/>\n\t<meta name=\"twitter:data1\" content=\"admin\" \/>\n\t<meta name=\"twitter:label2\" content=\"Est. tempo de leitura\" \/>\n\t<meta name=\"twitter:data2\" content=\"7 minutos\" \/>\n<script type=\"application\/ld+json\" class=\"yoast-schema-graph\">{\"@context\":\"https:\/\/schema.org\",\"@graph\":[{\"@type\":\"WebSite\",\"@id\":\"https:\/\/franciscanos.org.br\/noticias\/#website\",\"url\":\"https:\/\/franciscanos.org.br\/noticias\/\",\"name\":\"Not\u00edcias - Franciscanos\",\"description\":\"Prov\u00edncia Franciscana da Imaculada Concei\u00e7\u00e3o do Brasil - Ordem dos Frades Menores - OFM\",\"potentialAction\":[{\"@type\":\"SearchAction\",\"target\":{\"@type\":\"EntryPoint\",\"urlTemplate\":\"https:\/\/franciscanos.org.br\/noticias\/?s={search_term_string}\"},\"query-input\":\"required name=search_term_string\"}],\"inLanguage\":\"pt-BR\"},{\"@type\":\"ImageObject\",\"inLanguage\":\"pt-BR\",\"@id\":\"https:\/\/franciscanos.org.br\/noticias\/festa-das-irmas-clarissas-da-gavea-e-mais-longa.html#primaryimage\",\"url\":\"https:\/\/franciscanos.org.br\/noticias\/wp-content\/uploads\/2018\/08\/gavea_120818_4.jpg\",\"contentUrl\":\"https:\/\/franciscanos.org.br\/noticias\/wp-content\/uploads\/2018\/08\/gavea_120818_4.jpg\",\"width\":273,\"height\":181},{\"@type\":\"WebPage\",\"@id\":\"https:\/\/franciscanos.org.br\/noticias\/festa-das-irmas-clarissas-da-gavea-e-mais-longa.html#webpage\",\"url\":\"https:\/\/franciscanos.org.br\/noticias\/festa-das-irmas-clarissas-da-gavea-e-mais-longa.html\",\"name\":\"Festa das Irm\u00e3s Clarissas da G\u00e1vea \u00e9 mais longa - Not\u00edcias - Franciscanos\",\"isPartOf\":{\"@id\":\"https:\/\/franciscanos.org.br\/noticias\/#website\"},\"primaryImageOfPage\":{\"@id\":\"https:\/\/franciscanos.org.br\/noticias\/festa-das-irmas-clarissas-da-gavea-e-mais-longa.html#primaryimage\"},\"datePublished\":\"2018-08-12T21:41:44+00:00\",\"dateModified\":\"2019-07-04T16:29:53+00:00\",\"author\":{\"@id\":\"https:\/\/franciscanos.org.br\/noticias\/#\/schema\/person\/b38fbf43118f02820bd932f2e4b14ad3\"},\"breadcrumb\":{\"@id\":\"https:\/\/franciscanos.org.br\/noticias\/festa-das-irmas-clarissas-da-gavea-e-mais-longa.html#breadcrumb\"},\"inLanguage\":\"pt-BR\",\"potentialAction\":[{\"@type\":\"ReadAction\",\"target\":[\"https:\/\/franciscanos.org.br\/noticias\/festa-das-irmas-clarissas-da-gavea-e-mais-longa.html\"]}]},{\"@type\":\"BreadcrumbList\",\"@id\":\"https:\/\/franciscanos.org.br\/noticias\/festa-das-irmas-clarissas-da-gavea-e-mais-longa.html#breadcrumb\",\"itemListElement\":[{\"@type\":\"ListItem\",\"position\":1,\"name\":\"Home\",\"item\":\"https:\/\/franciscanos.org.br\/noticias\"},{\"@type\":\"ListItem\",\"position\":2,\"name\":\"Festa das Irm\u00e3s Clarissas da G\u00e1vea \u00e9 mais longa\"}]},{\"@type\":\"Person\",\"@id\":\"https:\/\/franciscanos.org.br\/noticias\/#\/schema\/person\/b38fbf43118f02820bd932f2e4b14ad3\",\"name\":\"admin\",\"image\":{\"@type\":\"ImageObject\",\"inLanguage\":\"pt-BR\",\"@id\":\"https:\/\/franciscanos.org.br\/noticias\/#\/schema\/person\/image\/\",\"url\":\"https:\/\/secure.gravatar.com\/avatar\/e8495742d34d0ba6448ea1c628263b3e?s=96&d=mm&r=g\",\"contentUrl\":\"https:\/\/secure.gravatar.com\/avatar\/e8495742d34d0ba6448ea1c628263b3e?s=96&d=mm&r=g\",\"caption\":\"admin\"},\"url\":\"https:\/\/franciscanos.org.br\/noticias\/author\/admin\"}]}<\/script>\n<!-- \/ Yoast SEO plugin. -->","yoast_head_json":{"title":"Festa das Irm\u00e3s Clarissas da G\u00e1vea \u00e9 mais longa - Not\u00edcias - Franciscanos","robots":{"index":"index","follow":"follow","max-snippet":"max-snippet:-1","max-image-preview":"max-image-preview:large","max-video-preview":"max-video-preview:-1"},"canonical":"https:\/\/franciscanos.org.br\/noticias\/festa-das-irmas-clarissas-da-gavea-e-mais-longa.html","og_locale":"pt_BR","og_type":"article","og_title":"Festa das Irm\u00e3s Clarissas da G\u00e1vea \u00e9 mais longa - Not\u00edcias - Franciscanos","og_description":"Ano Jubilar das Clarissas da G\u00e1vea","og_url":"https:\/\/franciscanos.org.br\/noticias\/festa-das-irmas-clarissas-da-gavea-e-mais-longa.html","og_site_name":"Not\u00edcias - Franciscanos","article_published_time":"2018-08-12T21:41:44+00:00","article_modified_time":"2019-07-04T16:29:53+00:00","og_image":[{"width":273,"height":181,"url":"https:\/\/franciscanos.org.br\/noticias\/wp-content\/uploads\/2018\/08\/gavea_120818_4.jpg","type":"image\/jpeg"}],"author":"admin","twitter_card":"summary_large_image","twitter_misc":{"Escrito por":"admin","Est. tempo de leitura":"7 minutos"},"schema":{"@context":"https:\/\/schema.org","@graph":[{"@type":"WebSite","@id":"https:\/\/franciscanos.org.br\/noticias\/#website","url":"https:\/\/franciscanos.org.br\/noticias\/","name":"Not\u00edcias - Franciscanos","description":"Prov\u00edncia Franciscana da Imaculada Concei\u00e7\u00e3o do Brasil - Ordem dos Frades Menores - OFM","potentialAction":[{"@type":"SearchAction","target":{"@type":"EntryPoint","urlTemplate":"https:\/\/franciscanos.org.br\/noticias\/?s={search_term_string}"},"query-input":"required name=search_term_string"}],"inLanguage":"pt-BR"},{"@type":"ImageObject","inLanguage":"pt-BR","@id":"https:\/\/franciscanos.org.br\/noticias\/festa-das-irmas-clarissas-da-gavea-e-mais-longa.html#primaryimage","url":"https:\/\/franciscanos.org.br\/noticias\/wp-content\/uploads\/2018\/08\/gavea_120818_4.jpg","contentUrl":"https:\/\/franciscanos.org.br\/noticias\/wp-content\/uploads\/2018\/08\/gavea_120818_4.jpg","width":273,"height":181},{"@type":"WebPage","@id":"https:\/\/franciscanos.org.br\/noticias\/festa-das-irmas-clarissas-da-gavea-e-mais-longa.html#webpage","url":"https:\/\/franciscanos.org.br\/noticias\/festa-das-irmas-clarissas-da-gavea-e-mais-longa.html","name":"Festa das Irm\u00e3s Clarissas da G\u00e1vea \u00e9 mais longa - Not\u00edcias - Franciscanos","isPartOf":{"@id":"https:\/\/franciscanos.org.br\/noticias\/#website"},"primaryImageOfPage":{"@id":"https:\/\/franciscanos.org.br\/noticias\/festa-das-irmas-clarissas-da-gavea-e-mais-longa.html#primaryimage"},"datePublished":"2018-08-12T21:41:44+00:00","dateModified":"2019-07-04T16:29:53+00:00","author":{"@id":"https:\/\/franciscanos.org.br\/noticias\/#\/schema\/person\/b38fbf43118f02820bd932f2e4b14ad3"},"breadcrumb":{"@id":"https:\/\/franciscanos.org.br\/noticias\/festa-das-irmas-clarissas-da-gavea-e-mais-longa.html#breadcrumb"},"inLanguage":"pt-BR","potentialAction":[{"@type":"ReadAction","target":["https:\/\/franciscanos.org.br\/noticias\/festa-das-irmas-clarissas-da-gavea-e-mais-longa.html"]}]},{"@type":"BreadcrumbList","@id":"https:\/\/franciscanos.org.br\/noticias\/festa-das-irmas-clarissas-da-gavea-e-mais-longa.html#breadcrumb","itemListElement":[{"@type":"ListItem","position":1,"name":"Home","item":"https:\/\/franciscanos.org.br\/noticias"},{"@type":"ListItem","position":2,"name":"Festa das Irm\u00e3s Clarissas da G\u00e1vea \u00e9 mais longa"}]},{"@type":"Person","@id":"https:\/\/franciscanos.org.br\/noticias\/#\/schema\/person\/b38fbf43118f02820bd932f2e4b14ad3","name":"admin","image":{"@type":"ImageObject","inLanguage":"pt-BR","@id":"https:\/\/franciscanos.org.br\/noticias\/#\/schema\/person\/image\/","url":"https:\/\/secure.gravatar.com\/avatar\/e8495742d34d0ba6448ea1c628263b3e?s=96&d=mm&r=g","contentUrl":"https:\/\/secure.gravatar.com\/avatar\/e8495742d34d0ba6448ea1c628263b3e?s=96&d=mm&r=g","caption":"admin"},"url":"https:\/\/franciscanos.org.br\/noticias\/author\/admin"}]}},"_links":{"self":[{"href":"https:\/\/franciscanos.org.br\/noticias\/wp-json\/wp\/v2\/posts\/168821"}],"collection":[{"href":"https:\/\/franciscanos.org.br\/noticias\/wp-json\/wp\/v2\/posts"}],"about":[{"href":"https:\/\/franciscanos.org.br\/noticias\/wp-json\/wp\/v2\/types\/post"}],"author":[{"embeddable":true,"href":"https:\/\/franciscanos.org.br\/noticias\/wp-json\/wp\/v2\/users\/1"}],"replies":[{"embeddable":true,"href":"https:\/\/franciscanos.org.br\/noticias\/wp-json\/wp\/v2\/comments?post=168821"}],"version-history":[{"count":0,"href":"https:\/\/franciscanos.org.br\/noticias\/wp-json\/wp\/v2\/posts\/168821\/revisions"}],"wp:featuredmedia":[{"embeddable":true,"href":"https:\/\/franciscanos.org.br\/noticias\/wp-json\/wp\/v2\/media\/207291"}],"wp:attachment":[{"href":"https:\/\/franciscanos.org.br\/noticias\/wp-json\/wp\/v2\/media?parent=168821"}],"wp:term":[{"taxonomy":"category","embeddable":true,"href":"https:\/\/franciscanos.org.br\/noticias\/wp-json\/wp\/v2\/categories?post=168821"},{"taxonomy":"post_tag","embeddable":true,"href":"https:\/\/franciscanos.org.br\/noticias\/wp-json\/wp\/v2\/tags?post=168821"}],"curies":[{"name":"wp","href":"https:\/\/api.w.org\/{rel}","templated":true}]}}