{"id":168681,"date":"2018-08-11T20:22:08","date_gmt":"2018-08-11T23:22:08","guid":{"rendered":"http:\/\/franciscanos.org.br\/?p=168681"},"modified":"2019-07-04T13:38:14","modified_gmt":"2019-07-04T16:38:14","slug":"emocao-marca-a-criacao-da-fraternidade-santa-clara-de-assis-da-ofs-em-vendas-das-pedras","status":"publish","type":"post","link":"https:\/\/franciscanos.org.br\/noticias\/emocao-marca-a-criacao-da-fraternidade-santa-clara-de-assis-da-ofs-em-vendas-das-pedras.html","title":{"rendered":"Emo\u00e7\u00e3o na cria\u00e7\u00e3o da Fraternidade Santa Clara de Assis"},"content":{"rendered":"<p><img loading=\"lazy\" src=\"http:\/\/franciscanos.org.br\/wp-content\/uploads\/2018\/08\/ofs_110818_1.jpg\" alt=\"ofs_110818_1\" width=\"830\" height=\"459\" \/><\/p>\n<p><strong>Moacir Beggo<\/strong><\/p>\n<p><strong>Rio de Janeiro (RJ) &#8211;<\/strong> Sob a inspira\u00e7\u00e3o de Santa Clara de Assis, neste dia 11 de agosto, nasceu uma nova Fraternidade da Ordem Franciscana Secular. Esta Fraternidade, certamente, seria muito especial para S\u00e3o Francisco de Assis e Santa Clara porque foi criada no interior da antiga col\u00f4nia para hansenianos Tavares de Macedo, que hoje tornou-se um bairro onde vivem 9 mil pessoas em 950 mil metros quadrados, sendo 160 ex-internos, em casas de vilas, pavilh\u00f5es e alguns na enfermaria \u2013 caso dos que sofreram amputa\u00e7\u00f5es por tratamentos equivocados do passado. E n\u00e3o poderia deixar de ser especial para as Fraternidades do Regional Sudeste II (RJ\/ES) da Ordem Franciscana Secular, para religiosos (as) e fi\u00e9is que marcaram presen\u00e7a na emocionante Celebra\u00e7\u00e3o Eucar\u00edstica presidida pelo Ministro Provincial, Frei Fid\u00eancio Vanboemmel.<\/p>\n<p>Mais emocionante ainda foi o momento de entrega dos primeiros professos solenes desta Fraternidade: Cristiane Rodrigues dos Santos, Elizate Geralda do Nascimento Baz\u00edlio, Jane Daisy Silva, Maria do Socorro Chagas da Silva, Marismar Alves Amorim Silva, Martinho Jos\u00e9 da Silva Neto e Renato Ribeiro de Almeida disseram sim, alguns muito emocionados, diante do Ministro Regional, Marco Ant\u00f4nio Rodriguez, da Fraternidade S\u00e3o Francisco de Assis de Rio Comprido. Como s\u00edmbolos deste momento, receberam o Tau e o Crucifixo de S\u00e3o Dami\u00e3o.<\/p>\n<p><img loading=\"lazy\" src=\"http:\/\/franciscanos.org.br\/wp-content\/uploads\/2018\/08\/ofs_110818_6.jpg\" alt=\"ofs_110818_6\" width=\"830\" height=\"560\" \/><\/p>\n<p>A Celebra\u00e7\u00e3o, que teve in\u00edcio \u00e0s 10h15 na Igreja Nossa Senhora Aparecida, situada na Avenida 22 de maio, s\/n, s\u00f3 terminou depois do meio-dia. Na cria\u00e7\u00e3o da nova Fraternidade, o Ministro Provincial decretou: \u201cUsando as atribui\u00e7\u00f5es a mim conferidas pela Santa S\u00e9, pelas Constitui\u00e7\u00f5es Gerais da nossa Ordem, erijo canonicamente a Fraternidade da Ordem Franciscana Secular, nesta cidade de Itabora\u00ed, RJ, no bairro Venda das Pedras, na Par\u00f3quia S\u00e3o Pedro Ap\u00f3stolo, na Igreja Nossa Senhora Aparecida, sob a invoca\u00e7\u00e3o e patroc\u00ednio de Santa Clara de Assis\u201d.<\/p>\n<p>O celebrante destacou a beleza desta Celebra\u00e7\u00e3o no dia de Santa Clara de Assis, que d\u00e1 nome \u00e0 nova Fraternidade. &#8220;Santa Clara \u00e9 para todos n\u00f3s espelho e exemplo, como diz a Bula de Canoniza\u00e7\u00e3o de Santa Clara. Exemplo e espelho a partir dos quais n\u00f3s tamb\u00e9m queremos confrontar a nossa vida, sobretudo a nossa vida franciscana, a nossa m\u00edstica franciscana, a nossa espiritualidade&#8221;, animou.<\/p>\n<p>Na mesma Bula, lembrou Frei Fid\u00eancio, o Papa diz que Clara tamb\u00e9m \u00e9 uma luz que se irradia. &#8220;Mesmo se ela viveu a vida inteira recolhida no mosteiro de S\u00e3o Dami\u00e3o, a claridade de sua luz n\u00e3o apenas brilhou por dentro do mosteiro, mas brilhou para o mundo da Igreja da \u00e9poca e brilha para n\u00f3s. Ilumina nossa vida crist\u00e3, a nossa voca\u00e7\u00e3o crist\u00e3 no mundo&#8221;, acrescentou.<\/p>\n<p><img loading=\"lazy\" src=\"http:\/\/franciscanos.org.br\/wp-content\/uploads\/2018\/08\/ofs_110818_5.jpg\" alt=\"ofs_110818_5\" width=\"830\" height=\"441\" \/><\/p>\n<p>Ainda nesta Bula, o Papa continua suas analogias e Clara \u00e9 tamb\u00e9m uma planta, a Plantinha de S\u00e3o Francisco. &#8220;Clara \u00e9 como uma planta que cresceu e estendeu a sua ramagem pelo mundo inteiro. E n\u00f3s, hoje, de certa forma, somos, por meio da espiritualidade, um raminho, um broto dessa planta maravilhosa. Cada um na sua peculiaridade, cada um na sua miss\u00e3o. N\u00f3s fazemos parte dessa planta maravilhosa que Deus plantou na cidade de Assis e que teve seus ramos estendidos at\u00e9 aqui em Venda das Pedras, onde nasce uma Fraternidade Franciscana que quer se inspirar, sobretudo, na m\u00edstica de S\u00e3o Francisco e na m\u00edstica de Clara de Assis&#8221;, enfatizou o Ministro Provincial.<\/p>\n<p>Clara tamb\u00e9m \u00e9 um candelabro. &#8220;Um candelabro de santidade. Uma l\u00e2mpada maior e, a partir dela, todos n\u00f3s queremos nos deixar iluminar. Foi t\u00e3o bonito hoje, na prociss\u00e3o de entrada, quando os professandos entraram com uma vela na m\u00e3o, tendo na mesma a estampa de Santa Clara. \u00c9 t\u00e3o bonito porque voc\u00eas tamb\u00e9m querem acender n\u00e3o apenas esta vela, mas a l\u00e2mpada interior, a l\u00e2mpada do cora\u00e7\u00e3o&#8221;, indicou.<\/p>\n<p>Clara deixou tudo para seguir a Cristo. Mas, segundo o Ministro Provincial, para Clara esse Cristo deve ser buscado em todos os dias, em todos os momentos de sua vida. &#8220;Por isso, l\u00e1 no final, quase perto da morte, Clara escreve no seu Testamento: &#8216;O Filho de Deus se fez para n\u00f3s caminho. O nosso bem-aventurado Pai Francisco nos ensinou e nos mostrou por palavras e exemplos'&#8221;.<\/p>\n<p><img loading=\"lazy\" src=\"http:\/\/franciscanos.org.br\/wp-content\/uploads\/2018\/08\/ofs_110818_4.jpg\" alt=\"ofs_110818_4\" width=\"830\" height=\"612\" \/><\/p>\n<p><strong>VIDA DE SANTIDADE<\/strong><\/p>\n<p>&#8220;E Clara de Assis toma consci\u00eancia de que a voca\u00e7\u00e3o dela, de clarissa e de contemplativa, \u00e9 a voca\u00e7\u00e3o comum nossa no seguimento do Evangelho de Nosso Senhor Jesus Cristo. Cada franciscana, cada franciscano, seja da Primeira, da Segunda ou da Terceira Ordem Secular ou Regular, todos n\u00f3s professamos a mesma vida. O nosso projeto evang\u00e9lico, a nossa voca\u00e7\u00e3o crist\u00e3, consiste exatamente no seguimento de Nosso Senhor Jesus Cristo. Ser crist\u00e3o, ser crist\u00e3, ser franciscano, ser franciscana, \u00e9 se colocar amorosamente, generosamente neste caminho de Nosso Senhor Jesus Cristo&#8221;, enfatizou o celebrante.<\/p>\n<p>Para o presidente da celebra\u00e7\u00e3o, Clara de Assis, ao se colocar neste caminho, nos diz que devemos ser santos. &#8220;Clara de Assis quer nos ajudar, sobretudo esta Fraternidade aqui da Terceira Ordem Franciscana Secular, a buscarmos na voca\u00e7\u00e3o franciscana uma vida de santidade&#8221;, disse, citando a Carta Apost\u00f3lica do Papa Francisco escrita recentemente. &#8220;Olha o que o Papa diz: &#8216;O Senhor n\u00e3o quer que nos resignemos com uma vida med\u00edocre, superficial, indecisa&#8217;. Olha que palavras fortes! A mediocridade n\u00e3o faz parte da nossa vida crist\u00e3. Isso n\u00f3s podemos ver em S\u00e3o Francisco, isso podemos ver em Santa Clara, o quanto eles batalharam, lutaram para aperfei\u00e7oarem na vida e no seguimento de Nosso Senhor Jesus Cristo&#8221;, observou, lembrando que a santidade n\u00e3o est\u00e1 s\u00f3 sobre naqueles e naquelas que est\u00e3o sobre os altares, mas para o Papa, a santidade est\u00e1 ali na soleira da porta. &#8220;\u00c9 a santidade de voc\u00ea pai, de voc\u00ea m\u00e3e, de voc\u00ea jovem, \u00e9 a santidade de nossos religiosos, \u00e9 a santidade de nossas religiosas, \u00e9 a santidade de todos voc\u00eas. Este \u00e9 o rosto bonito da Igreja&#8221;, enfatizou o Ministro Provincial.<\/p>\n<p><img loading=\"lazy\" src=\"http:\/\/franciscanos.org.br\/wp-content\/uploads\/2018\/08\/ofs_110818_3.jpg\" alt=\"ofs_110818_3\" width=\"830\" height=\"568\" \/><\/p>\n<p>Questionando o que queriam fazer na Ordem Franciscana Secular, Frei Fid\u00eancio lembrou que ela n\u00e3o era uma ONG e muito menos um clube. &#8220;A Ordem Franciscana Secular \u00e9 uma Fraternidade que busca do seu jeito, inspirada na espiritualidade de S\u00e3o Francisco e Santa Clara, mostrar ao mundo de hoje este rosto de santidade. Ent\u00e3o, Clara \u00e9 para n\u00f3s, sim, este modelo, este espelho de santidade&#8221;.<\/p>\n<p>&#8220;Busque neste Espelho as virtudes do Crucificado: a virtude da pobreza, a virtude da humildade, a virtude da caridade&#8221;, ensinou, desejando que Santa Clara nos ajude a todos a sermos mais santos. &#8220;N\u00e3o santos med\u00edocres, mas santos que brilham, santos que sejam \u00e1rvores, santos que sejam luzes, que sejam fontes, que tenham o brilho de Deus no mundo e na realidade t\u00e3o sofrida de hoje&#8221;, completou.<\/p>\n<p><strong>O EST\u00cdMULO DE FREI COLOSSI<\/strong><\/p>\n<p><img loading=\"lazy\" src=\"http:\/\/franciscanos.org.br\/wp-content\/uploads\/2018\/08\/ofs_110818_7.jpg\" alt=\"ofs_110818_7\" width=\"830\" height=\"918\" \/><\/p>\n<p>Cristiane Rodrigues dos Santos falou pelos neoprofessos e revelou que \u00a0a nova Fraternidade nasceu do est\u00edmulo recebido de Frei Luiz Colossi, hoje residindo na Fraternidade de S\u00e3o Jo\u00e3o do Meriti, e dos irm\u00e3os franciscanos seculares que passaram a visitar a col\u00f4nia no Dia da Escuta, sempre no \u00faltimo domingo do m\u00eas de agosto. &#8220;O Frei Colossi, com seu jeitinho, nos ensinou como sermos franciscanos. Fazendo tudo no seu &#8216;caladinho&#8217;, mas mostrando o exemplo de como ser franciscano&#8221;, contou Cristiane, n\u00e3o economizando nos agradecimentos a todos que tornaram realidade este momento, especialmente os formadores da Fraternidade de S\u00e3o Gon\u00e7alo. &#8220;Estreitamos os la\u00e7os cada vez mais entre n\u00f3s gra\u00e7as a esses formadores. Dizemos que esta Fraternidade \u00e9 nossa Fraternidade-M\u00e3e. Fazemos at\u00e9 o nosso retiro juntos&#8221;, elogiou Cristiane, eleita no primeiro cap\u00edtulo da Fraternidade, realizado logo depois a Missa, a primeira ministra. Renato foi eleito vice-ministro e Elizate cuidar\u00e1 da forma\u00e7\u00e3o. J\u00e1 Marismar ficar\u00e1 como secret\u00e1ria e Martinho como tesoureiro.<\/p>\n<p>Esta \u00e9 a 36\u00aa Fraternidade Regional Sudeste II da Ordem Franciscana Secular, sendo 32 do Rio de Janeiro e 4 do Esp\u00edrito Santo. Segundo o Ministro Regional, Marco Antonio Rodriguez, um total de 1.100 irm\u00e3os fazem parte deste Regional. &#8220;Para mim, a cria\u00e7\u00e3o desta Fraternidade tem um significado muito grande. E um baluarte da nossa espiritualidade \u00e9 ser irm\u00e3o, \u00e9 viver em fraternidade. Ver isso \u00e9 algo muito rico para a minha caminhada franciscana. Francisco viu a grandiosidade que era ser irm\u00e3o e ser fraterno, n\u00e3o s\u00f3 das pessoas, mas de todas as criaturas, do cosmos, da natureza. Ele via a gra\u00e7a de Deus em todos&#8221;, festejou.<\/p>\n<p><img loading=\"lazy\" src=\"http:\/\/franciscanos.org.br\/wp-content\/uploads\/2018\/08\/ofs_110818_9.jpg\" alt=\"ofs_110818_9\" width=\"830\" height=\"532\" \/><\/p>\n<p>Admara Titonelli, da Fraternidade Nossa Senhora das Gra\u00e7as, de S\u00e3o Gon\u00e7alo, emocionou-se bastante durante a celebra\u00e7\u00e3o. Depois de receber alta hospitalar, conseguiu participar da Celebra\u00e7\u00e3o, com muito simbolismo para ela, que acompanhou os professandos durante os seis anos de forma\u00e7\u00e3o, como o falecido Osvaldo. &#8220;Ele podia n\u00e3o ter dedos, mas doa\u00e7\u00e3o era o sobrenome daquele homem. Cego, eu nunca vi um irm\u00e3o t\u00e3o amoroso e carinhoso. Ele s\u00f3 tinha palavras boas&#8221;, homenageou.<\/p>\n<p>Admara explicou que o desenho que retrata a Fraternidade tem as m\u00e3os simbolizando cada um dos seus membros. &#8220;A m\u00e3o sem dedos \u00e9 do falecido Osvaldo&#8221;, disse.<\/p>\n<p>A imagem de Santa Clara que vai acompanhar a Fraternidade e foi trazida por Ir. Juliana foi doada pelas Irm\u00e3s Clarissas da G\u00e1vea e pelo Regional da OFS.<\/p>\n<p><strong>\u00a0<img loading=\"lazy\" src=\"http:\/\/franciscanos.org.br\/wp-content\/uploads\/2018\/08\/ofs_110818_10.jpg\" alt=\"ofs_110818_10\" width=\"830\" height=\"623\" \/><\/strong><\/p>\n<p><strong>PARA LEMBRAR<\/strong><\/p>\n<p>No Brasil, at\u00e9 a d\u00e9cada de 1980, a Lei Federal n\u00ba 610, de 13 de janeiro de 1949, recomendava o isolamento compuls\u00f3rio dos pacientes com hansen\u00edase em col\u00f4nias, chamadas na \u00e9poca de lepros\u00e1rios. A viola\u00e7\u00e3o de direitos e a segrega\u00e7\u00e3o era de tal ordem que a mesma lei ordenava a entrega dos beb\u00eas de pais com hansen\u00edase \u00e0 ado\u00e7\u00e3o, o que levou \u00e0 separa\u00e7\u00e3o de milhares de fam\u00edlias. A situa\u00e7\u00e3o perdurou at\u00e9 1986, quando os antigos hospitais-col\u00f4nias foram transformados em hospitais gerais.<\/p>\n<p>A hansen\u00edase \u00e9 considerada uma doen\u00e7a silenciosa, que, muitas vezes, se manifesta com sintomas pouco valorizados pelos pacientes e que pode causar incapacidades e deformidades se n\u00e3o for tratada precocemente. O Brasil \u00e9 o \u00fanico pa\u00eds da Am\u00e9rica Latina onde a doen\u00e7a n\u00e3o foi eliminada e o segundo pa\u00eds no mundo com maior predomin\u00e2ncia de novos casos.<\/p>\n<p>&nbsp;<\/p>\n","protected":false},"excerpt":{"rendered":"<p>OFS Venda das Pedras<\/p>\n","protected":false},"author":1,"featured_media":207299,"comment_status":"open","ping_status":"open","sticky":false,"template":"","format":"standard","meta":[],"categories":[1],"tags":[60,1491],"acf":[],"yoast_head":"<!-- This site is optimized with the Yoast SEO plugin v19.2 - https:\/\/yoast.com\/wordpress\/plugins\/seo\/ -->\n<title>Emo\u00e7\u00e3o na cria\u00e7\u00e3o da Fraternidade Santa Clara de Assis - Not\u00edcias - Franciscanos<\/title>\n<meta name=\"robots\" content=\"index, follow, max-snippet:-1, max-image-preview:large, max-video-preview:-1\" \/>\n<link rel=\"canonical\" href=\"https:\/\/franciscanos.org.br\/noticias\/emocao-marca-a-criacao-da-fraternidade-santa-clara-de-assis-da-ofs-em-vendas-das-pedras.html\" \/>\n<meta property=\"og:locale\" content=\"pt_BR\" \/>\n<meta property=\"og:type\" content=\"article\" \/>\n<meta property=\"og:title\" content=\"Emo\u00e7\u00e3o na cria\u00e7\u00e3o da Fraternidade Santa Clara de Assis - Not\u00edcias - Franciscanos\" \/>\n<meta property=\"og:description\" content=\"OFS Venda das Pedras\" \/>\n<meta property=\"og:url\" content=\"https:\/\/franciscanos.org.br\/noticias\/emocao-marca-a-criacao-da-fraternidade-santa-clara-de-assis-da-ofs-em-vendas-das-pedras.html\" \/>\n<meta property=\"og:site_name\" content=\"Not\u00edcias - Franciscanos\" \/>\n<meta property=\"article:published_time\" content=\"2018-08-11T23:22:08+00:00\" \/>\n<meta property=\"article:modified_time\" content=\"2019-07-04T16:38:14+00:00\" \/>\n<meta property=\"og:image\" content=\"https:\/\/franciscanos.org.br\/noticias\/wp-content\/uploads\/2018\/08\/ofs_110818_5.jpg\" \/>\n\t<meta property=\"og:image:width\" content=\"273\" \/>\n\t<meta property=\"og:image:height\" content=\"181\" \/>\n\t<meta property=\"og:image:type\" content=\"image\/jpeg\" \/>\n<meta name=\"author\" content=\"admin\" \/>\n<meta name=\"twitter:card\" content=\"summary_large_image\" \/>\n<meta name=\"twitter:label1\" content=\"Escrito por\" \/>\n\t<meta name=\"twitter:data1\" content=\"admin\" \/>\n\t<meta name=\"twitter:label2\" content=\"Est. tempo de leitura\" \/>\n\t<meta name=\"twitter:data2\" content=\"9 minutos\" \/>\n<script type=\"application\/ld+json\" class=\"yoast-schema-graph\">{\"@context\":\"https:\/\/schema.org\",\"@graph\":[{\"@type\":\"WebSite\",\"@id\":\"https:\/\/franciscanos.org.br\/noticias\/#website\",\"url\":\"https:\/\/franciscanos.org.br\/noticias\/\",\"name\":\"Not\u00edcias - Franciscanos\",\"description\":\"Prov\u00edncia Franciscana da Imaculada Concei\u00e7\u00e3o do Brasil - Ordem dos Frades Menores - OFM\",\"potentialAction\":[{\"@type\":\"SearchAction\",\"target\":{\"@type\":\"EntryPoint\",\"urlTemplate\":\"https:\/\/franciscanos.org.br\/noticias\/?s={search_term_string}\"},\"query-input\":\"required name=search_term_string\"}],\"inLanguage\":\"pt-BR\"},{\"@type\":\"ImageObject\",\"inLanguage\":\"pt-BR\",\"@id\":\"https:\/\/franciscanos.org.br\/noticias\/emocao-marca-a-criacao-da-fraternidade-santa-clara-de-assis-da-ofs-em-vendas-das-pedras.html#primaryimage\",\"url\":\"https:\/\/franciscanos.org.br\/noticias\/wp-content\/uploads\/2018\/08\/ofs_110818_5.jpg\",\"contentUrl\":\"https:\/\/franciscanos.org.br\/noticias\/wp-content\/uploads\/2018\/08\/ofs_110818_5.jpg\",\"width\":273,\"height\":181},{\"@type\":\"WebPage\",\"@id\":\"https:\/\/franciscanos.org.br\/noticias\/emocao-marca-a-criacao-da-fraternidade-santa-clara-de-assis-da-ofs-em-vendas-das-pedras.html#webpage\",\"url\":\"https:\/\/franciscanos.org.br\/noticias\/emocao-marca-a-criacao-da-fraternidade-santa-clara-de-assis-da-ofs-em-vendas-das-pedras.html\",\"name\":\"Emo\u00e7\u00e3o na cria\u00e7\u00e3o da Fraternidade Santa Clara de Assis - Not\u00edcias - Franciscanos\",\"isPartOf\":{\"@id\":\"https:\/\/franciscanos.org.br\/noticias\/#website\"},\"primaryImageOfPage\":{\"@id\":\"https:\/\/franciscanos.org.br\/noticias\/emocao-marca-a-criacao-da-fraternidade-santa-clara-de-assis-da-ofs-em-vendas-das-pedras.html#primaryimage\"},\"datePublished\":\"2018-08-11T23:22:08+00:00\",\"dateModified\":\"2019-07-04T16:38:14+00:00\",\"author\":{\"@id\":\"https:\/\/franciscanos.org.br\/noticias\/#\/schema\/person\/b38fbf43118f02820bd932f2e4b14ad3\"},\"breadcrumb\":{\"@id\":\"https:\/\/franciscanos.org.br\/noticias\/emocao-marca-a-criacao-da-fraternidade-santa-clara-de-assis-da-ofs-em-vendas-das-pedras.html#breadcrumb\"},\"inLanguage\":\"pt-BR\",\"potentialAction\":[{\"@type\":\"ReadAction\",\"target\":[\"https:\/\/franciscanos.org.br\/noticias\/emocao-marca-a-criacao-da-fraternidade-santa-clara-de-assis-da-ofs-em-vendas-das-pedras.html\"]}]},{\"@type\":\"BreadcrumbList\",\"@id\":\"https:\/\/franciscanos.org.br\/noticias\/emocao-marca-a-criacao-da-fraternidade-santa-clara-de-assis-da-ofs-em-vendas-das-pedras.html#breadcrumb\",\"itemListElement\":[{\"@type\":\"ListItem\",\"position\":1,\"name\":\"Home\",\"item\":\"https:\/\/franciscanos.org.br\/noticias\"},{\"@type\":\"ListItem\",\"position\":2,\"name\":\"Emo\u00e7\u00e3o na cria\u00e7\u00e3o da Fraternidade Santa Clara de Assis\"}]},{\"@type\":\"Person\",\"@id\":\"https:\/\/franciscanos.org.br\/noticias\/#\/schema\/person\/b38fbf43118f02820bd932f2e4b14ad3\",\"name\":\"admin\",\"image\":{\"@type\":\"ImageObject\",\"inLanguage\":\"pt-BR\",\"@id\":\"https:\/\/franciscanos.org.br\/noticias\/#\/schema\/person\/image\/\",\"url\":\"https:\/\/secure.gravatar.com\/avatar\/e8495742d34d0ba6448ea1c628263b3e?s=96&d=mm&r=g\",\"contentUrl\":\"https:\/\/secure.gravatar.com\/avatar\/e8495742d34d0ba6448ea1c628263b3e?s=96&d=mm&r=g\",\"caption\":\"admin\"},\"url\":\"https:\/\/franciscanos.org.br\/noticias\/author\/admin\"}]}<\/script>\n<!-- \/ Yoast SEO plugin. -->","yoast_head_json":{"title":"Emo\u00e7\u00e3o na cria\u00e7\u00e3o da Fraternidade Santa Clara de Assis - Not\u00edcias - Franciscanos","robots":{"index":"index","follow":"follow","max-snippet":"max-snippet:-1","max-image-preview":"max-image-preview:large","max-video-preview":"max-video-preview:-1"},"canonical":"https:\/\/franciscanos.org.br\/noticias\/emocao-marca-a-criacao-da-fraternidade-santa-clara-de-assis-da-ofs-em-vendas-das-pedras.html","og_locale":"pt_BR","og_type":"article","og_title":"Emo\u00e7\u00e3o na cria\u00e7\u00e3o da Fraternidade Santa Clara de Assis - Not\u00edcias - Franciscanos","og_description":"OFS Venda das Pedras","og_url":"https:\/\/franciscanos.org.br\/noticias\/emocao-marca-a-criacao-da-fraternidade-santa-clara-de-assis-da-ofs-em-vendas-das-pedras.html","og_site_name":"Not\u00edcias - Franciscanos","article_published_time":"2018-08-11T23:22:08+00:00","article_modified_time":"2019-07-04T16:38:14+00:00","og_image":[{"width":273,"height":181,"url":"https:\/\/franciscanos.org.br\/noticias\/wp-content\/uploads\/2018\/08\/ofs_110818_5.jpg","type":"image\/jpeg"}],"author":"admin","twitter_card":"summary_large_image","twitter_misc":{"Escrito por":"admin","Est. tempo de leitura":"9 minutos"},"schema":{"@context":"https:\/\/schema.org","@graph":[{"@type":"WebSite","@id":"https:\/\/franciscanos.org.br\/noticias\/#website","url":"https:\/\/franciscanos.org.br\/noticias\/","name":"Not\u00edcias - Franciscanos","description":"Prov\u00edncia Franciscana da Imaculada Concei\u00e7\u00e3o do Brasil - Ordem dos Frades Menores - OFM","potentialAction":[{"@type":"SearchAction","target":{"@type":"EntryPoint","urlTemplate":"https:\/\/franciscanos.org.br\/noticias\/?s={search_term_string}"},"query-input":"required name=search_term_string"}],"inLanguage":"pt-BR"},{"@type":"ImageObject","inLanguage":"pt-BR","@id":"https:\/\/franciscanos.org.br\/noticias\/emocao-marca-a-criacao-da-fraternidade-santa-clara-de-assis-da-ofs-em-vendas-das-pedras.html#primaryimage","url":"https:\/\/franciscanos.org.br\/noticias\/wp-content\/uploads\/2018\/08\/ofs_110818_5.jpg","contentUrl":"https:\/\/franciscanos.org.br\/noticias\/wp-content\/uploads\/2018\/08\/ofs_110818_5.jpg","width":273,"height":181},{"@type":"WebPage","@id":"https:\/\/franciscanos.org.br\/noticias\/emocao-marca-a-criacao-da-fraternidade-santa-clara-de-assis-da-ofs-em-vendas-das-pedras.html#webpage","url":"https:\/\/franciscanos.org.br\/noticias\/emocao-marca-a-criacao-da-fraternidade-santa-clara-de-assis-da-ofs-em-vendas-das-pedras.html","name":"Emo\u00e7\u00e3o na cria\u00e7\u00e3o da Fraternidade Santa Clara de Assis - Not\u00edcias - Franciscanos","isPartOf":{"@id":"https:\/\/franciscanos.org.br\/noticias\/#website"},"primaryImageOfPage":{"@id":"https:\/\/franciscanos.org.br\/noticias\/emocao-marca-a-criacao-da-fraternidade-santa-clara-de-assis-da-ofs-em-vendas-das-pedras.html#primaryimage"},"datePublished":"2018-08-11T23:22:08+00:00","dateModified":"2019-07-04T16:38:14+00:00","author":{"@id":"https:\/\/franciscanos.org.br\/noticias\/#\/schema\/person\/b38fbf43118f02820bd932f2e4b14ad3"},"breadcrumb":{"@id":"https:\/\/franciscanos.org.br\/noticias\/emocao-marca-a-criacao-da-fraternidade-santa-clara-de-assis-da-ofs-em-vendas-das-pedras.html#breadcrumb"},"inLanguage":"pt-BR","potentialAction":[{"@type":"ReadAction","target":["https:\/\/franciscanos.org.br\/noticias\/emocao-marca-a-criacao-da-fraternidade-santa-clara-de-assis-da-ofs-em-vendas-das-pedras.html"]}]},{"@type":"BreadcrumbList","@id":"https:\/\/franciscanos.org.br\/noticias\/emocao-marca-a-criacao-da-fraternidade-santa-clara-de-assis-da-ofs-em-vendas-das-pedras.html#breadcrumb","itemListElement":[{"@type":"ListItem","position":1,"name":"Home","item":"https:\/\/franciscanos.org.br\/noticias"},{"@type":"ListItem","position":2,"name":"Emo\u00e7\u00e3o na cria\u00e7\u00e3o da Fraternidade Santa Clara de Assis"}]},{"@type":"Person","@id":"https:\/\/franciscanos.org.br\/noticias\/#\/schema\/person\/b38fbf43118f02820bd932f2e4b14ad3","name":"admin","image":{"@type":"ImageObject","inLanguage":"pt-BR","@id":"https:\/\/franciscanos.org.br\/noticias\/#\/schema\/person\/image\/","url":"https:\/\/secure.gravatar.com\/avatar\/e8495742d34d0ba6448ea1c628263b3e?s=96&d=mm&r=g","contentUrl":"https:\/\/secure.gravatar.com\/avatar\/e8495742d34d0ba6448ea1c628263b3e?s=96&d=mm&r=g","caption":"admin"},"url":"https:\/\/franciscanos.org.br\/noticias\/author\/admin"}]}},"_links":{"self":[{"href":"https:\/\/franciscanos.org.br\/noticias\/wp-json\/wp\/v2\/posts\/168681"}],"collection":[{"href":"https:\/\/franciscanos.org.br\/noticias\/wp-json\/wp\/v2\/posts"}],"about":[{"href":"https:\/\/franciscanos.org.br\/noticias\/wp-json\/wp\/v2\/types\/post"}],"author":[{"embeddable":true,"href":"https:\/\/franciscanos.org.br\/noticias\/wp-json\/wp\/v2\/users\/1"}],"replies":[{"embeddable":true,"href":"https:\/\/franciscanos.org.br\/noticias\/wp-json\/wp\/v2\/comments?post=168681"}],"version-history":[{"count":0,"href":"https:\/\/franciscanos.org.br\/noticias\/wp-json\/wp\/v2\/posts\/168681\/revisions"}],"wp:featuredmedia":[{"embeddable":true,"href":"https:\/\/franciscanos.org.br\/noticias\/wp-json\/wp\/v2\/media\/207299"}],"wp:attachment":[{"href":"https:\/\/franciscanos.org.br\/noticias\/wp-json\/wp\/v2\/media?parent=168681"}],"wp:term":[{"taxonomy":"category","embeddable":true,"href":"https:\/\/franciscanos.org.br\/noticias\/wp-json\/wp\/v2\/categories?post=168681"},{"taxonomy":"post_tag","embeddable":true,"href":"https:\/\/franciscanos.org.br\/noticias\/wp-json\/wp\/v2\/tags?post=168681"}],"curies":[{"name":"wp","href":"https:\/\/api.w.org\/{rel}","templated":true}]}}