{"id":168462,"date":"2018-08-08T07:39:57","date_gmt":"2018-08-08T10:39:57","guid":{"rendered":"http:\/\/franciscanos.org.br\/?p=168462"},"modified":"2020-06-07T08:39:51","modified_gmt":"2020-06-07T11:39:51","slug":"a-eterna-tentacao-de-fazer-um-deus-sob-medida","status":"publish","type":"post","link":"https:\/\/franciscanos.org.br\/noticias\/a-eterna-tentacao-de-fazer-um-deus-sob-medida.html","title":{"rendered":"A eterna tenta\u00e7\u00e3o de fazer um \u2018deus sob medida\u2019"},"content":{"rendered":"<p><img loading=\"lazy\" src=\"http:\/\/franciscanos.org.br\/wp-content\/uploads\/2018\/08\/audiencia_080818.jpg\" alt=\"audiencia_080818\" width=\"820\" height=\"461\" \/><\/p>\n<p><strong>Cidade do Vaticano<\/strong> &#8211; Dando continuidade \u00e0s catequeses sobre os Dez mandamentos, nesta quarta-feira (08\/08) o Papa Francisco aprofundou o tema da idolatria, refletindo sobre o bezerro de ouro, narrado no Livro do \u00caxodo.\u00a0A tradicional Audi\u00eancia Geral foi realizada na Sala Paulo VI, onde o ar condicionado aliviou o calor do Papa e das 7 mil pessoas participantes. Ilustrando o trecho b\u00edblico do \u00caxodo, apresentado no in\u00edcio do encontro, o Papa disse que o Povo de Israel estava no deserto, angustiado sem \u00e1gua e alimentos, esperando Mois\u00e9s que subira ao monte para encontrar o Senhor.<\/p>\n<p>\u201cO povo queria certezas e pediu a Ara\u00e3o que constru\u00edsse um \u00eddolo \u2018sob medida e mudo\u2019, identific\u00e1vel, que fosse um guia\u201d, disse.<\/p>\n<p>Assim como o deserto \u00e9 uma imagem da vida humana incerta e sem garantias, a natureza humana, para fugir da precariedade, procura uma religi\u00e3o com a qual se orientar: \u00e9 a eterna tenta\u00e7\u00e3o de fazer um \u2018deus sob medida\u2019.<\/p>\n<p>Ara\u00e3o n\u00e3o sabe dizer \u2018n\u00e3o\u2019 e cria o bezerro de ouro, que tinha um duplo sentido no Oriente antigo: por um lado, representava fecundidade e abund\u00e2ncia; por outro, energia e for\u00e7a.<\/p>\n<p>\u201cS\u00e3o as tenta\u00e7\u00f5es de sempre! O bezerro de ouro \u00e9 o s\u00edmbolo de todos os desejos que oferecem a ilus\u00e3o da liberdade, mas acabam por escravizar\u201d, lembrou o Papa.<\/p>\n<p>\u201cTudo isso \u2013 completou Francisco \u2013 nasce da incapacidade de confiar antes de tudo em Deus, de depositar Nele nossas inseguran\u00e7as, de deixar que seja Ele a dar a verdadeira profundidade aos anseios de nosso cora\u00e7\u00e3o. Sem o primado de Deus, facilmente cai-se na idolatria e contenta-se de poucas seguran\u00e7as\u201d.<\/p>\n<p><strong>A escravid\u00e3o do pecado<\/strong><br \/>\nO bezerro de ouro representa, desse modo, a falta de confian\u00e7a em Deus, deixando-se levar pelas tenta\u00e7\u00f5es que conduzem \u00e0 escravid\u00e3o do pecado: poder, liberdade, riqueza, etc. \u201cQuando acolhemos o Deus de Jesus Cristo, descobrirmos que reconhecer a nossa fragilidade n\u00e3o \u00e9 a desgra\u00e7a da vida humana, mas a condi\u00e7\u00e3o para abrir-se \u00c0quele que \u00e9 realmente forte. A liberdade do homem nasce justamente permitindo que o verdadeiro Deus seja o \u00fanico Senhor. Isto nos faz aceitar nossa fragilidade e recha\u00e7ar os \u00eddolos do nosso cora\u00e7\u00e3o\u201d.<\/p>\n<p><strong>Reconhecer a nossa fragilidade e receber a for\u00e7a do Alto<\/strong><br \/>\nTerminando a catequese, o Pont\u00edfice concluiu que \u201ccomo nos mostrou Jesus, o Deus verdadeiro \u00e9 Aquele que se faz pobre para nos tornar participantes da sua riqueza. \u00c9 um Deus que se mostra fraco, pregado na Cruz, para nos ensinar que devemos reconhecer a nossa fragilidade, pois \u00e9 ali onde encontramos a for\u00e7a do Alto que nos enche com o seu amor misericordioso\u201d.<\/p>\n<p><img loading=\"lazy\" src=\"http:\/\/franciscanos.org.br\/wp-content\/uploads\/2018\/08\/papa_080818.jpg\" alt=\"papa_080818\" width=\"820\" height=\"422\" \/><\/p>\n<h3>100 MIL JOVENS COM O PAPA<\/h3>\n<p>Setenta mil jovens italianos de 16 a 19 anos participar\u00e3o neste fim de semana (11 e 12\/08) em Roma de dois eventos com a presen\u00e7a do Papa Francisco em vista do S\u00ednodo da Juventude de outubro pr\u00f3ximo.<\/p>\n<p>O primeiro encontro ser\u00e1 no Circo M\u00e1ximo (centro hist\u00f3rico da cidade) e o segundo, na Pra\u00e7a S\u00e3o Pedro. No total, espera-se a participa\u00e7\u00e3o de mais de 100 mil jovens de todo o pa\u00eds. 195 dioceses est\u00e3o envolvidas na programa\u00e7\u00e3o.<\/p>\n<p>\u201cFalamos de algo que est\u00e1 movimentando toda a Pen\u00ednsula, invadida por um ex\u00e9rcito unido e pac\u00edfico\u201d, disse o Presidente da CEI (Confer\u00eancia Episcopal Italiana) e arcebispo de Perugia, Cardeal Gualtiero Bassetti, apresentando o evento \u00e0 imprensa, ter\u00e7a-feira (07\/08).<\/p>\n<p><strong>120 bispos participar\u00e3o da peregrina\u00e7\u00e3o<\/strong><br \/>\nA escolha da Igreja, explicou, quer ser \u201cuma grande pedagogia\u201d. Em rela\u00e7\u00e3o \u00e0s peregrina\u00e7\u00f5es que os jovens est\u00e3o fazendo nestes dias do norte ao sul da It\u00e1lia, disse que \u201ccaminhar juntos \u00e9 formativo para os jovens: lado a lado com o outro, em sil\u00eancio, entram em si mesmos longe da frenesia da vida cotidiana\u201d.<\/p>\n<p>\u201cPedag\u00f3gica \u00e9 tamb\u00e9m a modalidade das peregrina\u00e7\u00f5es, que n\u00e3o s\u00e3o apenas uma visita aos lugares, mas tamb\u00e9m \u00e0s pessoas, aos santos do territ\u00f3rio, aos lugares do sofrimento\u201d, observou o cardeal. Caminhando com os jovens, estar\u00e3o tamb\u00e9m 120 bispos.<\/p>\n<p><strong>Primavera da humanidade<\/strong><br \/>\n\u201c\u00c9 a melhor maneira de se preparar para o S\u00ednodo; os jovens n\u00e3o s\u00e3o um objeto no qual a Igreja est\u00e1 interessada, mas um sujeito vivo. Estamos esperando muito destes encontros\u201d, acrescentou o Presidente da CEI, \u201cporque queremos ouvir uma nova mensagem do Papa. Os jovens que marcham em dire\u00e7\u00e3o a uma primavera de hist\u00f3ria e humanidade. E n\u00f3s vamos junto com eles\u201d.<\/p>\n<p>\u201cNos dias 11 e 12 de agosto, ser\u00e3o envolvidos tamb\u00e9m os jovens migrantes, que poder\u00e3o participar gra\u00e7as \u00e0 ajuda nas despesas para viagem e a um par de sapatos novos, presenteados para a caminhada\u201d.<\/p>\n<p><strong>Papa: envio e b\u00ean\u00e7\u00e3o dos dons italianos<\/strong><br \/>\nAinda sobre o programa, Pe. Michele Falabretti, respons\u00e1vel da pastoral juvenil na CEI, adiantou que haver\u00e1 eventos de espiritualidade (vig\u00edlias de ora\u00e7\u00e3o), cultura e arte (um percurso em meio a obras de Caravaggio, na igreja de S\u00e3o Luis dos Franceses). Ao final da missa de domingo, na Pra\u00e7a S\u00e3o Pedro, o Papa vai confiar aos jovens o mandato mission\u00e1rio, aben\u00e7oar uma imagem de Nossa Senhora de Loreto e uma c\u00f3pia do crucifixo de S\u00e3o Dami\u00e3o que desde a JMJ de 1987 em Buenos Aires, s\u00e3o os dons oferecidos pela Igreja italiana \u00e0s Jornadas. Aben\u00e7oadas domingo, acompanhar\u00e3o a delega\u00e7\u00e3o jovem italiana ao Panam\u00e1, em janeiro de 2019.<\/p>\n<hr \/>\n<p><em>Fonte: Vatican News<\/em><\/p>\n","protected":false},"excerpt":{"rendered":"<p>Audi\u00eancia Geral<\/p>\n","protected":false},"author":1,"featured_media":219530,"comment_status":"open","ping_status":"open","sticky":false,"template":"","format":"standard","meta":[],"categories":[1428],"tags":[487],"acf":[],"yoast_head":"<!-- This site is optimized with the Yoast SEO plugin v19.2 - https:\/\/yoast.com\/wordpress\/plugins\/seo\/ -->\n<title>A eterna tenta\u00e7\u00e3o de fazer um \u2018deus sob medida\u2019 - Not\u00edcias - Franciscanos<\/title>\n<meta name=\"robots\" content=\"index, follow, max-snippet:-1, max-image-preview:large, max-video-preview:-1\" \/>\n<link rel=\"canonical\" href=\"https:\/\/franciscanos.org.br\/noticias\/a-eterna-tentacao-de-fazer-um-deus-sob-medida.html\" \/>\n<meta property=\"og:locale\" content=\"pt_BR\" \/>\n<meta property=\"og:type\" content=\"article\" \/>\n<meta property=\"og:title\" content=\"A eterna tenta\u00e7\u00e3o de fazer um \u2018deus sob medida\u2019 - Not\u00edcias - Franciscanos\" \/>\n<meta property=\"og:description\" content=\"Audi\u00eancia Geral\" \/>\n<meta property=\"og:url\" content=\"https:\/\/franciscanos.org.br\/noticias\/a-eterna-tentacao-de-fazer-um-deus-sob-medida.html\" \/>\n<meta property=\"og:site_name\" content=\"Not\u00edcias - Franciscanos\" \/>\n<meta property=\"article:published_time\" content=\"2018-08-08T10:39:57+00:00\" \/>\n<meta property=\"article:modified_time\" content=\"2020-06-07T11:39:51+00:00\" \/>\n<meta property=\"og:image\" content=\"https:\/\/franciscanos.org.br\/noticias\/wp-content\/uploads\/2018\/08\/audiencia_080818.jpg\" \/>\n\t<meta property=\"og:image:width\" content=\"273\" \/>\n\t<meta property=\"og:image:height\" content=\"181\" \/>\n\t<meta property=\"og:image:type\" content=\"image\/jpeg\" \/>\n<meta name=\"author\" content=\"admin\" \/>\n<meta name=\"twitter:card\" content=\"summary_large_image\" \/>\n<meta name=\"twitter:label1\" content=\"Escrito por\" \/>\n\t<meta name=\"twitter:data1\" content=\"admin\" \/>\n\t<meta name=\"twitter:label2\" content=\"Est. tempo de leitura\" \/>\n\t<meta name=\"twitter:data2\" content=\"5 minutos\" \/>\n<script type=\"application\/ld+json\" class=\"yoast-schema-graph\">{\"@context\":\"https:\/\/schema.org\",\"@graph\":[{\"@type\":\"WebSite\",\"@id\":\"https:\/\/franciscanos.org.br\/noticias\/#website\",\"url\":\"https:\/\/franciscanos.org.br\/noticias\/\",\"name\":\"Not\u00edcias - Franciscanos\",\"description\":\"Prov\u00edncia Franciscana da Imaculada Concei\u00e7\u00e3o do Brasil - Ordem dos Frades Menores - OFM\",\"potentialAction\":[{\"@type\":\"SearchAction\",\"target\":{\"@type\":\"EntryPoint\",\"urlTemplate\":\"https:\/\/franciscanos.org.br\/noticias\/?s={search_term_string}\"},\"query-input\":\"required name=search_term_string\"}],\"inLanguage\":\"pt-BR\"},{\"@type\":\"ImageObject\",\"inLanguage\":\"pt-BR\",\"@id\":\"https:\/\/franciscanos.org.br\/noticias\/a-eterna-tentacao-de-fazer-um-deus-sob-medida.html#primaryimage\",\"url\":\"https:\/\/franciscanos.org.br\/noticias\/wp-content\/uploads\/2018\/08\/audiencia_080818.jpg\",\"contentUrl\":\"https:\/\/franciscanos.org.br\/noticias\/wp-content\/uploads\/2018\/08\/audiencia_080818.jpg\",\"width\":273,\"height\":181},{\"@type\":\"WebPage\",\"@id\":\"https:\/\/franciscanos.org.br\/noticias\/a-eterna-tentacao-de-fazer-um-deus-sob-medida.html#webpage\",\"url\":\"https:\/\/franciscanos.org.br\/noticias\/a-eterna-tentacao-de-fazer-um-deus-sob-medida.html\",\"name\":\"A eterna tenta\u00e7\u00e3o de fazer um \u2018deus sob medida\u2019 - Not\u00edcias - Franciscanos\",\"isPartOf\":{\"@id\":\"https:\/\/franciscanos.org.br\/noticias\/#website\"},\"primaryImageOfPage\":{\"@id\":\"https:\/\/franciscanos.org.br\/noticias\/a-eterna-tentacao-de-fazer-um-deus-sob-medida.html#primaryimage\"},\"datePublished\":\"2018-08-08T10:39:57+00:00\",\"dateModified\":\"2020-06-07T11:39:51+00:00\",\"author\":{\"@id\":\"https:\/\/franciscanos.org.br\/noticias\/#\/schema\/person\/b38fbf43118f02820bd932f2e4b14ad3\"},\"breadcrumb\":{\"@id\":\"https:\/\/franciscanos.org.br\/noticias\/a-eterna-tentacao-de-fazer-um-deus-sob-medida.html#breadcrumb\"},\"inLanguage\":\"pt-BR\",\"potentialAction\":[{\"@type\":\"ReadAction\",\"target\":[\"https:\/\/franciscanos.org.br\/noticias\/a-eterna-tentacao-de-fazer-um-deus-sob-medida.html\"]}]},{\"@type\":\"BreadcrumbList\",\"@id\":\"https:\/\/franciscanos.org.br\/noticias\/a-eterna-tentacao-de-fazer-um-deus-sob-medida.html#breadcrumb\",\"itemListElement\":[{\"@type\":\"ListItem\",\"position\":1,\"name\":\"Home\",\"item\":\"https:\/\/franciscanos.org.br\/noticias\"},{\"@type\":\"ListItem\",\"position\":2,\"name\":\"A eterna tenta\u00e7\u00e3o de fazer um \u2018deus sob medida\u2019\"}]},{\"@type\":\"Person\",\"@id\":\"https:\/\/franciscanos.org.br\/noticias\/#\/schema\/person\/b38fbf43118f02820bd932f2e4b14ad3\",\"name\":\"admin\",\"image\":{\"@type\":\"ImageObject\",\"inLanguage\":\"pt-BR\",\"@id\":\"https:\/\/franciscanos.org.br\/noticias\/#\/schema\/person\/image\/\",\"url\":\"https:\/\/secure.gravatar.com\/avatar\/e8495742d34d0ba6448ea1c628263b3e?s=96&d=mm&r=g\",\"contentUrl\":\"https:\/\/secure.gravatar.com\/avatar\/e8495742d34d0ba6448ea1c628263b3e?s=96&d=mm&r=g\",\"caption\":\"admin\"},\"url\":\"https:\/\/franciscanos.org.br\/noticias\/author\/admin\"}]}<\/script>\n<!-- \/ Yoast SEO plugin. -->","yoast_head_json":{"title":"A eterna tenta\u00e7\u00e3o de fazer um \u2018deus sob medida\u2019 - Not\u00edcias - Franciscanos","robots":{"index":"index","follow":"follow","max-snippet":"max-snippet:-1","max-image-preview":"max-image-preview:large","max-video-preview":"max-video-preview:-1"},"canonical":"https:\/\/franciscanos.org.br\/noticias\/a-eterna-tentacao-de-fazer-um-deus-sob-medida.html","og_locale":"pt_BR","og_type":"article","og_title":"A eterna tenta\u00e7\u00e3o de fazer um \u2018deus sob medida\u2019 - Not\u00edcias - Franciscanos","og_description":"Audi\u00eancia Geral","og_url":"https:\/\/franciscanos.org.br\/noticias\/a-eterna-tentacao-de-fazer-um-deus-sob-medida.html","og_site_name":"Not\u00edcias - Franciscanos","article_published_time":"2018-08-08T10:39:57+00:00","article_modified_time":"2020-06-07T11:39:51+00:00","og_image":[{"width":273,"height":181,"url":"https:\/\/franciscanos.org.br\/noticias\/wp-content\/uploads\/2018\/08\/audiencia_080818.jpg","type":"image\/jpeg"}],"author":"admin","twitter_card":"summary_large_image","twitter_misc":{"Escrito por":"admin","Est. tempo de leitura":"5 minutos"},"schema":{"@context":"https:\/\/schema.org","@graph":[{"@type":"WebSite","@id":"https:\/\/franciscanos.org.br\/noticias\/#website","url":"https:\/\/franciscanos.org.br\/noticias\/","name":"Not\u00edcias - Franciscanos","description":"Prov\u00edncia Franciscana da Imaculada Concei\u00e7\u00e3o do Brasil - Ordem dos Frades Menores - OFM","potentialAction":[{"@type":"SearchAction","target":{"@type":"EntryPoint","urlTemplate":"https:\/\/franciscanos.org.br\/noticias\/?s={search_term_string}"},"query-input":"required name=search_term_string"}],"inLanguage":"pt-BR"},{"@type":"ImageObject","inLanguage":"pt-BR","@id":"https:\/\/franciscanos.org.br\/noticias\/a-eterna-tentacao-de-fazer-um-deus-sob-medida.html#primaryimage","url":"https:\/\/franciscanos.org.br\/noticias\/wp-content\/uploads\/2018\/08\/audiencia_080818.jpg","contentUrl":"https:\/\/franciscanos.org.br\/noticias\/wp-content\/uploads\/2018\/08\/audiencia_080818.jpg","width":273,"height":181},{"@type":"WebPage","@id":"https:\/\/franciscanos.org.br\/noticias\/a-eterna-tentacao-de-fazer-um-deus-sob-medida.html#webpage","url":"https:\/\/franciscanos.org.br\/noticias\/a-eterna-tentacao-de-fazer-um-deus-sob-medida.html","name":"A eterna tenta\u00e7\u00e3o de fazer um \u2018deus sob medida\u2019 - Not\u00edcias - Franciscanos","isPartOf":{"@id":"https:\/\/franciscanos.org.br\/noticias\/#website"},"primaryImageOfPage":{"@id":"https:\/\/franciscanos.org.br\/noticias\/a-eterna-tentacao-de-fazer-um-deus-sob-medida.html#primaryimage"},"datePublished":"2018-08-08T10:39:57+00:00","dateModified":"2020-06-07T11:39:51+00:00","author":{"@id":"https:\/\/franciscanos.org.br\/noticias\/#\/schema\/person\/b38fbf43118f02820bd932f2e4b14ad3"},"breadcrumb":{"@id":"https:\/\/franciscanos.org.br\/noticias\/a-eterna-tentacao-de-fazer-um-deus-sob-medida.html#breadcrumb"},"inLanguage":"pt-BR","potentialAction":[{"@type":"ReadAction","target":["https:\/\/franciscanos.org.br\/noticias\/a-eterna-tentacao-de-fazer-um-deus-sob-medida.html"]}]},{"@type":"BreadcrumbList","@id":"https:\/\/franciscanos.org.br\/noticias\/a-eterna-tentacao-de-fazer-um-deus-sob-medida.html#breadcrumb","itemListElement":[{"@type":"ListItem","position":1,"name":"Home","item":"https:\/\/franciscanos.org.br\/noticias"},{"@type":"ListItem","position":2,"name":"A eterna tenta\u00e7\u00e3o de fazer um \u2018deus sob medida\u2019"}]},{"@type":"Person","@id":"https:\/\/franciscanos.org.br\/noticias\/#\/schema\/person\/b38fbf43118f02820bd932f2e4b14ad3","name":"admin","image":{"@type":"ImageObject","inLanguage":"pt-BR","@id":"https:\/\/franciscanos.org.br\/noticias\/#\/schema\/person\/image\/","url":"https:\/\/secure.gravatar.com\/avatar\/e8495742d34d0ba6448ea1c628263b3e?s=96&d=mm&r=g","contentUrl":"https:\/\/secure.gravatar.com\/avatar\/e8495742d34d0ba6448ea1c628263b3e?s=96&d=mm&r=g","caption":"admin"},"url":"https:\/\/franciscanos.org.br\/noticias\/author\/admin"}]}},"_links":{"self":[{"href":"https:\/\/franciscanos.org.br\/noticias\/wp-json\/wp\/v2\/posts\/168462"}],"collection":[{"href":"https:\/\/franciscanos.org.br\/noticias\/wp-json\/wp\/v2\/posts"}],"about":[{"href":"https:\/\/franciscanos.org.br\/noticias\/wp-json\/wp\/v2\/types\/post"}],"author":[{"embeddable":true,"href":"https:\/\/franciscanos.org.br\/noticias\/wp-json\/wp\/v2\/users\/1"}],"replies":[{"embeddable":true,"href":"https:\/\/franciscanos.org.br\/noticias\/wp-json\/wp\/v2\/comments?post=168462"}],"version-history":[{"count":2,"href":"https:\/\/franciscanos.org.br\/noticias\/wp-json\/wp\/v2\/posts\/168462\/revisions"}],"predecessor-version":[{"id":224888,"href":"https:\/\/franciscanos.org.br\/noticias\/wp-json\/wp\/v2\/posts\/168462\/revisions\/224888"}],"wp:featuredmedia":[{"embeddable":true,"href":"https:\/\/franciscanos.org.br\/noticias\/wp-json\/wp\/v2\/media\/219530"}],"wp:attachment":[{"href":"https:\/\/franciscanos.org.br\/noticias\/wp-json\/wp\/v2\/media?parent=168462"}],"wp:term":[{"taxonomy":"category","embeddable":true,"href":"https:\/\/franciscanos.org.br\/noticias\/wp-json\/wp\/v2\/categories?post=168462"},{"taxonomy":"post_tag","embeddable":true,"href":"https:\/\/franciscanos.org.br\/noticias\/wp-json\/wp\/v2\/tags?post=168462"}],"curies":[{"name":"wp","href":"https:\/\/api.w.org\/{rel}","templated":true}]}}