{"id":168437,"date":"2018-08-07T09:33:26","date_gmt":"2018-08-07T12:33:26","guid":{"rendered":"http:\/\/franciscanos.org.br\/?p=168437"},"modified":"2020-03-31T07:52:04","modified_gmt":"2020-03-31T10:52:04","slug":"igreja-profetica-e-solidaria-em-favor-dos-pobres-e-da-terra","status":"publish","type":"post","link":"https:\/\/franciscanos.org.br\/noticias\/igreja-profetica-e-solidaria-em-favor-dos-pobres-e-da-terra.html","title":{"rendered":"Igreja prof\u00e9tica \u00e9 solid\u00e1ria em favor dos pobres e da terra"},"content":{"rendered":"<p><img loading=\"lazy\" src=\"http:\/\/franciscanos.org.br\/wp-content\/uploads\/2018\/08\/moema_070818.jpg\" alt=\"moema_070818\" width=\"820\" height=\"460\" \/><\/p>\n<p>Organizado pela Confer\u00eancia Nacional dos Bispos do Brasil-CNBB, rede Igrejas e Minera\u00e7\u00e3o, CIDSE (Alian\u00e7a internacional de organiza\u00e7\u00f5es cat\u00f3licas para o Desenvolvimento) e o Departamento de Justi\u00e7a e Solidariedade do CELAM &#8211; DEJUSOL, ser\u00e1 realizado em Bras\u00edlia, a partir de hoje (7 de agosto), o II Encontro com as Comunidades Afetadas pela Minera\u00e7\u00e3o na Am\u00e9rica Latina,\u00a0 que\u00a0 visa desenvolver novas estrat\u00e9gias de solidariedade e acompanhamento das Igrejas \u00e0s comunidades atingidas pela minera\u00e7\u00e3o na Am\u00e9rica Latina.<\/p>\n<p>Leiga franciscana e membro do grupo motriz da Rede Igrejas e Minera\u00e7\u00e3o, Moema Miranda, uma das coordenadoras do Encontro, afirma que \u201cesta reuni\u00e3o \u00e9 a continua\u00e7\u00e3o da primeira com as pessoas atingidas pela minera\u00e7\u00e3o, realizada no Vaticano em 2015. Acolhemos o apelo do Papa Francisco, na Enc\u00edclica Laudato Si&#8217;, para construir uma grande alian\u00e7a em defesa da a terra e os pobres\u201d. Segundo ela, este \u00e9 o momento de a Igreja abrir suas portas para que as comunidades possam construir estrat\u00e9gias alternativas.<\/p>\n<p><strong>Vivemos momentos de trevas e de luz<\/strong><br \/>\n\u201cA Carta Enc\u00edclica do Papa e a Carta Pastoral do CELAM, nos ajudam, nos guiam e nos fortalecem ao avan\u00e7ar para uma Igreja em sa\u00edda, comprometidos com a terra e as pessoas. Sem regras democr\u00e1ticas claras, as formas de defesa das comunidades tornam-se muito mais arriscadas. E tamb\u00e9m sentimos a necessidade urgente de uma maior coordena\u00e7\u00e3o no fortalecimento e defesa das comunidades que est\u00e3o sob s\u00e9ria amea\u00e7a, a completa falta de respeito pela lei, mesmo quando existem leis, ambientais e sociais\u201d, lembra Moema.<\/p>\n<p>LEIA A <strong><a href=\"http:\/\/franciscanos.org.br\/?p=166327\">ENTREVISTA COM MOEMA MIRANDA<\/a><\/strong><\/p>\n<p>veja o video<\/p>\n<p><iframe loading=\"lazy\" src=\"https:\/\/www.youtube.com\/embed\/bYVY_b3y-dg\" width=\"100%\" height=\"470\" frameborder=\"0\" allowfullscreen=\"allowfullscreen\"><\/iframe><\/p>\n","protected":false},"excerpt":{"rendered":"<p>Igrejas e Minera\u00e7\u00e3o<\/p>\n","protected":false},"author":1,"featured_media":222851,"comment_status":"open","ping_status":"open","sticky":false,"template":"","format":"standard","meta":[],"categories":[1],"tags":[864],"acf":[],"yoast_head":"<!-- This site is optimized with the Yoast SEO plugin v19.2 - https:\/\/yoast.com\/wordpress\/plugins\/seo\/ -->\n<title>Igreja prof\u00e9tica \u00e9 solid\u00e1ria em favor dos pobres e da terra - Not\u00edcias - Franciscanos<\/title>\n<meta name=\"robots\" content=\"index, follow, max-snippet:-1, max-image-preview:large, max-video-preview:-1\" \/>\n<link rel=\"canonical\" href=\"https:\/\/franciscanos.org.br\/noticias\/igreja-profetica-e-solidaria-em-favor-dos-pobres-e-da-terra.html\" \/>\n<meta property=\"og:locale\" content=\"pt_BR\" \/>\n<meta property=\"og:type\" content=\"article\" \/>\n<meta property=\"og:title\" content=\"Igreja prof\u00e9tica \u00e9 solid\u00e1ria em favor dos pobres e da terra - Not\u00edcias - Franciscanos\" \/>\n<meta property=\"og:description\" content=\"Igrejas e Minera\u00e7\u00e3o\" \/>\n<meta property=\"og:url\" content=\"https:\/\/franciscanos.org.br\/noticias\/igreja-profetica-e-solidaria-em-favor-dos-pobres-e-da-terra.html\" \/>\n<meta property=\"og:site_name\" content=\"Not\u00edcias - Franciscanos\" \/>\n<meta property=\"article:published_time\" content=\"2018-08-07T12:33:26+00:00\" \/>\n<meta property=\"article:modified_time\" content=\"2020-03-31T10:52:04+00:00\" \/>\n<meta property=\"og:image\" content=\"https:\/\/franciscanos.org.br\/noticias\/wp-content\/uploads\/2018\/08\/moema_070818.jpg\" \/>\n\t<meta property=\"og:image:width\" content=\"273\" \/>\n\t<meta property=\"og:image:height\" content=\"181\" \/>\n\t<meta property=\"og:image:type\" content=\"image\/jpeg\" \/>\n<meta name=\"author\" content=\"admin\" \/>\n<meta name=\"twitter:card\" content=\"summary_large_image\" \/>\n<meta name=\"twitter:label1\" content=\"Escrito por\" \/>\n\t<meta name=\"twitter:data1\" content=\"admin\" \/>\n\t<meta name=\"twitter:label2\" content=\"Est. tempo de leitura\" \/>\n\t<meta name=\"twitter:data2\" content=\"1 minuto\" \/>\n<script type=\"application\/ld+json\" class=\"yoast-schema-graph\">{\"@context\":\"https:\/\/schema.org\",\"@graph\":[{\"@type\":\"WebSite\",\"@id\":\"https:\/\/franciscanos.org.br\/noticias\/#website\",\"url\":\"https:\/\/franciscanos.org.br\/noticias\/\",\"name\":\"Not\u00edcias - Franciscanos\",\"description\":\"Prov\u00edncia Franciscana da Imaculada Concei\u00e7\u00e3o do Brasil - Ordem dos Frades Menores - OFM\",\"potentialAction\":[{\"@type\":\"SearchAction\",\"target\":{\"@type\":\"EntryPoint\",\"urlTemplate\":\"https:\/\/franciscanos.org.br\/noticias\/?s={search_term_string}\"},\"query-input\":\"required name=search_term_string\"}],\"inLanguage\":\"pt-BR\"},{\"@type\":\"ImageObject\",\"inLanguage\":\"pt-BR\",\"@id\":\"https:\/\/franciscanos.org.br\/noticias\/igreja-profetica-e-solidaria-em-favor-dos-pobres-e-da-terra.html#primaryimage\",\"url\":\"https:\/\/franciscanos.org.br\/noticias\/wp-content\/uploads\/2018\/08\/moema_070818.jpg\",\"contentUrl\":\"https:\/\/franciscanos.org.br\/noticias\/wp-content\/uploads\/2018\/08\/moema_070818.jpg\",\"width\":273,\"height\":181},{\"@type\":\"WebPage\",\"@id\":\"https:\/\/franciscanos.org.br\/noticias\/igreja-profetica-e-solidaria-em-favor-dos-pobres-e-da-terra.html#webpage\",\"url\":\"https:\/\/franciscanos.org.br\/noticias\/igreja-profetica-e-solidaria-em-favor-dos-pobres-e-da-terra.html\",\"name\":\"Igreja prof\u00e9tica \u00e9 solid\u00e1ria em favor dos pobres e da terra - Not\u00edcias - Franciscanos\",\"isPartOf\":{\"@id\":\"https:\/\/franciscanos.org.br\/noticias\/#website\"},\"primaryImageOfPage\":{\"@id\":\"https:\/\/franciscanos.org.br\/noticias\/igreja-profetica-e-solidaria-em-favor-dos-pobres-e-da-terra.html#primaryimage\"},\"datePublished\":\"2018-08-07T12:33:26+00:00\",\"dateModified\":\"2020-03-31T10:52:04+00:00\",\"author\":{\"@id\":\"https:\/\/franciscanos.org.br\/noticias\/#\/schema\/person\/b38fbf43118f02820bd932f2e4b14ad3\"},\"breadcrumb\":{\"@id\":\"https:\/\/franciscanos.org.br\/noticias\/igreja-profetica-e-solidaria-em-favor-dos-pobres-e-da-terra.html#breadcrumb\"},\"inLanguage\":\"pt-BR\",\"potentialAction\":[{\"@type\":\"ReadAction\",\"target\":[\"https:\/\/franciscanos.org.br\/noticias\/igreja-profetica-e-solidaria-em-favor-dos-pobres-e-da-terra.html\"]}]},{\"@type\":\"BreadcrumbList\",\"@id\":\"https:\/\/franciscanos.org.br\/noticias\/igreja-profetica-e-solidaria-em-favor-dos-pobres-e-da-terra.html#breadcrumb\",\"itemListElement\":[{\"@type\":\"ListItem\",\"position\":1,\"name\":\"Home\",\"item\":\"https:\/\/franciscanos.org.br\/noticias\"},{\"@type\":\"ListItem\",\"position\":2,\"name\":\"Igreja prof\u00e9tica \u00e9 solid\u00e1ria em favor dos pobres e da terra\"}]},{\"@type\":\"Person\",\"@id\":\"https:\/\/franciscanos.org.br\/noticias\/#\/schema\/person\/b38fbf43118f02820bd932f2e4b14ad3\",\"name\":\"admin\",\"image\":{\"@type\":\"ImageObject\",\"inLanguage\":\"pt-BR\",\"@id\":\"https:\/\/franciscanos.org.br\/noticias\/#\/schema\/person\/image\/\",\"url\":\"https:\/\/secure.gravatar.com\/avatar\/e8495742d34d0ba6448ea1c628263b3e?s=96&d=mm&r=g\",\"contentUrl\":\"https:\/\/secure.gravatar.com\/avatar\/e8495742d34d0ba6448ea1c628263b3e?s=96&d=mm&r=g\",\"caption\":\"admin\"},\"url\":\"https:\/\/franciscanos.org.br\/noticias\/author\/admin\"}]}<\/script>\n<!-- \/ Yoast SEO plugin. -->","yoast_head_json":{"title":"Igreja prof\u00e9tica \u00e9 solid\u00e1ria em favor dos pobres e da terra - Not\u00edcias - Franciscanos","robots":{"index":"index","follow":"follow","max-snippet":"max-snippet:-1","max-image-preview":"max-image-preview:large","max-video-preview":"max-video-preview:-1"},"canonical":"https:\/\/franciscanos.org.br\/noticias\/igreja-profetica-e-solidaria-em-favor-dos-pobres-e-da-terra.html","og_locale":"pt_BR","og_type":"article","og_title":"Igreja prof\u00e9tica \u00e9 solid\u00e1ria em favor dos pobres e da terra - Not\u00edcias - Franciscanos","og_description":"Igrejas e Minera\u00e7\u00e3o","og_url":"https:\/\/franciscanos.org.br\/noticias\/igreja-profetica-e-solidaria-em-favor-dos-pobres-e-da-terra.html","og_site_name":"Not\u00edcias - Franciscanos","article_published_time":"2018-08-07T12:33:26+00:00","article_modified_time":"2020-03-31T10:52:04+00:00","og_image":[{"width":273,"height":181,"url":"https:\/\/franciscanos.org.br\/noticias\/wp-content\/uploads\/2018\/08\/moema_070818.jpg","type":"image\/jpeg"}],"author":"admin","twitter_card":"summary_large_image","twitter_misc":{"Escrito por":"admin","Est. tempo de leitura":"1 minuto"},"schema":{"@context":"https:\/\/schema.org","@graph":[{"@type":"WebSite","@id":"https:\/\/franciscanos.org.br\/noticias\/#website","url":"https:\/\/franciscanos.org.br\/noticias\/","name":"Not\u00edcias - Franciscanos","description":"Prov\u00edncia Franciscana da Imaculada Concei\u00e7\u00e3o do Brasil - Ordem dos Frades Menores - OFM","potentialAction":[{"@type":"SearchAction","target":{"@type":"EntryPoint","urlTemplate":"https:\/\/franciscanos.org.br\/noticias\/?s={search_term_string}"},"query-input":"required name=search_term_string"}],"inLanguage":"pt-BR"},{"@type":"ImageObject","inLanguage":"pt-BR","@id":"https:\/\/franciscanos.org.br\/noticias\/igreja-profetica-e-solidaria-em-favor-dos-pobres-e-da-terra.html#primaryimage","url":"https:\/\/franciscanos.org.br\/noticias\/wp-content\/uploads\/2018\/08\/moema_070818.jpg","contentUrl":"https:\/\/franciscanos.org.br\/noticias\/wp-content\/uploads\/2018\/08\/moema_070818.jpg","width":273,"height":181},{"@type":"WebPage","@id":"https:\/\/franciscanos.org.br\/noticias\/igreja-profetica-e-solidaria-em-favor-dos-pobres-e-da-terra.html#webpage","url":"https:\/\/franciscanos.org.br\/noticias\/igreja-profetica-e-solidaria-em-favor-dos-pobres-e-da-terra.html","name":"Igreja prof\u00e9tica \u00e9 solid\u00e1ria em favor dos pobres e da terra - Not\u00edcias - Franciscanos","isPartOf":{"@id":"https:\/\/franciscanos.org.br\/noticias\/#website"},"primaryImageOfPage":{"@id":"https:\/\/franciscanos.org.br\/noticias\/igreja-profetica-e-solidaria-em-favor-dos-pobres-e-da-terra.html#primaryimage"},"datePublished":"2018-08-07T12:33:26+00:00","dateModified":"2020-03-31T10:52:04+00:00","author":{"@id":"https:\/\/franciscanos.org.br\/noticias\/#\/schema\/person\/b38fbf43118f02820bd932f2e4b14ad3"},"breadcrumb":{"@id":"https:\/\/franciscanos.org.br\/noticias\/igreja-profetica-e-solidaria-em-favor-dos-pobres-e-da-terra.html#breadcrumb"},"inLanguage":"pt-BR","potentialAction":[{"@type":"ReadAction","target":["https:\/\/franciscanos.org.br\/noticias\/igreja-profetica-e-solidaria-em-favor-dos-pobres-e-da-terra.html"]}]},{"@type":"BreadcrumbList","@id":"https:\/\/franciscanos.org.br\/noticias\/igreja-profetica-e-solidaria-em-favor-dos-pobres-e-da-terra.html#breadcrumb","itemListElement":[{"@type":"ListItem","position":1,"name":"Home","item":"https:\/\/franciscanos.org.br\/noticias"},{"@type":"ListItem","position":2,"name":"Igreja prof\u00e9tica \u00e9 solid\u00e1ria em favor dos pobres e da terra"}]},{"@type":"Person","@id":"https:\/\/franciscanos.org.br\/noticias\/#\/schema\/person\/b38fbf43118f02820bd932f2e4b14ad3","name":"admin","image":{"@type":"ImageObject","inLanguage":"pt-BR","@id":"https:\/\/franciscanos.org.br\/noticias\/#\/schema\/person\/image\/","url":"https:\/\/secure.gravatar.com\/avatar\/e8495742d34d0ba6448ea1c628263b3e?s=96&d=mm&r=g","contentUrl":"https:\/\/secure.gravatar.com\/avatar\/e8495742d34d0ba6448ea1c628263b3e?s=96&d=mm&r=g","caption":"admin"},"url":"https:\/\/franciscanos.org.br\/noticias\/author\/admin"}]}},"_links":{"self":[{"href":"https:\/\/franciscanos.org.br\/noticias\/wp-json\/wp\/v2\/posts\/168437"}],"collection":[{"href":"https:\/\/franciscanos.org.br\/noticias\/wp-json\/wp\/v2\/posts"}],"about":[{"href":"https:\/\/franciscanos.org.br\/noticias\/wp-json\/wp\/v2\/types\/post"}],"author":[{"embeddable":true,"href":"https:\/\/franciscanos.org.br\/noticias\/wp-json\/wp\/v2\/users\/1"}],"replies":[{"embeddable":true,"href":"https:\/\/franciscanos.org.br\/noticias\/wp-json\/wp\/v2\/comments?post=168437"}],"version-history":[{"count":1,"href":"https:\/\/franciscanos.org.br\/noticias\/wp-json\/wp\/v2\/posts\/168437\/revisions"}],"predecessor-version":[{"id":222852,"href":"https:\/\/franciscanos.org.br\/noticias\/wp-json\/wp\/v2\/posts\/168437\/revisions\/222852"}],"wp:featuredmedia":[{"embeddable":true,"href":"https:\/\/franciscanos.org.br\/noticias\/wp-json\/wp\/v2\/media\/222851"}],"wp:attachment":[{"href":"https:\/\/franciscanos.org.br\/noticias\/wp-json\/wp\/v2\/media?parent=168437"}],"wp:term":[{"taxonomy":"category","embeddable":true,"href":"https:\/\/franciscanos.org.br\/noticias\/wp-json\/wp\/v2\/categories?post=168437"},{"taxonomy":"post_tag","embeddable":true,"href":"https:\/\/franciscanos.org.br\/noticias\/wp-json\/wp\/v2\/tags?post=168437"}],"curies":[{"name":"wp","href":"https:\/\/api.w.org\/{rel}","templated":true}]}}