{"id":168392,"date":"2018-08-06T11:21:52","date_gmt":"2018-08-06T14:21:52","guid":{"rendered":"http:\/\/franciscanos.org.br\/?p=168392"},"modified":"2019-03-11T07:59:36","modified_gmt":"2019-03-11T10:59:36","slug":"as-luzes-da-celebracao-do-perdao-de-assis-2018","status":"publish","type":"post","link":"https:\/\/franciscanos.org.br\/noticias\/as-luzes-da-celebracao-do-perdao-de-assis-2018.html","title":{"rendered":"As luzes da Celebra\u00e7\u00e3o do Perd\u00e3o de Assis 2018"},"content":{"rendered":"<p><img loading=\"lazy\" src=\"http:\/\/franciscanos.org.br\/wp-content\/uploads\/2018\/08\/PENHA_060818.jpg\" alt=\"PENHA_060818\" width=\"830\" height=\"582\" \/><\/p>\n<p><strong>Vila Velha (ES)<\/strong> &#8211; O Convento da Penha e a Par\u00f3quia Nossa Senhora do Ros\u00e1rio realizaram, na noite da \u00faltima sexta-feira (03\/08), a Caminhada Penitencial do Perd\u00e3o de Assis. A concentra\u00e7\u00e3o e os primeiros momentos devocionais aconteceram em frente \u00e0 Igreja do Ros\u00e1rio, na Prainha, Vila Velha. Debaixo de uma chuva intermitente e nada desanimados, os fi\u00e9is, encorajados pelo motivo principal da celebra\u00e7\u00e3o, n\u00e3o desanimaram. A cada instante antecedente ao in\u00edcio da Celebra\u00e7\u00e3o, mais e mais grupos, fam\u00edlias, jovens e participantes chegavam e se preparavam para o momento.<\/p>\n<p>Ao iniciar o clima orante, meditativo e de miseric\u00f3rdia, Frei Paulo Roberto Pereira, OFM, Guardi\u00e3o do Convento, fez a sauda\u00e7\u00e3o inicial e introduziu a explica\u00e7\u00e3o da motiva\u00e7\u00e3o da Caminhada do Perd\u00e3o, em seguida, foi acolhida no meio dos caminhantes, a Cruz Processional de madeira, que durante o trajeto os fi\u00e9is revezavam-se no carregamento. Foi acolhido tamb\u00e9m, de forma simb\u00f3lica, um jovem representando S\u00e3o Francisco. Ele espalhou a \u201cLuz do Cristo\u201d, simbolizado nas velas. A partir da\u00ed, o escuro da pra\u00e7a em frente ao Ros\u00e1rio, foi clareado pelas milhares de luzes.<\/p>\n<p>O Frei Djalmo Fuck, OFM, P\u00e1roco e Guardi\u00e3o da Par\u00f3quia do Ros\u00e1rio, Vila Velha, ap\u00f3s saudar os fi\u00e9is, conduziu a explica\u00e7\u00e3o da hist\u00f3ria do Perd\u00e3o da Porci\u00fancula: &#8220;A pequena igreja de Santa Maria dos Anjos, carinhosamente chamada de \u201cpequena por\u00e7\u00e3o\u201d ou Porci\u00fancula, \u00e9 o ber\u00e7o do Movimento Franciscano. Foi ali que Francisco recebeu os primeiros companheiros. Ali tamb\u00e9m que a jovem Clara foi acolhida na fraternidade dos que escolheram amar aos pobres e \u00e0 pobreza. Foi tamb\u00e9m em Santa Maria que Francisco apontou o caminho para a Ordem Franciscana Secular. Cada vez que os franciscanos desejam reexperimentar o vigor dos primeiros tempos da miss\u00e3o, eles se recordam da d\u00e1diva da Porci\u00fancula; afinal, foi a partir daquela pequena igreja que os irm\u00e3os e irm\u00e3s sa\u00edram pelo mundo a espalhar o evangelho do amor, da alegria e do perd\u00e3o&#8221;.<\/p>\n<p>&#8220;Por pedido de Francisco, o papa concedeu transformar a Porci\u00fancula num local de encontro com a miseric\u00f3rdia e reconcilia\u00e7\u00e3o. Por isso, no dia dedicado \u00e0 Nossa Senhora dos Anjos, todos os que se reunirem para rezar e proclamar sua f\u00e9, s\u00e3o agraciados com o dom de Deus. Dom que nos ergue do ch\u00e3o, dom que cura nossas feridas, dom que ilumina nossas vidas&#8221;.<\/p>\n<p><img loading=\"lazy\" src=\"http:\/\/franciscanos.org.br\/wp-content\/uploads\/2018\/08\/PENHA_060818_1.jpg\" alt=\"PENHA_060818_1\" width=\"830\" height=\"623\" \/><\/p>\n<p>\u00c0 frente da prociss\u00e3o luminosa, eram erguidos os estandartes de S\u00e3o Francisco de Assis, o Ser\u00e1fico Pai autor do Perd\u00e3o de Assis, de Santa Clara de Assis, fundadora da Ordem das Clarissas e o de Nossa Senhora da Penha, Padroeira do Estado do Esp\u00edrito Santo. Pelo caminho, as diversas demonstra\u00e7\u00f5es de amor, perd\u00e3o e reconcilia\u00e7\u00e3o eram manifestadas nas evidentes express\u00f5es que os fi\u00e9is foram deixando. A paz interior foi ambientada com os cinco pontos de paradas ao longo da estrada de subida do Convento. Em cada ponto, uma equipe de m\u00fasica conduzia um refr\u00e3o musical orante, trazendo profundas reflex\u00f5es de vida e f\u00e9 aos devotos. Em determinados momentos, a chuva aumentava a intensidade, mas nada que fizesse com que os fi\u00e9is devotos desanimassem, o que tornou a caminhada ainda mais gratificante.<\/p>\n<p>Na chegada ao Campinho do Convento, a equipe de canto do Santu\u00e1rio da Penha e o Frei Paulo C\u00e9sar, animaram a recep\u00e7\u00e3o dos fi\u00e9is, que chegaram debaixo de chuva forte. Uma encena\u00e7\u00e3o entre \u201cS\u00e3o Francisco e Utopia\u201d, demonstraram como Francisco teve a conversa com Deus em ora\u00e7\u00e3o, onde ali, S\u00e3o Francisco pede que todos recebam o perd\u00e3o, o teatro foi finalizado com uma can\u00e7\u00e3o entoada tamb\u00e9m por todos os Frades presentes.<\/p>\n<p>Em um dos momentos finais, Frei Clar\u00eancio conduziu a explica\u00e7\u00e3o proposta da reconcilia\u00e7\u00e3o: &#8220;A reconcilia\u00e7\u00e3o \u00e9 uma necessidade da criatura humana desde o pecado de Ad\u00e3o e Eva no para\u00edso. A hist\u00f3ria da humanidade \u00e9 uma hist\u00f3ria de reconcilia\u00e7\u00e3o. Toda a prega\u00e7\u00e3o dos profetas do Antigo Testamento foi uma chamada \u00e0 reconcilia\u00e7\u00e3o da criatura com seu Deus e da criatura com seus irm\u00e3os. Lembremos o profeta Isa\u00edas: \u201cSe removeres do teu meio a opress\u00e3o, a falsidade, a maledic\u00eancia, se deres comida ao faminto, a tua luz brilhar\u00e1 nas trevas, a tua escurid\u00e3o se transformar\u00e1 em pleno dia, ser\u00e1s como um jardim florido\u201d (Is 58,9-11).<\/p>\n<p>&#8220;A hist\u00f3ria da salva\u00e7\u00e3o trazida por Jesus \u00e9 uma hist\u00f3ria de reconcilia\u00e7\u00e3o. Ele n\u00e3o s\u00f3 nos revelou o amor reconciliador do Pai que perdoa os pecadores (Lc 15), mas tamb\u00e9m exerceu diretamente o perd\u00e3o (Mc 2,1-12) e mostrou que o perd\u00e3o de Deus \u00e9 insepar\u00e1vel do perd\u00e3o dos irm\u00e3os entre si. (Mt 18,21-22). A pr\u00f3pria vida de Jesus e sua miss\u00e3o na terra foi uma tarefa de reconcilia\u00e7\u00e3o, A imagem de Cristo pregado na Cruz, v\u00edtima da maldade humana; a imagem de Cristo pregado na Cruz, rezando pelos pecadores que o crucificaram, \u00e9 a mais alta express\u00e3o do amor, do perd\u00e3o e da reconcilia\u00e7\u00e3o&#8221;.<\/p>\n<p>&#8220;A Igreja n\u00e3o teria sentido de existir, se n\u00e3o fosse uma comunidade geradora de reconcilia\u00e7\u00e3o. Os sete sacramentos da Igreja s\u00e3o sete caminhos convergentes de reconcilia\u00e7\u00e3o. O C\u00e2ntico das Criaturas de S\u00e3o Francisco, tamb\u00e9m chamado C\u00e2ntico do Sol, \u00e9 um hino de reconcilia\u00e7\u00e3o de todas as coisas criadas com seu Criador. O verso \u201cLouvado sejas, meu Senhor, pelos que perdoam por teu amor\u201d poderia tamb\u00e9m ser dito assim: \u201cLouvado sejas, meu Senhor, pelos que se reconciliam por teu amor\u201d.<\/p>\n<p><img loading=\"lazy\" src=\"http:\/\/franciscanos.org.br\/wp-content\/uploads\/2018\/08\/PENHA_060818_2.jpg\" alt=\"PENHA_060818_2\" width=\"830\" height=\"623\" \/><\/p>\n<p>&#8220;Costumamos dizer que S\u00e3o Francisco \u00e9 o santo da Paz. E ele o \u00e9, porque antes foi o Santo da Reconcilia\u00e7\u00e3o. Ele \u00e9 o Santo da Paz, porque levou amor onde havia \u00f3dio; levou perd\u00e3o, onde havia ofensa; levou luz, onde havia trevas; levou unidade, onde havia rachaduras de divis\u00e3o; levou esp\u00edrito fraterno, onde havia prepot\u00eancia e escravid\u00e3o&#8221;.<\/p>\n<p>&#8220;No dia 2 de agosto de 1216, Francisco reuniu na igreja de Nossa Senhora dos Anjos, conhecida como Porci\u00fancula, o povo de Assis e redondezas, os bispos da prov\u00edncia da \u00dambria com seus padres e, sorridente e feliz, come\u00e7ou a prega\u00e7\u00e3o com esta proposta: \u201cQuero mandar voc\u00eas todos para o para\u00edso!\u201d. Como? Para Francisco, entra-se no para\u00edso pela porta da reconcilia\u00e7\u00e3o e do perd\u00e3o. A mesma porta por onde entrou o bom ladr\u00e3o, que morreu com Jesus no Calv\u00e1rio. Porque a eternidade \u00e9 o para\u00edso dos reconciliados e nele s\u00f3 os vestidos com o manto da reconcilia\u00e7\u00e3o. Am\u00e9m&#8221;.<\/p>\n<p>Ap\u00f3s este instante, Frei Paulo Roberto, pediu que os fi\u00e9is se voltassem para o Convento, onde entre as palmeiras foi colocada uma cruz com o Cora\u00e7\u00e3o de Jesus, que se acendeu. Em seguida, o Frei pediu que os fi\u00e9is se abra\u00e7assem, saudando-os uns aos outros no objetivo de reconcilia\u00e7\u00e3o e paz. Finalizando o Encontro, os cestos com p\u00e3es foram aben\u00e7oados pelos Freis e logo distribu\u00eddos.\u00a0 A Celebra\u00e7\u00e3o foi encerrada com a b\u00ean\u00e7\u00e3o de S\u00e3o Francisco.<\/p>\n<p><em>Colabora\u00e7\u00e3o de fotos: Assessoria de Comunica\u00e7\u00e3o do Convento e Pascom do Ros\u00e1rio.<\/em><\/p>\n<p>VEJA MAIS IMAGENS NO SITE DO CONVENTO DA PENHA: <a href=\"http:\/\/www.conventodapenha.org.br\">www.conventodapenha.org.br<\/a><\/p>\n","protected":false},"excerpt":{"rendered":"<p>Vila Velha<\/p>\n","protected":false},"author":1,"featured_media":201329,"comment_status":"open","ping_status":"open","sticky":false,"template":"","format":"standard","meta":[],"categories":[1],"tags":[248,1415],"acf":[],"yoast_head":"<!-- This site is optimized with the Yoast SEO plugin v19.2 - https:\/\/yoast.com\/wordpress\/plugins\/seo\/ -->\n<title>As luzes da Celebra\u00e7\u00e3o do Perd\u00e3o de Assis 2018 - Not\u00edcias - Franciscanos<\/title>\n<meta name=\"robots\" content=\"index, follow, max-snippet:-1, max-image-preview:large, max-video-preview:-1\" \/>\n<link rel=\"canonical\" href=\"https:\/\/franciscanos.org.br\/noticias\/as-luzes-da-celebracao-do-perdao-de-assis-2018.html\" \/>\n<meta property=\"og:locale\" content=\"pt_BR\" \/>\n<meta property=\"og:type\" content=\"article\" \/>\n<meta property=\"og:title\" content=\"As luzes da Celebra\u00e7\u00e3o do Perd\u00e3o de Assis 2018 - Not\u00edcias - Franciscanos\" \/>\n<meta property=\"og:description\" content=\"Vila Velha\" \/>\n<meta property=\"og:url\" content=\"https:\/\/franciscanos.org.br\/noticias\/as-luzes-da-celebracao-do-perdao-de-assis-2018.html\" \/>\n<meta property=\"og:site_name\" content=\"Not\u00edcias - Franciscanos\" \/>\n<meta property=\"article:published_time\" content=\"2018-08-06T14:21:52+00:00\" \/>\n<meta property=\"article:modified_time\" content=\"2019-03-11T10:59:36+00:00\" \/>\n<meta property=\"og:image\" content=\"https:\/\/franciscanos.org.br\/noticias\/wp-content\/uploads\/2018\/08\/penha_110319.jpg\" \/>\n\t<meta property=\"og:image:width\" content=\"273\" \/>\n\t<meta property=\"og:image:height\" content=\"181\" \/>\n\t<meta property=\"og:image:type\" content=\"image\/jpeg\" \/>\n<meta name=\"author\" content=\"admin\" \/>\n<meta name=\"twitter:card\" content=\"summary_large_image\" \/>\n<meta name=\"twitter:label1\" content=\"Escrito por\" \/>\n\t<meta name=\"twitter:data1\" content=\"admin\" \/>\n\t<meta name=\"twitter:label2\" content=\"Est. tempo de leitura\" \/>\n\t<meta name=\"twitter:data2\" content=\"6 minutos\" \/>\n<script type=\"application\/ld+json\" class=\"yoast-schema-graph\">{\"@context\":\"https:\/\/schema.org\",\"@graph\":[{\"@type\":\"WebSite\",\"@id\":\"https:\/\/franciscanos.org.br\/noticias\/#website\",\"url\":\"https:\/\/franciscanos.org.br\/noticias\/\",\"name\":\"Not\u00edcias - Franciscanos\",\"description\":\"Prov\u00edncia Franciscana da Imaculada Concei\u00e7\u00e3o do Brasil - Ordem dos Frades Menores - OFM\",\"potentialAction\":[{\"@type\":\"SearchAction\",\"target\":{\"@type\":\"EntryPoint\",\"urlTemplate\":\"https:\/\/franciscanos.org.br\/noticias\/?s={search_term_string}\"},\"query-input\":\"required name=search_term_string\"}],\"inLanguage\":\"pt-BR\"},{\"@type\":\"ImageObject\",\"inLanguage\":\"pt-BR\",\"@id\":\"https:\/\/franciscanos.org.br\/noticias\/as-luzes-da-celebracao-do-perdao-de-assis-2018.html#primaryimage\",\"url\":\"https:\/\/franciscanos.org.br\/noticias\/wp-content\/uploads\/2018\/08\/penha_110319.jpg\",\"contentUrl\":\"https:\/\/franciscanos.org.br\/noticias\/wp-content\/uploads\/2018\/08\/penha_110319.jpg\",\"width\":273,\"height\":181},{\"@type\":\"WebPage\",\"@id\":\"https:\/\/franciscanos.org.br\/noticias\/as-luzes-da-celebracao-do-perdao-de-assis-2018.html#webpage\",\"url\":\"https:\/\/franciscanos.org.br\/noticias\/as-luzes-da-celebracao-do-perdao-de-assis-2018.html\",\"name\":\"As luzes da Celebra\u00e7\u00e3o do Perd\u00e3o de Assis 2018 - Not\u00edcias - Franciscanos\",\"isPartOf\":{\"@id\":\"https:\/\/franciscanos.org.br\/noticias\/#website\"},\"primaryImageOfPage\":{\"@id\":\"https:\/\/franciscanos.org.br\/noticias\/as-luzes-da-celebracao-do-perdao-de-assis-2018.html#primaryimage\"},\"datePublished\":\"2018-08-06T14:21:52+00:00\",\"dateModified\":\"2019-03-11T10:59:36+00:00\",\"author\":{\"@id\":\"https:\/\/franciscanos.org.br\/noticias\/#\/schema\/person\/b38fbf43118f02820bd932f2e4b14ad3\"},\"breadcrumb\":{\"@id\":\"https:\/\/franciscanos.org.br\/noticias\/as-luzes-da-celebracao-do-perdao-de-assis-2018.html#breadcrumb\"},\"inLanguage\":\"pt-BR\",\"potentialAction\":[{\"@type\":\"ReadAction\",\"target\":[\"https:\/\/franciscanos.org.br\/noticias\/as-luzes-da-celebracao-do-perdao-de-assis-2018.html\"]}]},{\"@type\":\"BreadcrumbList\",\"@id\":\"https:\/\/franciscanos.org.br\/noticias\/as-luzes-da-celebracao-do-perdao-de-assis-2018.html#breadcrumb\",\"itemListElement\":[{\"@type\":\"ListItem\",\"position\":1,\"name\":\"Home\",\"item\":\"https:\/\/franciscanos.org.br\/noticias\"},{\"@type\":\"ListItem\",\"position\":2,\"name\":\"As luzes da Celebra\u00e7\u00e3o do Perd\u00e3o de Assis 2018\"}]},{\"@type\":\"Person\",\"@id\":\"https:\/\/franciscanos.org.br\/noticias\/#\/schema\/person\/b38fbf43118f02820bd932f2e4b14ad3\",\"name\":\"admin\",\"image\":{\"@type\":\"ImageObject\",\"inLanguage\":\"pt-BR\",\"@id\":\"https:\/\/franciscanos.org.br\/noticias\/#\/schema\/person\/image\/\",\"url\":\"https:\/\/secure.gravatar.com\/avatar\/e8495742d34d0ba6448ea1c628263b3e?s=96&d=mm&r=g\",\"contentUrl\":\"https:\/\/secure.gravatar.com\/avatar\/e8495742d34d0ba6448ea1c628263b3e?s=96&d=mm&r=g\",\"caption\":\"admin\"},\"url\":\"https:\/\/franciscanos.org.br\/noticias\/author\/admin\"}]}<\/script>\n<!-- \/ Yoast SEO plugin. -->","yoast_head_json":{"title":"As luzes da Celebra\u00e7\u00e3o do Perd\u00e3o de Assis 2018 - Not\u00edcias - Franciscanos","robots":{"index":"index","follow":"follow","max-snippet":"max-snippet:-1","max-image-preview":"max-image-preview:large","max-video-preview":"max-video-preview:-1"},"canonical":"https:\/\/franciscanos.org.br\/noticias\/as-luzes-da-celebracao-do-perdao-de-assis-2018.html","og_locale":"pt_BR","og_type":"article","og_title":"As luzes da Celebra\u00e7\u00e3o do Perd\u00e3o de Assis 2018 - Not\u00edcias - Franciscanos","og_description":"Vila Velha","og_url":"https:\/\/franciscanos.org.br\/noticias\/as-luzes-da-celebracao-do-perdao-de-assis-2018.html","og_site_name":"Not\u00edcias - Franciscanos","article_published_time":"2018-08-06T14:21:52+00:00","article_modified_time":"2019-03-11T10:59:36+00:00","og_image":[{"width":273,"height":181,"url":"https:\/\/franciscanos.org.br\/noticias\/wp-content\/uploads\/2018\/08\/penha_110319.jpg","type":"image\/jpeg"}],"author":"admin","twitter_card":"summary_large_image","twitter_misc":{"Escrito por":"admin","Est. tempo de leitura":"6 minutos"},"schema":{"@context":"https:\/\/schema.org","@graph":[{"@type":"WebSite","@id":"https:\/\/franciscanos.org.br\/noticias\/#website","url":"https:\/\/franciscanos.org.br\/noticias\/","name":"Not\u00edcias - Franciscanos","description":"Prov\u00edncia Franciscana da Imaculada Concei\u00e7\u00e3o do Brasil - Ordem dos Frades Menores - OFM","potentialAction":[{"@type":"SearchAction","target":{"@type":"EntryPoint","urlTemplate":"https:\/\/franciscanos.org.br\/noticias\/?s={search_term_string}"},"query-input":"required name=search_term_string"}],"inLanguage":"pt-BR"},{"@type":"ImageObject","inLanguage":"pt-BR","@id":"https:\/\/franciscanos.org.br\/noticias\/as-luzes-da-celebracao-do-perdao-de-assis-2018.html#primaryimage","url":"https:\/\/franciscanos.org.br\/noticias\/wp-content\/uploads\/2018\/08\/penha_110319.jpg","contentUrl":"https:\/\/franciscanos.org.br\/noticias\/wp-content\/uploads\/2018\/08\/penha_110319.jpg","width":273,"height":181},{"@type":"WebPage","@id":"https:\/\/franciscanos.org.br\/noticias\/as-luzes-da-celebracao-do-perdao-de-assis-2018.html#webpage","url":"https:\/\/franciscanos.org.br\/noticias\/as-luzes-da-celebracao-do-perdao-de-assis-2018.html","name":"As luzes da Celebra\u00e7\u00e3o do Perd\u00e3o de Assis 2018 - Not\u00edcias - Franciscanos","isPartOf":{"@id":"https:\/\/franciscanos.org.br\/noticias\/#website"},"primaryImageOfPage":{"@id":"https:\/\/franciscanos.org.br\/noticias\/as-luzes-da-celebracao-do-perdao-de-assis-2018.html#primaryimage"},"datePublished":"2018-08-06T14:21:52+00:00","dateModified":"2019-03-11T10:59:36+00:00","author":{"@id":"https:\/\/franciscanos.org.br\/noticias\/#\/schema\/person\/b38fbf43118f02820bd932f2e4b14ad3"},"breadcrumb":{"@id":"https:\/\/franciscanos.org.br\/noticias\/as-luzes-da-celebracao-do-perdao-de-assis-2018.html#breadcrumb"},"inLanguage":"pt-BR","potentialAction":[{"@type":"ReadAction","target":["https:\/\/franciscanos.org.br\/noticias\/as-luzes-da-celebracao-do-perdao-de-assis-2018.html"]}]},{"@type":"BreadcrumbList","@id":"https:\/\/franciscanos.org.br\/noticias\/as-luzes-da-celebracao-do-perdao-de-assis-2018.html#breadcrumb","itemListElement":[{"@type":"ListItem","position":1,"name":"Home","item":"https:\/\/franciscanos.org.br\/noticias"},{"@type":"ListItem","position":2,"name":"As luzes da Celebra\u00e7\u00e3o do Perd\u00e3o de Assis 2018"}]},{"@type":"Person","@id":"https:\/\/franciscanos.org.br\/noticias\/#\/schema\/person\/b38fbf43118f02820bd932f2e4b14ad3","name":"admin","image":{"@type":"ImageObject","inLanguage":"pt-BR","@id":"https:\/\/franciscanos.org.br\/noticias\/#\/schema\/person\/image\/","url":"https:\/\/secure.gravatar.com\/avatar\/e8495742d34d0ba6448ea1c628263b3e?s=96&d=mm&r=g","contentUrl":"https:\/\/secure.gravatar.com\/avatar\/e8495742d34d0ba6448ea1c628263b3e?s=96&d=mm&r=g","caption":"admin"},"url":"https:\/\/franciscanos.org.br\/noticias\/author\/admin"}]}},"_links":{"self":[{"href":"https:\/\/franciscanos.org.br\/noticias\/wp-json\/wp\/v2\/posts\/168392"}],"collection":[{"href":"https:\/\/franciscanos.org.br\/noticias\/wp-json\/wp\/v2\/posts"}],"about":[{"href":"https:\/\/franciscanos.org.br\/noticias\/wp-json\/wp\/v2\/types\/post"}],"author":[{"embeddable":true,"href":"https:\/\/franciscanos.org.br\/noticias\/wp-json\/wp\/v2\/users\/1"}],"replies":[{"embeddable":true,"href":"https:\/\/franciscanos.org.br\/noticias\/wp-json\/wp\/v2\/comments?post=168392"}],"version-history":[{"count":0,"href":"https:\/\/franciscanos.org.br\/noticias\/wp-json\/wp\/v2\/posts\/168392\/revisions"}],"wp:featuredmedia":[{"embeddable":true,"href":"https:\/\/franciscanos.org.br\/noticias\/wp-json\/wp\/v2\/media\/201329"}],"wp:attachment":[{"href":"https:\/\/franciscanos.org.br\/noticias\/wp-json\/wp\/v2\/media?parent=168392"}],"wp:term":[{"taxonomy":"category","embeddable":true,"href":"https:\/\/franciscanos.org.br\/noticias\/wp-json\/wp\/v2\/categories?post=168392"},{"taxonomy":"post_tag","embeddable":true,"href":"https:\/\/franciscanos.org.br\/noticias\/wp-json\/wp\/v2\/tags?post=168392"}],"curies":[{"name":"wp","href":"https:\/\/api.w.org\/{rel}","templated":true}]}}