{"id":168308,"date":"2018-08-06T07:50:47","date_gmt":"2018-08-06T10:50:47","guid":{"rendered":"http:\/\/franciscanos.org.br\/?p=168308"},"modified":"2020-06-07T08:40:51","modified_gmt":"2020-06-07T11:40:51","slug":"papa-nao-reduzir-a-religiao-somente-a-pratica-da-lei","status":"publish","type":"post","link":"https:\/\/franciscanos.org.br\/noticias\/papa-nao-reduzir-a-religiao-somente-a-pratica-da-lei.html","title":{"rendered":"Papa: n\u00e3o reduzir a religi\u00e3o somente \u00e0 pr\u00e1tica da Lei"},"content":{"rendered":"<p><img loading=\"lazy\" src=\"http:\/\/franciscanos.org.br\/wp-content\/uploads\/2018\/08\/angelus_060818.jpg\" alt=\"angelus_060818\" width=\"820\" height=\"461\" \/><\/p>\n<p><strong>Cidade do Vaticano<\/strong> &#8211; Resistir \u00e0 tenta\u00e7\u00e3o de \u201creduzir a religi\u00e3o somente \u00e0 pr\u00e1tica das leis, projetando em nossa rela\u00e7\u00e3o com Deus a imagem da rela\u00e7\u00e3o entre os servos e seus patr\u00f5es\u201d. No Angelus deste XVIII Domingo do Tempo Comum, falando aos milhares de fi\u00e9is e turistas presentes na Pra\u00e7a S\u00e3o Pedro a uma temperatura de 30\u00baC, o Papa exortou a \u201ccultivar nossa rela\u00e7\u00e3o\u201d com Jesus, \u201cfortalecer nossa f\u00e9 n\u2019Ele, que \u00e9 o &#8220;p\u00e3o da vida&#8221;.<\/p>\n<p>Inspirado no Evangelho de Jo\u00e3o proposto pela liturgia deste domingo, o Papa recordou que \u201ca Jesus n\u00e3o basta que as pessoas o procurem, ele quer que as pessoas o conhe\u00e7am; quer que a busca por Ele e o encontro com Ele ultrapasse a satisfa\u00e7\u00e3o imediata das necessidades materiais\u201d: \u201cJesus veio para nos trazer algo mais, a abrir a nossa exist\u00eancia a um horizonte mais amplo em rela\u00e7\u00e3o \u00e0s preocupa\u00e7\u00f5es cotidianas do alimentar-se, vestir-se, da carreira e assim por diante. Por isso, voltando-se a multid\u00e3o, exclama: \u00abMe buscais n\u00e3o porque vistes sinais, mas porque comestes daqueles p\u00e3es e vos saciastes\u00bb\u201d.<\/p>\n<p>Desta forma, \u201cestimula as pessoas a darem um passo em frente, a interrogarem-se sobre o significado do milagre e n\u00e3o apenas para tirar proveito dele\u201d.<\/p>\n<p>O milagre da multiplica\u00e7\u00e3o dos p\u00e3es e dos peixes \u2013 explicou Francisco \u2013 \u201c\u00e9 sinal do grande dom que o Pai deu \u00e0 humanidade, que \u00e9 o pr\u00f3prio Jesus!\u201d: \u201cEle, verdadeiro &#8220;p\u00e3o da vida&#8221;, quer saciar n\u00e3o apenas os corpos, mas tamb\u00e9m as almas, dando o alimento espiritual que pode satisfazer a fome mais profunda. Por isso convida a multid\u00e3o a procurar n\u00e3o a comida que n\u00e3o dura, mas aquela que permanece para a vida eterna. Trata-se de um alimento que Jesus nos d\u00e1 todos os dias: sua Palavra, seu Corpo, seu Sangue\u201d.<\/p>\n<p>Tamb\u00e9m n\u00f3s \u2013 como a multid\u00e3o na \u00e9poca \u2013 ouvimos o convite de Jesus, mas n\u00e3o entendemos seu significado. As pessoas pensam que Jesus pede a elas \u201cpara observarem os preceitos para obter outros milagres, como a multiplica\u00e7\u00e3o dos p\u00e3es\u201d: \u201c\u00c9 uma tenta\u00e7\u00e3o comum, esta, de reduzir a religi\u00e3o somente \u00e0 pr\u00e1tica das leis, projetando em nossa rela\u00e7\u00e3o com Deus a imagem da rela\u00e7\u00e3o entre os servos e seus patr\u00f5es: os servos devem executar as tarefas que o patr\u00e3o determinou, para ter a sua benevol\u00eancia. Isto o sabemos todos\u201d.<\/p>\n<p>\u00c0 multid\u00e3o que quer saber de Jesus que a\u00e7\u00f5es deve fazer para agradar a Deus, Jesus d\u00e1 uma resposta inesperada: &#8220;A obra de Deus \u00e9 que voc\u00eas acreditem naquele que ele enviou&#8221;: \u201cEssas palavras s\u00e3o dirigidas tamb\u00e9m a n\u00f3s hoje: a obra de Deus n\u00e3o consiste tanto no &#8220;fazer&#8221; coisas, mas em &#8220;crer&#8221; n\u2019Aquele que Ele enviou. Isto significa que a f\u00e9 em Jesus nos permite realizar as obras de Deus. Se nos deixarmos envolver nesta rela\u00e7\u00e3o de amor e confian\u00e7a com Jesus, poderemos fazer boas obras que perfumam de Evangelho, pelo bem e \u00e0s necessidades dos irm\u00e3os\u201d.<\/p>\n<p>E se \u00e9 importante preocupar-nos com o p\u00e3o \u2013 disse o Papa \u2013 mais importante ainda \u201c\u00e9 cultivar nossa rela\u00e7\u00e3o com Ele, fortalecer nossa f\u00e9 n\u2019Ele, que \u00e9 o &#8220;p\u00e3o da vida&#8221;, vindo para saciar a nossa fome de verdade, a nossa fome de justi\u00e7a, a nossa fome de amor\u201d.<\/p>\n<p>\u201cQue a Virgem Maria \u2013 disse ao concluir &#8211; no dia em que recordamos a dedica\u00e7\u00e3o da Bas\u00edlica de Santa Maria Maior \u2013 a Salus populi romani &#8211; em Roma, nos sustente em nosso caminho de f\u00e9 e nos ajude a nos abandonarmos com alegria ao plano de Deus para nossas vidas&#8221;.<\/p>\n<hr \/>\n<p><em>Fonte: Vatican News<\/em><\/p>\n","protected":false},"excerpt":{"rendered":"<p>Angelus<\/p>\n","protected":false},"author":1,"featured_media":221148,"comment_status":"open","ping_status":"open","sticky":false,"template":"","format":"standard","meta":[],"categories":[1428],"tags":[403],"acf":[],"yoast_head":"<!-- This site is optimized with the Yoast SEO plugin v19.2 - https:\/\/yoast.com\/wordpress\/plugins\/seo\/ -->\n<title>Papa: n\u00e3o reduzir a religi\u00e3o somente \u00e0 pr\u00e1tica da Lei - Not\u00edcias - Franciscanos<\/title>\n<meta name=\"robots\" content=\"index, follow, max-snippet:-1, max-image-preview:large, max-video-preview:-1\" \/>\n<link rel=\"canonical\" href=\"https:\/\/franciscanos.org.br\/noticias\/papa-nao-reduzir-a-religiao-somente-a-pratica-da-lei.html\" \/>\n<meta property=\"og:locale\" content=\"pt_BR\" \/>\n<meta property=\"og:type\" content=\"article\" \/>\n<meta property=\"og:title\" content=\"Papa: n\u00e3o reduzir a religi\u00e3o somente \u00e0 pr\u00e1tica da Lei - Not\u00edcias - Franciscanos\" \/>\n<meta property=\"og:description\" content=\"Angelus\" \/>\n<meta property=\"og:url\" content=\"https:\/\/franciscanos.org.br\/noticias\/papa-nao-reduzir-a-religiao-somente-a-pratica-da-lei.html\" \/>\n<meta property=\"og:site_name\" content=\"Not\u00edcias - Franciscanos\" \/>\n<meta property=\"article:published_time\" content=\"2018-08-06T10:50:47+00:00\" \/>\n<meta property=\"article:modified_time\" content=\"2020-06-07T11:40:51+00:00\" \/>\n<meta property=\"og:image\" content=\"https:\/\/franciscanos.org.br\/noticias\/wp-content\/uploads\/2018\/08\/angelus_060818.jpg\" \/>\n\t<meta property=\"og:image:width\" content=\"273\" \/>\n\t<meta property=\"og:image:height\" content=\"181\" \/>\n\t<meta property=\"og:image:type\" content=\"image\/jpeg\" \/>\n<meta name=\"author\" content=\"admin\" \/>\n<meta name=\"twitter:card\" content=\"summary_large_image\" \/>\n<meta name=\"twitter:label1\" content=\"Escrito por\" \/>\n\t<meta name=\"twitter:data1\" content=\"admin\" \/>\n\t<meta name=\"twitter:label2\" content=\"Est. tempo de leitura\" \/>\n\t<meta name=\"twitter:data2\" content=\"3 minutos\" \/>\n<script type=\"application\/ld+json\" class=\"yoast-schema-graph\">{\"@context\":\"https:\/\/schema.org\",\"@graph\":[{\"@type\":\"WebSite\",\"@id\":\"https:\/\/franciscanos.org.br\/noticias\/#website\",\"url\":\"https:\/\/franciscanos.org.br\/noticias\/\",\"name\":\"Not\u00edcias - Franciscanos\",\"description\":\"Prov\u00edncia Franciscana da Imaculada Concei\u00e7\u00e3o do Brasil - Ordem dos Frades Menores - OFM\",\"potentialAction\":[{\"@type\":\"SearchAction\",\"target\":{\"@type\":\"EntryPoint\",\"urlTemplate\":\"https:\/\/franciscanos.org.br\/noticias\/?s={search_term_string}\"},\"query-input\":\"required name=search_term_string\"}],\"inLanguage\":\"pt-BR\"},{\"@type\":\"ImageObject\",\"inLanguage\":\"pt-BR\",\"@id\":\"https:\/\/franciscanos.org.br\/noticias\/papa-nao-reduzir-a-religiao-somente-a-pratica-da-lei.html#primaryimage\",\"url\":\"https:\/\/franciscanos.org.br\/noticias\/wp-content\/uploads\/2018\/08\/angelus_060818.jpg\",\"contentUrl\":\"https:\/\/franciscanos.org.br\/noticias\/wp-content\/uploads\/2018\/08\/angelus_060818.jpg\",\"width\":273,\"height\":181},{\"@type\":\"WebPage\",\"@id\":\"https:\/\/franciscanos.org.br\/noticias\/papa-nao-reduzir-a-religiao-somente-a-pratica-da-lei.html#webpage\",\"url\":\"https:\/\/franciscanos.org.br\/noticias\/papa-nao-reduzir-a-religiao-somente-a-pratica-da-lei.html\",\"name\":\"Papa: n\u00e3o reduzir a religi\u00e3o somente \u00e0 pr\u00e1tica da Lei - Not\u00edcias - Franciscanos\",\"isPartOf\":{\"@id\":\"https:\/\/franciscanos.org.br\/noticias\/#website\"},\"primaryImageOfPage\":{\"@id\":\"https:\/\/franciscanos.org.br\/noticias\/papa-nao-reduzir-a-religiao-somente-a-pratica-da-lei.html#primaryimage\"},\"datePublished\":\"2018-08-06T10:50:47+00:00\",\"dateModified\":\"2020-06-07T11:40:51+00:00\",\"author\":{\"@id\":\"https:\/\/franciscanos.org.br\/noticias\/#\/schema\/person\/b38fbf43118f02820bd932f2e4b14ad3\"},\"breadcrumb\":{\"@id\":\"https:\/\/franciscanos.org.br\/noticias\/papa-nao-reduzir-a-religiao-somente-a-pratica-da-lei.html#breadcrumb\"},\"inLanguage\":\"pt-BR\",\"potentialAction\":[{\"@type\":\"ReadAction\",\"target\":[\"https:\/\/franciscanos.org.br\/noticias\/papa-nao-reduzir-a-religiao-somente-a-pratica-da-lei.html\"]}]},{\"@type\":\"BreadcrumbList\",\"@id\":\"https:\/\/franciscanos.org.br\/noticias\/papa-nao-reduzir-a-religiao-somente-a-pratica-da-lei.html#breadcrumb\",\"itemListElement\":[{\"@type\":\"ListItem\",\"position\":1,\"name\":\"Home\",\"item\":\"https:\/\/franciscanos.org.br\/noticias\"},{\"@type\":\"ListItem\",\"position\":2,\"name\":\"Papa: n\u00e3o reduzir a religi\u00e3o somente \u00e0 pr\u00e1tica da Lei\"}]},{\"@type\":\"Person\",\"@id\":\"https:\/\/franciscanos.org.br\/noticias\/#\/schema\/person\/b38fbf43118f02820bd932f2e4b14ad3\",\"name\":\"admin\",\"image\":{\"@type\":\"ImageObject\",\"inLanguage\":\"pt-BR\",\"@id\":\"https:\/\/franciscanos.org.br\/noticias\/#\/schema\/person\/image\/\",\"url\":\"https:\/\/secure.gravatar.com\/avatar\/e8495742d34d0ba6448ea1c628263b3e?s=96&d=mm&r=g\",\"contentUrl\":\"https:\/\/secure.gravatar.com\/avatar\/e8495742d34d0ba6448ea1c628263b3e?s=96&d=mm&r=g\",\"caption\":\"admin\"},\"url\":\"https:\/\/franciscanos.org.br\/noticias\/author\/admin\"}]}<\/script>\n<!-- \/ Yoast SEO plugin. -->","yoast_head_json":{"title":"Papa: n\u00e3o reduzir a religi\u00e3o somente \u00e0 pr\u00e1tica da Lei - Not\u00edcias - Franciscanos","robots":{"index":"index","follow":"follow","max-snippet":"max-snippet:-1","max-image-preview":"max-image-preview:large","max-video-preview":"max-video-preview:-1"},"canonical":"https:\/\/franciscanos.org.br\/noticias\/papa-nao-reduzir-a-religiao-somente-a-pratica-da-lei.html","og_locale":"pt_BR","og_type":"article","og_title":"Papa: n\u00e3o reduzir a religi\u00e3o somente \u00e0 pr\u00e1tica da Lei - Not\u00edcias - Franciscanos","og_description":"Angelus","og_url":"https:\/\/franciscanos.org.br\/noticias\/papa-nao-reduzir-a-religiao-somente-a-pratica-da-lei.html","og_site_name":"Not\u00edcias - Franciscanos","article_published_time":"2018-08-06T10:50:47+00:00","article_modified_time":"2020-06-07T11:40:51+00:00","og_image":[{"width":273,"height":181,"url":"https:\/\/franciscanos.org.br\/noticias\/wp-content\/uploads\/2018\/08\/angelus_060818.jpg","type":"image\/jpeg"}],"author":"admin","twitter_card":"summary_large_image","twitter_misc":{"Escrito por":"admin","Est. tempo de leitura":"3 minutos"},"schema":{"@context":"https:\/\/schema.org","@graph":[{"@type":"WebSite","@id":"https:\/\/franciscanos.org.br\/noticias\/#website","url":"https:\/\/franciscanos.org.br\/noticias\/","name":"Not\u00edcias - Franciscanos","description":"Prov\u00edncia Franciscana da Imaculada Concei\u00e7\u00e3o do Brasil - Ordem dos Frades Menores - OFM","potentialAction":[{"@type":"SearchAction","target":{"@type":"EntryPoint","urlTemplate":"https:\/\/franciscanos.org.br\/noticias\/?s={search_term_string}"},"query-input":"required name=search_term_string"}],"inLanguage":"pt-BR"},{"@type":"ImageObject","inLanguage":"pt-BR","@id":"https:\/\/franciscanos.org.br\/noticias\/papa-nao-reduzir-a-religiao-somente-a-pratica-da-lei.html#primaryimage","url":"https:\/\/franciscanos.org.br\/noticias\/wp-content\/uploads\/2018\/08\/angelus_060818.jpg","contentUrl":"https:\/\/franciscanos.org.br\/noticias\/wp-content\/uploads\/2018\/08\/angelus_060818.jpg","width":273,"height":181},{"@type":"WebPage","@id":"https:\/\/franciscanos.org.br\/noticias\/papa-nao-reduzir-a-religiao-somente-a-pratica-da-lei.html#webpage","url":"https:\/\/franciscanos.org.br\/noticias\/papa-nao-reduzir-a-religiao-somente-a-pratica-da-lei.html","name":"Papa: n\u00e3o reduzir a religi\u00e3o somente \u00e0 pr\u00e1tica da Lei - Not\u00edcias - Franciscanos","isPartOf":{"@id":"https:\/\/franciscanos.org.br\/noticias\/#website"},"primaryImageOfPage":{"@id":"https:\/\/franciscanos.org.br\/noticias\/papa-nao-reduzir-a-religiao-somente-a-pratica-da-lei.html#primaryimage"},"datePublished":"2018-08-06T10:50:47+00:00","dateModified":"2020-06-07T11:40:51+00:00","author":{"@id":"https:\/\/franciscanos.org.br\/noticias\/#\/schema\/person\/b38fbf43118f02820bd932f2e4b14ad3"},"breadcrumb":{"@id":"https:\/\/franciscanos.org.br\/noticias\/papa-nao-reduzir-a-religiao-somente-a-pratica-da-lei.html#breadcrumb"},"inLanguage":"pt-BR","potentialAction":[{"@type":"ReadAction","target":["https:\/\/franciscanos.org.br\/noticias\/papa-nao-reduzir-a-religiao-somente-a-pratica-da-lei.html"]}]},{"@type":"BreadcrumbList","@id":"https:\/\/franciscanos.org.br\/noticias\/papa-nao-reduzir-a-religiao-somente-a-pratica-da-lei.html#breadcrumb","itemListElement":[{"@type":"ListItem","position":1,"name":"Home","item":"https:\/\/franciscanos.org.br\/noticias"},{"@type":"ListItem","position":2,"name":"Papa: n\u00e3o reduzir a religi\u00e3o somente \u00e0 pr\u00e1tica da Lei"}]},{"@type":"Person","@id":"https:\/\/franciscanos.org.br\/noticias\/#\/schema\/person\/b38fbf43118f02820bd932f2e4b14ad3","name":"admin","image":{"@type":"ImageObject","inLanguage":"pt-BR","@id":"https:\/\/franciscanos.org.br\/noticias\/#\/schema\/person\/image\/","url":"https:\/\/secure.gravatar.com\/avatar\/e8495742d34d0ba6448ea1c628263b3e?s=96&d=mm&r=g","contentUrl":"https:\/\/secure.gravatar.com\/avatar\/e8495742d34d0ba6448ea1c628263b3e?s=96&d=mm&r=g","caption":"admin"},"url":"https:\/\/franciscanos.org.br\/noticias\/author\/admin"}]}},"_links":{"self":[{"href":"https:\/\/franciscanos.org.br\/noticias\/wp-json\/wp\/v2\/posts\/168308"}],"collection":[{"href":"https:\/\/franciscanos.org.br\/noticias\/wp-json\/wp\/v2\/posts"}],"about":[{"href":"https:\/\/franciscanos.org.br\/noticias\/wp-json\/wp\/v2\/types\/post"}],"author":[{"embeddable":true,"href":"https:\/\/franciscanos.org.br\/noticias\/wp-json\/wp\/v2\/users\/1"}],"replies":[{"embeddable":true,"href":"https:\/\/franciscanos.org.br\/noticias\/wp-json\/wp\/v2\/comments?post=168308"}],"version-history":[{"count":1,"href":"https:\/\/franciscanos.org.br\/noticias\/wp-json\/wp\/v2\/posts\/168308\/revisions"}],"predecessor-version":[{"id":224889,"href":"https:\/\/franciscanos.org.br\/noticias\/wp-json\/wp\/v2\/posts\/168308\/revisions\/224889"}],"wp:featuredmedia":[{"embeddable":true,"href":"https:\/\/franciscanos.org.br\/noticias\/wp-json\/wp\/v2\/media\/221148"}],"wp:attachment":[{"href":"https:\/\/franciscanos.org.br\/noticias\/wp-json\/wp\/v2\/media?parent=168308"}],"wp:term":[{"taxonomy":"category","embeddable":true,"href":"https:\/\/franciscanos.org.br\/noticias\/wp-json\/wp\/v2\/categories?post=168308"},{"taxonomy":"post_tag","embeddable":true,"href":"https:\/\/franciscanos.org.br\/noticias\/wp-json\/wp\/v2\/tags?post=168308"}],"curies":[{"name":"wp","href":"https:\/\/api.w.org\/{rel}","templated":true}]}}