{"id":168228,"date":"2018-08-05T09:25:36","date_gmt":"2018-08-05T12:25:36","guid":{"rendered":"http:\/\/franciscanos.org.br\/?p=168228"},"modified":"2019-10-30T10:58:24","modified_gmt":"2019-10-30T13:58:24","slug":"olhar-a-vida-com-os-oculos-da-boa-nova","status":"publish","type":"post","link":"https:\/\/franciscanos.org.br\/noticias\/olhar-a-vida-com-os-oculos-da-boa-nova.html","title":{"rendered":"Olhar a vida com os \u201c\u00f3culos\u201d da Boa-Nova"},"content":{"rendered":"<p><img loading=\"lazy\" src=\"http:\/\/franciscanos.org.br\/wp-content\/uploads\/2018\/08\/encontro_estudantes_0408181.jpg\" alt=\"encontro_estudantes_040818\" width=\"830\" height=\"500\" \/><\/p>\n<p><strong>Agudos (SP) \u2013<\/strong> Os trabalhos do quarto dia (04\/08) do Encontro dos Frades Estudantes, que acontece no Semin\u00e1rio Santo Ant\u00f4nio de Agudos (SP), foram divididos em dois momentos: na parte da manh\u00e3, o Definidor e coordenador da Frente de Evangeliza\u00e7\u00e3o da Comunica\u00e7\u00e3o, Frei Gustavo Medella, apresentou, explicou e dialogou com os estudantes sobre o bom uso das m\u00eddias sociais e digitais nos dias de hoje. J\u00e1 na parte da tarde os frades partiram em miss\u00e3o e desempenharam trabalhos evangelizadores junto \u00e0s casas de repouso na cidade de Macatuba (SP), e na cidade anfitri\u00e3 do evento.<\/p>\n<p>\u201cNovas tecnologias: potencialidades, riscos e preven\u00e7\u00f5es\u201d, foi o tema abordado por Frei Gustavo. O frade alertou para uma necess\u00e1ria conscientiza\u00e7\u00e3o quanto ao bom uso da internet, levando em considera\u00e7\u00e3o que o mau uso da mesma pode gerar muitos problemas.<\/p>\n<p>Citando Ant\u00f4nio Spadaro, Frei Medella mencionou que a internet conecta pessoas, mas qualquer um pode construir dentro dela uma identidade fict\u00edcia, simulada, e entender a rela\u00e7\u00e3o como um jogo. Na rede qualquer um pode se passar por aquilo que n\u00e3o \u00e9 quanto \u00e0 idade, sexo e profiss\u00e3o, expressando-se sem os limites dados pela pr\u00f3pria identidade p\u00fablica. Pode-se ter uma abertura completa e um alto n\u00edvel de autenticidade, at\u00e9 decair na espontaneidade sem limites e sem pudores.<\/p>\n<p><img loading=\"lazy\" src=\"http:\/\/franciscanos.org.br\/wp-content\/uploads\/2018\/08\/encontro_estudantes_040818_11.jpg\" alt=\"encontro_estudantes_040818_1\" width=\"830\" height=\"450\" \/><\/p>\n<p>Sobre as Fake News, o frade, ensinou que existe manipula\u00e7\u00e3o de massa na internet por pessoas que expressam uma ideologia como se fosse uma \u00fanica verdade, utilizando de montagens que denigrem um ser humano, como tamb\u00e9m institui\u00e7\u00f5es, disseminando o \u00f3dio, a viol\u00eancia e a intoler\u00e2ncia.<\/p>\n<p>Segundo o Definidor Frei Gustavo, as not\u00edcias sem fundamentos, falsas, atingem uma repercuss\u00e3o sem medidas porque muita das vezes o individuo que recebe a informa\u00e7\u00e3o n\u00e3o checa a veracidade e compartilha tal informa\u00e7\u00e3o. \u201cUma vez que compartilhamos dificilmente conseguiremos um reparo do dano causado\u201d, explica o frade.<\/p>\n<p>O coordenador da Frente da Comunica\u00e7\u00e3o, tamb\u00e9m abordou a quest\u00e3o da exposi\u00e7\u00e3o dos usu\u00e1rios que relatam seu cotidiano de forma desmedida nas redes sociais. \u201cA rede possibilita uma integra\u00e7\u00e3o dos dados pessoais\u201d, explicou e sugeriu: \u201c\u00c9 necess\u00e1rio se policiar quando se vai postar algo de cunho pessoal. Reveja suas configura\u00e7\u00f5es de privacidade, infelizmente existem pessoas m\u00e1 intencionadas que usam desta nossa abertura para com estes meios e promovem o mal, denegrindo a reputa\u00e7\u00e3o das pessoas\u201d, relatou o frade que \u00e9 formado em jornalismo.<\/p>\n<p>Para Frei Gustavo, a medida certa \u00e9 o uso consciente das redes digitais e sociais. \u201cA internet cria la\u00e7os e facilidades para estarmos conectados com o mundo e suas atualiza\u00e7\u00f5es. Temos a oportunidade de conhecer pessoas de qualquer parte do planeta e por estes meios de comunica\u00e7\u00e3o\u201d, afirmou.<\/p>\n<p><strong>EXPERI\u00caNCIA MISSION\u00c1RIA<\/strong><\/p>\n<p><img loading=\"lazy\" src=\"http:\/\/franciscanos.org.br\/wp-content\/uploads\/2018\/08\/encontro_estudantes_040818_21.jpg\" alt=\"encontro_estudantes_040818_2\" width=\"830\" height=\"450\" \/><\/p>\n<p>Dando prosseguimento aos trabalhos, \u00e0 tarde os frades partiram em miss\u00e3o, realizando uma pastoral de escuta junto aos idosos que foram visitar, fomentando seu vigor com as experi\u00eancias de vida que cada idoso transmite com suas hist\u00f3rias, sendo elas de tristezas, supera\u00e7\u00e3o e alegrias. Puderam tamb\u00e9m render gra\u00e7as a Deus pelo dom da vida de cada um que estava ali, atrav\u00e9s de cantos, ora\u00e7\u00f5es, e especialmente pela conviv\u00eancia expressas com emo\u00e7\u00f5es e f\u00e9 que cada um transmitia seja por um olhar, nas l\u00e1grimas com tamb\u00e9m nos espont\u00e2neos sorrisos. Desta forma, os frades em forma\u00e7\u00e3o puderam alimentar sua voca\u00e7\u00e3o com esta pitada da sabedoria transmitida pelos idosos.<\/p>\n<p>Segundo Frei Vitor Am\u00e2ncio, que visitou o Lar de idosos da cidade da Macatuba (SP), a recep\u00e7\u00e3o foi calorosa. \u201cPelos cumprimentos e apertos de m\u00e3os daqueles que j\u00e1 sentem o peso dos anos que viveram, os idosos nos ensinam como \u00e9 urgente o testemunho da Minoridade Franciscana. Passamos a tarde conhecendo um pouco da casa e tamb\u00e9m de cada residente que n\u00e3o hesitava em nos acolher e partilhar um pouco de suas vidas. Ao fim da visita, todos os idosos se reuniram e, um a um, os frades estudantes se apresentaram e proferiram palavras de conforto e alegria. N\u00f3s cantamos, rezamos e juntos partilhamos um pouco de nossas experi\u00eancias. Foi uma tarde \u00f3tima junto deles e, com toda convic\u00e7\u00e3o, sa\u00edmos de l\u00e1 com os cora\u00e7\u00f5es abastecidos com o carinho que eles nos deram\u201d, revelou o jovem frade.<\/p>\n<p><strong>Leia tamb\u00e9m:\u00a0<\/strong><\/p>\n<p><strong><a href=\"https:\/\/franciscanos.org.br\/noticias\/olhar-a-vida-com-os-oculos-da-boa-nova.html\">Olhar a vida com os \u201c\u00f3culos\u201d da Boa-Nova<\/a><\/strong><\/p>\n<p><a href=\"https:\/\/franciscanos.org.br\/noticias\/encontro-dos-frades-estudantes-frei-joao-francisco-destaca-a-alegria-que-nasce-das-pequenas-coisas-2.html\"><strong>Frei Jo\u00e3o destaca \u201ca alegria das pequenas coisas\u201d<\/strong><\/a><\/p>\n<p><a href=\"https:\/\/franciscanos.org.br\/noticias\/dia-rico-em-partilhas-no-encontro-dos-estudantes.html\"><strong>Dia de partilha no Encontro dos Frades Estudantes<\/strong><\/a><\/p>\n<p><a href=\"https:\/\/franciscanos.org.br\/noticias\/frades-estudantes-tempo-de-reflexao-partilhas-e-estudos.html\"><strong>Frades estudantes: tempo de reflex\u00e3o, partilhas e estudos\u00a0<\/strong><\/a><\/p>\n<blockquote><p><strong>Equipe de Comunica\u00e7\u00e3o: Frei Augusto Luiz Gabriel, Frei Bruno Gon\u00e7alves Cez\u00e1rio, Frei Danilo Santos Oliveira, Frei M\u00e1rio Sampaio Pelu, Frei Rodrigo Jos\u00e9 Silva e Frei Roger Strapazzon.<\/strong><\/p><\/blockquote>\n","protected":false},"excerpt":{"rendered":"<p>Forma\u00e7\u00e3o e Estudos<\/p>\n","protected":false},"author":5,"featured_media":207328,"comment_status":"open","ping_status":"open","sticky":false,"template":"","format":"standard","meta":[],"categories":[1],"tags":[589],"acf":[],"yoast_head":"<!-- This site is optimized with the Yoast SEO plugin v19.2 - https:\/\/yoast.com\/wordpress\/plugins\/seo\/ -->\n<title>Olhar a vida com os \u201c\u00f3culos\u201d da Boa-Nova - Not\u00edcias - Franciscanos<\/title>\n<meta name=\"robots\" content=\"index, follow, max-snippet:-1, max-image-preview:large, max-video-preview:-1\" \/>\n<link rel=\"canonical\" href=\"https:\/\/franciscanos.org.br\/noticias\/olhar-a-vida-com-os-oculos-da-boa-nova.html\" \/>\n<meta property=\"og:locale\" content=\"pt_BR\" \/>\n<meta property=\"og:type\" content=\"article\" \/>\n<meta property=\"og:title\" content=\"Olhar a vida com os \u201c\u00f3culos\u201d da Boa-Nova - Not\u00edcias - Franciscanos\" \/>\n<meta property=\"og:description\" content=\"Forma\u00e7\u00e3o e Estudos\" \/>\n<meta property=\"og:url\" content=\"https:\/\/franciscanos.org.br\/noticias\/olhar-a-vida-com-os-oculos-da-boa-nova.html\" \/>\n<meta property=\"og:site_name\" content=\"Not\u00edcias - Franciscanos\" \/>\n<meta property=\"article:published_time\" content=\"2018-08-05T12:25:36+00:00\" \/>\n<meta property=\"article:modified_time\" content=\"2019-10-30T13:58:24+00:00\" \/>\n<meta property=\"og:image\" content=\"https:\/\/franciscanos.org.br\/noticias\/wp-content\/uploads\/2018\/08\/estudantes.jpg\" \/>\n\t<meta property=\"og:image:width\" content=\"273\" \/>\n\t<meta property=\"og:image:height\" content=\"181\" \/>\n\t<meta property=\"og:image:type\" content=\"image\/jpeg\" \/>\n<meta name=\"author\" content=\"freiaugusto\" \/>\n<meta name=\"twitter:card\" content=\"summary_large_image\" \/>\n<meta name=\"twitter:label1\" content=\"Escrito por\" \/>\n\t<meta name=\"twitter:data1\" content=\"freiaugusto\" \/>\n\t<meta name=\"twitter:label2\" content=\"Est. tempo de leitura\" \/>\n\t<meta name=\"twitter:data2\" content=\"4 minutos\" \/>\n<script type=\"application\/ld+json\" class=\"yoast-schema-graph\">{\"@context\":\"https:\/\/schema.org\",\"@graph\":[{\"@type\":\"WebSite\",\"@id\":\"https:\/\/franciscanos.org.br\/noticias\/#website\",\"url\":\"https:\/\/franciscanos.org.br\/noticias\/\",\"name\":\"Not\u00edcias - Franciscanos\",\"description\":\"Prov\u00edncia Franciscana da Imaculada Concei\u00e7\u00e3o do Brasil - Ordem dos Frades Menores - OFM\",\"potentialAction\":[{\"@type\":\"SearchAction\",\"target\":{\"@type\":\"EntryPoint\",\"urlTemplate\":\"https:\/\/franciscanos.org.br\/noticias\/?s={search_term_string}\"},\"query-input\":\"required name=search_term_string\"}],\"inLanguage\":\"pt-BR\"},{\"@type\":\"ImageObject\",\"inLanguage\":\"pt-BR\",\"@id\":\"https:\/\/franciscanos.org.br\/noticias\/olhar-a-vida-com-os-oculos-da-boa-nova.html#primaryimage\",\"url\":\"https:\/\/franciscanos.org.br\/noticias\/wp-content\/uploads\/2018\/08\/estudantes.jpg\",\"contentUrl\":\"https:\/\/franciscanos.org.br\/noticias\/wp-content\/uploads\/2018\/08\/estudantes.jpg\",\"width\":273,\"height\":181},{\"@type\":\"WebPage\",\"@id\":\"https:\/\/franciscanos.org.br\/noticias\/olhar-a-vida-com-os-oculos-da-boa-nova.html#webpage\",\"url\":\"https:\/\/franciscanos.org.br\/noticias\/olhar-a-vida-com-os-oculos-da-boa-nova.html\",\"name\":\"Olhar a vida com os \u201c\u00f3culos\u201d da Boa-Nova - Not\u00edcias - Franciscanos\",\"isPartOf\":{\"@id\":\"https:\/\/franciscanos.org.br\/noticias\/#website\"},\"primaryImageOfPage\":{\"@id\":\"https:\/\/franciscanos.org.br\/noticias\/olhar-a-vida-com-os-oculos-da-boa-nova.html#primaryimage\"},\"datePublished\":\"2018-08-05T12:25:36+00:00\",\"dateModified\":\"2019-10-30T13:58:24+00:00\",\"author\":{\"@id\":\"https:\/\/franciscanos.org.br\/noticias\/#\/schema\/person\/37f88f0d111cd5358b12a6556a99eb91\"},\"breadcrumb\":{\"@id\":\"https:\/\/franciscanos.org.br\/noticias\/olhar-a-vida-com-os-oculos-da-boa-nova.html#breadcrumb\"},\"inLanguage\":\"pt-BR\",\"potentialAction\":[{\"@type\":\"ReadAction\",\"target\":[\"https:\/\/franciscanos.org.br\/noticias\/olhar-a-vida-com-os-oculos-da-boa-nova.html\"]}]},{\"@type\":\"BreadcrumbList\",\"@id\":\"https:\/\/franciscanos.org.br\/noticias\/olhar-a-vida-com-os-oculos-da-boa-nova.html#breadcrumb\",\"itemListElement\":[{\"@type\":\"ListItem\",\"position\":1,\"name\":\"Home\",\"item\":\"https:\/\/franciscanos.org.br\/noticias\"},{\"@type\":\"ListItem\",\"position\":2,\"name\":\"Olhar a vida com os \u201c\u00f3culos\u201d da Boa-Nova\"}]},{\"@type\":\"Person\",\"@id\":\"https:\/\/franciscanos.org.br\/noticias\/#\/schema\/person\/37f88f0d111cd5358b12a6556a99eb91\",\"name\":\"freiaugusto\",\"image\":{\"@type\":\"ImageObject\",\"inLanguage\":\"pt-BR\",\"@id\":\"https:\/\/franciscanos.org.br\/noticias\/#\/schema\/person\/image\/\",\"url\":\"https:\/\/secure.gravatar.com\/avatar\/9840b940e621801b24f3e6b059efb4b7?s=96&d=mm&r=g\",\"contentUrl\":\"https:\/\/secure.gravatar.com\/avatar\/9840b940e621801b24f3e6b059efb4b7?s=96&d=mm&r=g\",\"caption\":\"freiaugusto\"},\"url\":\"https:\/\/franciscanos.org.br\/noticias\/author\/freiaugusto\"}]}<\/script>\n<!-- \/ Yoast SEO plugin. -->","yoast_head_json":{"title":"Olhar a vida com os \u201c\u00f3culos\u201d da Boa-Nova - Not\u00edcias - Franciscanos","robots":{"index":"index","follow":"follow","max-snippet":"max-snippet:-1","max-image-preview":"max-image-preview:large","max-video-preview":"max-video-preview:-1"},"canonical":"https:\/\/franciscanos.org.br\/noticias\/olhar-a-vida-com-os-oculos-da-boa-nova.html","og_locale":"pt_BR","og_type":"article","og_title":"Olhar a vida com os \u201c\u00f3culos\u201d da Boa-Nova - Not\u00edcias - Franciscanos","og_description":"Forma\u00e7\u00e3o e Estudos","og_url":"https:\/\/franciscanos.org.br\/noticias\/olhar-a-vida-com-os-oculos-da-boa-nova.html","og_site_name":"Not\u00edcias - Franciscanos","article_published_time":"2018-08-05T12:25:36+00:00","article_modified_time":"2019-10-30T13:58:24+00:00","og_image":[{"width":273,"height":181,"url":"https:\/\/franciscanos.org.br\/noticias\/wp-content\/uploads\/2018\/08\/estudantes.jpg","type":"image\/jpeg"}],"author":"freiaugusto","twitter_card":"summary_large_image","twitter_misc":{"Escrito por":"freiaugusto","Est. tempo de leitura":"4 minutos"},"schema":{"@context":"https:\/\/schema.org","@graph":[{"@type":"WebSite","@id":"https:\/\/franciscanos.org.br\/noticias\/#website","url":"https:\/\/franciscanos.org.br\/noticias\/","name":"Not\u00edcias - Franciscanos","description":"Prov\u00edncia Franciscana da Imaculada Concei\u00e7\u00e3o do Brasil - Ordem dos Frades Menores - OFM","potentialAction":[{"@type":"SearchAction","target":{"@type":"EntryPoint","urlTemplate":"https:\/\/franciscanos.org.br\/noticias\/?s={search_term_string}"},"query-input":"required name=search_term_string"}],"inLanguage":"pt-BR"},{"@type":"ImageObject","inLanguage":"pt-BR","@id":"https:\/\/franciscanos.org.br\/noticias\/olhar-a-vida-com-os-oculos-da-boa-nova.html#primaryimage","url":"https:\/\/franciscanos.org.br\/noticias\/wp-content\/uploads\/2018\/08\/estudantes.jpg","contentUrl":"https:\/\/franciscanos.org.br\/noticias\/wp-content\/uploads\/2018\/08\/estudantes.jpg","width":273,"height":181},{"@type":"WebPage","@id":"https:\/\/franciscanos.org.br\/noticias\/olhar-a-vida-com-os-oculos-da-boa-nova.html#webpage","url":"https:\/\/franciscanos.org.br\/noticias\/olhar-a-vida-com-os-oculos-da-boa-nova.html","name":"Olhar a vida com os \u201c\u00f3culos\u201d da Boa-Nova - Not\u00edcias - Franciscanos","isPartOf":{"@id":"https:\/\/franciscanos.org.br\/noticias\/#website"},"primaryImageOfPage":{"@id":"https:\/\/franciscanos.org.br\/noticias\/olhar-a-vida-com-os-oculos-da-boa-nova.html#primaryimage"},"datePublished":"2018-08-05T12:25:36+00:00","dateModified":"2019-10-30T13:58:24+00:00","author":{"@id":"https:\/\/franciscanos.org.br\/noticias\/#\/schema\/person\/37f88f0d111cd5358b12a6556a99eb91"},"breadcrumb":{"@id":"https:\/\/franciscanos.org.br\/noticias\/olhar-a-vida-com-os-oculos-da-boa-nova.html#breadcrumb"},"inLanguage":"pt-BR","potentialAction":[{"@type":"ReadAction","target":["https:\/\/franciscanos.org.br\/noticias\/olhar-a-vida-com-os-oculos-da-boa-nova.html"]}]},{"@type":"BreadcrumbList","@id":"https:\/\/franciscanos.org.br\/noticias\/olhar-a-vida-com-os-oculos-da-boa-nova.html#breadcrumb","itemListElement":[{"@type":"ListItem","position":1,"name":"Home","item":"https:\/\/franciscanos.org.br\/noticias"},{"@type":"ListItem","position":2,"name":"Olhar a vida com os \u201c\u00f3culos\u201d da Boa-Nova"}]},{"@type":"Person","@id":"https:\/\/franciscanos.org.br\/noticias\/#\/schema\/person\/37f88f0d111cd5358b12a6556a99eb91","name":"freiaugusto","image":{"@type":"ImageObject","inLanguage":"pt-BR","@id":"https:\/\/franciscanos.org.br\/noticias\/#\/schema\/person\/image\/","url":"https:\/\/secure.gravatar.com\/avatar\/9840b940e621801b24f3e6b059efb4b7?s=96&d=mm&r=g","contentUrl":"https:\/\/secure.gravatar.com\/avatar\/9840b940e621801b24f3e6b059efb4b7?s=96&d=mm&r=g","caption":"freiaugusto"},"url":"https:\/\/franciscanos.org.br\/noticias\/author\/freiaugusto"}]}},"_links":{"self":[{"href":"https:\/\/franciscanos.org.br\/noticias\/wp-json\/wp\/v2\/posts\/168228"}],"collection":[{"href":"https:\/\/franciscanos.org.br\/noticias\/wp-json\/wp\/v2\/posts"}],"about":[{"href":"https:\/\/franciscanos.org.br\/noticias\/wp-json\/wp\/v2\/types\/post"}],"author":[{"embeddable":true,"href":"https:\/\/franciscanos.org.br\/noticias\/wp-json\/wp\/v2\/users\/5"}],"replies":[{"embeddable":true,"href":"https:\/\/franciscanos.org.br\/noticias\/wp-json\/wp\/v2\/comments?post=168228"}],"version-history":[{"count":0,"href":"https:\/\/franciscanos.org.br\/noticias\/wp-json\/wp\/v2\/posts\/168228\/revisions"}],"wp:featuredmedia":[{"embeddable":true,"href":"https:\/\/franciscanos.org.br\/noticias\/wp-json\/wp\/v2\/media\/207328"}],"wp:attachment":[{"href":"https:\/\/franciscanos.org.br\/noticias\/wp-json\/wp\/v2\/media?parent=168228"}],"wp:term":[{"taxonomy":"category","embeddable":true,"href":"https:\/\/franciscanos.org.br\/noticias\/wp-json\/wp\/v2\/categories?post=168228"},{"taxonomy":"post_tag","embeddable":true,"href":"https:\/\/franciscanos.org.br\/noticias\/wp-json\/wp\/v2\/tags?post=168228"}],"curies":[{"name":"wp","href":"https:\/\/api.w.org\/{rel}","templated":true}]}}