{"id":168160,"date":"2018-08-04T08:57:34","date_gmt":"2018-08-04T11:57:34","guid":{"rendered":"http:\/\/franciscanos.org.br\/?p=168160"},"modified":"2019-10-30T10:57:57","modified_gmt":"2019-10-30T13:57:57","slug":"dia-rico-em-partilhas-no-encontro-dos-estudantes","status":"publish","type":"post","link":"https:\/\/franciscanos.org.br\/noticias\/dia-rico-em-partilhas-no-encontro-dos-estudantes.html","title":{"rendered":"Dia de partilha no Encontro dos Frades Estudantes"},"content":{"rendered":"<p><img loading=\"lazy\" src=\"http:\/\/franciscanos.org.br\/wp-content\/uploads\/2018\/08\/encontro_estudantes_040818.jpg\" alt=\"encontro_estudantes_040818\" width=\"830\" height=\"400\" \/><\/p>\n<p><strong>Agudos (SP) \u2013<\/strong> Os trabalhos do terceiro dia do Encontro dos Frades Estudantes come\u00e7aram com a apresenta\u00e7\u00e3o de um panorama do cotidiano nas casas de forma\u00e7\u00e3o das etapas de Filosofia e Teologia.<\/p>\n<p>Os frades professos tempor\u00e1rios da etapa da Filosofia, de Campo Largo (PR), descreveram suas atividades evangelizadoras e os diversos trabalhos que realizam junto \u00e0s pastorais nos hospitais, casas de repouso, comunidades paroquiais, e tamb\u00e9m para com os moradores em situa\u00e7\u00e3o de rua, assim como nas ora\u00e7\u00f5es, missas e estudos. Ressaltaram que \u00e9 uma oportunidade de crescimento humano e espiritual.<\/p>\n<p>Por sua vez, os frades estudantes de Teologia, de Petr\u00f3polis (RJ), discorreram acerca do dia a dia que contempla desde os cuidados com a casa, passando pelos estudos, celebra\u00e7\u00f5es, encontro de casais, forma\u00e7\u00e3o para ministros da eucaristia, catecumenato, visita aos doentes, al\u00e9m dos trabalhos junto ao Servi\u00e7o de Anima\u00e7\u00e3o Vocacional (SAV), Juventude Franciscana (JUFRA), Ordem Franciscana Secular (OFS), Servi\u00e7o Franciscano de Solidariedade (SEFRAS), encontros ecum\u00eanicos e inter-religiosos, dentre outros. Destacaram que existem diferentes modos de se ampliar os horizontes, delineando desde j\u00e1 o jeito de \u201cser franciscano\u201d diante das diferentes Frentes de Evangeliza\u00e7\u00e3o da Prov\u00edncia.<\/p>\n<p><img loading=\"lazy\" src=\"http:\/\/franciscanos.org.br\/wp-content\/uploads\/2018\/08\/encontro_estudantes_040818_1.jpg\" alt=\"encontro_estudantes_040818_1\" width=\"830\" height=\"400\" \/><\/p>\n<p>As partilhas abordaram a realidade dos respectivos institutos formativos, no que tange a estrutura f\u00edsica, tecnol\u00f3gica, corpo docente e discente diante dos desafios contempor\u00e2neos. Tamb\u00e9m foi comentado sobre a import\u00e2ncia da forma\u00e7\u00e3o franciscana que permeia as diferentes etapas formativas e o importante papel do irm\u00e3o leigo na Igreja hoje.<\/p>\n<p>N\u00e3o faltaram momentos de descontra\u00e7\u00e3o e anima\u00e7\u00e3o onde alguns confrades relataram detalhes inusitados de seus est\u00e1gios e experi\u00eancias no tempo do Ano Mission\u00e1rio, descrevendo de forma bem-humorada suas impress\u00f5es, viv\u00eancias e aprendizados, motivando assim aqueles que futuramente tamb\u00e9m pretendem realizar tais experi\u00eancias.<\/p>\n<p>O dia de discuss\u00f5es terminou com a leitura de uma inspiradora reflex\u00e3o, redigida especialmente para este Encontro, por Frei Estevam Gomes Pereira (Frei Estevinho) da Fraternidade Franciscana S\u00e3o Boaventura, de Campo Largo, no qual ele aborda a beleza das diferentes formas de se viver a voca\u00e7\u00e3o.<\/p>\n<p><strong>Acompanhe um trecho da mensagem:<\/strong><\/p>\n<p><em>\u201cInspirei-me para explicar como surge a voca\u00e7\u00e3o, tanto a Religiosa e Sacerdotal, como a Matrimonial. Estas tr\u00eas voca\u00e7\u00f5es caminham juntas. As tr\u00eas s\u00e3o divinas, s\u00e3o obras prediletas do Criador. A voca\u00e7\u00e3o Matrimonial gera a fam\u00edlia, ou seja, a Humanidade que \u00e9 o diamante do Criador. Por causa da Humanidade, Jesus desceu dos c\u00e9us a terra para dar sua vida por ela. A voca\u00e7\u00e3o Religiosa e Sacerdotal s\u00e3o as armas que o Criador usa para salvar a Humanidade, que podemos chamar de Jerusal\u00e9m Terrestre. Por isto, as tr\u00eas voca\u00e7\u00f5es s\u00e3o divinas.<\/em><\/p>\n<p><img loading=\"lazy\" src=\"http:\/\/franciscanos.org.br\/wp-content\/uploads\/2018\/08\/encontro_estudantes_040818_2.jpg\" alt=\"encontro_estudantes_040818_2\" width=\"830\" height=\"400\" \/><\/p>\n<p><em>Quando o Senhor e o Esp\u00edrito Santo tocam no jovem, Ele deixa aflorar a Humanidade chamando de ovelhas e cordeiros, falando baixinho a eles: \u201cApascenta as minhas ovelhas, apascenta os meus cordeiros\u201d. Estes jovens, trazem dentro de si algo como se fosse uma plantinha da qual eles tornam-se respons\u00e1veis de fazer crescer dentro de si e faz\u00ea-las dar frutos.<\/em><\/p>\n<p><em>Quando eles recebem esta tarefa, j\u00e1 come\u00e7a o processo de Evangeliza\u00e7\u00e3o. Isto consigo mesmos e a primeira coisa que eles fazem \u00e9 ensinar a sua alma a namorar com Deus, isto \u00e9, atrav\u00e9s da ora\u00e7\u00e3o, como fazia Santa Terezinha e todos os Santos e Santas. Com este namoro \u00e9 que v\u00e3o conseguindo adquirir elos que fazem gerar uma uni\u00e3o perene tanto no Religioso\/Religiosa, no Sacerdote e no Matrim\u00f4nio. Estas tr\u00eas voca\u00e7\u00f5es est\u00e3o conectadas, por isto a Humanidade, ou seja, a Jerusal\u00e9m Terrestre, forma uma corrente que chega \u00e0 Jerusal\u00e9m Divina sendo puxada pela Argola Mestra que \u00e9 o Criador\u201d (Frei Estevam Gomes Pereira).<\/em><\/p>\n<p><strong>Leia tamb\u00e9m:\u00a0<\/strong><\/p>\n<p><strong><a href=\"https:\/\/franciscanos.org.br\/noticias\/olhar-a-vida-com-os-oculos-da-boa-nova.html\">Olhar a vida com os \u201c\u00f3culos\u201d da Boa-Nova<\/a><\/strong><\/p>\n<p><a href=\"https:\/\/franciscanos.org.br\/noticias\/encontro-dos-frades-estudantes-frei-joao-francisco-destaca-a-alegria-que-nasce-das-pequenas-coisas-2.html\"><strong>Frei Jo\u00e3o destaca \u201ca alegria das pequenas coisas\u201d<\/strong><\/a><\/p>\n<p><a href=\"https:\/\/franciscanos.org.br\/noticias\/dia-rico-em-partilhas-no-encontro-dos-estudantes.html\"><strong>Dia de partilha no Encontro dos Frades Estudantes<\/strong><\/a><\/p>\n<p><a href=\"https:\/\/franciscanos.org.br\/noticias\/frades-estudantes-tempo-de-reflexao-partilhas-e-estudos.html\"><strong>Frades estudantes: tempo de reflex\u00e3o, partilhas e estudos\u00a0<\/strong><\/a><\/p>\n<blockquote><p><strong>Equipe de Comunica\u00e7\u00e3o: Frei Augusto Luiz Gabriel, Frei Bruno Gon\u00e7alves Cez\u00e1rio, Frei Danilo Santos Oliveira, Frei M\u00e1rio Sampaio Pelu, Frei Rodrigo Jos\u00e9 Silva e Frei Roger Strapazzon.<\/strong><\/p><\/blockquote>\n","protected":false},"excerpt":{"rendered":"<p>Forma\u00e7\u00e3o e Estudos<\/p>\n","protected":false},"author":5,"featured_media":192295,"comment_status":"open","ping_status":"open","sticky":false,"template":"","format":"standard","meta":[],"categories":[1],"tags":[325,589],"acf":[],"yoast_head":"<!-- This site is optimized with the Yoast SEO plugin v19.2 - https:\/\/yoast.com\/wordpress\/plugins\/seo\/ -->\n<title>Dia de partilha no Encontro dos Frades Estudantes - Not\u00edcias - Franciscanos<\/title>\n<meta name=\"robots\" content=\"index, follow, max-snippet:-1, max-image-preview:large, max-video-preview:-1\" \/>\n<link rel=\"canonical\" href=\"https:\/\/franciscanos.org.br\/noticias\/dia-rico-em-partilhas-no-encontro-dos-estudantes.html\" \/>\n<meta property=\"og:locale\" content=\"pt_BR\" \/>\n<meta property=\"og:type\" content=\"article\" \/>\n<meta property=\"og:title\" content=\"Dia de partilha no Encontro dos Frades Estudantes - Not\u00edcias - Franciscanos\" \/>\n<meta property=\"og:description\" content=\"Forma\u00e7\u00e3o e Estudos\" \/>\n<meta property=\"og:url\" content=\"https:\/\/franciscanos.org.br\/noticias\/dia-rico-em-partilhas-no-encontro-dos-estudantes.html\" \/>\n<meta property=\"og:site_name\" content=\"Not\u00edcias - Franciscanos\" \/>\n<meta property=\"article:published_time\" content=\"2018-08-04T11:57:34+00:00\" \/>\n<meta property=\"article:modified_time\" content=\"2019-10-30T13:57:57+00:00\" \/>\n<meta property=\"og:image\" content=\"https:\/\/franciscanos.org.br\/noticias\/wp-content\/uploads\/2018\/08\/encontro_estudantes.jpg\" \/>\n\t<meta property=\"og:image:width\" content=\"330\" \/>\n\t<meta property=\"og:image:height\" content=\"219\" \/>\n\t<meta property=\"og:image:type\" content=\"image\/jpeg\" \/>\n<meta name=\"author\" content=\"freiaugusto\" \/>\n<meta name=\"twitter:card\" content=\"summary_large_image\" \/>\n<meta name=\"twitter:label1\" content=\"Escrito por\" \/>\n\t<meta name=\"twitter:data1\" content=\"freiaugusto\" \/>\n\t<meta name=\"twitter:label2\" content=\"Est. tempo de leitura\" \/>\n\t<meta name=\"twitter:data2\" content=\"4 minutos\" \/>\n<script type=\"application\/ld+json\" class=\"yoast-schema-graph\">{\"@context\":\"https:\/\/schema.org\",\"@graph\":[{\"@type\":\"WebSite\",\"@id\":\"https:\/\/franciscanos.org.br\/noticias\/#website\",\"url\":\"https:\/\/franciscanos.org.br\/noticias\/\",\"name\":\"Not\u00edcias - Franciscanos\",\"description\":\"Prov\u00edncia Franciscana da Imaculada Concei\u00e7\u00e3o do Brasil - Ordem dos Frades Menores - OFM\",\"potentialAction\":[{\"@type\":\"SearchAction\",\"target\":{\"@type\":\"EntryPoint\",\"urlTemplate\":\"https:\/\/franciscanos.org.br\/noticias\/?s={search_term_string}\"},\"query-input\":\"required name=search_term_string\"}],\"inLanguage\":\"pt-BR\"},{\"@type\":\"ImageObject\",\"inLanguage\":\"pt-BR\",\"@id\":\"https:\/\/franciscanos.org.br\/noticias\/dia-rico-em-partilhas-no-encontro-dos-estudantes.html#primaryimage\",\"url\":\"https:\/\/franciscanos.org.br\/noticias\/wp-content\/uploads\/2018\/08\/encontro_estudantes.jpg\",\"contentUrl\":\"https:\/\/franciscanos.org.br\/noticias\/wp-content\/uploads\/2018\/08\/encontro_estudantes.jpg\",\"width\":330,\"height\":219},{\"@type\":\"WebPage\",\"@id\":\"https:\/\/franciscanos.org.br\/noticias\/dia-rico-em-partilhas-no-encontro-dos-estudantes.html#webpage\",\"url\":\"https:\/\/franciscanos.org.br\/noticias\/dia-rico-em-partilhas-no-encontro-dos-estudantes.html\",\"name\":\"Dia de partilha no Encontro dos Frades Estudantes - Not\u00edcias - Franciscanos\",\"isPartOf\":{\"@id\":\"https:\/\/franciscanos.org.br\/noticias\/#website\"},\"primaryImageOfPage\":{\"@id\":\"https:\/\/franciscanos.org.br\/noticias\/dia-rico-em-partilhas-no-encontro-dos-estudantes.html#primaryimage\"},\"datePublished\":\"2018-08-04T11:57:34+00:00\",\"dateModified\":\"2019-10-30T13:57:57+00:00\",\"author\":{\"@id\":\"https:\/\/franciscanos.org.br\/noticias\/#\/schema\/person\/37f88f0d111cd5358b12a6556a99eb91\"},\"breadcrumb\":{\"@id\":\"https:\/\/franciscanos.org.br\/noticias\/dia-rico-em-partilhas-no-encontro-dos-estudantes.html#breadcrumb\"},\"inLanguage\":\"pt-BR\",\"potentialAction\":[{\"@type\":\"ReadAction\",\"target\":[\"https:\/\/franciscanos.org.br\/noticias\/dia-rico-em-partilhas-no-encontro-dos-estudantes.html\"]}]},{\"@type\":\"BreadcrumbList\",\"@id\":\"https:\/\/franciscanos.org.br\/noticias\/dia-rico-em-partilhas-no-encontro-dos-estudantes.html#breadcrumb\",\"itemListElement\":[{\"@type\":\"ListItem\",\"position\":1,\"name\":\"Home\",\"item\":\"https:\/\/franciscanos.org.br\/noticias\"},{\"@type\":\"ListItem\",\"position\":2,\"name\":\"Dia de partilha no Encontro dos Frades Estudantes\"}]},{\"@type\":\"Person\",\"@id\":\"https:\/\/franciscanos.org.br\/noticias\/#\/schema\/person\/37f88f0d111cd5358b12a6556a99eb91\",\"name\":\"freiaugusto\",\"image\":{\"@type\":\"ImageObject\",\"inLanguage\":\"pt-BR\",\"@id\":\"https:\/\/franciscanos.org.br\/noticias\/#\/schema\/person\/image\/\",\"url\":\"https:\/\/secure.gravatar.com\/avatar\/9840b940e621801b24f3e6b059efb4b7?s=96&d=mm&r=g\",\"contentUrl\":\"https:\/\/secure.gravatar.com\/avatar\/9840b940e621801b24f3e6b059efb4b7?s=96&d=mm&r=g\",\"caption\":\"freiaugusto\"},\"url\":\"https:\/\/franciscanos.org.br\/noticias\/author\/freiaugusto\"}]}<\/script>\n<!-- \/ Yoast SEO plugin. -->","yoast_head_json":{"title":"Dia de partilha no Encontro dos Frades Estudantes - Not\u00edcias - Franciscanos","robots":{"index":"index","follow":"follow","max-snippet":"max-snippet:-1","max-image-preview":"max-image-preview:large","max-video-preview":"max-video-preview:-1"},"canonical":"https:\/\/franciscanos.org.br\/noticias\/dia-rico-em-partilhas-no-encontro-dos-estudantes.html","og_locale":"pt_BR","og_type":"article","og_title":"Dia de partilha no Encontro dos Frades Estudantes - Not\u00edcias - Franciscanos","og_description":"Forma\u00e7\u00e3o e Estudos","og_url":"https:\/\/franciscanos.org.br\/noticias\/dia-rico-em-partilhas-no-encontro-dos-estudantes.html","og_site_name":"Not\u00edcias - Franciscanos","article_published_time":"2018-08-04T11:57:34+00:00","article_modified_time":"2019-10-30T13:57:57+00:00","og_image":[{"width":330,"height":219,"url":"https:\/\/franciscanos.org.br\/noticias\/wp-content\/uploads\/2018\/08\/encontro_estudantes.jpg","type":"image\/jpeg"}],"author":"freiaugusto","twitter_card":"summary_large_image","twitter_misc":{"Escrito por":"freiaugusto","Est. tempo de leitura":"4 minutos"},"schema":{"@context":"https:\/\/schema.org","@graph":[{"@type":"WebSite","@id":"https:\/\/franciscanos.org.br\/noticias\/#website","url":"https:\/\/franciscanos.org.br\/noticias\/","name":"Not\u00edcias - Franciscanos","description":"Prov\u00edncia Franciscana da Imaculada Concei\u00e7\u00e3o do Brasil - Ordem dos Frades Menores - OFM","potentialAction":[{"@type":"SearchAction","target":{"@type":"EntryPoint","urlTemplate":"https:\/\/franciscanos.org.br\/noticias\/?s={search_term_string}"},"query-input":"required name=search_term_string"}],"inLanguage":"pt-BR"},{"@type":"ImageObject","inLanguage":"pt-BR","@id":"https:\/\/franciscanos.org.br\/noticias\/dia-rico-em-partilhas-no-encontro-dos-estudantes.html#primaryimage","url":"https:\/\/franciscanos.org.br\/noticias\/wp-content\/uploads\/2018\/08\/encontro_estudantes.jpg","contentUrl":"https:\/\/franciscanos.org.br\/noticias\/wp-content\/uploads\/2018\/08\/encontro_estudantes.jpg","width":330,"height":219},{"@type":"WebPage","@id":"https:\/\/franciscanos.org.br\/noticias\/dia-rico-em-partilhas-no-encontro-dos-estudantes.html#webpage","url":"https:\/\/franciscanos.org.br\/noticias\/dia-rico-em-partilhas-no-encontro-dos-estudantes.html","name":"Dia de partilha no Encontro dos Frades Estudantes - Not\u00edcias - Franciscanos","isPartOf":{"@id":"https:\/\/franciscanos.org.br\/noticias\/#website"},"primaryImageOfPage":{"@id":"https:\/\/franciscanos.org.br\/noticias\/dia-rico-em-partilhas-no-encontro-dos-estudantes.html#primaryimage"},"datePublished":"2018-08-04T11:57:34+00:00","dateModified":"2019-10-30T13:57:57+00:00","author":{"@id":"https:\/\/franciscanos.org.br\/noticias\/#\/schema\/person\/37f88f0d111cd5358b12a6556a99eb91"},"breadcrumb":{"@id":"https:\/\/franciscanos.org.br\/noticias\/dia-rico-em-partilhas-no-encontro-dos-estudantes.html#breadcrumb"},"inLanguage":"pt-BR","potentialAction":[{"@type":"ReadAction","target":["https:\/\/franciscanos.org.br\/noticias\/dia-rico-em-partilhas-no-encontro-dos-estudantes.html"]}]},{"@type":"BreadcrumbList","@id":"https:\/\/franciscanos.org.br\/noticias\/dia-rico-em-partilhas-no-encontro-dos-estudantes.html#breadcrumb","itemListElement":[{"@type":"ListItem","position":1,"name":"Home","item":"https:\/\/franciscanos.org.br\/noticias"},{"@type":"ListItem","position":2,"name":"Dia de partilha no Encontro dos Frades Estudantes"}]},{"@type":"Person","@id":"https:\/\/franciscanos.org.br\/noticias\/#\/schema\/person\/37f88f0d111cd5358b12a6556a99eb91","name":"freiaugusto","image":{"@type":"ImageObject","inLanguage":"pt-BR","@id":"https:\/\/franciscanos.org.br\/noticias\/#\/schema\/person\/image\/","url":"https:\/\/secure.gravatar.com\/avatar\/9840b940e621801b24f3e6b059efb4b7?s=96&d=mm&r=g","contentUrl":"https:\/\/secure.gravatar.com\/avatar\/9840b940e621801b24f3e6b059efb4b7?s=96&d=mm&r=g","caption":"freiaugusto"},"url":"https:\/\/franciscanos.org.br\/noticias\/author\/freiaugusto"}]}},"_links":{"self":[{"href":"https:\/\/franciscanos.org.br\/noticias\/wp-json\/wp\/v2\/posts\/168160"}],"collection":[{"href":"https:\/\/franciscanos.org.br\/noticias\/wp-json\/wp\/v2\/posts"}],"about":[{"href":"https:\/\/franciscanos.org.br\/noticias\/wp-json\/wp\/v2\/types\/post"}],"author":[{"embeddable":true,"href":"https:\/\/franciscanos.org.br\/noticias\/wp-json\/wp\/v2\/users\/5"}],"replies":[{"embeddable":true,"href":"https:\/\/franciscanos.org.br\/noticias\/wp-json\/wp\/v2\/comments?post=168160"}],"version-history":[{"count":0,"href":"https:\/\/franciscanos.org.br\/noticias\/wp-json\/wp\/v2\/posts\/168160\/revisions"}],"wp:featuredmedia":[{"embeddable":true,"href":"https:\/\/franciscanos.org.br\/noticias\/wp-json\/wp\/v2\/media\/192295"}],"wp:attachment":[{"href":"https:\/\/franciscanos.org.br\/noticias\/wp-json\/wp\/v2\/media?parent=168160"}],"wp:term":[{"taxonomy":"category","embeddable":true,"href":"https:\/\/franciscanos.org.br\/noticias\/wp-json\/wp\/v2\/categories?post=168160"},{"taxonomy":"post_tag","embeddable":true,"href":"https:\/\/franciscanos.org.br\/noticias\/wp-json\/wp\/v2\/tags?post=168160"}],"curies":[{"name":"wp","href":"https:\/\/api.w.org\/{rel}","templated":true}]}}