{"id":16795,"date":"2012-04-29T12:04:34","date_gmt":"2012-04-29T15:04:34","guid":{"rendered":"http:\/\/new.franciscanos.org.br\/?p=16795"},"modified":"2021-07-05T19:51:54","modified_gmt":"2021-07-05T22:51:54","slug":"a-festa-franciscana-de-frei-gilberto-em-jacarezinho","status":"publish","type":"post","link":"https:\/\/franciscanos.org.br\/noticias\/a-festa-franciscana-de-frei-gilberto-em-jacarezinho.html","title":{"rendered":"A festa franciscana de Frei Gilberto em Jacarezinho"},"content":{"rendered":"<p><img loading=\"lazy\" class=\"alignnone size-full wp-image-198916\" src=\"https:\/\/franciscanos.org.br\/noticias\/wp-content\/uploads\/2012\/04\/240.jpg\" alt=\"\" width=\"830\" height=\"440\" srcset=\"https:\/\/franciscanos.org.br\/noticias\/wp-content\/uploads\/2012\/04\/240.jpg 830w, https:\/\/franciscanos.org.br\/noticias\/wp-content\/uploads\/2012\/04\/240-450x239.jpg 450w, https:\/\/franciscanos.org.br\/noticias\/wp-content\/uploads\/2012\/04\/240-768x407.jpg 768w, https:\/\/franciscanos.org.br\/noticias\/wp-content\/uploads\/2012\/04\/240-150x80.jpg 150w\" sizes=\"(max-width: 830px) 100vw, 830px\" \/><\/p>\n<p><strong>Moacir Beggo<\/strong><\/p>\n<p><strong>Jacarezinho (PR)<\/strong> &#8211; Os pais de Frei Gilberto da Silva n\u00e3o residem mais em Jacarezinho, no Norte do Paran\u00e1 e a Prov\u00edncia da Imaculada Concei\u00e7\u00e3o n\u00e3o tem ali nenhuma fraternidade. Mas Frei Gilberto n\u00e3o abriu m\u00e3o de voltar \u00e0s suas origens e celebrar com a fam\u00edlia, os amigos e a Igreja de Jacarezinho o grande momento de sua vida: a ordena\u00e7\u00e3o presbiteral. O bispo Dom Ant\u00f4nio Braz Benevente, o p\u00e1roco Pe. Delcino Rafael de Carvalho e o vig\u00e1rio paroquial Pe.<\/p>\n<p>N\u00e9lson Gualhume, n\u00e3o pouparam esfor\u00e7os para tornar sublime esse momento na vida do jovem religioso franciscano. E foi neste clima de muita cordialidade, fraternidade e f\u00e9 que Frei Gilberto recebeu o Sacramento da Ordem das m\u00e3os do bispo diocesano D. Ant\u00f4nio durante a celebra\u00e7\u00e3o eucar\u00edstica que teve in\u00edcio \u00e0s 17 horas na bela Catedral Imaculada Concei\u00e7\u00e3o.<\/p>\n<p><img loading=\"lazy\" class=\"alignleft size-full wp-image-198917\" src=\"https:\/\/franciscanos.org.br\/noticias\/wp-content\/uploads\/2012\/04\/242.jpg\" alt=\"\" width=\"600\" height=\"400\" srcset=\"https:\/\/franciscanos.org.br\/noticias\/wp-content\/uploads\/2012\/04\/242.jpg 600w, https:\/\/franciscanos.org.br\/noticias\/wp-content\/uploads\/2012\/04\/242-450x300.jpg 450w, https:\/\/franciscanos.org.br\/noticias\/wp-content\/uploads\/2012\/04\/242-150x100.jpg 150w\" sizes=\"(max-width: 600px) 100vw, 600px\" \/>O Ministro Provincial, Frei Fid\u00eancio Vanboemmel, os Definidores Frei M\u00e1rio Tagliari, Frei C\u00e9sar K\u00fclkamp e Frei Samuel Ferreira de Lima e confrades de toda a Prov\u00edncia dividiram a alegria do momento com Frei Giba, como \u00e9 mais conhecido por seus confrades. Junto com o ordenando, estavam os pais, Maria de Lourdes e Pedro da Silva, o irm\u00e3o Gilson e a av\u00f3 Luzia Geralda de Souza. O povo de Jacarezinho veio em peso para conhecer o ilustre franciscano filho da terra (a missa tamb\u00e9m foi transmitida pela R\u00e1dio Educadora, da diocese), assim como os amigos de diferentes cidades por onde passou durante a etapa da forma\u00e7\u00e3o religiosa, que come\u00e7ou em 2001 ao ingressar no Semin\u00e1rio S\u00e3o Francisco de Assis, em Ituporanga (SC). Coincidentemente ele volta a residir neste Semin\u00e1rio, agora como formador dos seminaristas, que tamb\u00e9m vieram prestigiar o mestre.<\/p>\n<p>D. Ant\u00f4nio confessou que a ordena\u00e7\u00e3o de Frei Gilberto era a primeira de um religioso que fazia desde a sua ordena\u00e7\u00e3o episcopal, no dia 7 de setembro de 2010. E n\u00e3o parava por a\u00ed. &#8220;A minha igreja, a matriz de It\u00e1polis (SP), foi constru\u00edda pelos frades menores da Prov\u00edncia da Imaculada, que permaneceram l\u00e1 at\u00e9 1964 e depois se transferiram para Agudos. Ent\u00e3o, Deus foi entrela\u00e7ando minha vida at\u00e9 chegar a Jacarezinho e, nesta ocasi\u00e3o, ordenar Frei Gilberto.\u00a0 Confesso que fiquei muito feliz desde o dia que ele falou que iria presidir a celebra\u00e7\u00e3o. Como bispo novo, me senti muito cheio da gra\u00e7a de Deus por este gesto de ordenar um frade menor&#8221;, contou o bispo diocesano.<\/p>\n<p>Na sua homilia, D. Ant\u00f4nio, sempre se dirigindo a Frei Gilberto, ensinou que o &#8220;padre \u00e9 algu\u00e9m apaixonado por Cristo, a quem conhece como o mestre que o conduz e acompanha&#8221;. E enfatizou: &#8220;Frei Gilberto, seu minist\u00e9rio deve ser express\u00e3o do verdadeiro amor. Alimente-o sempre no amor primeiro que o levou anos atr\u00e1s \u00e0 vida religiosa&#8221;.<\/p>\n<p>D. Ant\u00f4nio, ent\u00e3o, resumiu como ser\u00e1, a partir de agora, o minist\u00e9rio presbiteral de Frei Gilberto: &#8220;Somente o amor de Jesus nos torna capazes de amar os irm\u00e3os, de dar a vida por eles, de nos colocar a servi\u00e7o de cada pessoa, de cada comunidade, de cada miss\u00e3o para a qual somos designados. O servi\u00e7o brota do amor, \u00e9 consequ\u00eancia deste amor. \u00c9 a prova do verdadeiro amor, que em primeira e \u00faltima inst\u00e2ncia, \u00e9 o servi\u00e7o consagrado para o altar; \u00e9 o servi\u00e7o da viv\u00eancia do Evangelho, em estado de miss\u00e3o permanente; \u00e9 o servi\u00e7o da caridade, sol\u00edcitos com os enfermos e os pobres, atentos \u00e0s novas formas de pobreza, prontos para doar a vida, para promover e defend\u00ea-la onde ela \u00e9 pisada e desprezada&#8221;.<\/p>\n<p><img loading=\"lazy\" class=\"alignright wp-image-198918 size-full\" src=\"https:\/\/franciscanos.org.br\/noticias\/wp-content\/uploads\/2012\/04\/243.jpg\" alt=\"\" width=\"400\" height=\"600\" srcset=\"https:\/\/franciscanos.org.br\/noticias\/wp-content\/uploads\/2012\/04\/243.jpg 400w, https:\/\/franciscanos.org.br\/noticias\/wp-content\/uploads\/2012\/04\/243-300x450.jpg 300w, https:\/\/franciscanos.org.br\/noticias\/wp-content\/uploads\/2012\/04\/243-150x225.jpg 150w\" sizes=\"(max-width: 400px) 100vw, 400px\" \/>Sempre sorridente, tranquilo e feliz &#8211; uma alegria que tamb\u00e9m \u00e9 a marca registrada da fam\u00edlia -, Frei Gilberto foi ordenado presb\u00edtero. Chamou a D. Ant\u00f4nio de amigo, pai e pastor, a quem agradeceu muito pela acolhida. &#8220;Serei eternamente grato e devedor pelo que realizaram por este filho de S\u00e3o Francisco e de Jacarezinho. Desejo do fundo do cora\u00e7\u00e3o que a Diocese de Jacarezinho continue sendo uma Igreja comunh\u00e3o, uma Igreja formada por comunidades que levem o nosso povo a uma evangeliza\u00e7\u00e3o eficaz e duradoura&#8221;, disse, ao mesmo tempo em que presenteou o bispo com a Cruz de S\u00e3o Dami\u00e3o. &#8220;Nesta cruz, o Crucificado est\u00e1 Ressuscitado. Ele mesmo falou ao cora\u00e7\u00e3o de Francisco: &#8216;Vai e restaura a minha Igreja&#8217;. Que a Igreja de Jacarezinho tenha sempre mais esta for\u00e7a restauradora porque bebe na fonte que \u00e9 o Cristo Ressuscitado&#8221;.<\/p>\n<p>Frei Giba n\u00e3o esqueceu da fam\u00edlia, &#8220;que tanto se dedicou nestes dias e por toda a vida, me inclino e reinclino para lavar os p\u00e9s. Pai, m\u00e3e, Gilson, v\u00f3, tios, tias, primos e primas.\u00a0 Que a alegria do Senhor seja sempre a nossa for\u00e7a!&#8221;. \u00c0 nova fam\u00edlia franciscana, em nome do Ministro Provincial, \u00a0tamb\u00e9m n\u00e3o poupou agradecimentos, como ao povo de Jacarezinho e seus amigos que vieram de longe. Fez uma bela dedicat\u00f3ria aos incans\u00e1veis peregrinos da Baixada Fluminense, que em todas as ordena\u00e7\u00f5es da Prov\u00edncia est\u00e3o presentes, n\u00e3o importa a dist\u00e2ncia. Isso porque, durante os 4 anos de Teologia, os frades estudantes fazem o est\u00e1gio pastoral nas fraternidades da Baixada Fluminense.<\/p>\n<p>&#8220;Posso dizer que \u00e9 o meu povo da Baixada Fluminense. Como diz D. Mauro Morelli, os artistas cantam m\u00fasicas dizendo que o Cristo Redentor abre os bra\u00e7os e os estende sobre a Zona Sul, mas esquecem que o lado esquerdo do cora\u00e7\u00e3o do Cristo Redentor aponta para a Zona Norte, na dire\u00e7\u00e3o da Baixada Fluminense, onde a vida pulsa ao som das trombetas, das cu\u00edcas e tamborins, das festas e das alegrias, onde o Evangelho \u00e9 a esperan\u00e7a de transformar os sinais de morte em vida&#8221;.<\/p>\n<p><strong><img loading=\"lazy\" class=\"alignleft size-full wp-image-198920\" src=\"https:\/\/franciscanos.org.br\/noticias\/wp-content\/uploads\/2012\/04\/245.jpg\" alt=\"\" width=\"600\" height=\"400\" srcset=\"https:\/\/franciscanos.org.br\/noticias\/wp-content\/uploads\/2012\/04\/245.jpg 600w, https:\/\/franciscanos.org.br\/noticias\/wp-content\/uploads\/2012\/04\/245-450x300.jpg 450w, https:\/\/franciscanos.org.br\/noticias\/wp-content\/uploads\/2012\/04\/245-150x100.jpg 150w\" sizes=\"(max-width: 600px) 100vw, 600px\" \/>HOMENAGENS<\/strong><\/p>\n<p>Um momento muito bonito da celebra\u00e7\u00e3o foi a homenagem dos seminaristas de Ituporanga para o seu orientador. Depois de recitarem um texto sobre o sacerd\u00f3cio, todos se dirigiram ao presbit\u00e9rio e abra\u00e7aram Frei Gilberto ao mesmo tempo, fazendo um grande c\u00edrculo.<\/p>\n<p>Frei Fid\u00eancio agradeceu muito a D. Ant\u00f4nio e toda a Diocese pela acolhida aos frades durante a Semana Mission\u00e1ria e a ordena\u00e7\u00e3o. &#8220;Que o entusiasmo pela vida franciscana e pelo minist\u00e9rio presbiteral tamb\u00e9m fortale\u00e7a a todos os nossos seminaristas na vida e na voca\u00e7\u00e3o. Obrigado pelos confrades aqui presentes, \u00e0s caravanas que vieram de diferentes lugares, o meu muito obrigado \u00e0 fam\u00edlia &#8211; m\u00e3e, pai e irm\u00e3o &#8211; por esta entrega do irm\u00e3o t\u00e3o importante, irm\u00e3o necess\u00e1rio para a nossa vida. Voc\u00eas sabem muito bem que a m\u00e3e e o pai de um confrade \u00e9 a m\u00e3e e pai de muitos outros irm\u00e3os. Ent\u00e3o, de cora\u00e7\u00e3o, meu agradecimento \u00e0 fam\u00edlia e, de cora\u00e7\u00e3o, o meu muito obrigado a esta comunidade aqui de Jacarezinho que acolheu a n\u00f3s, frades menores&#8221;.<\/p>\n<p>O p\u00e1roco Pe. Delcino, falando em nome da Par\u00f3quia Imaculada Concei\u00e7\u00e3o da Catedral, destacou o bonito trabalho feito pelos frades durante a Semana Mission\u00e1ria e a acolhida da comunidade aos frades que vieram de diferentes comunidades. &#8220;Foi um momento marcante e que deu uma nova luz para todos n\u00f3s, especialmente para a nossa par\u00f3quia&#8221;.<\/p>\n<p>No final da celebra\u00e7\u00e3o, Frei Gilberto ouviu o \u00faltimo conselho de D. Ant\u00f4nio: &#8220;O bispo me ordenou padre, D. Benedito Ulhoa Vieira, que hoje est\u00e1 com 92 anos,\u00a0 repetia nas ordena\u00e7\u00f5es o que eu vou repetir agora. &#8216;N\u00e3o existe padre infeliz no primeiro dia, por isso que todos os dias de sua vida sejam sempre o primeiro dia!&#8221;<\/p>\n<hr \/>\n<p><img loading=\"lazy\" class=\"alignright size-full wp-image-198923\" src=\"https:\/\/franciscanos.org.br\/noticias\/wp-content\/uploads\/2012\/04\/13.jpg\" alt=\"\" width=\"600\" height=\"400\" srcset=\"https:\/\/franciscanos.org.br\/noticias\/wp-content\/uploads\/2012\/04\/13.jpg 600w, https:\/\/franciscanos.org.br\/noticias\/wp-content\/uploads\/2012\/04\/13-450x300.jpg 450w, https:\/\/franciscanos.org.br\/noticias\/wp-content\/uploads\/2012\/04\/13-150x100.jpg 150w\" sizes=\"(max-width: 600px) 100vw, 600px\" \/>A liturgia de hoje torna-nos duplamente privilegiados. Primeiro porque estamos, enquanto comunidade de f\u00e9, reunidos ao redor das mesas que nos constituem &#8211; a mesa da Palavra e a mesa do Corpo de Cristo. Al\u00e9m desta comunh\u00e3o m\u00edstica, por\u00e9m sens\u00edvel, com a Eucaristia e com a sua divina Palavra, temos tamb\u00e9m diante dos olhos, o feliz privil\u00e9gio de contemplarmos, nesta ordena\u00e7\u00e3o presbiteral, o testemunho aut\u00eantico de um jovem que, a exemplo do salmista, deseja oferecer ao Deus da vida, um sacrif\u00edcio de louvor perene &#8230; deseja entregar \u00e0 Igreja a sua pr\u00f3pria vida, feita obla\u00e7\u00e3o, servi\u00e7o, doa\u00e7\u00e3o.<\/p>\n<p>Sabemos que o conhecimento aut\u00eantico do Deus misericordioso \u00e9 na realidade uma postura din\u00e2mica, constante e inesgot\u00e1vel, que nunca se resume somente num ato moment\u00e2neo do fiel ou ent\u00e3o como um impulso passageiro e emotivo, mas sim como uma disposi\u00e7\u00e3o cont\u00ednua, como estado de \u00e2nimo que lan\u00e7a a pessoa humana \u00e0 imita\u00e7\u00e3o do Cristo Jesus. A grandeza do sacerd\u00f3cio est\u00e1 precisamente nessa imita\u00e7\u00e3o. Por isso os padres devem, mais do que nunca, estar atentos aos apelos do divino Mestre: &#8220;Se algu\u00e9m quiser vir ap\u00f3s mim, renuncie a si mesmo, tome a sua cruz e siga-me&#8221;. Nesta tarde, ao olharmos para nosso ordenando, \u00e9 essa a realidade que vemos: a busca pelo passo derradeiro, na vida daquele que deseja conhecer, amar, e santificar (a si e aos outros) em nome do Senhor.<\/p>\n<p>Na primeira leitura, vemos os preparativos para a festa da P\u00e1scoa judaica. Escrito durante o per\u00edodo do ex\u00edlio babil\u00f4nico, este trecho, assim como todo o livro do \u00caxodo, deve ser acolhido sob a tem\u00e1tica da liberta\u00e7\u00e3o. Fazendo o memorial da P\u00e1scoa, o autor sagrado aponta a liberta\u00e7\u00e3o do povo de Deus como modelo de uma f\u00e9 que n\u00e3o se permite intimidar diante dos poderosos. O texto insiste que o modelo de &#8220;vida nova&#8221; s\u00f3 pode acontecer atrav\u00e9s da solidariedade, do servi\u00e7o ao outro, da partilha. O cordeiro daquela &#8220;festa&#8221; judaica deve ser partilhado com todos. Nada deve ser guardado ou vendido. Na passagem para a liberta\u00e7\u00e3o, o amor-caridade revela-se em gestos fortes e concretos.<\/p>\n<p><img loading=\"lazy\" class=\"alignleft size-full wp-image-198925\" src=\"https:\/\/franciscanos.org.br\/noticias\/wp-content\/uploads\/2012\/04\/241.jpg\" alt=\"\" width=\"600\" height=\"400\" srcset=\"https:\/\/franciscanos.org.br\/noticias\/wp-content\/uploads\/2012\/04\/241.jpg 600w, https:\/\/franciscanos.org.br\/noticias\/wp-content\/uploads\/2012\/04\/241-450x300.jpg 450w, https:\/\/franciscanos.org.br\/noticias\/wp-content\/uploads\/2012\/04\/241-150x100.jpg 150w\" sizes=\"(max-width: 600px) 100vw, 600px\" \/>Car\u00edssimo Frei Gilberto, sacerdotes presentes, amado povo: o presb\u00edtero, como ministro ordenado, tendo seus &#8220;rins cingidos, sand\u00e1lia aos p\u00e9s e cajado nas m\u00e3os&#8221;, tem por miss\u00e3o estender \u00e0s realidades do mundo, por vezes t\u00e3o sofrida e escravizada, a boa nova da vida em abund\u00e2ncia e da liberta\u00e7\u00e3o verdadeira. Deve enfrentar com amor o paradoxo de ser arauto da esperan\u00e7a em lugares que j\u00e1 foram consumidos pela impiedosa chama do pecado, caracterizado pela injusti\u00e7a e pela exclus\u00e3o. Carne assada, p\u00e3es sem fermento e ervas amargas, lembram a pressa, a disposi\u00e7\u00e3o para a partida, de forma especial nesta ordena\u00e7\u00e3o quando, ap\u00f3s anos de forma\u00e7\u00e3o religiosa, Frei Gilberto deseja partir para a miss\u00e3o sacerdotal com amor, sob a luz do ideal franciscano.<\/p>\n<p>O evangelho de S\u00e3o Jo\u00e3o, ao apresentar o lava-p\u00e9s, indica-nos que esta liturgia realizada por Jesus na \u00faltima ceia marcou fortemente a consci\u00eancia dos disc\u00edpulos: como pode um Mestre rebaixar-se para lavar os p\u00e9s de seus seguidores? Na narrativa, Jesus tira o manto que \u00e9 sinal de dignidade e pega uma toalha, um avental, que \u00e9 sinal de servi\u00e7o: o pr\u00f3prio Senhor e mestre torna-se o servidor por excel\u00eancia. Ele faz tudo sozinho para mostrar que a sua doa\u00e7\u00e3o \u00e9 total. \u00c9 total e vai at\u00e9 \u00e0 cruz, pois o &#8220;Filho de Deus&#8221; depois retoma o manto da sua dignidade sem tirar, entretanto, o avental do seu servi\u00e7o: ele volta \u00e0 posi\u00e7\u00e3o de homem livre, mas conserva sua disposi\u00e7\u00e3o de servir at\u00e9 o fim.<\/p>\n<p>Este foi um gesto feito de forma consciente pelo Cristo, para mudar a mentalidade da comunidade, principalmente de seus disc\u00edpulos, continuadores de sua obra pela sucess\u00e3o apost\u00f3lica. Para Jesus, &#8220;lavar os p\u00e9s&#8221; n\u00e3o significava perder a autoridade, ao contr\u00e1rio, mostra a radicalidade do seu ensinamento, sempre reconhecido como &#8220;palavra de salva\u00e7\u00e3o&#8221;. Por isso, Jesus passa diante dos seus amigos, e lava os p\u00e9s de cada um individualmente, inclusive de Judas, o traidor, expressando que a tarefa deles \u00e9 serem servos de todos e n\u00e3o superiores. &#8220;Eu vos dei o exemplo &#8211; disse Jesus nessa ocasi\u00e3o &#8211; para que assim como eu fiz, fa\u00e7ais tamb\u00e9m v\u00f3s.&#8221;<\/p>\n<p><img loading=\"lazy\" class=\"alignright size-full wp-image-198926\" src=\"https:\/\/franciscanos.org.br\/noticias\/wp-content\/uploads\/2012\/04\/02-1.jpg\" alt=\"\" width=\"600\" height=\"400\" srcset=\"https:\/\/franciscanos.org.br\/noticias\/wp-content\/uploads\/2012\/04\/02-1.jpg 600w, https:\/\/franciscanos.org.br\/noticias\/wp-content\/uploads\/2012\/04\/02-1-450x300.jpg 450w, https:\/\/franciscanos.org.br\/noticias\/wp-content\/uploads\/2012\/04\/02-1-150x100.jpg 150w\" sizes=\"(max-width: 600px) 100vw, 600px\" \/>Trata-se de um ensinamento solene que Ele oferece: &#8220;Se Eu, que sou Mestre e Senhor, vos lavei os p\u00e9s, tamb\u00e9m v\u00f3s deveis lavar os p\u00e9s uns aos outros.&#8221; Quem quer estar com Ele, deve tornar-se como Ele: &#8220;servidor&#8221; &#8230; nem &#8220;patr\u00e3o&#8221;, nem &#8220;superior&#8221;, nem &#8220;propriet\u00e1rio&#8221;. A lei que regula as rela\u00e7\u00f5es na vida crist\u00e3 \u00e9 a atitude de &#8220;servi\u00e7o&#8221;, colocando ao centro n\u00e3o a si pr\u00f3prio mas os outros. O esc\u00e2ndalo da pedagogia de Jesus \u00e9 justamente essa inquietante invers\u00e3o t\u00e3o bem testemunhada pelo &#8220;pobre de Assis&#8221; e que recai como convite insistente a cada um de n\u00f3s.<\/p>\n<p>A voc\u00ea, car\u00edssimo Frei Gilberto, lembro-vos que a intimidade que desejais manter com Jesus deve ser cultivada e alimentada, na viv\u00eancia lit\u00fargico-eclesial, de forma especial pela celebra\u00e7\u00e3o da Eucaristia. Tamb\u00e9m ressalto a import\u00e2ncia da piedade do aprofundamento na f\u00e9, bem como a transpar\u00eancia na vida e a pobreza evang\u00e9lica, tra\u00e7o marcante do carisma pelo qual foi chamado. O padre \u00e9 algu\u00e9m apaixonado por Cristo, a quem conhece como o mestre que o conduz e acompanha. \u00c9 ministro da Palavra, com o grande dever de anunciar o Evangelho de Deus a todos, indistintamente. \u00c9 ministro dos sacramentos, especialmente da Eucaristia. Por ela, o padre se santifica e santifica o seu povo. A Sagrada Eucaristia deve ser o seu ponto de partida e de chegada, significado essencial da vida nova, que a partir dessa ordena\u00e7\u00e3o, ir\u00e1 abra\u00e7ar.<\/p>\n<p>Car\u00edssimos, somente o amor de Jesus nos torna capazes de amar os irm\u00e3os, de dar a vida por eles, de nos colocar ao servi\u00e7o de cada pessoa, de cada comunidade, de cada miss\u00e3o para a qual somos designados. O servi\u00e7o brota do amor, \u00e9 consequ\u00eancia deste amor. \u00c9 a prova do verdadeiro amor, que em primeira e \u00faltima inst\u00e2ncia, \u00e9 o servi\u00e7o consagrado para o altar; \u00e9 o servi\u00e7o da viv\u00eancia do Evangelho, em estado de miss\u00e3o permanente; \u00e9 o servi\u00e7o da caridade, sol\u00edcitos com os enfermos e os pobres, atentos \u00e0s novas formas de pobreza, prontos para doar a vida, para promover e defend\u00ea-la onde ela \u00e9 pisada e desprezada.<\/p>\n<p>Frei Gilberto, seu minist\u00e9rio deve ser express\u00e3o do verdadeiro amor. Alimente-o sempre no amor primeiro que o levou anos atr\u00e1s \u00e0 vida religiosa. Tenha igualmente a dimens\u00e3o da autoridade discreta, mas acima de tudo, da simplicidade de cora\u00e7\u00e3o, que busca insistentemente uma vida segundo o Esp\u00edrito. Que nesse sentido, possas, ao longo de sua caminhada presbiteral, servir a fim de que, em todas as coisas, Deus seja verdadeiramente glorificado, amado e reconhecido. Am\u00e9m.<\/p>\n<p><strong>\u00a0Dom Antonio Braz Benevente<\/strong><\/p>\n<p>Bispo Diocesano de Jacarezinho PR<\/p>\n","protected":false},"excerpt":{"rendered":"<p>Ordena\u00e7\u00e3o presbiteral de Frei Gilberto da Silva<\/p>\n","protected":false},"author":1,"featured_media":210736,"comment_status":"closed","ping_status":"closed","sticky":false,"template":"","format":"standard","meta":[],"categories":[1],"tags":[157],"acf":[],"yoast_head":"<!-- This site is optimized with the Yoast SEO plugin v19.2 - https:\/\/yoast.com\/wordpress\/plugins\/seo\/ -->\n<title>A festa franciscana de Frei Gilberto em Jacarezinho - Not\u00edcias - Franciscanos<\/title>\n<meta name=\"robots\" content=\"index, follow, max-snippet:-1, max-image-preview:large, max-video-preview:-1\" \/>\n<link rel=\"canonical\" href=\"https:\/\/franciscanos.org.br\/noticias\/a-festa-franciscana-de-frei-gilberto-em-jacarezinho.html\" \/>\n<meta property=\"og:locale\" content=\"pt_BR\" \/>\n<meta property=\"og:type\" content=\"article\" \/>\n<meta property=\"og:title\" content=\"A festa franciscana de Frei Gilberto em Jacarezinho - Not\u00edcias - Franciscanos\" \/>\n<meta property=\"og:description\" content=\"Ordena\u00e7\u00e3o presbiteral de Frei Gilberto da Silva\" \/>\n<meta property=\"og:url\" content=\"https:\/\/franciscanos.org.br\/noticias\/a-festa-franciscana-de-frei-gilberto-em-jacarezinho.html\" \/>\n<meta property=\"og:site_name\" content=\"Not\u00edcias - Franciscanos\" \/>\n<meta property=\"article:published_time\" content=\"2012-04-29T15:04:34+00:00\" \/>\n<meta property=\"article:modified_time\" content=\"2021-07-05T22:51:54+00:00\" \/>\n<meta property=\"og:image\" content=\"https:\/\/franciscanos.org.br\/noticias\/wp-content\/uploads\/2012\/04\/242-1.jpg\" \/>\n\t<meta property=\"og:image:width\" content=\"273\" \/>\n\t<meta property=\"og:image:height\" content=\"181\" \/>\n\t<meta property=\"og:image:type\" content=\"image\/jpeg\" \/>\n<meta name=\"author\" content=\"admin\" \/>\n<meta name=\"twitter:card\" content=\"summary_large_image\" \/>\n<meta name=\"twitter:label1\" content=\"Escrito por\" \/>\n\t<meta name=\"twitter:data1\" content=\"admin\" \/>\n\t<meta name=\"twitter:label2\" content=\"Est. tempo de leitura\" \/>\n\t<meta name=\"twitter:data2\" content=\"13 minutos\" \/>\n<script type=\"application\/ld+json\" class=\"yoast-schema-graph\">{\"@context\":\"https:\/\/schema.org\",\"@graph\":[{\"@type\":\"WebSite\",\"@id\":\"https:\/\/franciscanos.org.br\/noticias\/#website\",\"url\":\"https:\/\/franciscanos.org.br\/noticias\/\",\"name\":\"Not\u00edcias - Franciscanos\",\"description\":\"Prov\u00edncia Franciscana da Imaculada Concei\u00e7\u00e3o do Brasil - Ordem dos Frades Menores - OFM\",\"potentialAction\":[{\"@type\":\"SearchAction\",\"target\":{\"@type\":\"EntryPoint\",\"urlTemplate\":\"https:\/\/franciscanos.org.br\/noticias\/?s={search_term_string}\"},\"query-input\":\"required name=search_term_string\"}],\"inLanguage\":\"pt-BR\"},{\"@type\":\"ImageObject\",\"inLanguage\":\"pt-BR\",\"@id\":\"https:\/\/franciscanos.org.br\/noticias\/a-festa-franciscana-de-frei-gilberto-em-jacarezinho.html#primaryimage\",\"url\":\"https:\/\/franciscanos.org.br\/noticias\/wp-content\/uploads\/2012\/04\/242-1.jpg\",\"contentUrl\":\"https:\/\/franciscanos.org.br\/noticias\/wp-content\/uploads\/2012\/04\/242-1.jpg\",\"width\":273,\"height\":181},{\"@type\":\"WebPage\",\"@id\":\"https:\/\/franciscanos.org.br\/noticias\/a-festa-franciscana-de-frei-gilberto-em-jacarezinho.html#webpage\",\"url\":\"https:\/\/franciscanos.org.br\/noticias\/a-festa-franciscana-de-frei-gilberto-em-jacarezinho.html\",\"name\":\"A festa franciscana de Frei Gilberto em Jacarezinho - Not\u00edcias - Franciscanos\",\"isPartOf\":{\"@id\":\"https:\/\/franciscanos.org.br\/noticias\/#website\"},\"primaryImageOfPage\":{\"@id\":\"https:\/\/franciscanos.org.br\/noticias\/a-festa-franciscana-de-frei-gilberto-em-jacarezinho.html#primaryimage\"},\"datePublished\":\"2012-04-29T15:04:34+00:00\",\"dateModified\":\"2021-07-05T22:51:54+00:00\",\"author\":{\"@id\":\"https:\/\/franciscanos.org.br\/noticias\/#\/schema\/person\/b38fbf43118f02820bd932f2e4b14ad3\"},\"breadcrumb\":{\"@id\":\"https:\/\/franciscanos.org.br\/noticias\/a-festa-franciscana-de-frei-gilberto-em-jacarezinho.html#breadcrumb\"},\"inLanguage\":\"pt-BR\",\"potentialAction\":[{\"@type\":\"ReadAction\",\"target\":[\"https:\/\/franciscanos.org.br\/noticias\/a-festa-franciscana-de-frei-gilberto-em-jacarezinho.html\"]}]},{\"@type\":\"BreadcrumbList\",\"@id\":\"https:\/\/franciscanos.org.br\/noticias\/a-festa-franciscana-de-frei-gilberto-em-jacarezinho.html#breadcrumb\",\"itemListElement\":[{\"@type\":\"ListItem\",\"position\":1,\"name\":\"Home\",\"item\":\"https:\/\/franciscanos.org.br\/noticias\"},{\"@type\":\"ListItem\",\"position\":2,\"name\":\"A festa franciscana de Frei Gilberto em Jacarezinho\"}]},{\"@type\":\"Person\",\"@id\":\"https:\/\/franciscanos.org.br\/noticias\/#\/schema\/person\/b38fbf43118f02820bd932f2e4b14ad3\",\"name\":\"admin\",\"image\":{\"@type\":\"ImageObject\",\"inLanguage\":\"pt-BR\",\"@id\":\"https:\/\/franciscanos.org.br\/noticias\/#\/schema\/person\/image\/\",\"url\":\"https:\/\/secure.gravatar.com\/avatar\/e8495742d34d0ba6448ea1c628263b3e?s=96&d=mm&r=g\",\"contentUrl\":\"https:\/\/secure.gravatar.com\/avatar\/e8495742d34d0ba6448ea1c628263b3e?s=96&d=mm&r=g\",\"caption\":\"admin\"},\"url\":\"https:\/\/franciscanos.org.br\/noticias\/author\/admin\"}]}<\/script>\n<!-- \/ Yoast SEO plugin. -->","yoast_head_json":{"title":"A festa franciscana de Frei Gilberto em Jacarezinho - Not\u00edcias - Franciscanos","robots":{"index":"index","follow":"follow","max-snippet":"max-snippet:-1","max-image-preview":"max-image-preview:large","max-video-preview":"max-video-preview:-1"},"canonical":"https:\/\/franciscanos.org.br\/noticias\/a-festa-franciscana-de-frei-gilberto-em-jacarezinho.html","og_locale":"pt_BR","og_type":"article","og_title":"A festa franciscana de Frei Gilberto em Jacarezinho - Not\u00edcias - Franciscanos","og_description":"Ordena\u00e7\u00e3o presbiteral de Frei Gilberto da Silva","og_url":"https:\/\/franciscanos.org.br\/noticias\/a-festa-franciscana-de-frei-gilberto-em-jacarezinho.html","og_site_name":"Not\u00edcias - Franciscanos","article_published_time":"2012-04-29T15:04:34+00:00","article_modified_time":"2021-07-05T22:51:54+00:00","og_image":[{"width":273,"height":181,"url":"https:\/\/franciscanos.org.br\/noticias\/wp-content\/uploads\/2012\/04\/242-1.jpg","type":"image\/jpeg"}],"author":"admin","twitter_card":"summary_large_image","twitter_misc":{"Escrito por":"admin","Est. tempo de leitura":"13 minutos"},"schema":{"@context":"https:\/\/schema.org","@graph":[{"@type":"WebSite","@id":"https:\/\/franciscanos.org.br\/noticias\/#website","url":"https:\/\/franciscanos.org.br\/noticias\/","name":"Not\u00edcias - Franciscanos","description":"Prov\u00edncia Franciscana da Imaculada Concei\u00e7\u00e3o do Brasil - Ordem dos Frades Menores - OFM","potentialAction":[{"@type":"SearchAction","target":{"@type":"EntryPoint","urlTemplate":"https:\/\/franciscanos.org.br\/noticias\/?s={search_term_string}"},"query-input":"required name=search_term_string"}],"inLanguage":"pt-BR"},{"@type":"ImageObject","inLanguage":"pt-BR","@id":"https:\/\/franciscanos.org.br\/noticias\/a-festa-franciscana-de-frei-gilberto-em-jacarezinho.html#primaryimage","url":"https:\/\/franciscanos.org.br\/noticias\/wp-content\/uploads\/2012\/04\/242-1.jpg","contentUrl":"https:\/\/franciscanos.org.br\/noticias\/wp-content\/uploads\/2012\/04\/242-1.jpg","width":273,"height":181},{"@type":"WebPage","@id":"https:\/\/franciscanos.org.br\/noticias\/a-festa-franciscana-de-frei-gilberto-em-jacarezinho.html#webpage","url":"https:\/\/franciscanos.org.br\/noticias\/a-festa-franciscana-de-frei-gilberto-em-jacarezinho.html","name":"A festa franciscana de Frei Gilberto em Jacarezinho - Not\u00edcias - Franciscanos","isPartOf":{"@id":"https:\/\/franciscanos.org.br\/noticias\/#website"},"primaryImageOfPage":{"@id":"https:\/\/franciscanos.org.br\/noticias\/a-festa-franciscana-de-frei-gilberto-em-jacarezinho.html#primaryimage"},"datePublished":"2012-04-29T15:04:34+00:00","dateModified":"2021-07-05T22:51:54+00:00","author":{"@id":"https:\/\/franciscanos.org.br\/noticias\/#\/schema\/person\/b38fbf43118f02820bd932f2e4b14ad3"},"breadcrumb":{"@id":"https:\/\/franciscanos.org.br\/noticias\/a-festa-franciscana-de-frei-gilberto-em-jacarezinho.html#breadcrumb"},"inLanguage":"pt-BR","potentialAction":[{"@type":"ReadAction","target":["https:\/\/franciscanos.org.br\/noticias\/a-festa-franciscana-de-frei-gilberto-em-jacarezinho.html"]}]},{"@type":"BreadcrumbList","@id":"https:\/\/franciscanos.org.br\/noticias\/a-festa-franciscana-de-frei-gilberto-em-jacarezinho.html#breadcrumb","itemListElement":[{"@type":"ListItem","position":1,"name":"Home","item":"https:\/\/franciscanos.org.br\/noticias"},{"@type":"ListItem","position":2,"name":"A festa franciscana de Frei Gilberto em Jacarezinho"}]},{"@type":"Person","@id":"https:\/\/franciscanos.org.br\/noticias\/#\/schema\/person\/b38fbf43118f02820bd932f2e4b14ad3","name":"admin","image":{"@type":"ImageObject","inLanguage":"pt-BR","@id":"https:\/\/franciscanos.org.br\/noticias\/#\/schema\/person\/image\/","url":"https:\/\/secure.gravatar.com\/avatar\/e8495742d34d0ba6448ea1c628263b3e?s=96&d=mm&r=g","contentUrl":"https:\/\/secure.gravatar.com\/avatar\/e8495742d34d0ba6448ea1c628263b3e?s=96&d=mm&r=g","caption":"admin"},"url":"https:\/\/franciscanos.org.br\/noticias\/author\/admin"}]}},"_links":{"self":[{"href":"https:\/\/franciscanos.org.br\/noticias\/wp-json\/wp\/v2\/posts\/16795"}],"collection":[{"href":"https:\/\/franciscanos.org.br\/noticias\/wp-json\/wp\/v2\/posts"}],"about":[{"href":"https:\/\/franciscanos.org.br\/noticias\/wp-json\/wp\/v2\/types\/post"}],"author":[{"embeddable":true,"href":"https:\/\/franciscanos.org.br\/noticias\/wp-json\/wp\/v2\/users\/1"}],"replies":[{"embeddable":true,"href":"https:\/\/franciscanos.org.br\/noticias\/wp-json\/wp\/v2\/comments?post=16795"}],"version-history":[{"count":1,"href":"https:\/\/franciscanos.org.br\/noticias\/wp-json\/wp\/v2\/posts\/16795\/revisions"}],"predecessor-version":[{"id":232865,"href":"https:\/\/franciscanos.org.br\/noticias\/wp-json\/wp\/v2\/posts\/16795\/revisions\/232865"}],"wp:featuredmedia":[{"embeddable":true,"href":"https:\/\/franciscanos.org.br\/noticias\/wp-json\/wp\/v2\/media\/210736"}],"wp:attachment":[{"href":"https:\/\/franciscanos.org.br\/noticias\/wp-json\/wp\/v2\/media?parent=16795"}],"wp:term":[{"taxonomy":"category","embeddable":true,"href":"https:\/\/franciscanos.org.br\/noticias\/wp-json\/wp\/v2\/categories?post=16795"},{"taxonomy":"post_tag","embeddable":true,"href":"https:\/\/franciscanos.org.br\/noticias\/wp-json\/wp\/v2\/tags?post=16795"}],"curies":[{"name":"wp","href":"https:\/\/api.w.org\/{rel}","templated":true}]}}