{"id":167927,"date":"2018-08-02T07:42:33","date_gmt":"2018-08-02T10:42:33","guid":{"rendered":"http:\/\/franciscanos.org.br\/?p=167927"},"modified":"2020-06-07T08:42:59","modified_gmt":"2020-06-07T11:42:59","slug":"papa-pede-atencao-aos-jovens-desempregados","status":"publish","type":"post","link":"https:\/\/franciscanos.org.br\/noticias\/papa-pede-atencao-aos-jovens-desempregados.html","title":{"rendered":"Papa pede aten\u00e7\u00e3o aos jovens desempregados"},"content":{"rendered":"<p><img loading=\"lazy\" src=\"http:\/\/franciscanos.org.br\/wp-content\/uploads\/2018\/08\/papa_020818.jpg\" alt=\"papa_020818\" width=\"820\" height=\"461\" \/><\/p>\n<p><strong>Cidade do Vaticano<\/strong> &#8211; Em um mundo onde a finan\u00e7a \u201cabstrata\u201d e \u201ccruel\u201d, est\u00e1 no centro das aten\u00e7\u00f5es de todos, devemos colocar em primeiro lugar \u201co homem e a mulher\u201d, porque \u201co grande pecado contra a dignidade da pessoa\u201d \u00e9 exatamente o fato de ter tirado o homem e a mulher do \u201clugar central\u201d. S\u00e3o palavras do Papa Francisco aos participantes do encontro \u201cEuropean Jesuits in formation\u201d na manh\u00e3 desta quarta-feira, 1\u00ba de agosto, antes da Audi\u00eancia Geral na Sala Paulo VI, no Vaticano. Estavam presentes o presidente da Confer\u00eancia dos Provinciais Europeus, Franck Janin, e os delegados da Forma\u00e7\u00e3o Europeia e da Prov\u00edncia Euro-Mediterr\u00e2nea, Alessandro Manaresi e Angelo Schettini, e os jovens participantes. O encontro formativo que se realiza anualmente em Roma teve in\u00edcio no dia 28 de julho e se encerra em 20 de agosto.<\/p>\n<p><strong>Trabalho \u00e9 dignidade<\/strong><br \/>\nUm dos jovens presentes pediu ao Papa que tipo de comunica\u00e7\u00e3o e ajuda pode-se oferecer aos jovens desempregados, que n\u00e3o t\u00eam trabalho e que possa dar-lhes \u201cdignidade\u201d. Francisco \u2013 com a ajuda de um int\u00e9rprete para a tradu\u00e7\u00e3o em ingl\u00eas \u2013 refletiu sobre o tema afirmando que talvez \u201cseja um dos problemas mais agudos e dolorosos para os jovens, porque atinge diretamente o cora\u00e7\u00e3o da pessoa\u201d: com o desemprego, n\u00e3o podendo levar o p\u00e3o para casa \u2013 reiterou o Pont\u00edfice \u2013 \u201cn\u00e3o h\u00e1 dignidade\u201d.<\/p>\n<p>\u201cH\u00e1 uma reestrutura\u00e7\u00e3o da economia mundial, onde a economia, que \u00e9 concreta, deixa lugar \u00e0 finan\u00e7a, que \u00e9 abstrata. E neste caso aposta-se em algo que n\u00e3o \u00e9 concreto, mas \u00e9 l\u00edquido ou gasoso, tendo como ponto central o mundo das finan\u00e7as. Todavia ali seria o lugar do homem e da mulher. Hoje isto, acredito, \u00e9 o grande pecado contra a dignidade da pessoa: tirar a pessoa do ponto central\u201d.<\/p>\n<p><strong>Recorrer ao suic\u00eddio<\/strong><br \/>\nAs finan\u00e7as, acrescentou, \u201cassemelham-se em escala mundial \u00e0s correntes de Santo Ant\u00f4nio\u201d: com o deslocamento da pessoa do ponto central e dando evid\u00eancia \u00e0s finan\u00e7as que s\u00e3o \u201cgasosas\u201d, gera-se ent\u00e3o a \u201cfalta de trabalho\u201d.<\/p>\n<p>\u201cO n\u00famero de suic\u00eddios de jovens est\u00e1 em aumento, mas os governos \u2013 n\u00e3o todos \u2013, n\u00e3o publicam os n\u00fameros exatos: publicam at\u00e9 um certo ponto, porque \u00e9 vergonhoso. E por que estes jovens se enforcam e se suicidam? Em quase todos os casos a principal raz\u00e3o \u00e9 a falta de trabalho. N\u00e3o conseguem sentir-se \u00fateis e optam pela morte\u201d, disse o Papa.<\/p>\n<p><strong>A aliena\u00e7\u00e3o com as depend\u00eancias<\/strong><br \/>\nPara os jovens desempregados h\u00e1 tamb\u00e9m uma \u201caliena\u00e7\u00e3o intermedi\u00e1ria\u201d a das depend\u00eancias: hoje as depend\u00eancias \u2013 explicou \u2013 \u201c\u00e9 um modo de fugir da falta de dignidade\u201d. Pensem que por detr\u00e1s de cada dose de coca\u00edna \u2013 pensemos \u2013, h\u00e1 uma grande ind\u00fastria mundial que possibilita isso, e provavelmente \u2013 n\u00e3o tenho certeza \u2013, \u00e9 onde circula a maior quantidade de dinheiro no mundo.<\/p>\n<p><strong>A deriva terrorista<\/strong><br \/>\nMas segundo o Papa, o quadro ainda n\u00e3o est\u00e1 completo: h\u00e1 tamb\u00e9m os que para ganharem mais escolhem \u201ccomo projeto de vida\u201d o recrutamento \u201cao Isis\u201d: \u201cSuic\u00eddios, depend\u00eancias e participa\u00e7\u00e3o em guerrilhas s\u00e3o as tr\u00eas op\u00e7\u00f5es para os jovens de hoje quando n\u00e3o t\u00eam trabalho. Isto \u00e9 importante: entender o problema dos jovens, fazer com que o jovem compreenda que eu o entendo, e isto significa comunicar com ele. Em seguida procurar resolver este problema. O problema tem solu\u00e7\u00e3o, mas precisa\u2013se encontrar o modo certo, h\u00e1 necessidade da palavra prof\u00e9tica, h\u00e1 necessidade da criatividade humana, fazer muitas coisas. Sujar as m\u00e3os\u2026 \u201d<\/p>\n<p><strong>Paulo VI e padre Arrupe<\/strong><br \/>\nEm seguida o Papa Francisco exortou os co-irm\u00e3os a uma \u201ccorajosa criatividade\u201d, buscando \u201co modo de encontrar uma solu\u00e7\u00e3o\u201d para esta emerg\u00eancia. Enfim deteve-se sobre a \u201coriginalidade da Companhia de Jesus: unidade na grande diversidade\u201d. Recordou que \u201co discurso mais bonito\u201d feito por um Papa \u00e0 Companhia de Jesus, foi o do Beato Paulo VI em 1974, quando \u2013 convidando \u00e0 \u201ccoragem\u201d os padres chamados \u00e0 XXXII Congrega\u00e7\u00e3o Geral \u2013 disse que \u201conde h\u00e1 troca de ideias, de problemas, de desafios, h\u00e1 um Jesu\u00edta\u201d. O pont\u00edfice, ao recordar a mem\u00f3ria lit\u00fargica de S\u00e3o Pedro Favre, companheiro de Santo In\u00e1cio de Loyola, referiu-se ao \u00faltimo discurso do padre Pedro Arrupe, 28\u00ba Superior Geral da Companhia de Jesus, do qual a diocese de Roma abriu recentemente causa de beatifica\u00e7\u00e3o.<\/p>\n<p>\u201cEstes dois discursos &#8211; continuou Francisco &#8211; emolduram o que a Companhia deve fazer: coragem, ir \u00e0s periferias, aos encontros para trocar ideias, conhecer problemas, miss\u00e3o\u2026 o testamento do padre Arrupe est\u00e1 aqui, o \u201ccanto do cisne\u201d, a ora\u00e7\u00e3o. \u00c9 preciso coragem para ser Jesu\u00edta. N\u00e3o significa que um Jesu\u00edta deva ser inconsciente, ou imprudente. Mas deve ter coragem. A coragem \u00e9 uma gra\u00e7a de Deus, a parresia paulina\u2026 S\u00e3o necess\u00e3rios \u201cjoelhos fortes\u201d para a ora\u00e7\u00e3o. Acredito que com estes dois discursos voc\u00eas ter\u00e3o inspira\u00e7\u00e3o para ir onde o Esp\u00edrito Santo indicar, no cora\u00e7\u00e3o\u201d, completou o Papa.<\/p>\n<hr \/>\n<p><em>Fonte: Vatican News<\/em><\/p>\n","protected":false},"excerpt":{"rendered":"<p>Encontro com os Jesu\u00edtas<\/p>\n","protected":false},"author":1,"featured_media":187543,"comment_status":"open","ping_status":"open","sticky":false,"template":"","format":"standard","meta":[],"categories":[1428],"tags":[1302],"acf":[],"yoast_head":"<!-- This site is optimized with the Yoast SEO plugin v19.2 - https:\/\/yoast.com\/wordpress\/plugins\/seo\/ -->\n<title>Papa pede aten\u00e7\u00e3o aos jovens desempregados - Not\u00edcias - Franciscanos<\/title>\n<meta name=\"robots\" content=\"index, follow, max-snippet:-1, max-image-preview:large, max-video-preview:-1\" \/>\n<link rel=\"canonical\" href=\"https:\/\/franciscanos.org.br\/noticias\/papa-pede-atencao-aos-jovens-desempregados.html\" \/>\n<meta property=\"og:locale\" content=\"pt_BR\" \/>\n<meta property=\"og:type\" content=\"article\" \/>\n<meta property=\"og:title\" content=\"Papa pede aten\u00e7\u00e3o aos jovens desempregados - Not\u00edcias - Franciscanos\" \/>\n<meta property=\"og:description\" content=\"Encontro com os Jesu\u00edtas\" \/>\n<meta property=\"og:url\" content=\"https:\/\/franciscanos.org.br\/noticias\/papa-pede-atencao-aos-jovens-desempregados.html\" \/>\n<meta property=\"og:site_name\" content=\"Not\u00edcias - Franciscanos\" \/>\n<meta property=\"article:published_time\" content=\"2018-08-02T10:42:33+00:00\" \/>\n<meta property=\"article:modified_time\" content=\"2020-06-07T11:42:59+00:00\" \/>\n<meta property=\"og:image\" content=\"https:\/\/franciscanos.org.br\/noticias\/wp-content\/uploads\/2018\/11\/papa_020818-1.jpg\" \/>\n\t<meta property=\"og:image:width\" content=\"820\" \/>\n\t<meta property=\"og:image:height\" content=\"461\" \/>\n\t<meta property=\"og:image:type\" content=\"image\/jpeg\" \/>\n<meta name=\"author\" content=\"admin\" \/>\n<meta name=\"twitter:card\" content=\"summary_large_image\" \/>\n<meta name=\"twitter:label1\" content=\"Escrito por\" \/>\n\t<meta name=\"twitter:data1\" content=\"admin\" \/>\n\t<meta name=\"twitter:label2\" content=\"Est. tempo de leitura\" \/>\n\t<meta name=\"twitter:data2\" content=\"4 minutos\" \/>\n<script type=\"application\/ld+json\" class=\"yoast-schema-graph\">{\"@context\":\"https:\/\/schema.org\",\"@graph\":[{\"@type\":\"WebSite\",\"@id\":\"https:\/\/franciscanos.org.br\/noticias\/#website\",\"url\":\"https:\/\/franciscanos.org.br\/noticias\/\",\"name\":\"Not\u00edcias - Franciscanos\",\"description\":\"Prov\u00edncia Franciscana da Imaculada Concei\u00e7\u00e3o do Brasil - Ordem dos Frades Menores - OFM\",\"potentialAction\":[{\"@type\":\"SearchAction\",\"target\":{\"@type\":\"EntryPoint\",\"urlTemplate\":\"https:\/\/franciscanos.org.br\/noticias\/?s={search_term_string}\"},\"query-input\":\"required name=search_term_string\"}],\"inLanguage\":\"pt-BR\"},{\"@type\":\"ImageObject\",\"inLanguage\":\"pt-BR\",\"@id\":\"https:\/\/franciscanos.org.br\/noticias\/papa-pede-atencao-aos-jovens-desempregados.html#primaryimage\",\"url\":\"https:\/\/franciscanos.org.br\/noticias\/wp-content\/uploads\/2018\/11\/papa_020818-1.jpg\",\"contentUrl\":\"https:\/\/franciscanos.org.br\/noticias\/wp-content\/uploads\/2018\/11\/papa_020818-1.jpg\",\"width\":820,\"height\":461},{\"@type\":\"WebPage\",\"@id\":\"https:\/\/franciscanos.org.br\/noticias\/papa-pede-atencao-aos-jovens-desempregados.html#webpage\",\"url\":\"https:\/\/franciscanos.org.br\/noticias\/papa-pede-atencao-aos-jovens-desempregados.html\",\"name\":\"Papa pede aten\u00e7\u00e3o aos jovens desempregados - Not\u00edcias - Franciscanos\",\"isPartOf\":{\"@id\":\"https:\/\/franciscanos.org.br\/noticias\/#website\"},\"primaryImageOfPage\":{\"@id\":\"https:\/\/franciscanos.org.br\/noticias\/papa-pede-atencao-aos-jovens-desempregados.html#primaryimage\"},\"datePublished\":\"2018-08-02T10:42:33+00:00\",\"dateModified\":\"2020-06-07T11:42:59+00:00\",\"author\":{\"@id\":\"https:\/\/franciscanos.org.br\/noticias\/#\/schema\/person\/b38fbf43118f02820bd932f2e4b14ad3\"},\"breadcrumb\":{\"@id\":\"https:\/\/franciscanos.org.br\/noticias\/papa-pede-atencao-aos-jovens-desempregados.html#breadcrumb\"},\"inLanguage\":\"pt-BR\",\"potentialAction\":[{\"@type\":\"ReadAction\",\"target\":[\"https:\/\/franciscanos.org.br\/noticias\/papa-pede-atencao-aos-jovens-desempregados.html\"]}]},{\"@type\":\"BreadcrumbList\",\"@id\":\"https:\/\/franciscanos.org.br\/noticias\/papa-pede-atencao-aos-jovens-desempregados.html#breadcrumb\",\"itemListElement\":[{\"@type\":\"ListItem\",\"position\":1,\"name\":\"Home\",\"item\":\"https:\/\/franciscanos.org.br\/noticias\"},{\"@type\":\"ListItem\",\"position\":2,\"name\":\"Papa pede aten\u00e7\u00e3o aos jovens desempregados\"}]},{\"@type\":\"Person\",\"@id\":\"https:\/\/franciscanos.org.br\/noticias\/#\/schema\/person\/b38fbf43118f02820bd932f2e4b14ad3\",\"name\":\"admin\",\"image\":{\"@type\":\"ImageObject\",\"inLanguage\":\"pt-BR\",\"@id\":\"https:\/\/franciscanos.org.br\/noticias\/#\/schema\/person\/image\/\",\"url\":\"https:\/\/secure.gravatar.com\/avatar\/e8495742d34d0ba6448ea1c628263b3e?s=96&d=mm&r=g\",\"contentUrl\":\"https:\/\/secure.gravatar.com\/avatar\/e8495742d34d0ba6448ea1c628263b3e?s=96&d=mm&r=g\",\"caption\":\"admin\"},\"url\":\"https:\/\/franciscanos.org.br\/noticias\/author\/admin\"}]}<\/script>\n<!-- \/ Yoast SEO plugin. -->","yoast_head_json":{"title":"Papa pede aten\u00e7\u00e3o aos jovens desempregados - Not\u00edcias - Franciscanos","robots":{"index":"index","follow":"follow","max-snippet":"max-snippet:-1","max-image-preview":"max-image-preview:large","max-video-preview":"max-video-preview:-1"},"canonical":"https:\/\/franciscanos.org.br\/noticias\/papa-pede-atencao-aos-jovens-desempregados.html","og_locale":"pt_BR","og_type":"article","og_title":"Papa pede aten\u00e7\u00e3o aos jovens desempregados - Not\u00edcias - Franciscanos","og_description":"Encontro com os Jesu\u00edtas","og_url":"https:\/\/franciscanos.org.br\/noticias\/papa-pede-atencao-aos-jovens-desempregados.html","og_site_name":"Not\u00edcias - Franciscanos","article_published_time":"2018-08-02T10:42:33+00:00","article_modified_time":"2020-06-07T11:42:59+00:00","og_image":[{"width":820,"height":461,"url":"https:\/\/franciscanos.org.br\/noticias\/wp-content\/uploads\/2018\/11\/papa_020818-1.jpg","type":"image\/jpeg"}],"author":"admin","twitter_card":"summary_large_image","twitter_misc":{"Escrito por":"admin","Est. tempo de leitura":"4 minutos"},"schema":{"@context":"https:\/\/schema.org","@graph":[{"@type":"WebSite","@id":"https:\/\/franciscanos.org.br\/noticias\/#website","url":"https:\/\/franciscanos.org.br\/noticias\/","name":"Not\u00edcias - Franciscanos","description":"Prov\u00edncia Franciscana da Imaculada Concei\u00e7\u00e3o do Brasil - Ordem dos Frades Menores - OFM","potentialAction":[{"@type":"SearchAction","target":{"@type":"EntryPoint","urlTemplate":"https:\/\/franciscanos.org.br\/noticias\/?s={search_term_string}"},"query-input":"required name=search_term_string"}],"inLanguage":"pt-BR"},{"@type":"ImageObject","inLanguage":"pt-BR","@id":"https:\/\/franciscanos.org.br\/noticias\/papa-pede-atencao-aos-jovens-desempregados.html#primaryimage","url":"https:\/\/franciscanos.org.br\/noticias\/wp-content\/uploads\/2018\/11\/papa_020818-1.jpg","contentUrl":"https:\/\/franciscanos.org.br\/noticias\/wp-content\/uploads\/2018\/11\/papa_020818-1.jpg","width":820,"height":461},{"@type":"WebPage","@id":"https:\/\/franciscanos.org.br\/noticias\/papa-pede-atencao-aos-jovens-desempregados.html#webpage","url":"https:\/\/franciscanos.org.br\/noticias\/papa-pede-atencao-aos-jovens-desempregados.html","name":"Papa pede aten\u00e7\u00e3o aos jovens desempregados - Not\u00edcias - Franciscanos","isPartOf":{"@id":"https:\/\/franciscanos.org.br\/noticias\/#website"},"primaryImageOfPage":{"@id":"https:\/\/franciscanos.org.br\/noticias\/papa-pede-atencao-aos-jovens-desempregados.html#primaryimage"},"datePublished":"2018-08-02T10:42:33+00:00","dateModified":"2020-06-07T11:42:59+00:00","author":{"@id":"https:\/\/franciscanos.org.br\/noticias\/#\/schema\/person\/b38fbf43118f02820bd932f2e4b14ad3"},"breadcrumb":{"@id":"https:\/\/franciscanos.org.br\/noticias\/papa-pede-atencao-aos-jovens-desempregados.html#breadcrumb"},"inLanguage":"pt-BR","potentialAction":[{"@type":"ReadAction","target":["https:\/\/franciscanos.org.br\/noticias\/papa-pede-atencao-aos-jovens-desempregados.html"]}]},{"@type":"BreadcrumbList","@id":"https:\/\/franciscanos.org.br\/noticias\/papa-pede-atencao-aos-jovens-desempregados.html#breadcrumb","itemListElement":[{"@type":"ListItem","position":1,"name":"Home","item":"https:\/\/franciscanos.org.br\/noticias"},{"@type":"ListItem","position":2,"name":"Papa pede aten\u00e7\u00e3o aos jovens desempregados"}]},{"@type":"Person","@id":"https:\/\/franciscanos.org.br\/noticias\/#\/schema\/person\/b38fbf43118f02820bd932f2e4b14ad3","name":"admin","image":{"@type":"ImageObject","inLanguage":"pt-BR","@id":"https:\/\/franciscanos.org.br\/noticias\/#\/schema\/person\/image\/","url":"https:\/\/secure.gravatar.com\/avatar\/e8495742d34d0ba6448ea1c628263b3e?s=96&d=mm&r=g","contentUrl":"https:\/\/secure.gravatar.com\/avatar\/e8495742d34d0ba6448ea1c628263b3e?s=96&d=mm&r=g","caption":"admin"},"url":"https:\/\/franciscanos.org.br\/noticias\/author\/admin"}]}},"_links":{"self":[{"href":"https:\/\/franciscanos.org.br\/noticias\/wp-json\/wp\/v2\/posts\/167927"}],"collection":[{"href":"https:\/\/franciscanos.org.br\/noticias\/wp-json\/wp\/v2\/posts"}],"about":[{"href":"https:\/\/franciscanos.org.br\/noticias\/wp-json\/wp\/v2\/types\/post"}],"author":[{"embeddable":true,"href":"https:\/\/franciscanos.org.br\/noticias\/wp-json\/wp\/v2\/users\/1"}],"replies":[{"embeddable":true,"href":"https:\/\/franciscanos.org.br\/noticias\/wp-json\/wp\/v2\/comments?post=167927"}],"version-history":[{"count":2,"href":"https:\/\/franciscanos.org.br\/noticias\/wp-json\/wp\/v2\/posts\/167927\/revisions"}],"predecessor-version":[{"id":224892,"href":"https:\/\/franciscanos.org.br\/noticias\/wp-json\/wp\/v2\/posts\/167927\/revisions\/224892"}],"wp:featuredmedia":[{"embeddable":true,"href":"https:\/\/franciscanos.org.br\/noticias\/wp-json\/wp\/v2\/media\/187543"}],"wp:attachment":[{"href":"https:\/\/franciscanos.org.br\/noticias\/wp-json\/wp\/v2\/media?parent=167927"}],"wp:term":[{"taxonomy":"category","embeddable":true,"href":"https:\/\/franciscanos.org.br\/noticias\/wp-json\/wp\/v2\/categories?post=167927"},{"taxonomy":"post_tag","embeddable":true,"href":"https:\/\/franciscanos.org.br\/noticias\/wp-json\/wp\/v2\/tags?post=167927"}],"curies":[{"name":"wp","href":"https:\/\/api.w.org\/{rel}","templated":true}]}}