{"id":167920,"date":"2018-08-02T07:24:18","date_gmt":"2018-08-02T10:24:18","guid":{"rendered":"http:\/\/franciscanos.org.br\/?p=167920"},"modified":"2019-10-30T11:03:10","modified_gmt":"2019-10-30T14:03:10","slug":"frades-estudantes-tempo-de-reflexao-partilhas-e-estudos","status":"publish","type":"post","link":"https:\/\/franciscanos.org.br\/noticias\/frades-estudantes-tempo-de-reflexao-partilhas-e-estudos.html","title":{"rendered":"Frades estudantes: tempo de reflex\u00e3o, partilhas e estudos"},"content":{"rendered":"<p><strong>\u00a0<img loading=\"lazy\" src=\"http:\/\/franciscanos.org.br\/wp-content\/uploads\/2018\/08\/agudos_020818.jpg\" alt=\"agudos_020818\" width=\"830\" height=\"293\" \/><\/strong><\/p>\n<p><strong>Agudos (SP) \u2013 <\/strong>O segundo semestre dos frades estudantes do tempo de Filosofia e Teologia come\u00e7a fora dos bancos escolares. De hoje a domingo, eles estar\u00e3o reunidos no Semin\u00e1rio Santo Ant\u00f4nio de Agudos (SP, <strong>foto acima)<\/strong> no Encontro dos Frades Estudantes da Prov\u00edncia Franciscana da Imaculada Concei\u00e7\u00e3o do Brasil. Este encontro tem uma longa e bela hist\u00f3ria iniciada em 1994. Nesses dias, esses jovens professos tempor\u00e1rios se conhecer\u00e3o e se confraternizar\u00e3o, promovendo maior integra\u00e7\u00e3o entre as duas etapas. Mas tamb\u00e9m ser\u00e1 um tempo de reflex\u00e3o, partilhas e estudos.<\/p>\n<p>Segundo Frei Jo\u00e3o Francisco, Secret\u00e1rio da Forma\u00e7\u00e3o e Estudos, a cada tri\u00eanio a Prov\u00edncia vive a alegria de ver reunidos os jovens frades professos tempor\u00e1rios para refletir acerca dos avan\u00e7os e desafios da miss\u00e3o evangelizadora da Prov\u00edncia. \u201cSobretudo, neste momento em que nos preparamos para o Cap\u00edtulo Provincial, vislumbramos um novo horizonte de dedica\u00e7\u00e3o e comprometimento\u201d, explica o frade.<\/p>\n<p>\u201cEste encontro \u00e9 uma oportunidade para que os frades tamb\u00e9m participem deste processo de prepara\u00e7\u00e3o para o Cap\u00edtulo Provincial, uma vez que toda a Prov\u00edncia, inclusive os leigos das Frentes de Evangeliza\u00e7\u00e3o, est\u00e3o apresentando contribui\u00e7\u00f5es valiosas para momento importante na Prov\u00edncia. Portanto, os frades estudantes n\u00e3o podem estar alheios a este processo\u201d, acrescentou Frei Jo\u00e3o.<\/p>\n<p>Para ele, o dinamismo e jovialidade dos frades, em conson\u00e2ncia com o Plano de Evangeliza\u00e7\u00e3o da Prov\u00edncia, refor\u00e7am e renovam a esperan\u00e7a no futuro.<\/p>\n<p>Frei Jo\u00e3o Francisco far\u00e1 a reflex\u00e3o do retiro deste encontro tendo como base o tema do Cap\u00edtulo Provincial, que acontecer\u00e1 de 12 a 21 de novembro: \u201cMinoridade Franciscana, lugar de encontro e comunh\u00e3o\u201d. O lema \u00e9 \u201cSejam chamados irm\u00e3os menores\u201d (RnB 6,3). Tamb\u00e9m se prev\u00ea uma partilha das casas de forma\u00e7\u00e3o da Prov\u00edncia e tamb\u00e9m dos frades que est\u00e3o fazendo o Ano Mission\u00e1rio. O Definidor Frei Gustavo Medella, coordenador da Frente de Evangeliza\u00e7\u00e3o da Comunica\u00e7\u00e3o, conduzir\u00e1 uma forma\u00e7\u00e3o sobre o bom uso das m\u00eddias sociais. Tamb\u00e9m est\u00e1 prevista uma tarde mission\u00e1ria a ser realizada nas comunidades carentes em torno ao semin\u00e1rio. O Vig\u00e1rio Provincial, Frei C\u00e9sar Kulkamp, presidir\u00e1 a Missa de encerramento.<\/p>\n<p>Segundo Frei Josemberg Cardozo Aranha, para este ano, em conversa mediada pelo Secret\u00e1rio da Forma\u00e7\u00e3o e Estudos, optou-se por mudar o nome de Assembleia para Encontro dos Frades Estudantes. Assim, mantiveram-se os objetivos supracitados, diminuindo a carga jur\u00eddica e burocr\u00e1tica, acentuando a dimens\u00e3o da conviv\u00eancia fraterna e troca de experi\u00eancias entre os frades da forma\u00e7\u00e3o inicial.<\/p>\n<p>Frei Josemberg explica ainda que os coordenadores das duas etapas de forma\u00e7\u00e3o se reuniram com o Secret\u00e1rio Frei Jo\u00e3o para preparar o encontro e criar o cronograma de atividades do mesmo. Este projeto recebeu a aprova\u00e7\u00e3o do Governo Provincial, que viu com bons olhos est\u00e1 nova din\u00e2mica.<\/p>\n<p><strong><img loading=\"lazy\" class=\"alignleft size-full wp-image-167922\" src=\"http:\/\/franciscanos.org.br\/wp-content\/uploads\/2018\/08\/logo.jpg\" alt=\"logo\" width=\"400\" height=\"375\" \/>LOGOMARCA DO ENCONTRO<\/strong><\/p>\n<p>O autor da logomarca do Encontro \u00e9 Frei Diego Martendal, frade professo tempor\u00e1rio, que atualmente reside no Convento S\u00e3o Boaventura em Campo Largo (PR) e cursa o 1\u00ba ano de Filosofia.<\/p>\n<p>Segundo ele, a logomarca foi criada com a inten\u00e7\u00e3o primeira de ser modesta e totalmente descritiva. Com tra\u00e7os incompletos, feitos a l\u00e1pis, ela busca retratar um pouco do que \u00e9, ou pelo menos deveria ser, pr\u00f3prio de todo e qualquer frade menor: a simplicidade.<\/p>\n<p>Com base no tema \u201cMinoridade Franciscana, lugar de encontro e comunh\u00e3o\u201d, tenta descrever, de uma maneira jovial, a participa\u00e7\u00e3o dos frades estudantes no cumprimento da miss\u00e3o deixada por S\u00e3o Francisco de Assis: ser de fato um irm\u00e3o menor.<\/p>\n<p>No centro da logo se tem a partilha do p\u00e3o. O ato simb\u00f3lico da comunh\u00e3o. Um pobre dividindo, em partes iguais com um frade, um \u00fanico p\u00e3o. \u201cEsse p\u00e3o simboliza o pr\u00f3prio Cristo, que se d\u00e1 a todos n\u00f3s de maneira igual e sem preconceitos. N\u00e3o somos melhores nem piores que um pobre por sermos frades. Somos iguais\u201d, ressalta ele.<\/p>\n<p>\u201cAbra\u00e7ando e ligando essa cena, temos outro frade e, em nossa linguagem juvenil, um \u201cmano\u201d, um jovem qualquer, sem distin\u00e7\u00e3o, que simboliza a import\u00e2ncia de nossa proximidade com os jovens de nosso tempo. \u00c9 o ato do encontro. Somos uma Igreja que muitas vezes deixa de lado estas pessoas por n\u00e3o querer se adaptar, se abrir. N\u00f3s, enquanto frades, temos de ser diferentes, mais acolhedores e fazer essa ponte com o Cristo que se manifesta nesses outros jovens\u201d, enfatiza.<\/p>\n<p>Para o autor, a Cruz de S\u00e3o Dami\u00e3o, ao fundo, est\u00e1 vazia, pois o Cristo se faz presente em todos. N\u00e3o est\u00e1 preso por pregos. Ele transcendeu. N\u00f3s, enquanto jovens, tamb\u00e9m precisamos dessa disposi\u00e7\u00e3o, dessa autenticidade. Deixarmos de lado as amarras para sermos livres e melhor servir.<\/p>\n<p>Por \u00faltimo, o cord\u00e3o: \u201cEste \u00e9 um s\u00edmbolo forte para todos n\u00f3s, pois representa a nossa fidelidade, o nosso compromisso e a nossa vontade de seguir a Cristo, como fez nosso Ser\u00e1fico Pai\u201d, afirma.<\/p>\n<hr \/>\n<p><strong>LEIA TAMB\u00c9M<\/strong><\/p>\n<p><strong><a href=\"https:\/\/franciscanos.org.br\/noticias\/olhar-a-vida-com-os-oculos-da-boa-nova.html\">Olhar a vida com os \u201c\u00f3culos\u201d da Boa-Nova<\/a><\/strong><\/p>\n<p><a href=\"https:\/\/franciscanos.org.br\/noticias\/encontro-dos-frades-estudantes-frei-joao-francisco-destaca-a-alegria-que-nasce-das-pequenas-coisas-2.html\"><strong>Frei Jo\u00e3o destaca \u201ca alegria das pequenas coisas\u201d<\/strong><\/a><\/p>\n<p><a href=\"https:\/\/franciscanos.org.br\/noticias\/dia-rico-em-partilhas-no-encontro-dos-estudantes.html\"><strong>Dia de partilha no Encontro dos Frades Estudantes<\/strong><\/a><\/p>\n<p><a href=\"https:\/\/franciscanos.org.br\/noticias\/frades-estudantes-tempo-de-reflexao-partilhas-e-estudos.html\"><strong>Frades estudantes: tempo de reflex\u00e3o, partilhas e estudos\u00a0<\/strong><\/a><\/p>\n<blockquote><p><em><strong>Equipe de Comunica\u00e7\u00e3o: Frei Augusto Luiz Gabriel, Frei Bruno Gon\u00e7alves Cez\u00e1rio, Frei Danilo Santos Oliveira, Frei M\u00e1rio Sampaio Pelu, Frei Rodrigo Jos\u00e9 Silva e Frei Roger Strapazzon.<\/strong><\/em><\/p><\/blockquote>\n","protected":false},"excerpt":{"rendered":"<p>Forma\u00e7\u00e3o e Estudos<\/p>\n","protected":false},"author":5,"featured_media":210086,"comment_status":"open","ping_status":"open","sticky":false,"template":"","format":"standard","meta":[],"categories":[1],"tags":[589],"acf":[],"yoast_head":"<!-- This site is optimized with the Yoast SEO plugin v19.2 - https:\/\/yoast.com\/wordpress\/plugins\/seo\/ -->\n<title>Frades estudantes: tempo de reflex\u00e3o, partilhas e estudos - Not\u00edcias - Franciscanos<\/title>\n<meta name=\"robots\" content=\"index, follow, max-snippet:-1, max-image-preview:large, max-video-preview:-1\" \/>\n<link rel=\"canonical\" href=\"https:\/\/franciscanos.org.br\/noticias\/frades-estudantes-tempo-de-reflexao-partilhas-e-estudos.html\" \/>\n<meta property=\"og:locale\" content=\"pt_BR\" \/>\n<meta property=\"og:type\" content=\"article\" \/>\n<meta property=\"og:title\" content=\"Frades estudantes: tempo de reflex\u00e3o, partilhas e estudos - Not\u00edcias - Franciscanos\" \/>\n<meta property=\"og:description\" content=\"Forma\u00e7\u00e3o e Estudos\" \/>\n<meta property=\"og:url\" content=\"https:\/\/franciscanos.org.br\/noticias\/frades-estudantes-tempo-de-reflexao-partilhas-e-estudos.html\" \/>\n<meta property=\"og:site_name\" content=\"Not\u00edcias - Franciscanos\" \/>\n<meta property=\"article:published_time\" content=\"2018-08-02T10:24:18+00:00\" \/>\n<meta property=\"article:modified_time\" content=\"2019-10-30T14:03:10+00:00\" \/>\n<meta property=\"og:image\" content=\"https:\/\/franciscanos.org.br\/noticias\/wp-content\/uploads\/2018\/08\/agudos_020818.jpg\" \/>\n\t<meta property=\"og:image:width\" content=\"273\" \/>\n\t<meta property=\"og:image:height\" content=\"181\" \/>\n\t<meta property=\"og:image:type\" content=\"image\/jpeg\" \/>\n<meta name=\"author\" content=\"freiaugusto\" \/>\n<meta name=\"twitter:card\" content=\"summary_large_image\" \/>\n<meta name=\"twitter:label1\" content=\"Escrito por\" \/>\n\t<meta name=\"twitter:data1\" content=\"freiaugusto\" \/>\n\t<meta name=\"twitter:label2\" content=\"Est. tempo de leitura\" \/>\n\t<meta name=\"twitter:data2\" content=\"5 minutos\" \/>\n<script type=\"application\/ld+json\" class=\"yoast-schema-graph\">{\"@context\":\"https:\/\/schema.org\",\"@graph\":[{\"@type\":\"WebSite\",\"@id\":\"https:\/\/franciscanos.org.br\/noticias\/#website\",\"url\":\"https:\/\/franciscanos.org.br\/noticias\/\",\"name\":\"Not\u00edcias - Franciscanos\",\"description\":\"Prov\u00edncia Franciscana da Imaculada Concei\u00e7\u00e3o do Brasil - Ordem dos Frades Menores - OFM\",\"potentialAction\":[{\"@type\":\"SearchAction\",\"target\":{\"@type\":\"EntryPoint\",\"urlTemplate\":\"https:\/\/franciscanos.org.br\/noticias\/?s={search_term_string}\"},\"query-input\":\"required name=search_term_string\"}],\"inLanguage\":\"pt-BR\"},{\"@type\":\"ImageObject\",\"inLanguage\":\"pt-BR\",\"@id\":\"https:\/\/franciscanos.org.br\/noticias\/frades-estudantes-tempo-de-reflexao-partilhas-e-estudos.html#primaryimage\",\"url\":\"https:\/\/franciscanos.org.br\/noticias\/wp-content\/uploads\/2018\/08\/agudos_020818.jpg\",\"contentUrl\":\"https:\/\/franciscanos.org.br\/noticias\/wp-content\/uploads\/2018\/08\/agudos_020818.jpg\",\"width\":273,\"height\":181},{\"@type\":\"WebPage\",\"@id\":\"https:\/\/franciscanos.org.br\/noticias\/frades-estudantes-tempo-de-reflexao-partilhas-e-estudos.html#webpage\",\"url\":\"https:\/\/franciscanos.org.br\/noticias\/frades-estudantes-tempo-de-reflexao-partilhas-e-estudos.html\",\"name\":\"Frades estudantes: tempo de reflex\u00e3o, partilhas e estudos - Not\u00edcias - Franciscanos\",\"isPartOf\":{\"@id\":\"https:\/\/franciscanos.org.br\/noticias\/#website\"},\"primaryImageOfPage\":{\"@id\":\"https:\/\/franciscanos.org.br\/noticias\/frades-estudantes-tempo-de-reflexao-partilhas-e-estudos.html#primaryimage\"},\"datePublished\":\"2018-08-02T10:24:18+00:00\",\"dateModified\":\"2019-10-30T14:03:10+00:00\",\"author\":{\"@id\":\"https:\/\/franciscanos.org.br\/noticias\/#\/schema\/person\/37f88f0d111cd5358b12a6556a99eb91\"},\"breadcrumb\":{\"@id\":\"https:\/\/franciscanos.org.br\/noticias\/frades-estudantes-tempo-de-reflexao-partilhas-e-estudos.html#breadcrumb\"},\"inLanguage\":\"pt-BR\",\"potentialAction\":[{\"@type\":\"ReadAction\",\"target\":[\"https:\/\/franciscanos.org.br\/noticias\/frades-estudantes-tempo-de-reflexao-partilhas-e-estudos.html\"]}]},{\"@type\":\"BreadcrumbList\",\"@id\":\"https:\/\/franciscanos.org.br\/noticias\/frades-estudantes-tempo-de-reflexao-partilhas-e-estudos.html#breadcrumb\",\"itemListElement\":[{\"@type\":\"ListItem\",\"position\":1,\"name\":\"Home\",\"item\":\"https:\/\/franciscanos.org.br\/noticias\"},{\"@type\":\"ListItem\",\"position\":2,\"name\":\"Frades estudantes: tempo de reflex\u00e3o, partilhas e estudos\"}]},{\"@type\":\"Person\",\"@id\":\"https:\/\/franciscanos.org.br\/noticias\/#\/schema\/person\/37f88f0d111cd5358b12a6556a99eb91\",\"name\":\"freiaugusto\",\"image\":{\"@type\":\"ImageObject\",\"inLanguage\":\"pt-BR\",\"@id\":\"https:\/\/franciscanos.org.br\/noticias\/#\/schema\/person\/image\/\",\"url\":\"https:\/\/secure.gravatar.com\/avatar\/9840b940e621801b24f3e6b059efb4b7?s=96&d=mm&r=g\",\"contentUrl\":\"https:\/\/secure.gravatar.com\/avatar\/9840b940e621801b24f3e6b059efb4b7?s=96&d=mm&r=g\",\"caption\":\"freiaugusto\"},\"url\":\"https:\/\/franciscanos.org.br\/noticias\/author\/freiaugusto\"}]}<\/script>\n<!-- \/ Yoast SEO plugin. -->","yoast_head_json":{"title":"Frades estudantes: tempo de reflex\u00e3o, partilhas e estudos - Not\u00edcias - Franciscanos","robots":{"index":"index","follow":"follow","max-snippet":"max-snippet:-1","max-image-preview":"max-image-preview:large","max-video-preview":"max-video-preview:-1"},"canonical":"https:\/\/franciscanos.org.br\/noticias\/frades-estudantes-tempo-de-reflexao-partilhas-e-estudos.html","og_locale":"pt_BR","og_type":"article","og_title":"Frades estudantes: tempo de reflex\u00e3o, partilhas e estudos - Not\u00edcias - Franciscanos","og_description":"Forma\u00e7\u00e3o e Estudos","og_url":"https:\/\/franciscanos.org.br\/noticias\/frades-estudantes-tempo-de-reflexao-partilhas-e-estudos.html","og_site_name":"Not\u00edcias - Franciscanos","article_published_time":"2018-08-02T10:24:18+00:00","article_modified_time":"2019-10-30T14:03:10+00:00","og_image":[{"width":273,"height":181,"url":"https:\/\/franciscanos.org.br\/noticias\/wp-content\/uploads\/2018\/08\/agudos_020818.jpg","type":"image\/jpeg"}],"author":"freiaugusto","twitter_card":"summary_large_image","twitter_misc":{"Escrito por":"freiaugusto","Est. tempo de leitura":"5 minutos"},"schema":{"@context":"https:\/\/schema.org","@graph":[{"@type":"WebSite","@id":"https:\/\/franciscanos.org.br\/noticias\/#website","url":"https:\/\/franciscanos.org.br\/noticias\/","name":"Not\u00edcias - Franciscanos","description":"Prov\u00edncia Franciscana da Imaculada Concei\u00e7\u00e3o do Brasil - Ordem dos Frades Menores - OFM","potentialAction":[{"@type":"SearchAction","target":{"@type":"EntryPoint","urlTemplate":"https:\/\/franciscanos.org.br\/noticias\/?s={search_term_string}"},"query-input":"required name=search_term_string"}],"inLanguage":"pt-BR"},{"@type":"ImageObject","inLanguage":"pt-BR","@id":"https:\/\/franciscanos.org.br\/noticias\/frades-estudantes-tempo-de-reflexao-partilhas-e-estudos.html#primaryimage","url":"https:\/\/franciscanos.org.br\/noticias\/wp-content\/uploads\/2018\/08\/agudos_020818.jpg","contentUrl":"https:\/\/franciscanos.org.br\/noticias\/wp-content\/uploads\/2018\/08\/agudos_020818.jpg","width":273,"height":181},{"@type":"WebPage","@id":"https:\/\/franciscanos.org.br\/noticias\/frades-estudantes-tempo-de-reflexao-partilhas-e-estudos.html#webpage","url":"https:\/\/franciscanos.org.br\/noticias\/frades-estudantes-tempo-de-reflexao-partilhas-e-estudos.html","name":"Frades estudantes: tempo de reflex\u00e3o, partilhas e estudos - Not\u00edcias - Franciscanos","isPartOf":{"@id":"https:\/\/franciscanos.org.br\/noticias\/#website"},"primaryImageOfPage":{"@id":"https:\/\/franciscanos.org.br\/noticias\/frades-estudantes-tempo-de-reflexao-partilhas-e-estudos.html#primaryimage"},"datePublished":"2018-08-02T10:24:18+00:00","dateModified":"2019-10-30T14:03:10+00:00","author":{"@id":"https:\/\/franciscanos.org.br\/noticias\/#\/schema\/person\/37f88f0d111cd5358b12a6556a99eb91"},"breadcrumb":{"@id":"https:\/\/franciscanos.org.br\/noticias\/frades-estudantes-tempo-de-reflexao-partilhas-e-estudos.html#breadcrumb"},"inLanguage":"pt-BR","potentialAction":[{"@type":"ReadAction","target":["https:\/\/franciscanos.org.br\/noticias\/frades-estudantes-tempo-de-reflexao-partilhas-e-estudos.html"]}]},{"@type":"BreadcrumbList","@id":"https:\/\/franciscanos.org.br\/noticias\/frades-estudantes-tempo-de-reflexao-partilhas-e-estudos.html#breadcrumb","itemListElement":[{"@type":"ListItem","position":1,"name":"Home","item":"https:\/\/franciscanos.org.br\/noticias"},{"@type":"ListItem","position":2,"name":"Frades estudantes: tempo de reflex\u00e3o, partilhas e estudos"}]},{"@type":"Person","@id":"https:\/\/franciscanos.org.br\/noticias\/#\/schema\/person\/37f88f0d111cd5358b12a6556a99eb91","name":"freiaugusto","image":{"@type":"ImageObject","inLanguage":"pt-BR","@id":"https:\/\/franciscanos.org.br\/noticias\/#\/schema\/person\/image\/","url":"https:\/\/secure.gravatar.com\/avatar\/9840b940e621801b24f3e6b059efb4b7?s=96&d=mm&r=g","contentUrl":"https:\/\/secure.gravatar.com\/avatar\/9840b940e621801b24f3e6b059efb4b7?s=96&d=mm&r=g","caption":"freiaugusto"},"url":"https:\/\/franciscanos.org.br\/noticias\/author\/freiaugusto"}]}},"_links":{"self":[{"href":"https:\/\/franciscanos.org.br\/noticias\/wp-json\/wp\/v2\/posts\/167920"}],"collection":[{"href":"https:\/\/franciscanos.org.br\/noticias\/wp-json\/wp\/v2\/posts"}],"about":[{"href":"https:\/\/franciscanos.org.br\/noticias\/wp-json\/wp\/v2\/types\/post"}],"author":[{"embeddable":true,"href":"https:\/\/franciscanos.org.br\/noticias\/wp-json\/wp\/v2\/users\/5"}],"replies":[{"embeddable":true,"href":"https:\/\/franciscanos.org.br\/noticias\/wp-json\/wp\/v2\/comments?post=167920"}],"version-history":[{"count":0,"href":"https:\/\/franciscanos.org.br\/noticias\/wp-json\/wp\/v2\/posts\/167920\/revisions"}],"wp:featuredmedia":[{"embeddable":true,"href":"https:\/\/franciscanos.org.br\/noticias\/wp-json\/wp\/v2\/media\/210086"}],"wp:attachment":[{"href":"https:\/\/franciscanos.org.br\/noticias\/wp-json\/wp\/v2\/media?parent=167920"}],"wp:term":[{"taxonomy":"category","embeddable":true,"href":"https:\/\/franciscanos.org.br\/noticias\/wp-json\/wp\/v2\/categories?post=167920"},{"taxonomy":"post_tag","embeddable":true,"href":"https:\/\/franciscanos.org.br\/noticias\/wp-json\/wp\/v2\/tags?post=167920"}],"curies":[{"name":"wp","href":"https:\/\/api.w.org\/{rel}","templated":true}]}}